{"id":2459,"date":"2019-07-10T10:20:04","date_gmt":"2019-07-10T08:20:04","guid":{"rendered":"https:\/\/www.naturparkmagazin.de\/nossentiner-schwinzer-heide\/?p=2459"},"modified":"2019-07-25T13:40:42","modified_gmt":"2019-07-25T11:40:42","slug":"die-letzte-gut-sichtbare-mondfinsternis-bis-2028-im-naturpark-koennen-sie-sie-erleben","status":"publish","type":"post","link":"https:\/\/www.naturparkmagazin.de\/nossentiner-schwinzer-heide\/die-letzte-gut-sichtbare-mondfinsternis-bis-2028-im-naturpark-koennen-sie-sie-erleben\/","title":{"rendered":"Nachtf\u00fchrung zur Mondfinsternis am 16.7.2019"},"content":{"rendered":"<div id=\"attachment_2468\" style=\"width: 451px\" class=\"wp-caption alignnone\"><a href=\"https:\/\/www.naturparkmagazin.de\/nossentiner-schwinzer-heide\/wp-content\/uploads\/sites\/28\/20190716-Auswertung_Netzfang.jpg\"><img aria-describedby=\"caption-attachment-2468\" decoding=\"async\" loading=\"lazy\" class=\"wp-image-2468\" src=\"https:\/\/www.naturparkmagazin.de\/nossentiner-schwinzer-heide\/wp-content\/uploads\/sites\/28\/20190716-Auswertung_Netzfang-620x420.jpg\" alt=\"20190716-Auswertung_Netzfang\" width=\"441\" height=\"299\" srcset=\"https:\/\/www.naturparkmagazin.de\/nossentiner-schwinzer-heide\/wp-content\/uploads\/sites\/28\/20190716-Auswertung_Netzfang-620x420.jpg 620w, https:\/\/www.naturparkmagazin.de\/nossentiner-schwinzer-heide\/wp-content\/uploads\/sites\/28\/20190716-Auswertung_Netzfang-300x203.jpg 300w, https:\/\/www.naturparkmagazin.de\/nossentiner-schwinzer-heide\/wp-content\/uploads\/sites\/28\/20190716-Auswertung_Netzfang-940x637.jpg 940w, https:\/\/www.naturparkmagazin.de\/nossentiner-schwinzer-heide\/wp-content\/uploads\/sites\/28\/20190716-Auswertung_Netzfang-670x454.jpg 670w, https:\/\/www.naturparkmagazin.de\/nossentiner-schwinzer-heide\/wp-content\/uploads\/sites\/28\/20190716-Auswertung_Netzfang-200x136.jpg 200w\" sizes=\"(max-width: 441px) 100vw, 441px\" \/><\/a><p id=\"caption-attachment-2468\" class=\"wp-caption-text\">Netzfang am Brillensee. Eine Fledermaus wird begutachtet.<\/p><\/div>\n<p>Bei wunderbar klarem Wetter konnte eine Gruppe von Besuchern unter der F\u00fchrung von Naturparkleiter\u00a0Ralf Koch und Sternenkenner Andy Beggerow die partielle Mondfinsternis am 16. Juli erleben.<\/p>\n<p>Um die Wartezeit zur Mondfinsternis zu \u00fcberbr\u00fccken, begleiteten die Besucher die Fledermausspezialisten Ralf Koch und Christina Burger beim Nachtfang.\u00a0Dazu wurde ein 6m hohes Fangnetz am Brillensee aufgestellt. Bereits nach wenigen Minuten verfing sich die erste Wasserfledermaus. Vorsichtig l\u00f6sten die Spezialisten die Tiere aus dem Netz. Die Fledermaus konnte nun bestimmt und gewogen werden. Auf diese Weise erhalten die Fledermauskundler einen \u00dcberblick \u00fcber die vorkommenden Arten.<\/p>\n<p><a href=\"https:\/\/www.naturparkmagazin.de\/nossentiner-schwinzer-heide\/wp-content\/uploads\/sites\/28\/20190716-Netzfang_Ralf.jpg\"><img decoding=\"async\" loading=\"lazy\" class=\"alignnone  wp-image-2470\" src=\"https:\/\/www.naturparkmagazin.de\/nossentiner-schwinzer-heide\/wp-content\/uploads\/sites\/28\/20190716-Netzfang_Ralf-620x413.jpg\" alt=\"20190716-Netzfang_Ralf\" width=\"429\" height=\"286\" srcset=\"https:\/\/www.naturparkmagazin.de\/nossentiner-schwinzer-heide\/wp-content\/uploads\/sites\/28\/20190716-Netzfang_Ralf-620x413.jpg 620w, https:\/\/www.naturparkmagazin.de\/nossentiner-schwinzer-heide\/wp-content\/uploads\/sites\/28\/20190716-Netzfang_Ralf-300x200.jpg 300w, https:\/\/www.naturparkmagazin.de\/nossentiner-schwinzer-heide\/wp-content\/uploads\/sites\/28\/20190716-Netzfang_Ralf-940x626.jpg 940w, https:\/\/www.naturparkmagazin.de\/nossentiner-schwinzer-heide\/wp-content\/uploads\/sites\/28\/20190716-Netzfang_Ralf-670x446.jpg 670w, https:\/\/www.naturparkmagazin.de\/nossentiner-schwinzer-heide\/wp-content\/uploads\/sites\/28\/20190716-Netzfang_Ralf-200x133.jpg 200w, https:\/\/www.naturparkmagazin.de\/nossentiner-schwinzer-heide\/wp-content\/uploads\/sites\/28\/20190716-Netzfang_Ralf.jpg 1280w\" sizes=\"(max-width: 429px) 100vw, 429px\" \/><\/a><\/p>\n<p>Eine der gefangenen Flederm\u00e4use wurde mit einem 0,3 g &#8222;schweren&#8220; Sender versehen. So kann die Fledermaus sp\u00e4ter geortet werden. Eine gefangene Fledermaus hatte bereits einen Ring, sie wurde also schon einmal registriert.<\/p>\n<p><a href=\"https:\/\/www.naturparkmagazin.de\/nossentiner-schwinzer-heide\/wp-content\/uploads\/sites\/28\/20190716-Netzfang_RalfChristina.jpg\"><img decoding=\"async\" loading=\"lazy\" class=\"alignnone  wp-image-2471\" src=\"https:\/\/www.naturparkmagazin.de\/nossentiner-schwinzer-heide\/wp-content\/uploads\/sites\/28\/20190716-Netzfang_RalfChristina-620x931.jpg\" alt=\"20190716-Netzfang_RalfChristina\" width=\"385\" height=\"578\" srcset=\"https:\/\/www.naturparkmagazin.de\/nossentiner-schwinzer-heide\/wp-content\/uploads\/sites\/28\/20190716-Netzfang_RalfChristina-620x931.jpg 620w, https:\/\/www.naturparkmagazin.de\/nossentiner-schwinzer-heide\/wp-content\/uploads\/sites\/28\/20190716-Netzfang_RalfChristina-300x450.jpg 300w, https:\/\/www.naturparkmagazin.de\/nossentiner-schwinzer-heide\/wp-content\/uploads\/sites\/28\/20190716-Netzfang_RalfChristina-670x1006.jpg 670w, https:\/\/www.naturparkmagazin.de\/nossentiner-schwinzer-heide\/wp-content\/uploads\/sites\/28\/20190716-Netzfang_RalfChristina-200x300.jpg 200w, https:\/\/www.naturparkmagazin.de\/nossentiner-schwinzer-heide\/wp-content\/uploads\/sites\/28\/20190716-Netzfang_RalfChristina.jpg 682w\" sizes=\"(max-width: 385px) 100vw, 385px\" \/><\/a><\/p>\n<p>Inzwischen war der Mond aufgegangen, und die Mondfinsternis hatte bereits eingesetzt. Von der F\u00fcllwiese aus konnte der leuchtend orange, zu zwei\u00a0Dritteln\u00a0verdeckte Mond beobachtet werden. Sternenkenner Andy Beggerow hatte ein kleines Teleskop aufgestellt. Die Besucher erfuhren Wissenswertes zum Mond und verschiedenen Sternbildern.<\/p>\n<div id=\"attachment_2474\" style=\"width: 299px\" class=\"wp-caption alignnone\"><a href=\"https:\/\/www.naturparkmagazin.de\/nossentiner-schwinzer-heide\/wp-content\/uploads\/sites\/28\/P1090477.jpg\"><img aria-describedby=\"caption-attachment-2474\" decoding=\"async\" loading=\"lazy\" class=\"wp-image-2474\" src=\"https:\/\/www.naturparkmagazin.de\/nossentiner-schwinzer-heide\/wp-content\/uploads\/sites\/28\/P1090477-620x574.jpg\" alt=\"P1090477\" width=\"289\" height=\"267\" srcset=\"https:\/\/www.naturparkmagazin.de\/nossentiner-schwinzer-heide\/wp-content\/uploads\/sites\/28\/P1090477-620x574.jpg 620w, https:\/\/www.naturparkmagazin.de\/nossentiner-schwinzer-heide\/wp-content\/uploads\/sites\/28\/P1090477-300x278.jpg 300w, https:\/\/www.naturparkmagazin.de\/nossentiner-schwinzer-heide\/wp-content\/uploads\/sites\/28\/P1090477-940x870.jpg 940w, https:\/\/www.naturparkmagazin.de\/nossentiner-schwinzer-heide\/wp-content\/uploads\/sites\/28\/P1090477-670x620.jpg 670w, https:\/\/www.naturparkmagazin.de\/nossentiner-schwinzer-heide\/wp-content\/uploads\/sites\/28\/P1090477-200x185.jpg 200w, https:\/\/www.naturparkmagazin.de\/nossentiner-schwinzer-heide\/wp-content\/uploads\/sites\/28\/P1090477.jpg 961w\" sizes=\"(max-width: 289px) 100vw, 289px\" \/><\/a><p id=\"caption-attachment-2474\" class=\"wp-caption-text\">Zu Beginn der Mondfinsternis leuchtete der Mond orange. Foto: Evelin Kartheuser<\/p><\/div>\n<p>Um 23.31 Uhr war die Verdunkelung des Mondes am st\u00e4rksten. Um diese Zeit waren auch Saturn und Jupiter sowie einige Sternenbilder gut zu sehen. Um 1 Uhr morgens trat der Mond wieder aus dem Kernschatten, um 2.18 Uhr aus dem Halbschatten.<\/p>\n<div id=\"attachment_2476\" style=\"width: 405px\" class=\"wp-caption alignnone\"><a href=\"https:\/\/www.naturparkmagazin.de\/nossentiner-schwinzer-heide\/wp-content\/uploads\/sites\/28\/IMG-20190718-WA0001.jpg\"><img aria-describedby=\"caption-attachment-2476\" decoding=\"async\" loading=\"lazy\" class=\"wp-image-2476\" src=\"https:\/\/www.naturparkmagazin.de\/nossentiner-schwinzer-heide\/wp-content\/uploads\/sites\/28\/IMG-20190718-WA0001-620x410.jpg\" alt=\"IMG-20190718-WA0001\" width=\"395\" height=\"261\" srcset=\"https:\/\/www.naturparkmagazin.de\/nossentiner-schwinzer-heide\/wp-content\/uploads\/sites\/28\/IMG-20190718-WA0001-620x410.jpg 620w, https:\/\/www.naturparkmagazin.de\/nossentiner-schwinzer-heide\/wp-content\/uploads\/sites\/28\/IMG-20190718-WA0001-300x199.jpg 300w, https:\/\/www.naturparkmagazin.de\/nossentiner-schwinzer-heide\/wp-content\/uploads\/sites\/28\/IMG-20190718-WA0001-940x622.jpg 940w, https:\/\/www.naturparkmagazin.de\/nossentiner-schwinzer-heide\/wp-content\/uploads\/sites\/28\/IMG-20190718-WA0001-670x443.jpg 670w, https:\/\/www.naturparkmagazin.de\/nossentiner-schwinzer-heide\/wp-content\/uploads\/sites\/28\/IMG-20190718-WA0001-200x132.jpg 200w, https:\/\/www.naturparkmagazin.de\/nossentiner-schwinzer-heide\/wp-content\/uploads\/sites\/28\/IMG-20190718-WA0001.jpg 1600w\" sizes=\"(max-width: 395px) 100vw, 395px\" \/><\/a><p id=\"caption-attachment-2476\" class=\"wp-caption-text\">Der verfinsterte Mond. Foto: Marco Hempel<\/p><\/div>\n<div id=\"attachment_2472\" style=\"width: 630px\" class=\"wp-caption alignnone\"><a href=\"https:\/\/www.naturparkmagazin.de\/nossentiner-schwinzer-heide\/wp-content\/uploads\/sites\/28\/20190717-Sternenbeobachtung_F\u00fcllwiese.jpg\"><img aria-describedby=\"caption-attachment-2472\" decoding=\"async\" loading=\"lazy\" class=\"wp-image-2472 size-medium\" src=\"https:\/\/www.naturparkmagazin.de\/nossentiner-schwinzer-heide\/wp-content\/uploads\/sites\/28\/20190717-Sternenbeobachtung_F\u00fcllwiese-620x450.jpg\" alt=\"20190717-Sternenbeobachtung_F\u00fcllwiese\" width=\"620\" height=\"450\" srcset=\"https:\/\/www.naturparkmagazin.de\/nossentiner-schwinzer-heide\/wp-content\/uploads\/sites\/28\/20190717-Sternenbeobachtung_F\u00fcllwiese-620x450.jpg 620w, https:\/\/www.naturparkmagazin.de\/nossentiner-schwinzer-heide\/wp-content\/uploads\/sites\/28\/20190717-Sternenbeobachtung_F\u00fcllwiese-300x218.jpg 300w, https:\/\/www.naturparkmagazin.de\/nossentiner-schwinzer-heide\/wp-content\/uploads\/sites\/28\/20190717-Sternenbeobachtung_F\u00fcllwiese-940x682.jpg 940w, https:\/\/www.naturparkmagazin.de\/nossentiner-schwinzer-heide\/wp-content\/uploads\/sites\/28\/20190717-Sternenbeobachtung_F\u00fcllwiese-670x486.jpg 670w, https:\/\/www.naturparkmagazin.de\/nossentiner-schwinzer-heide\/wp-content\/uploads\/sites\/28\/20190717-Sternenbeobachtung_F\u00fcllwiese-200x145.jpg 200w, https:\/\/www.naturparkmagazin.de\/nossentiner-schwinzer-heide\/wp-content\/uploads\/sites\/28\/20190717-Sternenbeobachtung_F\u00fcllwiese.jpg 1280w\" sizes=\"(max-width: 620px) 100vw, 620px\" \/><\/a><p id=\"caption-attachment-2472\" class=\"wp-caption-text\">Sternenbeobachtung auf der F\u00fcllwiese<\/p><\/div>\n<p>&nbsp;<\/p>\n<p>Ank\u00fcndigung vom 14.7.:<\/p>\n<p><span style=\"text-decoration: underline;\">Nachtf\u00fchrung zur partiellen Mondfinsternis am 16. Juli<\/span><\/p>\n<p>Wandert der Mond durch den Kernschatten der Erde, entsteht eine Mondfinsternis. Eines dieser seltenen Ereignisse findet am kommenden Dienstag, 16.7.2019, statt. Dann wird es zumindest eine teilweise (partielle) Mondfinsternis geben, d.h. nur ein Teil des Vollmondes durchwandert den Kernschatten der Erde. Im Naturpark Nossentiner\/Schwinzer Heide, einer der dunkelsten Regionen von Deutschland, k\u00f6nnen Sie dieses Naturschauspiel unter kundiger F\u00fchrung beobachten. Sternenkenner Andy Beggerow gibt neben interessanten Fakten zum Mond auch viele Informationen \u00fcber den Sternenhimmel.\u00a0 Ein weiterer H\u00f6hepunkt an diesem Abend sind nachtaktive Tiere: Die Besucher haben die M\u00f6glichkeit, Fledermausspezialisten bei ihrer Arbeit \u00fcber die Schulter zu schauen und Flederm\u00e4use auch einmal ganz aus der N\u00e4he zu beobachten. Beginn der kleinen Wanderung ist um 21.30 Uhr an der Naturschutzstation in Wooster Teerofen (K\u00f6hlerweg 12, 19399 Wooster Teerofen), Ende gegen 23.00. Bitte warme Kleidung und ggf. Taschenlampen mitbringen. Die n\u00e4chste, in unserer Region sehr gut sichtbare Mondfinsternis wird es \u00fcbrigens erst am 31.12.2028 geben \u2013 also verpassen Sie nicht die Gelegenheit!<\/p>\n","protected":false},"excerpt":{"rendered":"<p>Bei wunderbar klarem Wetter konnte eine Gruppe von Besuchern unter der F\u00fchrung von Naturparkleiter Ralf Koch und Sternenkenner Andy Beggerow die partielle Mondfinsternis am 16. Juli erleben.<\/p>\n","protected":false},"author":84,"featured_media":2474,"comment_status":"open","ping_status":"open","sticky":false,"template":"","format":"standard","meta":[],"categories":[7],"tags":[1461],"yoast_head":"<!-- This site is optimized with the Yoast SEO plugin v19.10 - https:\/\/yoast.com\/wordpress\/plugins\/seo\/ -->\n<title>Nachtf\u00fchrung zur Mondfinsternis am 16.7.2019 - Naturpark Nossentiner\/Schwinzer Heide<\/title>\n<meta name=\"description\" content=\"Nachtf\u00fchrung zur partiellen Mondfinsternis am 16. Juli\" \/>\n<meta name=\"robots\" content=\"index, follow, max-snippet:-1, max-image-preview:large, max-video-preview:-1\" \/>\n<link rel=\"canonical\" href=\"https:\/\/www.naturparkmagazin.de\/nossentiner-schwinzer-heide\/die-letzte-gut-sichtbare-mondfinsternis-bis-2028-im-naturpark-koennen-sie-sie-erleben\/\" \/>\n<meta property=\"og:locale\" content=\"de_DE\" \/>\n<meta property=\"og:type\" content=\"article\" \/>\n<meta property=\"og:title\" content=\"Nachtf\u00fchrung zur Mondfinsternis am 16.7.2019 - Naturpark Nossentiner\/Schwinzer Heide\" \/>\n<meta property=\"og:description\" content=\"Nachtf\u00fchrung zur partiellen Mondfinsternis am 16. Juli\" \/>\n<meta property=\"og:url\" content=\"https:\/\/www.naturparkmagazin.de\/nossentiner-schwinzer-heide\/die-letzte-gut-sichtbare-mondfinsternis-bis-2028-im-naturpark-koennen-sie-sie-erleben\/\" \/>\n<meta property=\"og:site_name\" content=\"Naturpark Nossentiner\/Schwinzer Heide\" \/>\n<meta property=\"article:published_time\" content=\"2019-07-10T08:20:04+00:00\" \/>\n<meta property=\"article:modified_time\" content=\"2019-07-25T11:40:42+00:00\" \/>\n<meta property=\"og:image\" content=\"https:\/\/www.naturparkmagazin.de\/nossentiner-schwinzer-heide\/wp-content\/uploads\/sites\/28\/P1090477.jpg\" \/>\n\t<meta property=\"og:image:width\" content=\"961\" \/>\n\t<meta property=\"og:image:height\" content=\"889\" \/>\n\t<meta property=\"og:image:type\" content=\"image\/jpeg\" \/>\n<meta name=\"author\" content=\"evelinkartheuser\" \/>\n<meta name=\"twitter:label1\" content=\"Verfasst von\" \/>\n\t<meta name=\"twitter:data1\" content=\"evelinkartheuser\" \/>\n\t<meta name=\"twitter:label2\" content=\"Gesch\u00e4tzte Lesezeit\" \/>\n\t<meta name=\"twitter:data2\" content=\"2\u00a0Minuten\" \/>\n<script type=\"application\/ld+json\" class=\"yoast-schema-graph\">{\"@context\":\"https:\/\/schema.org\",\"@graph\":[{\"@type\":\"WebPage\",\"@id\":\"https:\/\/www.naturparkmagazin.de\/nossentiner-schwinzer-heide\/die-letzte-gut-sichtbare-mondfinsternis-bis-2028-im-naturpark-koennen-sie-sie-erleben\/\",\"url\":\"https:\/\/www.naturparkmagazin.de\/nossentiner-schwinzer-heide\/die-letzte-gut-sichtbare-mondfinsternis-bis-2028-im-naturpark-koennen-sie-sie-erleben\/\",\"name\":\"Nachtf\u00fchrung zur Mondfinsternis am 16.7.2019 - Naturpark Nossentiner\/Schwinzer Heide\",\"isPartOf\":{\"@id\":\"https:\/\/www.naturparkmagazin.de\/nossentiner-schwinzer-heide\/#website\"},\"datePublished\":\"2019-07-10T08:20:04+00:00\",\"dateModified\":\"2019-07-25T11:40:42+00:00\",\"author\":{\"@id\":\"https:\/\/www.naturparkmagazin.de\/nossentiner-schwinzer-heide\/#\/schema\/person\/6e5721221b13b6f827e696f29ff18008\"},\"description\":\"Nachtf\u00fchrung zur partiellen Mondfinsternis am 16. Juli\",\"breadcrumb\":{\"@id\":\"https:\/\/www.naturparkmagazin.de\/nossentiner-schwinzer-heide\/die-letzte-gut-sichtbare-mondfinsternis-bis-2028-im-naturpark-koennen-sie-sie-erleben\/#breadcrumb\"},\"inLanguage\":\"de\",\"potentialAction\":[{\"@type\":\"ReadAction\",\"target\":[\"https:\/\/www.naturparkmagazin.de\/nossentiner-schwinzer-heide\/die-letzte-gut-sichtbare-mondfinsternis-bis-2028-im-naturpark-koennen-sie-sie-erleben\/\"]}]},{\"@type\":\"BreadcrumbList\",\"@id\":\"https:\/\/www.naturparkmagazin.de\/nossentiner-schwinzer-heide\/die-letzte-gut-sichtbare-mondfinsternis-bis-2028-im-naturpark-koennen-sie-sie-erleben\/#breadcrumb\",\"itemListElement\":[{\"@type\":\"ListItem\",\"position\":1,\"name\":\"Home\",\"item\":\"https:\/\/www.naturparkmagazin.de\/nossentiner-schwinzer-heide\/\"},{\"@type\":\"ListItem\",\"position\":2,\"name\":\"Nachtf\u00fchrung zur Mondfinsternis am 16.7.2019\"}]},{\"@type\":\"WebSite\",\"@id\":\"https:\/\/www.naturparkmagazin.de\/nossentiner-schwinzer-heide\/#website\",\"url\":\"https:\/\/www.naturparkmagazin.de\/nossentiner-schwinzer-heide\/\",\"name\":\"Naturpark Nossentiner\/Schwinzer Heide\",\"description\":\"\",\"potentialAction\":[{\"@type\":\"SearchAction\",\"target\":{\"@type\":\"EntryPoint\",\"urlTemplate\":\"https:\/\/www.naturparkmagazin.de\/nossentiner-schwinzer-heide\/?s={search_term_string}\"},\"query-input\":\"required name=search_term_string\"}],\"inLanguage\":\"de\"},{\"@type\":\"Person\",\"@id\":\"https:\/\/www.naturparkmagazin.de\/nossentiner-schwinzer-heide\/#\/schema\/person\/6e5721221b13b6f827e696f29ff18008\",\"name\":\"evelinkartheuser\",\"url\":\"https:\/\/www.naturparkmagazin.de\/nossentiner-schwinzer-heide\/author\/evelinkartheuser\/\"}]}<\/script>\n<!-- \/ Yoast SEO plugin. -->","yoast_head_json":{"title":"Nachtf\u00fchrung zur Mondfinsternis am 16.7.2019 - Naturpark Nossentiner\/Schwinzer Heide","description":"Nachtf\u00fchrung zur partiellen Mondfinsternis am 16. Juli","robots":{"index":"index","follow":"follow","max-snippet":"max-snippet:-1","max-image-preview":"max-image-preview:large","max-video-preview":"max-video-preview:-1"},"canonical":"https:\/\/www.naturparkmagazin.de\/nossentiner-schwinzer-heide\/die-letzte-gut-sichtbare-mondfinsternis-bis-2028-im-naturpark-koennen-sie-sie-erleben\/","og_locale":"de_DE","og_type":"article","og_title":"Nachtf\u00fchrung zur Mondfinsternis am 16.7.2019 - Naturpark Nossentiner\/Schwinzer Heide","og_description":"Nachtf\u00fchrung zur partiellen Mondfinsternis am 16. Juli","og_url":"https:\/\/www.naturparkmagazin.de\/nossentiner-schwinzer-heide\/die-letzte-gut-sichtbare-mondfinsternis-bis-2028-im-naturpark-koennen-sie-sie-erleben\/","og_site_name":"Naturpark Nossentiner\/Schwinzer Heide","article_published_time":"2019-07-10T08:20:04+00:00","article_modified_time":"2019-07-25T11:40:42+00:00","og_image":[{"width":961,"height":889,"url":"https:\/\/www.naturparkmagazin.de\/nossentiner-schwinzer-heide\/wp-content\/uploads\/sites\/28\/P1090477.jpg","type":"image\/jpeg"}],"author":"evelinkartheuser","twitter_misc":{"Verfasst von":"evelinkartheuser","Gesch\u00e4tzte Lesezeit":"2\u00a0Minuten"},"schema":{"@context":"https:\/\/schema.org","@graph":[{"@type":"WebPage","@id":"https:\/\/www.naturparkmagazin.de\/nossentiner-schwinzer-heide\/die-letzte-gut-sichtbare-mondfinsternis-bis-2028-im-naturpark-koennen-sie-sie-erleben\/","url":"https:\/\/www.naturparkmagazin.de\/nossentiner-schwinzer-heide\/die-letzte-gut-sichtbare-mondfinsternis-bis-2028-im-naturpark-koennen-sie-sie-erleben\/","name":"Nachtf\u00fchrung zur Mondfinsternis am 16.7.2019 - Naturpark Nossentiner\/Schwinzer Heide","isPartOf":{"@id":"https:\/\/www.naturparkmagazin.de\/nossentiner-schwinzer-heide\/#website"},"datePublished":"2019-07-10T08:20:04+00:00","dateModified":"2019-07-25T11:40:42+00:00","author":{"@id":"https:\/\/www.naturparkmagazin.de\/nossentiner-schwinzer-heide\/#\/schema\/person\/6e5721221b13b6f827e696f29ff18008"},"description":"Nachtf\u00fchrung zur partiellen Mondfinsternis am 16. Juli","breadcrumb":{"@id":"https:\/\/www.naturparkmagazin.de\/nossentiner-schwinzer-heide\/die-letzte-gut-sichtbare-mondfinsternis-bis-2028-im-naturpark-koennen-sie-sie-erleben\/#breadcrumb"},"inLanguage":"de","potentialAction":[{"@type":"ReadAction","target":["https:\/\/www.naturparkmagazin.de\/nossentiner-schwinzer-heide\/die-letzte-gut-sichtbare-mondfinsternis-bis-2028-im-naturpark-koennen-sie-sie-erleben\/"]}]},{"@type":"BreadcrumbList","@id":"https:\/\/www.naturparkmagazin.de\/nossentiner-schwinzer-heide\/die-letzte-gut-sichtbare-mondfinsternis-bis-2028-im-naturpark-koennen-sie-sie-erleben\/#breadcrumb","itemListElement":[{"@type":"ListItem","position":1,"name":"Home","item":"https:\/\/www.naturparkmagazin.de\/nossentiner-schwinzer-heide\/"},{"@type":"ListItem","position":2,"name":"Nachtf\u00fchrung zur Mondfinsternis am 16.7.2019"}]},{"@type":"WebSite","@id":"https:\/\/www.naturparkmagazin.de\/nossentiner-schwinzer-heide\/#website","url":"https:\/\/www.naturparkmagazin.de\/nossentiner-schwinzer-heide\/","name":"Naturpark Nossentiner\/Schwinzer Heide","description":"","potentialAction":[{"@type":"SearchAction","target":{"@type":"EntryPoint","urlTemplate":"https:\/\/www.naturparkmagazin.de\/nossentiner-schwinzer-heide\/?s={search_term_string}"},"query-input":"required name=search_term_string"}],"inLanguage":"de"},{"@type":"Person","@id":"https:\/\/www.naturparkmagazin.de\/nossentiner-schwinzer-heide\/#\/schema\/person\/6e5721221b13b6f827e696f29ff18008","name":"evelinkartheuser","url":"https:\/\/www.naturparkmagazin.de\/nossentiner-schwinzer-heide\/author\/evelinkartheuser\/"}]}},"_links":{"self":[{"href":"https:\/\/www.naturparkmagazin.de\/nossentiner-schwinzer-heide\/wp-json\/wp\/v2\/posts\/2459"}],"collection":[{"href":"https:\/\/www.naturparkmagazin.de\/nossentiner-schwinzer-heide\/wp-json\/wp\/v2\/posts"}],"about":[{"href":"https:\/\/www.naturparkmagazin.de\/nossentiner-schwinzer-heide\/wp-json\/wp\/v2\/types\/post"}],"author":[{"embeddable":true,"href":"https:\/\/www.naturparkmagazin.de\/nossentiner-schwinzer-heide\/wp-json\/wp\/v2\/users\/84"}],"replies":[{"embeddable":true,"href":"https:\/\/www.naturparkmagazin.de\/nossentiner-schwinzer-heide\/wp-json\/wp\/v2\/comments?post=2459"}],"version-history":[{"count":12,"href":"https:\/\/www.naturparkmagazin.de\/nossentiner-schwinzer-heide\/wp-json\/wp\/v2\/posts\/2459\/revisions"}],"predecessor-version":[{"id":2491,"href":"https:\/\/www.naturparkmagazin.de\/nossentiner-schwinzer-heide\/wp-json\/wp\/v2\/posts\/2459\/revisions\/2491"}],"wp:featuredmedia":[{"embeddable":true,"href":"https:\/\/www.naturparkmagazin.de\/nossentiner-schwinzer-heide\/wp-json\/wp\/v2\/media\/2474"}],"wp:attachment":[{"href":"https:\/\/www.naturparkmagazin.de\/nossentiner-schwinzer-heide\/wp-json\/wp\/v2\/media?parent=2459"}],"wp:term":[{"taxonomy":"category","embeddable":true,"href":"https:\/\/www.naturparkmagazin.de\/nossentiner-schwinzer-heide\/wp-json\/wp\/v2\/categories?post=2459"},{"taxonomy":"post_tag","embeddable":true,"href":"https:\/\/www.naturparkmagazin.de\/nossentiner-schwinzer-heide\/wp-json\/wp\/v2\/tags?post=2459"}],"curies":[{"name":"wp","href":"https:\/\/api.w.org\/{rel}","templated":true}]}}