{"id":2465,"date":"2019-07-16T13:56:25","date_gmt":"2019-07-16T11:56:25","guid":{"rendered":"https:\/\/www.naturparkmagazin.de\/nossentiner-schwinzer-heide\/?p=2465"},"modified":"2019-07-25T13:38:56","modified_gmt":"2019-07-25T11:38:56","slug":"augustlicht-ein-foto-workshop-mit-monika-lawrenz-im-naturpark-nossentinerschwinzer-heide","status":"publish","type":"post","link":"https:\/\/www.naturparkmagazin.de\/nossentiner-schwinzer-heide\/augustlicht-ein-foto-workshop-mit-monika-lawrenz-im-naturpark-nossentinerschwinzer-heide\/","title":{"rendered":"Augustlicht \u2013 Ein Foto-Workshop mit Monika Lawrenz im Naturpark Nossentiner\/Schwinzer Heide"},"content":{"rendered":"<p>&nbsp;<\/p>\n<div id=\"attachment_2051\" style=\"width: 630px\" class=\"wp-caption alignnone\"><a href=\"https:\/\/www.naturparkmagazin.de\/nossentiner-schwinzer-heide\/wp-content\/uploads\/sites\/28\/Wiese-im-Abendlicht-FotoMonikaLawrenz9976.jpg\"><img aria-describedby=\"caption-attachment-2051\" decoding=\"async\" loading=\"lazy\" class=\"wp-image-2051 size-medium\" src=\"https:\/\/www.naturparkmagazin.de\/nossentiner-schwinzer-heide\/wp-content\/uploads\/sites\/28\/Wiese-im-Abendlicht-FotoMonikaLawrenz9976-620x414.jpg\" alt=\"4.8.14 Wiese im Abendlicht bei Lohmen\" width=\"620\" height=\"414\" srcset=\"https:\/\/www.naturparkmagazin.de\/nossentiner-schwinzer-heide\/wp-content\/uploads\/sites\/28\/Wiese-im-Abendlicht-FotoMonikaLawrenz9976-620x414.jpg 620w, https:\/\/www.naturparkmagazin.de\/nossentiner-schwinzer-heide\/wp-content\/uploads\/sites\/28\/Wiese-im-Abendlicht-FotoMonikaLawrenz9976-300x200.jpg 300w, https:\/\/www.naturparkmagazin.de\/nossentiner-schwinzer-heide\/wp-content\/uploads\/sites\/28\/Wiese-im-Abendlicht-FotoMonikaLawrenz9976-670x447.jpg 670w, https:\/\/www.naturparkmagazin.de\/nossentiner-schwinzer-heide\/wp-content\/uploads\/sites\/28\/Wiese-im-Abendlicht-FotoMonikaLawrenz9976-200x134.jpg 200w, https:\/\/www.naturparkmagazin.de\/nossentiner-schwinzer-heide\/wp-content\/uploads\/sites\/28\/Wiese-im-Abendlicht-FotoMonikaLawrenz9976.jpg 674w\" sizes=\"(max-width: 620px) 100vw, 620px\" \/><\/a><p id=\"caption-attachment-2051\" class=\"wp-caption-text\">Wiese im Abendlicht bei Lohmen. Foto: Monika Lawrenz<\/p><\/div>\n<p>&nbsp;<\/p>\n<p>Es bringt einfach gro\u00dfe Freude, gemeinsam mit Fotofreunden und der eigenen Kamera durch den Naturpark Nossentiner\/Schwinzer Heide zu streifen. Neues zu entdecken oder auch Bekanntes neu zu sehen und im Bild festzuhalten. Sich daf\u00fcr Zeit nehmen, ohne dass die Partnerin oder der Partner beim Spazierengehen warten muss. Keinen schnellen Schnappschuss im Vor\u00fcbergehen, sondern ein Bild gestalten, auf das richtige Licht warten, vielleicht auch den alten Baum ber\u00fchren, das Lichtspiel der Wellen im See beobachten und Kontakt aufnehmen mit dem, was man fotografieren m\u00f6chte. Ausprobieren mit welcher Blenden\u00f6ffnung, mit welcher Belichtungszeit und auch mit welcher Brennweite dieses Motiv am besten festgehalten werden kann. Wo setze ich k\u00fcnstlerische Akzente ins Bild und wie kann ich auch technisch meine eigene Sichtweise umsetzen? Automatisch kann das die Kamera nicht, denn die Kamera kann nicht denken, sie ist nur ein Werkzeug, dass ich als Fotograf benutzen kann. Die guten Bilder macht der Fotograf selbst. Nur in zweiter Linie sind die technischen M\u00f6glichkeiten einer Kamera wichtig.<\/p>\n<p>Am Sonnabend steht eine 6-st\u00fcndige Fototour durch den Naturpark auf dem Programm. Am Sonntagvormittag werden die entstandenen Bilder am Rechner gemeinsam gesichtet und ausgewertet. F\u00fcnf besonders gelungene Bilder von jedem Teilnehmer werden im Adobe Lightroom-Programm bearbeitet und in einer abschlie\u00dfenden Dia-Show pr\u00e4sentiert. Weitere Informationen unter <a href=\"http:\/\/www.monikalawrenz.de\/\">www.monikalawrenz.de<\/a><\/p>\n<p>Dauer der Veranstaltung:<\/p>\n<p>Samstag, 10. August ab 13 Uhr &#8211; 21.00 Uhr nach einer kurzen theoretischen Einf\u00fchrung Fototour durch den Naturpark und Sonntag, 11. August ab 9.00 Uhr &#8211; 13.00 Uhr Auswertung, erste Bildbearbeitung, Bildbesprechung und Pr\u00e4sentation der Bilder.<\/p>\n<p>Preis: 98,00 Euro<\/p>\n<p>Teilnehmer: 12<\/p>\n<p>Anmeldungen bitte mit vollst\u00e4ndigem Namen, Adresse und Telefonnummer: <a href=\"mailto:fotografie@monikalawrenz.de\">fotografie@monikalawrenz.de<\/a><\/p>\n<p>Mobil: 0178 &#8211; 472 22 95<\/p>\n<p>&nbsp;<\/p>\n","protected":false},"excerpt":{"rendered":"<p>Es bringt einfach gro\u00dfe Freude, gemeinsam mit Fotofreunden und der eigenen Kamera durch den Naturpark Nossentiner\/Schwinzer Heide zu streifen. Am 10. August steht eine 6-st\u00fcndige Fototour auf dem Programm.<\/p>\n","protected":false},"author":84,"featured_media":2051,"comment_status":"open","ping_status":"open","sticky":false,"template":"","format":"standard","meta":[],"categories":[11],"tags":[654],"yoast_head":"<!-- This site is optimized with the Yoast SEO plugin v19.10 - https:\/\/yoast.com\/wordpress\/plugins\/seo\/ -->\n<title>Augustlicht \u2013 Ein Foto-Workshop mit Monika Lawrenz im Naturpark Nossentiner\/Schwinzer Heide - Naturpark Nossentiner\/Schwinzer Heide<\/title>\n<meta name=\"description\" content=\"Fotoworkshop mit Monika Lawrenz am 10.-11. August 2019\" \/>\n<meta name=\"robots\" content=\"index, follow, max-snippet:-1, max-image-preview:large, max-video-preview:-1\" \/>\n<link rel=\"canonical\" href=\"https:\/\/www.naturparkmagazin.de\/nossentiner-schwinzer-heide\/augustlicht-ein-foto-workshop-mit-monika-lawrenz-im-naturpark-nossentinerschwinzer-heide\/\" \/>\n<meta property=\"og:locale\" content=\"de_DE\" \/>\n<meta property=\"og:type\" content=\"article\" \/>\n<meta property=\"og:title\" content=\"Augustlicht \u2013 Ein Foto-Workshop mit Monika Lawrenz im Naturpark Nossentiner\/Schwinzer Heide - Naturpark Nossentiner\/Schwinzer Heide\" \/>\n<meta property=\"og:description\" content=\"Fotoworkshop mit Monika Lawrenz am 10.-11. August 2019\" \/>\n<meta property=\"og:url\" content=\"https:\/\/www.naturparkmagazin.de\/nossentiner-schwinzer-heide\/augustlicht-ein-foto-workshop-mit-monika-lawrenz-im-naturpark-nossentinerschwinzer-heide\/\" \/>\n<meta property=\"og:site_name\" content=\"Naturpark Nossentiner\/Schwinzer Heide\" \/>\n<meta property=\"article:published_time\" content=\"2019-07-16T11:56:25+00:00\" \/>\n<meta property=\"article:modified_time\" content=\"2019-07-25T11:38:56+00:00\" \/>\n<meta property=\"og:image\" content=\"https:\/\/www.naturparkmagazin.de\/nossentiner-schwinzer-heide\/wp-content\/uploads\/sites\/28\/Wiese-im-Abendlicht-FotoMonikaLawrenz9976.jpg\" \/>\n\t<meta property=\"og:image:width\" content=\"674\" \/>\n\t<meta property=\"og:image:height\" content=\"450\" \/>\n\t<meta property=\"og:image:type\" content=\"image\/jpeg\" \/>\n<meta name=\"author\" content=\"evelinkartheuser\" \/>\n<meta name=\"twitter:label1\" content=\"Verfasst von\" \/>\n\t<meta name=\"twitter:data1\" content=\"evelinkartheuser\" \/>\n\t<meta name=\"twitter:label2\" content=\"Gesch\u00e4tzte Lesezeit\" \/>\n\t<meta name=\"twitter:data2\" content=\"1\u00a0Minute\" \/>\n<script type=\"application\/ld+json\" class=\"yoast-schema-graph\">{\"@context\":\"https:\/\/schema.org\",\"@graph\":[{\"@type\":\"WebPage\",\"@id\":\"https:\/\/www.naturparkmagazin.de\/nossentiner-schwinzer-heide\/augustlicht-ein-foto-workshop-mit-monika-lawrenz-im-naturpark-nossentinerschwinzer-heide\/\",\"url\":\"https:\/\/www.naturparkmagazin.de\/nossentiner-schwinzer-heide\/augustlicht-ein-foto-workshop-mit-monika-lawrenz-im-naturpark-nossentinerschwinzer-heide\/\",\"name\":\"Augustlicht \u2013 Ein Foto-Workshop mit Monika Lawrenz im Naturpark Nossentiner\/Schwinzer Heide - Naturpark Nossentiner\/Schwinzer Heide\",\"isPartOf\":{\"@id\":\"https:\/\/www.naturparkmagazin.de\/nossentiner-schwinzer-heide\/#website\"},\"datePublished\":\"2019-07-16T11:56:25+00:00\",\"dateModified\":\"2019-07-25T11:38:56+00:00\",\"author\":{\"@id\":\"https:\/\/www.naturparkmagazin.de\/nossentiner-schwinzer-heide\/#\/schema\/person\/6e5721221b13b6f827e696f29ff18008\"},\"description\":\"Fotoworkshop mit Monika Lawrenz am 10.-11. August 2019\",\"breadcrumb\":{\"@id\":\"https:\/\/www.naturparkmagazin.de\/nossentiner-schwinzer-heide\/augustlicht-ein-foto-workshop-mit-monika-lawrenz-im-naturpark-nossentinerschwinzer-heide\/#breadcrumb\"},\"inLanguage\":\"de\",\"potentialAction\":[{\"@type\":\"ReadAction\",\"target\":[\"https:\/\/www.naturparkmagazin.de\/nossentiner-schwinzer-heide\/augustlicht-ein-foto-workshop-mit-monika-lawrenz-im-naturpark-nossentinerschwinzer-heide\/\"]}]},{\"@type\":\"BreadcrumbList\",\"@id\":\"https:\/\/www.naturparkmagazin.de\/nossentiner-schwinzer-heide\/augustlicht-ein-foto-workshop-mit-monika-lawrenz-im-naturpark-nossentinerschwinzer-heide\/#breadcrumb\",\"itemListElement\":[{\"@type\":\"ListItem\",\"position\":1,\"name\":\"Home\",\"item\":\"https:\/\/www.naturparkmagazin.de\/nossentiner-schwinzer-heide\/\"},{\"@type\":\"ListItem\",\"position\":2,\"name\":\"Augustlicht \u2013 Ein Foto-Workshop mit Monika Lawrenz im Naturpark Nossentiner\/Schwinzer Heide\"}]},{\"@type\":\"WebSite\",\"@id\":\"https:\/\/www.naturparkmagazin.de\/nossentiner-schwinzer-heide\/#website\",\"url\":\"https:\/\/www.naturparkmagazin.de\/nossentiner-schwinzer-heide\/\",\"name\":\"Naturpark Nossentiner\/Schwinzer Heide\",\"description\":\"\",\"potentialAction\":[{\"@type\":\"SearchAction\",\"target\":{\"@type\":\"EntryPoint\",\"urlTemplate\":\"https:\/\/www.naturparkmagazin.de\/nossentiner-schwinzer-heide\/?s={search_term_string}\"},\"query-input\":\"required name=search_term_string\"}],\"inLanguage\":\"de\"},{\"@type\":\"Person\",\"@id\":\"https:\/\/www.naturparkmagazin.de\/nossentiner-schwinzer-heide\/#\/schema\/person\/6e5721221b13b6f827e696f29ff18008\",\"name\":\"evelinkartheuser\",\"url\":\"https:\/\/www.naturparkmagazin.de\/nossentiner-schwinzer-heide\/author\/evelinkartheuser\/\"}]}<\/script>\n<!-- \/ Yoast SEO plugin. -->","yoast_head_json":{"title":"Augustlicht \u2013 Ein Foto-Workshop mit Monika Lawrenz im Naturpark Nossentiner\/Schwinzer Heide - Naturpark Nossentiner\/Schwinzer Heide","description":"Fotoworkshop mit Monika Lawrenz am 10.-11. August 2019","robots":{"index":"index","follow":"follow","max-snippet":"max-snippet:-1","max-image-preview":"max-image-preview:large","max-video-preview":"max-video-preview:-1"},"canonical":"https:\/\/www.naturparkmagazin.de\/nossentiner-schwinzer-heide\/augustlicht-ein-foto-workshop-mit-monika-lawrenz-im-naturpark-nossentinerschwinzer-heide\/","og_locale":"de_DE","og_type":"article","og_title":"Augustlicht \u2013 Ein Foto-Workshop mit Monika Lawrenz im Naturpark Nossentiner\/Schwinzer Heide - Naturpark Nossentiner\/Schwinzer Heide","og_description":"Fotoworkshop mit Monika Lawrenz am 10.-11. August 2019","og_url":"https:\/\/www.naturparkmagazin.de\/nossentiner-schwinzer-heide\/augustlicht-ein-foto-workshop-mit-monika-lawrenz-im-naturpark-nossentinerschwinzer-heide\/","og_site_name":"Naturpark Nossentiner\/Schwinzer Heide","article_published_time":"2019-07-16T11:56:25+00:00","article_modified_time":"2019-07-25T11:38:56+00:00","og_image":[{"width":674,"height":450,"url":"https:\/\/www.naturparkmagazin.de\/nossentiner-schwinzer-heide\/wp-content\/uploads\/sites\/28\/Wiese-im-Abendlicht-FotoMonikaLawrenz9976.jpg","type":"image\/jpeg"}],"author":"evelinkartheuser","twitter_misc":{"Verfasst von":"evelinkartheuser","Gesch\u00e4tzte Lesezeit":"1\u00a0Minute"},"schema":{"@context":"https:\/\/schema.org","@graph":[{"@type":"WebPage","@id":"https:\/\/www.naturparkmagazin.de\/nossentiner-schwinzer-heide\/augustlicht-ein-foto-workshop-mit-monika-lawrenz-im-naturpark-nossentinerschwinzer-heide\/","url":"https:\/\/www.naturparkmagazin.de\/nossentiner-schwinzer-heide\/augustlicht-ein-foto-workshop-mit-monika-lawrenz-im-naturpark-nossentinerschwinzer-heide\/","name":"Augustlicht \u2013 Ein Foto-Workshop mit Monika Lawrenz im Naturpark Nossentiner\/Schwinzer Heide - Naturpark Nossentiner\/Schwinzer Heide","isPartOf":{"@id":"https:\/\/www.naturparkmagazin.de\/nossentiner-schwinzer-heide\/#website"},"datePublished":"2019-07-16T11:56:25+00:00","dateModified":"2019-07-25T11:38:56+00:00","author":{"@id":"https:\/\/www.naturparkmagazin.de\/nossentiner-schwinzer-heide\/#\/schema\/person\/6e5721221b13b6f827e696f29ff18008"},"description":"Fotoworkshop mit Monika Lawrenz am 10.-11. August 2019","breadcrumb":{"@id":"https:\/\/www.naturparkmagazin.de\/nossentiner-schwinzer-heide\/augustlicht-ein-foto-workshop-mit-monika-lawrenz-im-naturpark-nossentinerschwinzer-heide\/#breadcrumb"},"inLanguage":"de","potentialAction":[{"@type":"ReadAction","target":["https:\/\/www.naturparkmagazin.de\/nossentiner-schwinzer-heide\/augustlicht-ein-foto-workshop-mit-monika-lawrenz-im-naturpark-nossentinerschwinzer-heide\/"]}]},{"@type":"BreadcrumbList","@id":"https:\/\/www.naturparkmagazin.de\/nossentiner-schwinzer-heide\/augustlicht-ein-foto-workshop-mit-monika-lawrenz-im-naturpark-nossentinerschwinzer-heide\/#breadcrumb","itemListElement":[{"@type":"ListItem","position":1,"name":"Home","item":"https:\/\/www.naturparkmagazin.de\/nossentiner-schwinzer-heide\/"},{"@type":"ListItem","position":2,"name":"Augustlicht \u2013 Ein Foto-Workshop mit Monika Lawrenz im Naturpark Nossentiner\/Schwinzer Heide"}]},{"@type":"WebSite","@id":"https:\/\/www.naturparkmagazin.de\/nossentiner-schwinzer-heide\/#website","url":"https:\/\/www.naturparkmagazin.de\/nossentiner-schwinzer-heide\/","name":"Naturpark Nossentiner\/Schwinzer Heide","description":"","potentialAction":[{"@type":"SearchAction","target":{"@type":"EntryPoint","urlTemplate":"https:\/\/www.naturparkmagazin.de\/nossentiner-schwinzer-heide\/?s={search_term_string}"},"query-input":"required name=search_term_string"}],"inLanguage":"de"},{"@type":"Person","@id":"https:\/\/www.naturparkmagazin.de\/nossentiner-schwinzer-heide\/#\/schema\/person\/6e5721221b13b6f827e696f29ff18008","name":"evelinkartheuser","url":"https:\/\/www.naturparkmagazin.de\/nossentiner-schwinzer-heide\/author\/evelinkartheuser\/"}]}},"_links":{"self":[{"href":"https:\/\/www.naturparkmagazin.de\/nossentiner-schwinzer-heide\/wp-json\/wp\/v2\/posts\/2465"}],"collection":[{"href":"https:\/\/www.naturparkmagazin.de\/nossentiner-schwinzer-heide\/wp-json\/wp\/v2\/posts"}],"about":[{"href":"https:\/\/www.naturparkmagazin.de\/nossentiner-schwinzer-heide\/wp-json\/wp\/v2\/types\/post"}],"author":[{"embeddable":true,"href":"https:\/\/www.naturparkmagazin.de\/nossentiner-schwinzer-heide\/wp-json\/wp\/v2\/users\/84"}],"replies":[{"embeddable":true,"href":"https:\/\/www.naturparkmagazin.de\/nossentiner-schwinzer-heide\/wp-json\/wp\/v2\/comments?post=2465"}],"version-history":[{"count":4,"href":"https:\/\/www.naturparkmagazin.de\/nossentiner-schwinzer-heide\/wp-json\/wp\/v2\/posts\/2465\/revisions"}],"predecessor-version":[{"id":2488,"href":"https:\/\/www.naturparkmagazin.de\/nossentiner-schwinzer-heide\/wp-json\/wp\/v2\/posts\/2465\/revisions\/2488"}],"wp:featuredmedia":[{"embeddable":true,"href":"https:\/\/www.naturparkmagazin.de\/nossentiner-schwinzer-heide\/wp-json\/wp\/v2\/media\/2051"}],"wp:attachment":[{"href":"https:\/\/www.naturparkmagazin.de\/nossentiner-schwinzer-heide\/wp-json\/wp\/v2\/media?parent=2465"}],"wp:term":[{"taxonomy":"category","embeddable":true,"href":"https:\/\/www.naturparkmagazin.de\/nossentiner-schwinzer-heide\/wp-json\/wp\/v2\/categories?post=2465"},{"taxonomy":"post_tag","embeddable":true,"href":"https:\/\/www.naturparkmagazin.de\/nossentiner-schwinzer-heide\/wp-json\/wp\/v2\/tags?post=2465"}],"curies":[{"name":"wp","href":"https:\/\/api.w.org\/{rel}","templated":true}]}}