{"id":2494,"date":"2019-08-19T08:32:44","date_gmt":"2019-08-19T06:32:44","guid":{"rendered":"https:\/\/www.naturparkmagazin.de\/nossentiner-schwinzer-heide\/?p=2494"},"modified":"2019-08-28T13:59:54","modified_gmt":"2019-08-28T11:59:54","slug":"neue-ausstellung-im-meiler-natur-im-blick-grosse-werke-kleine-kuenstler","status":"publish","type":"post","link":"https:\/\/www.naturparkmagazin.de\/nossentiner-schwinzer-heide\/neue-ausstellung-im-meiler-natur-im-blick-grosse-werke-kleine-kuenstler\/","title":{"rendered":"Neue Ausstellung im Meiler: &#8222;Natur im Blick. Gro\u00dfe Werke &#8211; kleine K\u00fcnstler&#8220;"},"content":{"rendered":"<div id=\"attachment_2495\" style=\"width: 630px\" class=\"wp-caption alignnone\"><a href=\"https:\/\/www.naturparkmagazin.de\/nossentiner-schwinzer-heide\/wp-content\/uploads\/sites\/28\/Bild1.jpg\"><img aria-describedby=\"caption-attachment-2495\" decoding=\"async\" loading=\"lazy\" class=\"wp-image-2495 size-medium\" src=\"https:\/\/www.naturparkmagazin.de\/nossentiner-schwinzer-heide\/wp-content\/uploads\/sites\/28\/Bild1-620x478.jpg\" alt=\"Bild1\" width=\"620\" height=\"478\" srcset=\"https:\/\/www.naturparkmagazin.de\/nossentiner-schwinzer-heide\/wp-content\/uploads\/sites\/28\/Bild1-620x478.jpg 620w, https:\/\/www.naturparkmagazin.de\/nossentiner-schwinzer-heide\/wp-content\/uploads\/sites\/28\/Bild1-300x231.jpg 300w, https:\/\/www.naturparkmagazin.de\/nossentiner-schwinzer-heide\/wp-content\/uploads\/sites\/28\/Bild1-940x724.jpg 940w, https:\/\/www.naturparkmagazin.de\/nossentiner-schwinzer-heide\/wp-content\/uploads\/sites\/28\/Bild1-670x516.jpg 670w, https:\/\/www.naturparkmagazin.de\/nossentiner-schwinzer-heide\/wp-content\/uploads\/sites\/28\/Bild1-200x154.jpg 200w, https:\/\/www.naturparkmagazin.de\/nossentiner-schwinzer-heide\/wp-content\/uploads\/sites\/28\/Bild1.jpg 1280w\" sizes=\"(max-width: 620px) 100vw, 620px\" \/><\/a><p id=\"caption-attachment-2495\" class=\"wp-caption-text\">M\u00e4rchenhafte Unterwasserwelt, Gemeinschaftsarbeit der 3. Klasse der Grundschule Am Papenberg, \u00a9 Kultur- und Kunstverein Waren e.V.<\/p><\/div>\n<p>\u201eIst das Kunst oder kann das weg?\u201c, fragt man sich manchmal beim Anblick der Kunstwerke der eigenen Spr\u00f6sslinge. Nicht so jedoch bei der neuen Ausstellung im Naturpark Nossentiner\/Schwinzer Heide. Dass hier echte Kunst im Spiel ist, sp\u00fcrt man sofort: Es sind gro\u00dfe Werke von kleinen K\u00fcnstlern, die Details aus der Tier- und Pflanzenwelt in neues Licht r\u00fccken. In jedem Jahr entstehen in verschiedenen Projekten des <a href=\"http:\/\/www.kulturverein-waren.de\/\">Kultur- und Kunstvereins Waren e.V.<\/a> mit Kindern im Alter von 5 bis 10 Jahren viele farbenfrohe Bilder. Die Motive aus der Natur werden mit spielerischer Lust neu in Szene gesetzt. Oft arbeiten mehrere Kinder an einem Werk, es werden Techniken wie Acryl- und Aquarellmalerei, Druck und Collage verwendet. Inspiriert von der Natur und angeleitet von den K\u00fcnstlerinnen Katharina Sell und Claudia Burmeister sind farbenpr\u00e4chtige, gro\u00dfformatige Arbeiten entstanden, die dem Betrachter ein L\u00e4cheln ins Gesicht zaubern. Die Ausstellung ist vom 15. August bis 19. September, t\u00e4glich von 10-17\u00a0Uhr\u00a0im Naturparkzentrum Karower Meiler in Karow zu sehen.<\/p>\n<p>&nbsp;<\/p>\n<p>&nbsp;<\/p>\n","protected":false},"excerpt":{"rendered":"<p>Bemerkenswerte Kinderkunst in der neuen Ausstellung im Naturpark Nossentiner\/Schwinzer Heide.<\/p>\n","protected":false},"author":84,"featured_media":2495,"comment_status":"open","ping_status":"open","sticky":false,"template":"","format":"standard","meta":[],"categories":[7],"tags":[],"yoast_head":"<!-- This site is optimized with the Yoast SEO plugin v19.10 - https:\/\/yoast.com\/wordpress\/plugins\/seo\/ -->\n<title>Neue Ausstellung im Meiler: &quot;Natur im Blick. Gro\u00dfe Werke - kleine K\u00fcnstler&quot; - Naturpark Nossentiner\/Schwinzer Heide<\/title>\n<meta name=\"robots\" content=\"index, follow, max-snippet:-1, max-image-preview:large, max-video-preview:-1\" \/>\n<link rel=\"canonical\" href=\"https:\/\/www.naturparkmagazin.de\/nossentiner-schwinzer-heide\/neue-ausstellung-im-meiler-natur-im-blick-grosse-werke-kleine-kuenstler\/\" \/>\n<meta property=\"og:locale\" content=\"de_DE\" \/>\n<meta property=\"og:type\" content=\"article\" \/>\n<meta property=\"og:title\" content=\"Neue Ausstellung im Meiler: &quot;Natur im Blick. Gro\u00dfe Werke - kleine K\u00fcnstler&quot; - Naturpark Nossentiner\/Schwinzer Heide\" \/>\n<meta property=\"og:description\" content=\"Bemerkenswerte Kinderkunst in der neuen Ausstellung im Naturpark Nossentiner\/Schwinzer Heide.\" \/>\n<meta property=\"og:url\" content=\"https:\/\/www.naturparkmagazin.de\/nossentiner-schwinzer-heide\/neue-ausstellung-im-meiler-natur-im-blick-grosse-werke-kleine-kuenstler\/\" \/>\n<meta property=\"og:site_name\" content=\"Naturpark Nossentiner\/Schwinzer Heide\" \/>\n<meta property=\"article:published_time\" content=\"2019-08-19T06:32:44+00:00\" \/>\n<meta property=\"article:modified_time\" content=\"2019-08-28T11:59:54+00:00\" \/>\n<meta property=\"og:image\" content=\"https:\/\/www.naturparkmagazin.de\/nossentiner-schwinzer-heide\/wp-content\/uploads\/sites\/28\/Bild1.jpg\" \/>\n\t<meta property=\"og:image:width\" content=\"1280\" \/>\n\t<meta property=\"og:image:height\" content=\"986\" \/>\n\t<meta property=\"og:image:type\" content=\"image\/jpeg\" \/>\n<meta name=\"author\" content=\"evelinkartheuser\" \/>\n<meta name=\"twitter:label1\" content=\"Verfasst von\" \/>\n\t<meta name=\"twitter:data1\" content=\"evelinkartheuser\" \/>\n\t<meta name=\"twitter:label2\" content=\"Gesch\u00e4tzte Lesezeit\" \/>\n\t<meta name=\"twitter:data2\" content=\"1\u00a0Minute\" \/>\n<script type=\"application\/ld+json\" class=\"yoast-schema-graph\">{\"@context\":\"https:\/\/schema.org\",\"@graph\":[{\"@type\":\"WebPage\",\"@id\":\"https:\/\/www.naturparkmagazin.de\/nossentiner-schwinzer-heide\/neue-ausstellung-im-meiler-natur-im-blick-grosse-werke-kleine-kuenstler\/\",\"url\":\"https:\/\/www.naturparkmagazin.de\/nossentiner-schwinzer-heide\/neue-ausstellung-im-meiler-natur-im-blick-grosse-werke-kleine-kuenstler\/\",\"name\":\"Neue Ausstellung im Meiler: \\\"Natur im Blick. Gro\u00dfe Werke - kleine K\u00fcnstler\\\" - Naturpark Nossentiner\/Schwinzer Heide\",\"isPartOf\":{\"@id\":\"https:\/\/www.naturparkmagazin.de\/nossentiner-schwinzer-heide\/#website\"},\"datePublished\":\"2019-08-19T06:32:44+00:00\",\"dateModified\":\"2019-08-28T11:59:54+00:00\",\"author\":{\"@id\":\"https:\/\/www.naturparkmagazin.de\/nossentiner-schwinzer-heide\/#\/schema\/person\/6e5721221b13b6f827e696f29ff18008\"},\"breadcrumb\":{\"@id\":\"https:\/\/www.naturparkmagazin.de\/nossentiner-schwinzer-heide\/neue-ausstellung-im-meiler-natur-im-blick-grosse-werke-kleine-kuenstler\/#breadcrumb\"},\"inLanguage\":\"de\",\"potentialAction\":[{\"@type\":\"ReadAction\",\"target\":[\"https:\/\/www.naturparkmagazin.de\/nossentiner-schwinzer-heide\/neue-ausstellung-im-meiler-natur-im-blick-grosse-werke-kleine-kuenstler\/\"]}]},{\"@type\":\"BreadcrumbList\",\"@id\":\"https:\/\/www.naturparkmagazin.de\/nossentiner-schwinzer-heide\/neue-ausstellung-im-meiler-natur-im-blick-grosse-werke-kleine-kuenstler\/#breadcrumb\",\"itemListElement\":[{\"@type\":\"ListItem\",\"position\":1,\"name\":\"Home\",\"item\":\"https:\/\/www.naturparkmagazin.de\/nossentiner-schwinzer-heide\/\"},{\"@type\":\"ListItem\",\"position\":2,\"name\":\"Neue Ausstellung im Meiler: &#8222;Natur im Blick. Gro\u00dfe Werke &#8211; kleine K\u00fcnstler&#8220;\"}]},{\"@type\":\"WebSite\",\"@id\":\"https:\/\/www.naturparkmagazin.de\/nossentiner-schwinzer-heide\/#website\",\"url\":\"https:\/\/www.naturparkmagazin.de\/nossentiner-schwinzer-heide\/\",\"name\":\"Naturpark Nossentiner\/Schwinzer Heide\",\"description\":\"\",\"potentialAction\":[{\"@type\":\"SearchAction\",\"target\":{\"@type\":\"EntryPoint\",\"urlTemplate\":\"https:\/\/www.naturparkmagazin.de\/nossentiner-schwinzer-heide\/?s={search_term_string}\"},\"query-input\":\"required name=search_term_string\"}],\"inLanguage\":\"de\"},{\"@type\":\"Person\",\"@id\":\"https:\/\/www.naturparkmagazin.de\/nossentiner-schwinzer-heide\/#\/schema\/person\/6e5721221b13b6f827e696f29ff18008\",\"name\":\"evelinkartheuser\",\"url\":\"https:\/\/www.naturparkmagazin.de\/nossentiner-schwinzer-heide\/author\/evelinkartheuser\/\"}]}<\/script>\n<!-- \/ Yoast SEO plugin. -->","yoast_head_json":{"title":"Neue Ausstellung im Meiler: \"Natur im Blick. Gro\u00dfe Werke - kleine K\u00fcnstler\" - Naturpark Nossentiner\/Schwinzer Heide","robots":{"index":"index","follow":"follow","max-snippet":"max-snippet:-1","max-image-preview":"max-image-preview:large","max-video-preview":"max-video-preview:-1"},"canonical":"https:\/\/www.naturparkmagazin.de\/nossentiner-schwinzer-heide\/neue-ausstellung-im-meiler-natur-im-blick-grosse-werke-kleine-kuenstler\/","og_locale":"de_DE","og_type":"article","og_title":"Neue Ausstellung im Meiler: \"Natur im Blick. Gro\u00dfe Werke - kleine K\u00fcnstler\" - Naturpark Nossentiner\/Schwinzer Heide","og_description":"Bemerkenswerte Kinderkunst in der neuen Ausstellung im Naturpark Nossentiner\/Schwinzer Heide.","og_url":"https:\/\/www.naturparkmagazin.de\/nossentiner-schwinzer-heide\/neue-ausstellung-im-meiler-natur-im-blick-grosse-werke-kleine-kuenstler\/","og_site_name":"Naturpark Nossentiner\/Schwinzer Heide","article_published_time":"2019-08-19T06:32:44+00:00","article_modified_time":"2019-08-28T11:59:54+00:00","og_image":[{"width":1280,"height":986,"url":"https:\/\/www.naturparkmagazin.de\/nossentiner-schwinzer-heide\/wp-content\/uploads\/sites\/28\/Bild1.jpg","type":"image\/jpeg"}],"author":"evelinkartheuser","twitter_misc":{"Verfasst von":"evelinkartheuser","Gesch\u00e4tzte Lesezeit":"1\u00a0Minute"},"schema":{"@context":"https:\/\/schema.org","@graph":[{"@type":"WebPage","@id":"https:\/\/www.naturparkmagazin.de\/nossentiner-schwinzer-heide\/neue-ausstellung-im-meiler-natur-im-blick-grosse-werke-kleine-kuenstler\/","url":"https:\/\/www.naturparkmagazin.de\/nossentiner-schwinzer-heide\/neue-ausstellung-im-meiler-natur-im-blick-grosse-werke-kleine-kuenstler\/","name":"Neue Ausstellung im Meiler: \"Natur im Blick. Gro\u00dfe Werke - kleine K\u00fcnstler\" - Naturpark Nossentiner\/Schwinzer Heide","isPartOf":{"@id":"https:\/\/www.naturparkmagazin.de\/nossentiner-schwinzer-heide\/#website"},"datePublished":"2019-08-19T06:32:44+00:00","dateModified":"2019-08-28T11:59:54+00:00","author":{"@id":"https:\/\/www.naturparkmagazin.de\/nossentiner-schwinzer-heide\/#\/schema\/person\/6e5721221b13b6f827e696f29ff18008"},"breadcrumb":{"@id":"https:\/\/www.naturparkmagazin.de\/nossentiner-schwinzer-heide\/neue-ausstellung-im-meiler-natur-im-blick-grosse-werke-kleine-kuenstler\/#breadcrumb"},"inLanguage":"de","potentialAction":[{"@type":"ReadAction","target":["https:\/\/www.naturparkmagazin.de\/nossentiner-schwinzer-heide\/neue-ausstellung-im-meiler-natur-im-blick-grosse-werke-kleine-kuenstler\/"]}]},{"@type":"BreadcrumbList","@id":"https:\/\/www.naturparkmagazin.de\/nossentiner-schwinzer-heide\/neue-ausstellung-im-meiler-natur-im-blick-grosse-werke-kleine-kuenstler\/#breadcrumb","itemListElement":[{"@type":"ListItem","position":1,"name":"Home","item":"https:\/\/www.naturparkmagazin.de\/nossentiner-schwinzer-heide\/"},{"@type":"ListItem","position":2,"name":"Neue Ausstellung im Meiler: &#8222;Natur im Blick. Gro\u00dfe Werke &#8211; kleine K\u00fcnstler&#8220;"}]},{"@type":"WebSite","@id":"https:\/\/www.naturparkmagazin.de\/nossentiner-schwinzer-heide\/#website","url":"https:\/\/www.naturparkmagazin.de\/nossentiner-schwinzer-heide\/","name":"Naturpark Nossentiner\/Schwinzer Heide","description":"","potentialAction":[{"@type":"SearchAction","target":{"@type":"EntryPoint","urlTemplate":"https:\/\/www.naturparkmagazin.de\/nossentiner-schwinzer-heide\/?s={search_term_string}"},"query-input":"required name=search_term_string"}],"inLanguage":"de"},{"@type":"Person","@id":"https:\/\/www.naturparkmagazin.de\/nossentiner-schwinzer-heide\/#\/schema\/person\/6e5721221b13b6f827e696f29ff18008","name":"evelinkartheuser","url":"https:\/\/www.naturparkmagazin.de\/nossentiner-schwinzer-heide\/author\/evelinkartheuser\/"}]}},"_links":{"self":[{"href":"https:\/\/www.naturparkmagazin.de\/nossentiner-schwinzer-heide\/wp-json\/wp\/v2\/posts\/2494"}],"collection":[{"href":"https:\/\/www.naturparkmagazin.de\/nossentiner-schwinzer-heide\/wp-json\/wp\/v2\/posts"}],"about":[{"href":"https:\/\/www.naturparkmagazin.de\/nossentiner-schwinzer-heide\/wp-json\/wp\/v2\/types\/post"}],"author":[{"embeddable":true,"href":"https:\/\/www.naturparkmagazin.de\/nossentiner-schwinzer-heide\/wp-json\/wp\/v2\/users\/84"}],"replies":[{"embeddable":true,"href":"https:\/\/www.naturparkmagazin.de\/nossentiner-schwinzer-heide\/wp-json\/wp\/v2\/comments?post=2494"}],"version-history":[{"count":10,"href":"https:\/\/www.naturparkmagazin.de\/nossentiner-schwinzer-heide\/wp-json\/wp\/v2\/posts\/2494\/revisions"}],"predecessor-version":[{"id":2546,"href":"https:\/\/www.naturparkmagazin.de\/nossentiner-schwinzer-heide\/wp-json\/wp\/v2\/posts\/2494\/revisions\/2546"}],"wp:featuredmedia":[{"embeddable":true,"href":"https:\/\/www.naturparkmagazin.de\/nossentiner-schwinzer-heide\/wp-json\/wp\/v2\/media\/2495"}],"wp:attachment":[{"href":"https:\/\/www.naturparkmagazin.de\/nossentiner-schwinzer-heide\/wp-json\/wp\/v2\/media?parent=2494"}],"wp:term":[{"taxonomy":"category","embeddable":true,"href":"https:\/\/www.naturparkmagazin.de\/nossentiner-schwinzer-heide\/wp-json\/wp\/v2\/categories?post=2494"},{"taxonomy":"post_tag","embeddable":true,"href":"https:\/\/www.naturparkmagazin.de\/nossentiner-schwinzer-heide\/wp-json\/wp\/v2\/tags?post=2494"}],"curies":[{"name":"wp","href":"https:\/\/api.w.org\/{rel}","templated":true}]}}