{"id":250,"date":"2013-10-24T15:30:36","date_gmt":"2013-10-24T13:30:36","guid":{"rendered":"http:\/\/www.naturparkmagazin.de\/nossentiner-schwinzer-heide\/?p=250"},"modified":"2014-04-09T11:59:54","modified_gmt":"2014-04-09T09:59:54","slug":"mein-freund-der-baum","status":"publish","type":"post","link":"https:\/\/www.naturparkmagazin.de\/nossentiner-schwinzer-heide\/mein-freund-der-baum\/","title":{"rendered":"Mein Freund, der Baum"},"content":{"rendered":"<div id=\"attachment_251\" style=\"width: 510px\" class=\"wp-caption aligncenter\"><a href=\"https:\/\/www.naturparkmagazin.de\/nossentiner-schwinzer-heide\/wp-content\/uploads\/sites\/28\/Junger-Riese-Schule-Plau-Nossentiner-Schwinzer-Heide-2013.jpg\"><img aria-describedby=\"caption-attachment-251\" decoding=\"async\" loading=\"lazy\" class=\"size-full wp-image-251 \" title=\"Pflanzung einer Flatterulme auf dem Schulhof der Kl\u00fcschenbergschule Plau am See\" alt=\"Pflanzung einer Flatterulme auf dem Schulhof der Kl\u00fcschenbergschule Plau am See\" src=\"https:\/\/www.naturparkmagazin.de\/nossentiner-schwinzer-heide\/wp-content\/uploads\/sites\/28\/Junger-Riese-Schule-Plau-Nossentiner-Schwinzer-Heide-2013.jpg\" width=\"500\" height=\"300\" srcset=\"https:\/\/www.naturparkmagazin.de\/nossentiner-schwinzer-heide\/wp-content\/uploads\/sites\/28\/Junger-Riese-Schule-Plau-Nossentiner-Schwinzer-Heide-2013.jpg 500w, https:\/\/www.naturparkmagazin.de\/nossentiner-schwinzer-heide\/wp-content\/uploads\/sites\/28\/Junger-Riese-Schule-Plau-Nossentiner-Schwinzer-Heide-2013-300x180.jpg 300w, https:\/\/www.naturparkmagazin.de\/nossentiner-schwinzer-heide\/wp-content\/uploads\/sites\/28\/Junger-Riese-Schule-Plau-Nossentiner-Schwinzer-Heide-2013-200x120.jpg 200w\" sizes=\"(max-width: 500px) 100vw, 500px\" \/><\/a><p id=\"caption-attachment-251\" class=\"wp-caption-text\">Pflanzung einer Flatterulme auf dem Schulhof der Kl\u00fcschenbergschule Plau am See<\/p><\/div>\n<p>-dieses Motto gaben die Sechstkl\u00e4ssler der Plauer Kl\u00fcschenbergschule ihrem diesj\u00e4hrigen Herbstprojekt. In den vergangenen Wochen wurde diese Thematik im Fachunterricht vertieft, sei es in Biologie und Deutsch oder Kunst und Musik. Auch die Ganztagsangebote Fotokurs, Theater, Schulgestaltung und Sch\u00fclercafe waren in die Vorbereitungen aktiv eingebunden.<\/p>\n<p>H\u00f6hepunkt war ein Tag Mitte September. In drei Gruppen bereiteten die Sch\u00fcler den Abend vor. Hier fand dann in der geschm\u00fcckten A ula eine gro\u00dfe Pr\u00e4sentation der Teilprojekte statt. Etwa 70 Eltern, Gro\u00dfeltern, Geschwister und G\u00e4ste lie\u00dfen es sich nicht nehmen, die Ergebnisse der flei\u00dfigen Arbeit zu begutachten und zu probieren. In der Mitte der Aula stand ein von den Sch\u00fclern mit Naturmaterialien und Papier geschm\u00fcckter Baum. Auf diversen Postern zeigten die Sch\u00fcler ihre Ergebnisse aus dem Fachunterricht. Das Sch\u00fclercafe verkaufte selbst gemachten Kuchen, Br\u00f6tchen und Marmeladen. In einem liebevoll gestalteten Kulturprogramm nahmen die Sch\u00fcler ihre G\u00e4ste mit auf eine Reise, auf der alle die Sch\u00f6nheit, Vielseitigkeit und N\u00fctzlichkeit unserer B\u00e4ume Revue passieren lassen konnten. Zahlreiche Lieder, Gedichte und sogar ein Tanz brachten diese Aspekte sehr anschaulich zum Ausdruck.<\/p>\n<p>Zum Abschluss des Abends wurde auf dem Schulhof eine Flatterulme gepflanzt. Diese hatte der F\u00f6rderverein des Naturparks im Rahmen seines Projektes \u201eJunge Riesen\u201c angezogen und verschult. Der Mutterbaum dieser Flatterulme, ein Naturdenkmal, steht vor dem Forsthof in Sandhof. Der F\u00f6rderverein stellt gerne allen an jungen Riesen Interessierten B\u00fcrgern, Firmen und Einrichtungen derartige B\u00e4ume zur Verf\u00fcgung. Egal ob zu Jubil\u00e4en, zur Hochzeit, Kindsgeburt oder sonstigen Ereignissen gepflanzt, sollen die B\u00e4ume auch noch in vielen Jahren und Jahrzehnten von den Aktivit\u00e4ten des Vereins zeugen.<\/p>\n","protected":false},"excerpt":{"rendered":"<p>-dieses Motto gaben die Sechstkl\u00e4ssler der Plauer Kl\u00fcschenbergschule ihrem diesj\u00e4hrigen Herbstprojekt. In den vergangenen Wochen wurde diese Thematik im Fachunterricht vertieft, sei es in Biologie und Deutsch oder Kunst und Musik. Auch die Ganztagsangebote Fotokurs, Theater, Schulgestaltung und Sch\u00fclercafe waren in die Vorbereitungen aktiv eingebunden.<\/p>\n","protected":false},"author":28,"featured_media":251,"comment_status":"open","ping_status":"open","sticky":false,"template":"","format":"standard","meta":[],"categories":[11],"tags":[],"yoast_head":"<!-- This site is optimized with the Yoast SEO plugin v19.10 - https:\/\/yoast.com\/wordpress\/plugins\/seo\/ -->\n<title>Mein Freund, der Baum - Naturpark Nossentiner\/Schwinzer Heide<\/title>\n<meta name=\"robots\" content=\"index, follow, max-snippet:-1, max-image-preview:large, max-video-preview:-1\" \/>\n<link rel=\"canonical\" href=\"https:\/\/www.naturparkmagazin.de\/nossentiner-schwinzer-heide\/mein-freund-der-baum\/\" \/>\n<meta property=\"og:locale\" content=\"de_DE\" \/>\n<meta property=\"og:type\" content=\"article\" \/>\n<meta property=\"og:title\" content=\"Mein Freund, der Baum - Naturpark Nossentiner\/Schwinzer Heide\" \/>\n<meta property=\"og:description\" content=\"-dieses Motto gaben die Sechstkl\u00e4ssler der Plauer Kl\u00fcschenbergschule ihrem diesj\u00e4hrigen Herbstprojekt. In den vergangenen Wochen wurde diese Thematik im Fachunterricht vertieft, sei es in Biologie und Deutsch oder Kunst und Musik. Auch die Ganztagsangebote Fotokurs, Theater, Schulgestaltung und Sch\u00fclercafe waren in die Vorbereitungen aktiv eingebunden.\" \/>\n<meta property=\"og:url\" content=\"https:\/\/www.naturparkmagazin.de\/nossentiner-schwinzer-heide\/mein-freund-der-baum\/\" \/>\n<meta property=\"og:site_name\" content=\"Naturpark Nossentiner\/Schwinzer Heide\" \/>\n<meta property=\"article:published_time\" content=\"2013-10-24T13:30:36+00:00\" \/>\n<meta property=\"article:modified_time\" content=\"2014-04-09T09:59:54+00:00\" \/>\n<meta property=\"og:image\" content=\"https:\/\/www.naturparkmagazin.de\/nossentiner-schwinzer-heide\/wp-content\/uploads\/sites\/28\/Junger-Riese-Schule-Plau-Nossentiner-Schwinzer-Heide-2013.jpg\" \/>\n\t<meta property=\"og:image:width\" content=\"500\" \/>\n\t<meta property=\"og:image:height\" content=\"300\" \/>\n\t<meta property=\"og:image:type\" content=\"image\/jpeg\" \/>\n<meta name=\"twitter:label1\" content=\"Verfasst von\" \/>\n\t<meta name=\"twitter:data1\" content=\"\" \/>\n\t<meta name=\"twitter:label2\" content=\"Gesch\u00e4tzte Lesezeit\" \/>\n\t<meta name=\"twitter:data2\" content=\"2\u00a0Minuten\" \/>\n<script type=\"application\/ld+json\" class=\"yoast-schema-graph\">{\"@context\":\"https:\/\/schema.org\",\"@graph\":[{\"@type\":\"WebPage\",\"@id\":\"https:\/\/www.naturparkmagazin.de\/nossentiner-schwinzer-heide\/mein-freund-der-baum\/\",\"url\":\"https:\/\/www.naturparkmagazin.de\/nossentiner-schwinzer-heide\/mein-freund-der-baum\/\",\"name\":\"Mein Freund, der Baum - Naturpark Nossentiner\/Schwinzer Heide\",\"isPartOf\":{\"@id\":\"https:\/\/www.naturparkmagazin.de\/nossentiner-schwinzer-heide\/#website\"},\"datePublished\":\"2013-10-24T13:30:36+00:00\",\"dateModified\":\"2014-04-09T09:59:54+00:00\",\"author\":{\"@id\":\"\"},\"breadcrumb\":{\"@id\":\"https:\/\/www.naturparkmagazin.de\/nossentiner-schwinzer-heide\/mein-freund-der-baum\/#breadcrumb\"},\"inLanguage\":\"de\",\"potentialAction\":[{\"@type\":\"ReadAction\",\"target\":[\"https:\/\/www.naturparkmagazin.de\/nossentiner-schwinzer-heide\/mein-freund-der-baum\/\"]}]},{\"@type\":\"BreadcrumbList\",\"@id\":\"https:\/\/www.naturparkmagazin.de\/nossentiner-schwinzer-heide\/mein-freund-der-baum\/#breadcrumb\",\"itemListElement\":[{\"@type\":\"ListItem\",\"position\":1,\"name\":\"Home\",\"item\":\"https:\/\/www.naturparkmagazin.de\/nossentiner-schwinzer-heide\/\"},{\"@type\":\"ListItem\",\"position\":2,\"name\":\"Mein Freund, der Baum\"}]},{\"@type\":\"WebSite\",\"@id\":\"https:\/\/www.naturparkmagazin.de\/nossentiner-schwinzer-heide\/#website\",\"url\":\"https:\/\/www.naturparkmagazin.de\/nossentiner-schwinzer-heide\/\",\"name\":\"Naturpark Nossentiner\/Schwinzer Heide\",\"description\":\"\",\"potentialAction\":[{\"@type\":\"SearchAction\",\"target\":{\"@type\":\"EntryPoint\",\"urlTemplate\":\"https:\/\/www.naturparkmagazin.de\/nossentiner-schwinzer-heide\/?s={search_term_string}\"},\"query-input\":\"required name=search_term_string\"}],\"inLanguage\":\"de\"},{\"@type\":\"Person\",\"@id\":\"\",\"url\":\"https:\/\/www.naturparkmagazin.de\/nossentiner-schwinzer-heide\/author\/\"}]}<\/script>\n<!-- \/ Yoast SEO plugin. -->","yoast_head_json":{"title":"Mein Freund, der Baum - Naturpark Nossentiner\/Schwinzer Heide","robots":{"index":"index","follow":"follow","max-snippet":"max-snippet:-1","max-image-preview":"max-image-preview:large","max-video-preview":"max-video-preview:-1"},"canonical":"https:\/\/www.naturparkmagazin.de\/nossentiner-schwinzer-heide\/mein-freund-der-baum\/","og_locale":"de_DE","og_type":"article","og_title":"Mein Freund, der Baum - Naturpark Nossentiner\/Schwinzer Heide","og_description":"-dieses Motto gaben die Sechstkl\u00e4ssler der Plauer Kl\u00fcschenbergschule ihrem diesj\u00e4hrigen Herbstprojekt. In den vergangenen Wochen wurde diese Thematik im Fachunterricht vertieft, sei es in Biologie und Deutsch oder Kunst und Musik. Auch die Ganztagsangebote Fotokurs, Theater, Schulgestaltung und Sch\u00fclercafe waren in die Vorbereitungen aktiv eingebunden.","og_url":"https:\/\/www.naturparkmagazin.de\/nossentiner-schwinzer-heide\/mein-freund-der-baum\/","og_site_name":"Naturpark Nossentiner\/Schwinzer Heide","article_published_time":"2013-10-24T13:30:36+00:00","article_modified_time":"2014-04-09T09:59:54+00:00","og_image":[{"width":500,"height":300,"url":"https:\/\/www.naturparkmagazin.de\/nossentiner-schwinzer-heide\/wp-content\/uploads\/sites\/28\/Junger-Riese-Schule-Plau-Nossentiner-Schwinzer-Heide-2013.jpg","type":"image\/jpeg"}],"twitter_misc":{"Verfasst von":"","Gesch\u00e4tzte Lesezeit":"2\u00a0Minuten"},"schema":{"@context":"https:\/\/schema.org","@graph":[{"@type":"WebPage","@id":"https:\/\/www.naturparkmagazin.de\/nossentiner-schwinzer-heide\/mein-freund-der-baum\/","url":"https:\/\/www.naturparkmagazin.de\/nossentiner-schwinzer-heide\/mein-freund-der-baum\/","name":"Mein Freund, der Baum - Naturpark Nossentiner\/Schwinzer Heide","isPartOf":{"@id":"https:\/\/www.naturparkmagazin.de\/nossentiner-schwinzer-heide\/#website"},"datePublished":"2013-10-24T13:30:36+00:00","dateModified":"2014-04-09T09:59:54+00:00","author":{"@id":""},"breadcrumb":{"@id":"https:\/\/www.naturparkmagazin.de\/nossentiner-schwinzer-heide\/mein-freund-der-baum\/#breadcrumb"},"inLanguage":"de","potentialAction":[{"@type":"ReadAction","target":["https:\/\/www.naturparkmagazin.de\/nossentiner-schwinzer-heide\/mein-freund-der-baum\/"]}]},{"@type":"BreadcrumbList","@id":"https:\/\/www.naturparkmagazin.de\/nossentiner-schwinzer-heide\/mein-freund-der-baum\/#breadcrumb","itemListElement":[{"@type":"ListItem","position":1,"name":"Home","item":"https:\/\/www.naturparkmagazin.de\/nossentiner-schwinzer-heide\/"},{"@type":"ListItem","position":2,"name":"Mein Freund, der Baum"}]},{"@type":"WebSite","@id":"https:\/\/www.naturparkmagazin.de\/nossentiner-schwinzer-heide\/#website","url":"https:\/\/www.naturparkmagazin.de\/nossentiner-schwinzer-heide\/","name":"Naturpark Nossentiner\/Schwinzer Heide","description":"","potentialAction":[{"@type":"SearchAction","target":{"@type":"EntryPoint","urlTemplate":"https:\/\/www.naturparkmagazin.de\/nossentiner-schwinzer-heide\/?s={search_term_string}"},"query-input":"required name=search_term_string"}],"inLanguage":"de"},{"@type":"Person","@id":"","url":"https:\/\/www.naturparkmagazin.de\/nossentiner-schwinzer-heide\/author\/"}]}},"_links":{"self":[{"href":"https:\/\/www.naturparkmagazin.de\/nossentiner-schwinzer-heide\/wp-json\/wp\/v2\/posts\/250"}],"collection":[{"href":"https:\/\/www.naturparkmagazin.de\/nossentiner-schwinzer-heide\/wp-json\/wp\/v2\/posts"}],"about":[{"href":"https:\/\/www.naturparkmagazin.de\/nossentiner-schwinzer-heide\/wp-json\/wp\/v2\/types\/post"}],"author":[{"embeddable":true,"href":"https:\/\/www.naturparkmagazin.de\/nossentiner-schwinzer-heide\/wp-json\/wp\/v2\/users\/28"}],"replies":[{"embeddable":true,"href":"https:\/\/www.naturparkmagazin.de\/nossentiner-schwinzer-heide\/wp-json\/wp\/v2\/comments?post=250"}],"version-history":[{"count":2,"href":"https:\/\/www.naturparkmagazin.de\/nossentiner-schwinzer-heide\/wp-json\/wp\/v2\/posts\/250\/revisions"}],"predecessor-version":[{"id":270,"href":"https:\/\/www.naturparkmagazin.de\/nossentiner-schwinzer-heide\/wp-json\/wp\/v2\/posts\/250\/revisions\/270"}],"wp:featuredmedia":[{"embeddable":true,"href":"https:\/\/www.naturparkmagazin.de\/nossentiner-schwinzer-heide\/wp-json\/wp\/v2\/media\/251"}],"wp:attachment":[{"href":"https:\/\/www.naturparkmagazin.de\/nossentiner-schwinzer-heide\/wp-json\/wp\/v2\/media?parent=250"}],"wp:term":[{"taxonomy":"category","embeddable":true,"href":"https:\/\/www.naturparkmagazin.de\/nossentiner-schwinzer-heide\/wp-json\/wp\/v2\/categories?post=250"},{"taxonomy":"post_tag","embeddable":true,"href":"https:\/\/www.naturparkmagazin.de\/nossentiner-schwinzer-heide\/wp-json\/wp\/v2\/tags?post=250"}],"curies":[{"name":"wp","href":"https:\/\/api.w.org\/{rel}","templated":true}]}}