{"id":2525,"date":"2019-08-19T15:16:31","date_gmt":"2019-08-19T13:16:31","guid":{"rendered":"https:\/\/www.naturparkmagazin.de\/nossentiner-schwinzer-heide\/?p=2525"},"modified":"2019-08-27T15:27:39","modified_gmt":"2019-08-27T13:27:39","slug":"perseiden-beobachtung-am-22-8","status":"publish","type":"post","link":"https:\/\/www.naturparkmagazin.de\/nossentiner-schwinzer-heide\/perseiden-beobachtung-am-22-8\/","title":{"rendered":"Perseiden-Beobachtung am 22.8."},"content":{"rendered":"<p>Der bekannteste Meteorstrom sind die Perseiden, die aus Aufl\u00f6sungsprodukten des Kometen 109P\/Swift-Tuttle bestehen. Jedes Jahr um den 12. August kreuzt die Erde auf ihrem Weg um die Sonne die Umlaufbahn der Teilchen dieses Stroms. F\u00fcr Beobachter auf der Erdoberfl\u00e4che scheint der Ursprung aller dieser Sternschnuppen im Sternbild Perseus zu liegen, von dem sich die Bezeichnung \u201ePerseiden\u201c ableitet.<\/p>\n<p>W\u00e4hrend der Perseiden-Meteorstrom bei anhaltender Bew\u00f6lkung sein Maximum um den 12.\/13. August bereits erreicht hatte, wurde den zahlreichen Besuchern nun am Donnerstag, dem 22.08., eine sternenklare Nacht beschert. Bevor die ersten Sterne am Himmel zu sehen waren, gab es unter der Leitung von Marina Kahrmann, Projektleiterin \u201eNetzwerk Sternenpark\u201c, und Evelin Kartheuser Informationen zum aktuellen Stand des Projektes \u201eSternenpark\u201c. Auf der F\u00fcllwiese bei Wooster Teerofen wurden die G\u00e4ste mit einem kleinen Sternschnuppenumtrunk begr\u00fc\u00dft. Von den Hobbyastronomen Marco Hempel und Guido Strauss aus Dobbertin sowie dem Astronomielehrer Torsten Degen aus L\u00fcbz wurden Teleskope und weitere umfangreiche Technik bereit gestellt. So konnten die Besucher\u00a0Jupiter, Saturn und die Andromeda-Galaxie durch das Teleskop bewundern, Fragen zu den verschiedensten Themen stellen, sich Tipps und Tricks zur Astrofotografie holen\u00a0oder sich einfach auf einem bereitgestellten Liegem\u00f6bel bzw. der eigenen Isomatte in den Sternenhimmel vertiefen &#8211;\u00a0und mit jeder Sternenschnuppe einen pers\u00f6nlichen Wunsch ins All schicken&#8230;<\/p>\n<div id=\"attachment_2528\" style=\"width: 630px\" class=\"wp-caption alignnone\"><a href=\"https:\/\/www.naturparkmagazin.de\/nossentiner-schwinzer-heide\/wp-content\/uploads\/sites\/28\/Perseidennacht1_MarcoHempel_klein.jpg\"><img aria-describedby=\"caption-attachment-2528\" decoding=\"async\" loading=\"lazy\" class=\"wp-image-2528 size-medium\" src=\"https:\/\/www.naturparkmagazin.de\/nossentiner-schwinzer-heide\/wp-content\/uploads\/sites\/28\/Perseidennacht1_MarcoHempel_klein-620x936.jpg\" alt=\"Perseidennacht1_MarcoHempel_klein\" width=\"620\" height=\"936\" srcset=\"https:\/\/www.naturparkmagazin.de\/nossentiner-schwinzer-heide\/wp-content\/uploads\/sites\/28\/Perseidennacht1_MarcoHempel_klein-620x936.jpg 620w, https:\/\/www.naturparkmagazin.de\/nossentiner-schwinzer-heide\/wp-content\/uploads\/sites\/28\/Perseidennacht1_MarcoHempel_klein-300x453.jpg 300w, https:\/\/www.naturparkmagazin.de\/nossentiner-schwinzer-heide\/wp-content\/uploads\/sites\/28\/Perseidennacht1_MarcoHempel_klein-940x1419.jpg 940w, https:\/\/www.naturparkmagazin.de\/nossentiner-schwinzer-heide\/wp-content\/uploads\/sites\/28\/Perseidennacht1_MarcoHempel_klein-670x1012.jpg 670w, https:\/\/www.naturparkmagazin.de\/nossentiner-schwinzer-heide\/wp-content\/uploads\/sites\/28\/Perseidennacht1_MarcoHempel_klein-200x302.jpg 200w, https:\/\/www.naturparkmagazin.de\/nossentiner-schwinzer-heide\/wp-content\/uploads\/sites\/28\/Perseidennacht1_MarcoHempel_klein.jpg 1632w\" sizes=\"(max-width: 620px) 100vw, 620px\" \/><\/a><p id=\"caption-attachment-2528\" class=\"wp-caption-text\">Nachthimmel-Beobachtung im Naturpark. Foto: Marco Hempel<\/p><\/div>\n<p>Diese Veranstaltung im Rahmen des Sternenpark-Projektes war bereits die dritte dieser Art in diesem Jahr. Sie wurde relativ kurzfristig angesetzt, trotzdem fanden sich 27 Besucher ein. Einigen Interessierten musste sogar leider aus Kapazit\u00e4tsgr\u00fcnden im Vorfeld abgesagt werden. Aber die n\u00e4chste Gelegenheit ist schon in Sicht: Am 14. September bietet der Naturpark eine Vollmond-Wanderung an.<\/p>\n<p>&nbsp;<\/p>\n<p>&nbsp;<\/p>\n","protected":false},"excerpt":{"rendered":"<p>Am 22.8. gab es eine Nachtf\u00fchrung zur Perseiden-Beobachtung.<\/p>\n","protected":false},"author":84,"featured_media":2527,"comment_status":"open","ping_status":"open","sticky":false,"template":"","format":"standard","meta":[],"categories":[7],"tags":[],"yoast_head":"<!-- This site is optimized with the Yoast SEO plugin v19.10 - https:\/\/yoast.com\/wordpress\/plugins\/seo\/ -->\n<title>Perseiden-Beobachtung am 22.8. - Naturpark Nossentiner\/Schwinzer Heide<\/title>\n<meta name=\"robots\" content=\"index, follow, max-snippet:-1, max-image-preview:large, max-video-preview:-1\" \/>\n<link rel=\"canonical\" href=\"https:\/\/www.naturparkmagazin.de\/nossentiner-schwinzer-heide\/perseiden-beobachtung-am-22-8\/\" \/>\n<meta property=\"og:locale\" content=\"de_DE\" \/>\n<meta property=\"og:type\" content=\"article\" \/>\n<meta property=\"og:title\" content=\"Perseiden-Beobachtung am 22.8. - Naturpark Nossentiner\/Schwinzer Heide\" \/>\n<meta property=\"og:description\" content=\"Am 22.8. gab es eine Nachtf\u00fchrung zur Perseiden-Beobachtung.\" \/>\n<meta property=\"og:url\" content=\"https:\/\/www.naturparkmagazin.de\/nossentiner-schwinzer-heide\/perseiden-beobachtung-am-22-8\/\" \/>\n<meta property=\"og:site_name\" content=\"Naturpark Nossentiner\/Schwinzer Heide\" \/>\n<meta property=\"article:published_time\" content=\"2019-08-19T13:16:31+00:00\" \/>\n<meta property=\"article:modified_time\" content=\"2019-08-27T13:27:39+00:00\" \/>\n<meta property=\"og:image\" content=\"https:\/\/www.naturparkmagazin.de\/nossentiner-schwinzer-heide\/wp-content\/uploads\/sites\/28\/Perseidennacht1_MarcoHempel_web.jpg\" \/>\n\t<meta property=\"og:image:width\" content=\"678\" \/>\n\t<meta property=\"og:image:height\" content=\"1024\" \/>\n\t<meta property=\"og:image:type\" content=\"image\/jpeg\" \/>\n<meta name=\"author\" content=\"evelinkartheuser\" \/>\n<meta name=\"twitter:label1\" content=\"Verfasst von\" \/>\n\t<meta name=\"twitter:data1\" content=\"evelinkartheuser\" \/>\n\t<meta name=\"twitter:label2\" content=\"Gesch\u00e4tzte Lesezeit\" \/>\n\t<meta name=\"twitter:data2\" content=\"1\u00a0Minute\" \/>\n<script type=\"application\/ld+json\" class=\"yoast-schema-graph\">{\"@context\":\"https:\/\/schema.org\",\"@graph\":[{\"@type\":\"WebPage\",\"@id\":\"https:\/\/www.naturparkmagazin.de\/nossentiner-schwinzer-heide\/perseiden-beobachtung-am-22-8\/\",\"url\":\"https:\/\/www.naturparkmagazin.de\/nossentiner-schwinzer-heide\/perseiden-beobachtung-am-22-8\/\",\"name\":\"Perseiden-Beobachtung am 22.8. - Naturpark Nossentiner\/Schwinzer Heide\",\"isPartOf\":{\"@id\":\"https:\/\/www.naturparkmagazin.de\/nossentiner-schwinzer-heide\/#website\"},\"datePublished\":\"2019-08-19T13:16:31+00:00\",\"dateModified\":\"2019-08-27T13:27:39+00:00\",\"author\":{\"@id\":\"https:\/\/www.naturparkmagazin.de\/nossentiner-schwinzer-heide\/#\/schema\/person\/6e5721221b13b6f827e696f29ff18008\"},\"breadcrumb\":{\"@id\":\"https:\/\/www.naturparkmagazin.de\/nossentiner-schwinzer-heide\/perseiden-beobachtung-am-22-8\/#breadcrumb\"},\"inLanguage\":\"de\",\"potentialAction\":[{\"@type\":\"ReadAction\",\"target\":[\"https:\/\/www.naturparkmagazin.de\/nossentiner-schwinzer-heide\/perseiden-beobachtung-am-22-8\/\"]}]},{\"@type\":\"BreadcrumbList\",\"@id\":\"https:\/\/www.naturparkmagazin.de\/nossentiner-schwinzer-heide\/perseiden-beobachtung-am-22-8\/#breadcrumb\",\"itemListElement\":[{\"@type\":\"ListItem\",\"position\":1,\"name\":\"Home\",\"item\":\"https:\/\/www.naturparkmagazin.de\/nossentiner-schwinzer-heide\/\"},{\"@type\":\"ListItem\",\"position\":2,\"name\":\"Perseiden-Beobachtung am 22.8.\"}]},{\"@type\":\"WebSite\",\"@id\":\"https:\/\/www.naturparkmagazin.de\/nossentiner-schwinzer-heide\/#website\",\"url\":\"https:\/\/www.naturparkmagazin.de\/nossentiner-schwinzer-heide\/\",\"name\":\"Naturpark Nossentiner\/Schwinzer Heide\",\"description\":\"\",\"potentialAction\":[{\"@type\":\"SearchAction\",\"target\":{\"@type\":\"EntryPoint\",\"urlTemplate\":\"https:\/\/www.naturparkmagazin.de\/nossentiner-schwinzer-heide\/?s={search_term_string}\"},\"query-input\":\"required name=search_term_string\"}],\"inLanguage\":\"de\"},{\"@type\":\"Person\",\"@id\":\"https:\/\/www.naturparkmagazin.de\/nossentiner-schwinzer-heide\/#\/schema\/person\/6e5721221b13b6f827e696f29ff18008\",\"name\":\"evelinkartheuser\",\"url\":\"https:\/\/www.naturparkmagazin.de\/nossentiner-schwinzer-heide\/author\/evelinkartheuser\/\"}]}<\/script>\n<!-- \/ Yoast SEO plugin. -->","yoast_head_json":{"title":"Perseiden-Beobachtung am 22.8. - Naturpark Nossentiner\/Schwinzer Heide","robots":{"index":"index","follow":"follow","max-snippet":"max-snippet:-1","max-image-preview":"max-image-preview:large","max-video-preview":"max-video-preview:-1"},"canonical":"https:\/\/www.naturparkmagazin.de\/nossentiner-schwinzer-heide\/perseiden-beobachtung-am-22-8\/","og_locale":"de_DE","og_type":"article","og_title":"Perseiden-Beobachtung am 22.8. - Naturpark Nossentiner\/Schwinzer Heide","og_description":"Am 22.8. gab es eine Nachtf\u00fchrung zur Perseiden-Beobachtung.","og_url":"https:\/\/www.naturparkmagazin.de\/nossentiner-schwinzer-heide\/perseiden-beobachtung-am-22-8\/","og_site_name":"Naturpark Nossentiner\/Schwinzer Heide","article_published_time":"2019-08-19T13:16:31+00:00","article_modified_time":"2019-08-27T13:27:39+00:00","og_image":[{"width":678,"height":1024,"url":"https:\/\/www.naturparkmagazin.de\/nossentiner-schwinzer-heide\/wp-content\/uploads\/sites\/28\/Perseidennacht1_MarcoHempel_web.jpg","type":"image\/jpeg"}],"author":"evelinkartheuser","twitter_misc":{"Verfasst von":"evelinkartheuser","Gesch\u00e4tzte Lesezeit":"1\u00a0Minute"},"schema":{"@context":"https:\/\/schema.org","@graph":[{"@type":"WebPage","@id":"https:\/\/www.naturparkmagazin.de\/nossentiner-schwinzer-heide\/perseiden-beobachtung-am-22-8\/","url":"https:\/\/www.naturparkmagazin.de\/nossentiner-schwinzer-heide\/perseiden-beobachtung-am-22-8\/","name":"Perseiden-Beobachtung am 22.8. - Naturpark Nossentiner\/Schwinzer Heide","isPartOf":{"@id":"https:\/\/www.naturparkmagazin.de\/nossentiner-schwinzer-heide\/#website"},"datePublished":"2019-08-19T13:16:31+00:00","dateModified":"2019-08-27T13:27:39+00:00","author":{"@id":"https:\/\/www.naturparkmagazin.de\/nossentiner-schwinzer-heide\/#\/schema\/person\/6e5721221b13b6f827e696f29ff18008"},"breadcrumb":{"@id":"https:\/\/www.naturparkmagazin.de\/nossentiner-schwinzer-heide\/perseiden-beobachtung-am-22-8\/#breadcrumb"},"inLanguage":"de","potentialAction":[{"@type":"ReadAction","target":["https:\/\/www.naturparkmagazin.de\/nossentiner-schwinzer-heide\/perseiden-beobachtung-am-22-8\/"]}]},{"@type":"BreadcrumbList","@id":"https:\/\/www.naturparkmagazin.de\/nossentiner-schwinzer-heide\/perseiden-beobachtung-am-22-8\/#breadcrumb","itemListElement":[{"@type":"ListItem","position":1,"name":"Home","item":"https:\/\/www.naturparkmagazin.de\/nossentiner-schwinzer-heide\/"},{"@type":"ListItem","position":2,"name":"Perseiden-Beobachtung am 22.8."}]},{"@type":"WebSite","@id":"https:\/\/www.naturparkmagazin.de\/nossentiner-schwinzer-heide\/#website","url":"https:\/\/www.naturparkmagazin.de\/nossentiner-schwinzer-heide\/","name":"Naturpark Nossentiner\/Schwinzer Heide","description":"","potentialAction":[{"@type":"SearchAction","target":{"@type":"EntryPoint","urlTemplate":"https:\/\/www.naturparkmagazin.de\/nossentiner-schwinzer-heide\/?s={search_term_string}"},"query-input":"required name=search_term_string"}],"inLanguage":"de"},{"@type":"Person","@id":"https:\/\/www.naturparkmagazin.de\/nossentiner-schwinzer-heide\/#\/schema\/person\/6e5721221b13b6f827e696f29ff18008","name":"evelinkartheuser","url":"https:\/\/www.naturparkmagazin.de\/nossentiner-schwinzer-heide\/author\/evelinkartheuser\/"}]}},"_links":{"self":[{"href":"https:\/\/www.naturparkmagazin.de\/nossentiner-schwinzer-heide\/wp-json\/wp\/v2\/posts\/2525"}],"collection":[{"href":"https:\/\/www.naturparkmagazin.de\/nossentiner-schwinzer-heide\/wp-json\/wp\/v2\/posts"}],"about":[{"href":"https:\/\/www.naturparkmagazin.de\/nossentiner-schwinzer-heide\/wp-json\/wp\/v2\/types\/post"}],"author":[{"embeddable":true,"href":"https:\/\/www.naturparkmagazin.de\/nossentiner-schwinzer-heide\/wp-json\/wp\/v2\/users\/84"}],"replies":[{"embeddable":true,"href":"https:\/\/www.naturparkmagazin.de\/nossentiner-schwinzer-heide\/wp-json\/wp\/v2\/comments?post=2525"}],"version-history":[{"count":4,"href":"https:\/\/www.naturparkmagazin.de\/nossentiner-schwinzer-heide\/wp-json\/wp\/v2\/posts\/2525\/revisions"}],"predecessor-version":[{"id":2534,"href":"https:\/\/www.naturparkmagazin.de\/nossentiner-schwinzer-heide\/wp-json\/wp\/v2\/posts\/2525\/revisions\/2534"}],"wp:featuredmedia":[{"embeddable":true,"href":"https:\/\/www.naturparkmagazin.de\/nossentiner-schwinzer-heide\/wp-json\/wp\/v2\/media\/2527"}],"wp:attachment":[{"href":"https:\/\/www.naturparkmagazin.de\/nossentiner-schwinzer-heide\/wp-json\/wp\/v2\/media?parent=2525"}],"wp:term":[{"taxonomy":"category","embeddable":true,"href":"https:\/\/www.naturparkmagazin.de\/nossentiner-schwinzer-heide\/wp-json\/wp\/v2\/categories?post=2525"},{"taxonomy":"post_tag","embeddable":true,"href":"https:\/\/www.naturparkmagazin.de\/nossentiner-schwinzer-heide\/wp-json\/wp\/v2\/tags?post=2525"}],"curies":[{"name":"wp","href":"https:\/\/api.w.org\/{rel}","templated":true}]}}