{"id":2549,"date":"2019-08-19T09:02:18","date_gmt":"2019-08-19T07:02:18","guid":{"rendered":"https:\/\/www.naturparkmagazin.de\/nossentiner-schwinzer-heide\/?p=2549"},"modified":"2019-09-03T15:46:35","modified_gmt":"2019-09-03T13:46:35","slug":"herbstfest-am-28-9-2019-mit-vielen-angeboten","status":"publish","type":"post","link":"https:\/\/www.naturparkmagazin.de\/nossentiner-schwinzer-heide\/herbstfest-am-28-9-2019-mit-vielen-angeboten\/","title":{"rendered":"Herbstfest am 28.9.2019 mit vielen Angeboten"},"content":{"rendered":"<p><a href=\"https:\/\/www.naturparkmagazin.de\/nossentiner-schwinzer-heide\/wp-content\/uploads\/sites\/28\/Plakat_Herbstfest_20191.jpg\"><img decoding=\"async\" loading=\"lazy\" class=\"alignnone size-medium wp-image-2565\" src=\"https:\/\/www.naturparkmagazin.de\/nossentiner-schwinzer-heide\/wp-content\/uploads\/sites\/28\/Plakat_Herbstfest_20191-620x875.jpg\" alt=\"Plakat_Herbstfest_2019\" width=\"620\" height=\"875\" srcset=\"https:\/\/www.naturparkmagazin.de\/nossentiner-schwinzer-heide\/wp-content\/uploads\/sites\/28\/Plakat_Herbstfest_20191-620x875.jpg 620w, https:\/\/www.naturparkmagazin.de\/nossentiner-schwinzer-heide\/wp-content\/uploads\/sites\/28\/Plakat_Herbstfest_20191-300x423.jpg 300w, https:\/\/www.naturparkmagazin.de\/nossentiner-schwinzer-heide\/wp-content\/uploads\/sites\/28\/Plakat_Herbstfest_20191-940x1326.jpg 940w, https:\/\/www.naturparkmagazin.de\/nossentiner-schwinzer-heide\/wp-content\/uploads\/sites\/28\/Plakat_Herbstfest_20191-670x945.jpg 670w, https:\/\/www.naturparkmagazin.de\/nossentiner-schwinzer-heide\/wp-content\/uploads\/sites\/28\/Plakat_Herbstfest_20191-200x282.jpg 200w\" sizes=\"(max-width: 620px) 100vw, 620px\" \/><\/a><\/p>\n<p>Am Samstag, 28. September, laden der Naturpark Nossentiner\/Schwinzer Heide und sein F\u00f6rderverein 10-16 Uhr zum traditionellen Herbstfest ein. Hier kann in entspannter Atmosph\u00e4re gekl\u00f6nt und geschlemmt werden.<\/p>\n<p>Als besonderes Highlight ist diesmal die Historische Glasperlenwerkstatt von Antje Zimprich dabei. In der Schauwerkstatt k\u00f6nnen die Besucher erleben, wie schon vor 1000 Jahren am Lehmbecken Glasperlen hergestellt wurden. Die Ergebnisse dieser experimentellen Arch\u00e4ologie k\u00f6nnen die Besucher auch mitnehmen, wie auch viele andere sch\u00f6ne Perlen aus Antje Zimprichs Werkstatt. Au\u00dferdem sind noch weitere regionale Handwerker zu Gast, wie der Schmied Thomas Behnke und der Pr\u00e4parator Ronald Hammes. Auch der Drechsler Ludwig Br\u00e4hmer bringt seine Drechselbank mit. Die Kr\u00e4uterfrau Edeltraut Gruhne verkauft K\u00f6stlichkeiten aus ihrer Manufaktur. Zum Verkauf stehen ebenso Blumenkr\u00e4nze der Manufaktur Wunderblume aus Sandhof , Honig und vieles mehr.<\/p>\n<p>Die Pomologen Werner Rollwitz und Willie Brown veranstalten eine Apfelausstellung und bestimmen Obstsorten. F\u00fcr die Sortenbestimmung k\u00f6nnen Interessierte 4-5 einwandfreie \u00c4pfel bzw. Birnen pro Sorte in K\u00f6rbchen, Kartons oder Papiert\u00fcten mitbringen (keine Plastikt\u00fcten, da die Fr\u00fcchte schmierig werden).<\/p>\n<p>Nat\u00fcrlich k\u00f6nnen gro\u00df und klein wieder mit Naturmaterialien basteln. F\u00fcr die gefiederten Winterg\u00e4ste k\u00f6nnen Nistk\u00e4sten oder Futterst\u00e4be gebaut werden. Auch f\u00fcr das leibliche Wohl ist gesorgt: Es gibt Wildschwein am Spie\u00df und selbst gebackene Kuchen. Sofern noch ein paar Pilze wachsen, gibt es in diesem Jahr eine Pilzwanderung mit Ralf Koch. Treff ist\u00a09 Uhr am Karower Meiler. Die gefundenen Pilze werden anschlie\u00dfend ausgestellt, aus den essbaren Exemplaren wird eine leckere Suppe gekocht. Der Akkordeonist Gerhard K\u00f6hler wird das Herbstfest musikalisch bereichern.<\/p>\n","protected":false},"excerpt":{"rendered":"<p>Am Samstag, 28. September, laden der Naturpark Nossentiner\/Schwinzer Heide und sein F\u00f6rderverein 10-16 Uhr zum traditionellen Herbstfest ein. Hier kann in entspannter Atmosph\u00e4re bei guter Musik gekl\u00f6nt und geschlemmt werden.<\/p>\n","protected":false},"author":84,"featured_media":2550,"comment_status":"open","ping_status":"open","sticky":false,"template":"","format":"standard","meta":[],"categories":[11],"tags":[],"yoast_head":"<!-- This site is optimized with the Yoast SEO plugin v19.10 - https:\/\/yoast.com\/wordpress\/plugins\/seo\/ -->\n<title>Herbstfest am 28.9.2019 mit vielen Angeboten - Naturpark Nossentiner\/Schwinzer Heide<\/title>\n<meta name=\"robots\" content=\"index, follow, max-snippet:-1, max-image-preview:large, max-video-preview:-1\" \/>\n<link rel=\"canonical\" href=\"https:\/\/www.naturparkmagazin.de\/nossentiner-schwinzer-heide\/herbstfest-am-28-9-2019-mit-vielen-angeboten\/\" \/>\n<meta property=\"og:locale\" content=\"de_DE\" \/>\n<meta property=\"og:type\" content=\"article\" \/>\n<meta property=\"og:title\" content=\"Herbstfest am 28.9.2019 mit vielen Angeboten - Naturpark Nossentiner\/Schwinzer Heide\" \/>\n<meta property=\"og:description\" content=\"Am Samstag, 28. September, laden der Naturpark Nossentiner\/Schwinzer Heide und sein F\u00f6rderverein 10-16 Uhr zum traditionellen Herbstfest ein. Hier kann in entspannter Atmosph\u00e4re bei guter Musik gekl\u00f6nt und geschlemmt werden.\" \/>\n<meta property=\"og:url\" content=\"https:\/\/www.naturparkmagazin.de\/nossentiner-schwinzer-heide\/herbstfest-am-28-9-2019-mit-vielen-angeboten\/\" \/>\n<meta property=\"og:site_name\" content=\"Naturpark Nossentiner\/Schwinzer Heide\" \/>\n<meta property=\"article:published_time\" content=\"2019-08-19T07:02:18+00:00\" \/>\n<meta property=\"article:modified_time\" content=\"2019-09-03T13:46:35+00:00\" \/>\n<meta property=\"og:image\" content=\"https:\/\/www.naturparkmagazin.de\/nossentiner-schwinzer-heide\/wp-content\/uploads\/sites\/28\/Plakat_Herbstfest_2019.jpg\" \/>\n\t<meta property=\"og:image:width\" content=\"2504\" \/>\n\t<meta property=\"og:image:height\" content=\"3532\" \/>\n\t<meta property=\"og:image:type\" content=\"image\/jpeg\" \/>\n<meta name=\"author\" content=\"evelinkartheuser\" \/>\n<meta name=\"twitter:label1\" content=\"Verfasst von\" \/>\n\t<meta name=\"twitter:data1\" content=\"evelinkartheuser\" \/>\n\t<meta name=\"twitter:label2\" content=\"Gesch\u00e4tzte Lesezeit\" \/>\n\t<meta name=\"twitter:data2\" content=\"1\u00a0Minute\" \/>\n<script type=\"application\/ld+json\" class=\"yoast-schema-graph\">{\"@context\":\"https:\/\/schema.org\",\"@graph\":[{\"@type\":\"WebPage\",\"@id\":\"https:\/\/www.naturparkmagazin.de\/nossentiner-schwinzer-heide\/herbstfest-am-28-9-2019-mit-vielen-angeboten\/\",\"url\":\"https:\/\/www.naturparkmagazin.de\/nossentiner-schwinzer-heide\/herbstfest-am-28-9-2019-mit-vielen-angeboten\/\",\"name\":\"Herbstfest am 28.9.2019 mit vielen Angeboten - Naturpark Nossentiner\/Schwinzer Heide\",\"isPartOf\":{\"@id\":\"https:\/\/www.naturparkmagazin.de\/nossentiner-schwinzer-heide\/#website\"},\"datePublished\":\"2019-08-19T07:02:18+00:00\",\"dateModified\":\"2019-09-03T13:46:35+00:00\",\"author\":{\"@id\":\"https:\/\/www.naturparkmagazin.de\/nossentiner-schwinzer-heide\/#\/schema\/person\/6e5721221b13b6f827e696f29ff18008\"},\"breadcrumb\":{\"@id\":\"https:\/\/www.naturparkmagazin.de\/nossentiner-schwinzer-heide\/herbstfest-am-28-9-2019-mit-vielen-angeboten\/#breadcrumb\"},\"inLanguage\":\"de\",\"potentialAction\":[{\"@type\":\"ReadAction\",\"target\":[\"https:\/\/www.naturparkmagazin.de\/nossentiner-schwinzer-heide\/herbstfest-am-28-9-2019-mit-vielen-angeboten\/\"]}]},{\"@type\":\"BreadcrumbList\",\"@id\":\"https:\/\/www.naturparkmagazin.de\/nossentiner-schwinzer-heide\/herbstfest-am-28-9-2019-mit-vielen-angeboten\/#breadcrumb\",\"itemListElement\":[{\"@type\":\"ListItem\",\"position\":1,\"name\":\"Home\",\"item\":\"https:\/\/www.naturparkmagazin.de\/nossentiner-schwinzer-heide\/\"},{\"@type\":\"ListItem\",\"position\":2,\"name\":\"Herbstfest am 28.9.2019 mit vielen Angeboten\"}]},{\"@type\":\"WebSite\",\"@id\":\"https:\/\/www.naturparkmagazin.de\/nossentiner-schwinzer-heide\/#website\",\"url\":\"https:\/\/www.naturparkmagazin.de\/nossentiner-schwinzer-heide\/\",\"name\":\"Naturpark Nossentiner\/Schwinzer Heide\",\"description\":\"\",\"potentialAction\":[{\"@type\":\"SearchAction\",\"target\":{\"@type\":\"EntryPoint\",\"urlTemplate\":\"https:\/\/www.naturparkmagazin.de\/nossentiner-schwinzer-heide\/?s={search_term_string}\"},\"query-input\":\"required name=search_term_string\"}],\"inLanguage\":\"de\"},{\"@type\":\"Person\",\"@id\":\"https:\/\/www.naturparkmagazin.de\/nossentiner-schwinzer-heide\/#\/schema\/person\/6e5721221b13b6f827e696f29ff18008\",\"name\":\"evelinkartheuser\",\"url\":\"https:\/\/www.naturparkmagazin.de\/nossentiner-schwinzer-heide\/author\/evelinkartheuser\/\"}]}<\/script>\n<!-- \/ Yoast SEO plugin. -->","yoast_head_json":{"title":"Herbstfest am 28.9.2019 mit vielen Angeboten - Naturpark Nossentiner\/Schwinzer Heide","robots":{"index":"index","follow":"follow","max-snippet":"max-snippet:-1","max-image-preview":"max-image-preview:large","max-video-preview":"max-video-preview:-1"},"canonical":"https:\/\/www.naturparkmagazin.de\/nossentiner-schwinzer-heide\/herbstfest-am-28-9-2019-mit-vielen-angeboten\/","og_locale":"de_DE","og_type":"article","og_title":"Herbstfest am 28.9.2019 mit vielen Angeboten - Naturpark Nossentiner\/Schwinzer Heide","og_description":"Am Samstag, 28. September, laden der Naturpark Nossentiner\/Schwinzer Heide und sein F\u00f6rderverein 10-16 Uhr zum traditionellen Herbstfest ein. Hier kann in entspannter Atmosph\u00e4re bei guter Musik gekl\u00f6nt und geschlemmt werden.","og_url":"https:\/\/www.naturparkmagazin.de\/nossentiner-schwinzer-heide\/herbstfest-am-28-9-2019-mit-vielen-angeboten\/","og_site_name":"Naturpark Nossentiner\/Schwinzer Heide","article_published_time":"2019-08-19T07:02:18+00:00","article_modified_time":"2019-09-03T13:46:35+00:00","og_image":[{"width":2504,"height":3532,"url":"https:\/\/www.naturparkmagazin.de\/nossentiner-schwinzer-heide\/wp-content\/uploads\/sites\/28\/Plakat_Herbstfest_2019.jpg","type":"image\/jpeg"}],"author":"evelinkartheuser","twitter_misc":{"Verfasst von":"evelinkartheuser","Gesch\u00e4tzte Lesezeit":"1\u00a0Minute"},"schema":{"@context":"https:\/\/schema.org","@graph":[{"@type":"WebPage","@id":"https:\/\/www.naturparkmagazin.de\/nossentiner-schwinzer-heide\/herbstfest-am-28-9-2019-mit-vielen-angeboten\/","url":"https:\/\/www.naturparkmagazin.de\/nossentiner-schwinzer-heide\/herbstfest-am-28-9-2019-mit-vielen-angeboten\/","name":"Herbstfest am 28.9.2019 mit vielen Angeboten - Naturpark Nossentiner\/Schwinzer Heide","isPartOf":{"@id":"https:\/\/www.naturparkmagazin.de\/nossentiner-schwinzer-heide\/#website"},"datePublished":"2019-08-19T07:02:18+00:00","dateModified":"2019-09-03T13:46:35+00:00","author":{"@id":"https:\/\/www.naturparkmagazin.de\/nossentiner-schwinzer-heide\/#\/schema\/person\/6e5721221b13b6f827e696f29ff18008"},"breadcrumb":{"@id":"https:\/\/www.naturparkmagazin.de\/nossentiner-schwinzer-heide\/herbstfest-am-28-9-2019-mit-vielen-angeboten\/#breadcrumb"},"inLanguage":"de","potentialAction":[{"@type":"ReadAction","target":["https:\/\/www.naturparkmagazin.de\/nossentiner-schwinzer-heide\/herbstfest-am-28-9-2019-mit-vielen-angeboten\/"]}]},{"@type":"BreadcrumbList","@id":"https:\/\/www.naturparkmagazin.de\/nossentiner-schwinzer-heide\/herbstfest-am-28-9-2019-mit-vielen-angeboten\/#breadcrumb","itemListElement":[{"@type":"ListItem","position":1,"name":"Home","item":"https:\/\/www.naturparkmagazin.de\/nossentiner-schwinzer-heide\/"},{"@type":"ListItem","position":2,"name":"Herbstfest am 28.9.2019 mit vielen Angeboten"}]},{"@type":"WebSite","@id":"https:\/\/www.naturparkmagazin.de\/nossentiner-schwinzer-heide\/#website","url":"https:\/\/www.naturparkmagazin.de\/nossentiner-schwinzer-heide\/","name":"Naturpark Nossentiner\/Schwinzer Heide","description":"","potentialAction":[{"@type":"SearchAction","target":{"@type":"EntryPoint","urlTemplate":"https:\/\/www.naturparkmagazin.de\/nossentiner-schwinzer-heide\/?s={search_term_string}"},"query-input":"required name=search_term_string"}],"inLanguage":"de"},{"@type":"Person","@id":"https:\/\/www.naturparkmagazin.de\/nossentiner-schwinzer-heide\/#\/schema\/person\/6e5721221b13b6f827e696f29ff18008","name":"evelinkartheuser","url":"https:\/\/www.naturparkmagazin.de\/nossentiner-schwinzer-heide\/author\/evelinkartheuser\/"}]}},"_links":{"self":[{"href":"https:\/\/www.naturparkmagazin.de\/nossentiner-schwinzer-heide\/wp-json\/wp\/v2\/posts\/2549"}],"collection":[{"href":"https:\/\/www.naturparkmagazin.de\/nossentiner-schwinzer-heide\/wp-json\/wp\/v2\/posts"}],"about":[{"href":"https:\/\/www.naturparkmagazin.de\/nossentiner-schwinzer-heide\/wp-json\/wp\/v2\/types\/post"}],"author":[{"embeddable":true,"href":"https:\/\/www.naturparkmagazin.de\/nossentiner-schwinzer-heide\/wp-json\/wp\/v2\/users\/84"}],"replies":[{"embeddable":true,"href":"https:\/\/www.naturparkmagazin.de\/nossentiner-schwinzer-heide\/wp-json\/wp\/v2\/comments?post=2549"}],"version-history":[{"count":4,"href":"https:\/\/www.naturparkmagazin.de\/nossentiner-schwinzer-heide\/wp-json\/wp\/v2\/posts\/2549\/revisions"}],"predecessor-version":[{"id":2566,"href":"https:\/\/www.naturparkmagazin.de\/nossentiner-schwinzer-heide\/wp-json\/wp\/v2\/posts\/2549\/revisions\/2566"}],"wp:featuredmedia":[{"embeddable":true,"href":"https:\/\/www.naturparkmagazin.de\/nossentiner-schwinzer-heide\/wp-json\/wp\/v2\/media\/2550"}],"wp:attachment":[{"href":"https:\/\/www.naturparkmagazin.de\/nossentiner-schwinzer-heide\/wp-json\/wp\/v2\/media?parent=2549"}],"wp:term":[{"taxonomy":"category","embeddable":true,"href":"https:\/\/www.naturparkmagazin.de\/nossentiner-schwinzer-heide\/wp-json\/wp\/v2\/categories?post=2549"},{"taxonomy":"post_tag","embeddable":true,"href":"https:\/\/www.naturparkmagazin.de\/nossentiner-schwinzer-heide\/wp-json\/wp\/v2\/tags?post=2549"}],"curies":[{"name":"wp","href":"https:\/\/api.w.org\/{rel}","templated":true}]}}