{"id":2552,"date":"2019-08-19T07:05:03","date_gmt":"2019-08-19T05:05:03","guid":{"rendered":"https:\/\/www.naturparkmagazin.de\/nossentiner-schwinzer-heide\/?p=2552"},"modified":"2019-08-28T13:59:40","modified_gmt":"2019-08-28T11:59:40","slug":"fledermaus-camps-im-sommer","status":"publish","type":"post","link":"https:\/\/www.naturparkmagazin.de\/nossentiner-schwinzer-heide\/fledermaus-camps-im-sommer\/","title":{"rendered":"Fledermaus-Camps im Sommer"},"content":{"rendered":"<p>In der Zeit vom 15.7 &#8211; 26.7.2019 gab es das allj\u00e4hrliche Fledermauscamp in unserer Naturschutzstation in Wooster Teerofen. Wie in den\u00a0letzten 30 Jahren kamen wieder ehrenamtliche Fledermaussch\u00fctzer und -forscher aus Th\u00fcringen.\u00a0W\u00e4hrend des Camps\u00a0wurden fast 1000 Flederm\u00e4use bearbeitet, das hei\u00dft: sie wurden vermessen, gewogen und f\u00fcr den Fall, dass sie noch keinen Ring hatten, auch beringt.<\/p>\n<p><a href=\"https:\/\/www.naturparkmagazin.de\/nossentiner-schwinzer-heide\/wp-content\/uploads\/sites\/28\/IMG_8372.jpg\"><img decoding=\"async\" loading=\"lazy\" class=\"alignnone size-medium wp-image-2553\" src=\"https:\/\/www.naturparkmagazin.de\/nossentiner-schwinzer-heide\/wp-content\/uploads\/sites\/28\/IMG_8372-620x413.jpg\" alt=\"IMG_8372\" width=\"620\" height=\"413\" srcset=\"https:\/\/www.naturparkmagazin.de\/nossentiner-schwinzer-heide\/wp-content\/uploads\/sites\/28\/IMG_8372-620x413.jpg 620w, https:\/\/www.naturparkmagazin.de\/nossentiner-schwinzer-heide\/wp-content\/uploads\/sites\/28\/IMG_8372-300x200.jpg 300w, https:\/\/www.naturparkmagazin.de\/nossentiner-schwinzer-heide\/wp-content\/uploads\/sites\/28\/IMG_8372-940x626.jpg 940w, https:\/\/www.naturparkmagazin.de\/nossentiner-schwinzer-heide\/wp-content\/uploads\/sites\/28\/IMG_8372-670x446.jpg 670w, https:\/\/www.naturparkmagazin.de\/nossentiner-schwinzer-heide\/wp-content\/uploads\/sites\/28\/IMG_8372-200x133.jpg 200w\" sizes=\"(max-width: 620px) 100vw, 620px\" \/><\/a><\/p>\n<p>In der Woche vom 12.8 -16.8.2019 hatten 12 Studenten von der Universit\u00e4t Greifswald unter der Leitung von Professor Gerald Kerth ihre Praktikumswoche in Wooster Teerofen. Dabei lernten die Studierenden die Feldarbeit von Fledermausforschern kennen. N\u00e4chtliche F\u00e4nge mit dem Netz, das Handling der Tiere und viele Information zu unseren n\u00e4chtlichen Flatterm\u00e4nnern waren Thema in dieser Woche.<\/p>\n<p>&nbsp;<\/p>\n","protected":false},"excerpt":{"rendered":"<p>In der Zeit vom 15.7 &#8211; 26.7.2019 gab es das allj\u00e4hrliche Fledermauscamp in unserer Naturschutzstation in Wooster Teerofen. Wie in den\u00a0letzten 30 Jahren kamen wieder ehrenamtliche Fledermaussch\u00fctzer und -forscher aus Th\u00fcringen.\u00a0W\u00e4hrend des Camps\u00a0wurden fast 1000 Flederm\u00e4use bearbeitet, das hei\u00dft: sie wurden vermessen, gewogen und f\u00fcr den Fall, dass sie noch keinen Ring hatten, auch beringt.<\/p>\n","protected":false},"author":84,"featured_media":2553,"comment_status":"open","ping_status":"open","sticky":false,"template":"","format":"standard","meta":[],"categories":[7],"tags":[],"yoast_head":"<!-- This site is optimized with the Yoast SEO plugin v19.10 - https:\/\/yoast.com\/wordpress\/plugins\/seo\/ -->\n<title>Fledermaus-Camps im Sommer - Naturpark Nossentiner\/Schwinzer Heide<\/title>\n<meta name=\"robots\" content=\"index, follow, max-snippet:-1, max-image-preview:large, max-video-preview:-1\" \/>\n<link rel=\"canonical\" href=\"https:\/\/www.naturparkmagazin.de\/nossentiner-schwinzer-heide\/fledermaus-camps-im-sommer\/\" \/>\n<meta property=\"og:locale\" content=\"de_DE\" \/>\n<meta property=\"og:type\" content=\"article\" \/>\n<meta property=\"og:title\" content=\"Fledermaus-Camps im Sommer - Naturpark Nossentiner\/Schwinzer Heide\" \/>\n<meta property=\"og:description\" content=\"In der Zeit vom 15.7 &#8211; 26.7.2019 gab es das allj\u00e4hrliche Fledermauscamp in unserer Naturschutzstation in Wooster Teerofen. Wie in den\u00a0letzten 30 Jahren kamen wieder ehrenamtliche Fledermaussch\u00fctzer und -forscher aus Th\u00fcringen.\u00a0W\u00e4hrend des Camps\u00a0wurden fast 1000 Flederm\u00e4use bearbeitet, das hei\u00dft: sie wurden vermessen, gewogen und f\u00fcr den Fall, dass sie noch keinen Ring hatten, auch beringt.\" \/>\n<meta property=\"og:url\" content=\"https:\/\/www.naturparkmagazin.de\/nossentiner-schwinzer-heide\/fledermaus-camps-im-sommer\/\" \/>\n<meta property=\"og:site_name\" content=\"Naturpark Nossentiner\/Schwinzer Heide\" \/>\n<meta property=\"article:published_time\" content=\"2019-08-19T05:05:03+00:00\" \/>\n<meta property=\"article:modified_time\" content=\"2019-08-28T11:59:40+00:00\" \/>\n<meta property=\"og:image\" content=\"https:\/\/www.naturparkmagazin.de\/nossentiner-schwinzer-heide\/wp-content\/uploads\/sites\/28\/IMG_8372.jpg\" \/>\n\t<meta property=\"og:image:width\" content=\"3088\" \/>\n\t<meta property=\"og:image:height\" content=\"2056\" \/>\n\t<meta property=\"og:image:type\" content=\"image\/jpeg\" \/>\n<meta name=\"author\" content=\"evelinkartheuser\" \/>\n<meta name=\"twitter:label1\" content=\"Verfasst von\" \/>\n\t<meta name=\"twitter:data1\" content=\"evelinkartheuser\" \/>\n\t<meta name=\"twitter:label2\" content=\"Gesch\u00e4tzte Lesezeit\" \/>\n\t<meta name=\"twitter:data2\" content=\"1\u00a0Minute\" \/>\n<script type=\"application\/ld+json\" class=\"yoast-schema-graph\">{\"@context\":\"https:\/\/schema.org\",\"@graph\":[{\"@type\":\"WebPage\",\"@id\":\"https:\/\/www.naturparkmagazin.de\/nossentiner-schwinzer-heide\/fledermaus-camps-im-sommer\/\",\"url\":\"https:\/\/www.naturparkmagazin.de\/nossentiner-schwinzer-heide\/fledermaus-camps-im-sommer\/\",\"name\":\"Fledermaus-Camps im Sommer - Naturpark Nossentiner\/Schwinzer Heide\",\"isPartOf\":{\"@id\":\"https:\/\/www.naturparkmagazin.de\/nossentiner-schwinzer-heide\/#website\"},\"datePublished\":\"2019-08-19T05:05:03+00:00\",\"dateModified\":\"2019-08-28T11:59:40+00:00\",\"author\":{\"@id\":\"https:\/\/www.naturparkmagazin.de\/nossentiner-schwinzer-heide\/#\/schema\/person\/6e5721221b13b6f827e696f29ff18008\"},\"breadcrumb\":{\"@id\":\"https:\/\/www.naturparkmagazin.de\/nossentiner-schwinzer-heide\/fledermaus-camps-im-sommer\/#breadcrumb\"},\"inLanguage\":\"de\",\"potentialAction\":[{\"@type\":\"ReadAction\",\"target\":[\"https:\/\/www.naturparkmagazin.de\/nossentiner-schwinzer-heide\/fledermaus-camps-im-sommer\/\"]}]},{\"@type\":\"BreadcrumbList\",\"@id\":\"https:\/\/www.naturparkmagazin.de\/nossentiner-schwinzer-heide\/fledermaus-camps-im-sommer\/#breadcrumb\",\"itemListElement\":[{\"@type\":\"ListItem\",\"position\":1,\"name\":\"Home\",\"item\":\"https:\/\/www.naturparkmagazin.de\/nossentiner-schwinzer-heide\/\"},{\"@type\":\"ListItem\",\"position\":2,\"name\":\"Fledermaus-Camps im Sommer\"}]},{\"@type\":\"WebSite\",\"@id\":\"https:\/\/www.naturparkmagazin.de\/nossentiner-schwinzer-heide\/#website\",\"url\":\"https:\/\/www.naturparkmagazin.de\/nossentiner-schwinzer-heide\/\",\"name\":\"Naturpark Nossentiner\/Schwinzer Heide\",\"description\":\"\",\"potentialAction\":[{\"@type\":\"SearchAction\",\"target\":{\"@type\":\"EntryPoint\",\"urlTemplate\":\"https:\/\/www.naturparkmagazin.de\/nossentiner-schwinzer-heide\/?s={search_term_string}\"},\"query-input\":\"required name=search_term_string\"}],\"inLanguage\":\"de\"},{\"@type\":\"Person\",\"@id\":\"https:\/\/www.naturparkmagazin.de\/nossentiner-schwinzer-heide\/#\/schema\/person\/6e5721221b13b6f827e696f29ff18008\",\"name\":\"evelinkartheuser\",\"url\":\"https:\/\/www.naturparkmagazin.de\/nossentiner-schwinzer-heide\/author\/evelinkartheuser\/\"}]}<\/script>\n<!-- \/ Yoast SEO plugin. -->","yoast_head_json":{"title":"Fledermaus-Camps im Sommer - Naturpark Nossentiner\/Schwinzer Heide","robots":{"index":"index","follow":"follow","max-snippet":"max-snippet:-1","max-image-preview":"max-image-preview:large","max-video-preview":"max-video-preview:-1"},"canonical":"https:\/\/www.naturparkmagazin.de\/nossentiner-schwinzer-heide\/fledermaus-camps-im-sommer\/","og_locale":"de_DE","og_type":"article","og_title":"Fledermaus-Camps im Sommer - Naturpark Nossentiner\/Schwinzer Heide","og_description":"In der Zeit vom 15.7 &#8211; 26.7.2019 gab es das allj\u00e4hrliche Fledermauscamp in unserer Naturschutzstation in Wooster Teerofen. Wie in den\u00a0letzten 30 Jahren kamen wieder ehrenamtliche Fledermaussch\u00fctzer und -forscher aus Th\u00fcringen.\u00a0W\u00e4hrend des Camps\u00a0wurden fast 1000 Flederm\u00e4use bearbeitet, das hei\u00dft: sie wurden vermessen, gewogen und f\u00fcr den Fall, dass sie noch keinen Ring hatten, auch beringt.","og_url":"https:\/\/www.naturparkmagazin.de\/nossentiner-schwinzer-heide\/fledermaus-camps-im-sommer\/","og_site_name":"Naturpark Nossentiner\/Schwinzer Heide","article_published_time":"2019-08-19T05:05:03+00:00","article_modified_time":"2019-08-28T11:59:40+00:00","og_image":[{"width":3088,"height":2056,"url":"https:\/\/www.naturparkmagazin.de\/nossentiner-schwinzer-heide\/wp-content\/uploads\/sites\/28\/IMG_8372.jpg","type":"image\/jpeg"}],"author":"evelinkartheuser","twitter_misc":{"Verfasst von":"evelinkartheuser","Gesch\u00e4tzte Lesezeit":"1\u00a0Minute"},"schema":{"@context":"https:\/\/schema.org","@graph":[{"@type":"WebPage","@id":"https:\/\/www.naturparkmagazin.de\/nossentiner-schwinzer-heide\/fledermaus-camps-im-sommer\/","url":"https:\/\/www.naturparkmagazin.de\/nossentiner-schwinzer-heide\/fledermaus-camps-im-sommer\/","name":"Fledermaus-Camps im Sommer - Naturpark Nossentiner\/Schwinzer Heide","isPartOf":{"@id":"https:\/\/www.naturparkmagazin.de\/nossentiner-schwinzer-heide\/#website"},"datePublished":"2019-08-19T05:05:03+00:00","dateModified":"2019-08-28T11:59:40+00:00","author":{"@id":"https:\/\/www.naturparkmagazin.de\/nossentiner-schwinzer-heide\/#\/schema\/person\/6e5721221b13b6f827e696f29ff18008"},"breadcrumb":{"@id":"https:\/\/www.naturparkmagazin.de\/nossentiner-schwinzer-heide\/fledermaus-camps-im-sommer\/#breadcrumb"},"inLanguage":"de","potentialAction":[{"@type":"ReadAction","target":["https:\/\/www.naturparkmagazin.de\/nossentiner-schwinzer-heide\/fledermaus-camps-im-sommer\/"]}]},{"@type":"BreadcrumbList","@id":"https:\/\/www.naturparkmagazin.de\/nossentiner-schwinzer-heide\/fledermaus-camps-im-sommer\/#breadcrumb","itemListElement":[{"@type":"ListItem","position":1,"name":"Home","item":"https:\/\/www.naturparkmagazin.de\/nossentiner-schwinzer-heide\/"},{"@type":"ListItem","position":2,"name":"Fledermaus-Camps im Sommer"}]},{"@type":"WebSite","@id":"https:\/\/www.naturparkmagazin.de\/nossentiner-schwinzer-heide\/#website","url":"https:\/\/www.naturparkmagazin.de\/nossentiner-schwinzer-heide\/","name":"Naturpark Nossentiner\/Schwinzer Heide","description":"","potentialAction":[{"@type":"SearchAction","target":{"@type":"EntryPoint","urlTemplate":"https:\/\/www.naturparkmagazin.de\/nossentiner-schwinzer-heide\/?s={search_term_string}"},"query-input":"required name=search_term_string"}],"inLanguage":"de"},{"@type":"Person","@id":"https:\/\/www.naturparkmagazin.de\/nossentiner-schwinzer-heide\/#\/schema\/person\/6e5721221b13b6f827e696f29ff18008","name":"evelinkartheuser","url":"https:\/\/www.naturparkmagazin.de\/nossentiner-schwinzer-heide\/author\/evelinkartheuser\/"}]}},"_links":{"self":[{"href":"https:\/\/www.naturparkmagazin.de\/nossentiner-schwinzer-heide\/wp-json\/wp\/v2\/posts\/2552"}],"collection":[{"href":"https:\/\/www.naturparkmagazin.de\/nossentiner-schwinzer-heide\/wp-json\/wp\/v2\/posts"}],"about":[{"href":"https:\/\/www.naturparkmagazin.de\/nossentiner-schwinzer-heide\/wp-json\/wp\/v2\/types\/post"}],"author":[{"embeddable":true,"href":"https:\/\/www.naturparkmagazin.de\/nossentiner-schwinzer-heide\/wp-json\/wp\/v2\/users\/84"}],"replies":[{"embeddable":true,"href":"https:\/\/www.naturparkmagazin.de\/nossentiner-schwinzer-heide\/wp-json\/wp\/v2\/comments?post=2552"}],"version-history":[{"count":1,"href":"https:\/\/www.naturparkmagazin.de\/nossentiner-schwinzer-heide\/wp-json\/wp\/v2\/posts\/2552\/revisions"}],"predecessor-version":[{"id":2554,"href":"https:\/\/www.naturparkmagazin.de\/nossentiner-schwinzer-heide\/wp-json\/wp\/v2\/posts\/2552\/revisions\/2554"}],"wp:featuredmedia":[{"embeddable":true,"href":"https:\/\/www.naturparkmagazin.de\/nossentiner-schwinzer-heide\/wp-json\/wp\/v2\/media\/2553"}],"wp:attachment":[{"href":"https:\/\/www.naturparkmagazin.de\/nossentiner-schwinzer-heide\/wp-json\/wp\/v2\/media?parent=2552"}],"wp:term":[{"taxonomy":"category","embeddable":true,"href":"https:\/\/www.naturparkmagazin.de\/nossentiner-schwinzer-heide\/wp-json\/wp\/v2\/categories?post=2552"},{"taxonomy":"post_tag","embeddable":true,"href":"https:\/\/www.naturparkmagazin.de\/nossentiner-schwinzer-heide\/wp-json\/wp\/v2\/tags?post=2552"}],"curies":[{"name":"wp","href":"https:\/\/api.w.org\/{rel}","templated":true}]}}