{"id":2580,"date":"2019-09-18T12:10:40","date_gmt":"2019-09-18T10:10:40","guid":{"rendered":"https:\/\/www.naturparkmagazin.de\/nossentiner-schwinzer-heide\/?p=2580"},"modified":"2019-09-18T12:10:40","modified_gmt":"2019-09-18T10:10:40","slug":"mecklenburg-vorpommern-im-licht-ausstellungseroeffnung-am-freitag-20-9","status":"publish","type":"post","link":"https:\/\/www.naturparkmagazin.de\/nossentiner-schwinzer-heide\/mecklenburg-vorpommern-im-licht-ausstellungseroeffnung-am-freitag-20-9\/","title":{"rendered":"Mecklenburg-Vorpommern im Licht &#8211; Ausstellungser\u00f6ffnung am Freitag, 20.9."},"content":{"rendered":"<p><a href=\"https:\/\/www.naturparkmagazin.de\/nossentiner-schwinzer-heide\/wp-content\/uploads\/sites\/28\/Plakat_Fotoausstellungser\u00f6ffnung2019web.jpg\"><img decoding=\"async\" loading=\"lazy\" class=\"alignnone size-medium wp-image-2581\" src=\"https:\/\/www.naturparkmagazin.de\/nossentiner-schwinzer-heide\/wp-content\/uploads\/sites\/28\/Plakat_Fotoausstellungser\u00f6ffnung2019web-620x874.jpg\" alt=\"Plakat_Fotoausstellungser\u00f6ffnung2019web\" width=\"620\" height=\"874\" srcset=\"https:\/\/www.naturparkmagazin.de\/nossentiner-schwinzer-heide\/wp-content\/uploads\/sites\/28\/Plakat_Fotoausstellungser\u00f6ffnung2019web-620x874.jpg 620w, https:\/\/www.naturparkmagazin.de\/nossentiner-schwinzer-heide\/wp-content\/uploads\/sites\/28\/Plakat_Fotoausstellungser\u00f6ffnung2019web-300x423.jpg 300w, https:\/\/www.naturparkmagazin.de\/nossentiner-schwinzer-heide\/wp-content\/uploads\/sites\/28\/Plakat_Fotoausstellungser\u00f6ffnung2019web-940x1326.jpg 940w, https:\/\/www.naturparkmagazin.de\/nossentiner-schwinzer-heide\/wp-content\/uploads\/sites\/28\/Plakat_Fotoausstellungser\u00f6ffnung2019web-670x945.jpg 670w, https:\/\/www.naturparkmagazin.de\/nossentiner-schwinzer-heide\/wp-content\/uploads\/sites\/28\/Plakat_Fotoausstellungser\u00f6ffnung2019web-200x282.jpg 200w\" sizes=\"(max-width: 620px) 100vw, 620px\" \/><\/a><\/p>\n<p>Wie schon fast zur Tradition geworden, pr\u00e4sentieren auch in diesem Jahr 8 Fotosch\u00fclerinnen der Fotografin Monika Lawrenz ihre neuen Bilder im Naturparkzentrum Karower Meiler. Zur Ausstellungser\u00f6ffnung am kommenden Freitag, dem 20.9. um 17 Uhr, werden die Fotografinnen anwesend sein und \u00fcber ihre Arbeit als Hobbyfotografin pers\u00f6nlich berichten.<\/p>\n<p>Diese Bilder sind nicht einfach nur ein Schnappschuss mit der Kamera, sondern es sind Bilder der k\u00fcnstlerischen Naturfotografie. Sie zeigen neue Sichtweisen und eigene Handschriften der Fotografinnen.<\/p>\n<p>Langzeitbelichtungen, Mehrfachbelichtungen und auch der kurze Moment, wenn der Eisvogel den Fisch im Schnabel h\u00e4lt. Das Farbenspiel in Pastellt\u00f6nen von Meer und Himmel nach dem Sonnenuntergang gewischt mit der Kamera, das letzte Licht in zarten violetten Farben der Blauen Stunde am Bergsee und auch der Moment der wandernden Schatten auf der Binnend\u00fcnenlandschaft. Stille fotografieren ist eine Herausforderung f\u00fcr jeden Fotografen. Es sind eben besonders die zarten Farben am fr\u00fchen Morgen und am sp\u00e4ten Abend und nicht das grelle laute Licht oder kreischend rote Sonnenunterg\u00e4nge.<\/p>\n<p>Die Fotoausstellung ist zu sehen vom 20. September bis zum 30.11.2019 zu den \u00d6ffnungszeiten des Karower Meilers: Sept. t\u00e4gl. 10-17 Uhr, Okt.-Nov. Mo-Fr 10-16 Uhr.<\/p>\n","protected":false},"excerpt":{"rendered":"<p>Auch in diesem Jahr pr\u00e4sentieren 8 Fotosch\u00fclerinnen der Fotografin Monika Lawrenz ihre neuen Bilder im Naturparkzentrum Karower Meiler. Ausstellungser\u00f6ffnung am kommenden Freitag, dem 20.9., um 17 Uhr<\/p>\n","protected":false},"author":84,"featured_media":2581,"comment_status":"open","ping_status":"open","sticky":false,"template":"","format":"standard","meta":[],"categories":[11],"tags":[],"yoast_head":"<!-- This site is optimized with the Yoast SEO plugin v19.10 - https:\/\/yoast.com\/wordpress\/plugins\/seo\/ -->\n<title>Mecklenburg-Vorpommern im Licht - Ausstellungser\u00f6ffnung am Freitag, 20.9. - Naturpark Nossentiner\/Schwinzer Heide<\/title>\n<meta name=\"robots\" content=\"index, follow, max-snippet:-1, max-image-preview:large, max-video-preview:-1\" \/>\n<link rel=\"canonical\" href=\"https:\/\/www.naturparkmagazin.de\/nossentiner-schwinzer-heide\/mecklenburg-vorpommern-im-licht-ausstellungseroeffnung-am-freitag-20-9\/\" \/>\n<meta property=\"og:locale\" content=\"de_DE\" \/>\n<meta property=\"og:type\" content=\"article\" \/>\n<meta property=\"og:title\" content=\"Mecklenburg-Vorpommern im Licht - Ausstellungser\u00f6ffnung am Freitag, 20.9. - Naturpark Nossentiner\/Schwinzer Heide\" \/>\n<meta property=\"og:description\" content=\"Auch in diesem Jahr pr\u00e4sentieren 8 Fotosch\u00fclerinnen der Fotografin Monika Lawrenz ihre neuen Bilder im Naturparkzentrum Karower Meiler. Ausstellungser\u00f6ffnung am kommenden Freitag, dem 20.9., um 17 Uhr\" \/>\n<meta property=\"og:url\" content=\"https:\/\/www.naturparkmagazin.de\/nossentiner-schwinzer-heide\/mecklenburg-vorpommern-im-licht-ausstellungseroeffnung-am-freitag-20-9\/\" \/>\n<meta property=\"og:site_name\" content=\"Naturpark Nossentiner\/Schwinzer Heide\" \/>\n<meta property=\"article:published_time\" content=\"2019-09-18T10:10:40+00:00\" \/>\n<meta property=\"og:image\" content=\"https:\/\/www.naturparkmagazin.de\/nossentiner-schwinzer-heide\/wp-content\/uploads\/sites\/28\/Plakat_Fotoausstellungser\u00f6ffnung2019web.jpg\" \/>\n\t<meta property=\"og:image:width\" content=\"2489\" \/>\n\t<meta property=\"og:image:height\" content=\"3510\" \/>\n\t<meta property=\"og:image:type\" content=\"image\/jpeg\" \/>\n<meta name=\"author\" content=\"evelinkartheuser\" \/>\n<meta name=\"twitter:label1\" content=\"Verfasst von\" \/>\n\t<meta name=\"twitter:data1\" content=\"evelinkartheuser\" \/>\n\t<meta name=\"twitter:label2\" content=\"Gesch\u00e4tzte Lesezeit\" \/>\n\t<meta name=\"twitter:data2\" content=\"1\u00a0Minute\" \/>\n<script type=\"application\/ld+json\" class=\"yoast-schema-graph\">{\"@context\":\"https:\/\/schema.org\",\"@graph\":[{\"@type\":\"WebPage\",\"@id\":\"https:\/\/www.naturparkmagazin.de\/nossentiner-schwinzer-heide\/mecklenburg-vorpommern-im-licht-ausstellungseroeffnung-am-freitag-20-9\/\",\"url\":\"https:\/\/www.naturparkmagazin.de\/nossentiner-schwinzer-heide\/mecklenburg-vorpommern-im-licht-ausstellungseroeffnung-am-freitag-20-9\/\",\"name\":\"Mecklenburg-Vorpommern im Licht - Ausstellungser\u00f6ffnung am Freitag, 20.9. - Naturpark Nossentiner\/Schwinzer Heide\",\"isPartOf\":{\"@id\":\"https:\/\/www.naturparkmagazin.de\/nossentiner-schwinzer-heide\/#website\"},\"datePublished\":\"2019-09-18T10:10:40+00:00\",\"dateModified\":\"2019-09-18T10:10:40+00:00\",\"author\":{\"@id\":\"https:\/\/www.naturparkmagazin.de\/nossentiner-schwinzer-heide\/#\/schema\/person\/6e5721221b13b6f827e696f29ff18008\"},\"breadcrumb\":{\"@id\":\"https:\/\/www.naturparkmagazin.de\/nossentiner-schwinzer-heide\/mecklenburg-vorpommern-im-licht-ausstellungseroeffnung-am-freitag-20-9\/#breadcrumb\"},\"inLanguage\":\"de\",\"potentialAction\":[{\"@type\":\"ReadAction\",\"target\":[\"https:\/\/www.naturparkmagazin.de\/nossentiner-schwinzer-heide\/mecklenburg-vorpommern-im-licht-ausstellungseroeffnung-am-freitag-20-9\/\"]}]},{\"@type\":\"BreadcrumbList\",\"@id\":\"https:\/\/www.naturparkmagazin.de\/nossentiner-schwinzer-heide\/mecklenburg-vorpommern-im-licht-ausstellungseroeffnung-am-freitag-20-9\/#breadcrumb\",\"itemListElement\":[{\"@type\":\"ListItem\",\"position\":1,\"name\":\"Home\",\"item\":\"https:\/\/www.naturparkmagazin.de\/nossentiner-schwinzer-heide\/\"},{\"@type\":\"ListItem\",\"position\":2,\"name\":\"Mecklenburg-Vorpommern im Licht &#8211; Ausstellungser\u00f6ffnung am Freitag, 20.9.\"}]},{\"@type\":\"WebSite\",\"@id\":\"https:\/\/www.naturparkmagazin.de\/nossentiner-schwinzer-heide\/#website\",\"url\":\"https:\/\/www.naturparkmagazin.de\/nossentiner-schwinzer-heide\/\",\"name\":\"Naturpark Nossentiner\/Schwinzer Heide\",\"description\":\"\",\"potentialAction\":[{\"@type\":\"SearchAction\",\"target\":{\"@type\":\"EntryPoint\",\"urlTemplate\":\"https:\/\/www.naturparkmagazin.de\/nossentiner-schwinzer-heide\/?s={search_term_string}\"},\"query-input\":\"required name=search_term_string\"}],\"inLanguage\":\"de\"},{\"@type\":\"Person\",\"@id\":\"https:\/\/www.naturparkmagazin.de\/nossentiner-schwinzer-heide\/#\/schema\/person\/6e5721221b13b6f827e696f29ff18008\",\"name\":\"evelinkartheuser\",\"url\":\"https:\/\/www.naturparkmagazin.de\/nossentiner-schwinzer-heide\/author\/evelinkartheuser\/\"}]}<\/script>\n<!-- \/ Yoast SEO plugin. -->","yoast_head_json":{"title":"Mecklenburg-Vorpommern im Licht - Ausstellungser\u00f6ffnung am Freitag, 20.9. - Naturpark Nossentiner\/Schwinzer Heide","robots":{"index":"index","follow":"follow","max-snippet":"max-snippet:-1","max-image-preview":"max-image-preview:large","max-video-preview":"max-video-preview:-1"},"canonical":"https:\/\/www.naturparkmagazin.de\/nossentiner-schwinzer-heide\/mecklenburg-vorpommern-im-licht-ausstellungseroeffnung-am-freitag-20-9\/","og_locale":"de_DE","og_type":"article","og_title":"Mecklenburg-Vorpommern im Licht - Ausstellungser\u00f6ffnung am Freitag, 20.9. - Naturpark Nossentiner\/Schwinzer Heide","og_description":"Auch in diesem Jahr pr\u00e4sentieren 8 Fotosch\u00fclerinnen der Fotografin Monika Lawrenz ihre neuen Bilder im Naturparkzentrum Karower Meiler. Ausstellungser\u00f6ffnung am kommenden Freitag, dem 20.9., um 17 Uhr","og_url":"https:\/\/www.naturparkmagazin.de\/nossentiner-schwinzer-heide\/mecklenburg-vorpommern-im-licht-ausstellungseroeffnung-am-freitag-20-9\/","og_site_name":"Naturpark Nossentiner\/Schwinzer Heide","article_published_time":"2019-09-18T10:10:40+00:00","og_image":[{"width":2489,"height":3510,"url":"https:\/\/www.naturparkmagazin.de\/nossentiner-schwinzer-heide\/wp-content\/uploads\/sites\/28\/Plakat_Fotoausstellungser\u00f6ffnung2019web.jpg","type":"image\/jpeg"}],"author":"evelinkartheuser","twitter_misc":{"Verfasst von":"evelinkartheuser","Gesch\u00e4tzte Lesezeit":"1\u00a0Minute"},"schema":{"@context":"https:\/\/schema.org","@graph":[{"@type":"WebPage","@id":"https:\/\/www.naturparkmagazin.de\/nossentiner-schwinzer-heide\/mecklenburg-vorpommern-im-licht-ausstellungseroeffnung-am-freitag-20-9\/","url":"https:\/\/www.naturparkmagazin.de\/nossentiner-schwinzer-heide\/mecklenburg-vorpommern-im-licht-ausstellungseroeffnung-am-freitag-20-9\/","name":"Mecklenburg-Vorpommern im Licht - Ausstellungser\u00f6ffnung am Freitag, 20.9. - Naturpark Nossentiner\/Schwinzer Heide","isPartOf":{"@id":"https:\/\/www.naturparkmagazin.de\/nossentiner-schwinzer-heide\/#website"},"datePublished":"2019-09-18T10:10:40+00:00","dateModified":"2019-09-18T10:10:40+00:00","author":{"@id":"https:\/\/www.naturparkmagazin.de\/nossentiner-schwinzer-heide\/#\/schema\/person\/6e5721221b13b6f827e696f29ff18008"},"breadcrumb":{"@id":"https:\/\/www.naturparkmagazin.de\/nossentiner-schwinzer-heide\/mecklenburg-vorpommern-im-licht-ausstellungseroeffnung-am-freitag-20-9\/#breadcrumb"},"inLanguage":"de","potentialAction":[{"@type":"ReadAction","target":["https:\/\/www.naturparkmagazin.de\/nossentiner-schwinzer-heide\/mecklenburg-vorpommern-im-licht-ausstellungseroeffnung-am-freitag-20-9\/"]}]},{"@type":"BreadcrumbList","@id":"https:\/\/www.naturparkmagazin.de\/nossentiner-schwinzer-heide\/mecklenburg-vorpommern-im-licht-ausstellungseroeffnung-am-freitag-20-9\/#breadcrumb","itemListElement":[{"@type":"ListItem","position":1,"name":"Home","item":"https:\/\/www.naturparkmagazin.de\/nossentiner-schwinzer-heide\/"},{"@type":"ListItem","position":2,"name":"Mecklenburg-Vorpommern im Licht &#8211; Ausstellungser\u00f6ffnung am Freitag, 20.9."}]},{"@type":"WebSite","@id":"https:\/\/www.naturparkmagazin.de\/nossentiner-schwinzer-heide\/#website","url":"https:\/\/www.naturparkmagazin.de\/nossentiner-schwinzer-heide\/","name":"Naturpark Nossentiner\/Schwinzer Heide","description":"","potentialAction":[{"@type":"SearchAction","target":{"@type":"EntryPoint","urlTemplate":"https:\/\/www.naturparkmagazin.de\/nossentiner-schwinzer-heide\/?s={search_term_string}"},"query-input":"required name=search_term_string"}],"inLanguage":"de"},{"@type":"Person","@id":"https:\/\/www.naturparkmagazin.de\/nossentiner-schwinzer-heide\/#\/schema\/person\/6e5721221b13b6f827e696f29ff18008","name":"evelinkartheuser","url":"https:\/\/www.naturparkmagazin.de\/nossentiner-schwinzer-heide\/author\/evelinkartheuser\/"}]}},"_links":{"self":[{"href":"https:\/\/www.naturparkmagazin.de\/nossentiner-schwinzer-heide\/wp-json\/wp\/v2\/posts\/2580"}],"collection":[{"href":"https:\/\/www.naturparkmagazin.de\/nossentiner-schwinzer-heide\/wp-json\/wp\/v2\/posts"}],"about":[{"href":"https:\/\/www.naturparkmagazin.de\/nossentiner-schwinzer-heide\/wp-json\/wp\/v2\/types\/post"}],"author":[{"embeddable":true,"href":"https:\/\/www.naturparkmagazin.de\/nossentiner-schwinzer-heide\/wp-json\/wp\/v2\/users\/84"}],"replies":[{"embeddable":true,"href":"https:\/\/www.naturparkmagazin.de\/nossentiner-schwinzer-heide\/wp-json\/wp\/v2\/comments?post=2580"}],"version-history":[{"count":3,"href":"https:\/\/www.naturparkmagazin.de\/nossentiner-schwinzer-heide\/wp-json\/wp\/v2\/posts\/2580\/revisions"}],"predecessor-version":[{"id":2584,"href":"https:\/\/www.naturparkmagazin.de\/nossentiner-schwinzer-heide\/wp-json\/wp\/v2\/posts\/2580\/revisions\/2584"}],"wp:featuredmedia":[{"embeddable":true,"href":"https:\/\/www.naturparkmagazin.de\/nossentiner-schwinzer-heide\/wp-json\/wp\/v2\/media\/2581"}],"wp:attachment":[{"href":"https:\/\/www.naturparkmagazin.de\/nossentiner-schwinzer-heide\/wp-json\/wp\/v2\/media?parent=2580"}],"wp:term":[{"taxonomy":"category","embeddable":true,"href":"https:\/\/www.naturparkmagazin.de\/nossentiner-schwinzer-heide\/wp-json\/wp\/v2\/categories?post=2580"},{"taxonomy":"post_tag","embeddable":true,"href":"https:\/\/www.naturparkmagazin.de\/nossentiner-schwinzer-heide\/wp-json\/wp\/v2\/tags?post=2580"}],"curies":[{"name":"wp","href":"https:\/\/api.w.org\/{rel}","templated":true}]}}