{"id":2639,"date":"2019-10-17T18:31:48","date_gmt":"2019-10-17T16:31:48","guid":{"rendered":"https:\/\/www.naturparkmagazin.de\/nossentiner-schwinzer-heide\/?p=2639"},"modified":"2019-10-28T13:33:02","modified_gmt":"2019-10-28T12:33:02","slug":"vortrag-groenland-im-faltboot-zu-siedlungsplaetzen-der-wikinger-und-inuit-am-13-11","status":"publish","type":"post","link":"https:\/\/www.naturparkmagazin.de\/nossentiner-schwinzer-heide\/vortrag-groenland-im-faltboot-zu-siedlungsplaetzen-der-wikinger-und-inuit-am-13-11\/","title":{"rendered":"Vortrag &#8222;Gr\u00f6nland &#8211; Im Faltboot zu Siedlungspl\u00e4tzen der Wikinger und Inuit&#8220; am 13.11."},"content":{"rendered":"<p><a href=\"https:\/\/www.naturparkmagazin.de\/nossentiner-schwinzer-heide\/wp-content\/uploads\/sites\/28\/groenland-muenzberger-3.jpg\"><img decoding=\"async\" loading=\"lazy\" class=\"alignnone size-medium wp-image-2642\" src=\"https:\/\/www.naturparkmagazin.de\/nossentiner-schwinzer-heide\/wp-content\/uploads\/sites\/28\/groenland-muenzberger-3-620x414.jpg\" alt=\"groenland muenzberger (3)\" width=\"620\" height=\"414\" srcset=\"https:\/\/www.naturparkmagazin.de\/nossentiner-schwinzer-heide\/wp-content\/uploads\/sites\/28\/groenland-muenzberger-3-620x414.jpg 620w, https:\/\/www.naturparkmagazin.de\/nossentiner-schwinzer-heide\/wp-content\/uploads\/sites\/28\/groenland-muenzberger-3-300x200.jpg 300w, https:\/\/www.naturparkmagazin.de\/nossentiner-schwinzer-heide\/wp-content\/uploads\/sites\/28\/groenland-muenzberger-3-940x627.jpg 940w, https:\/\/www.naturparkmagazin.de\/nossentiner-schwinzer-heide\/wp-content\/uploads\/sites\/28\/groenland-muenzberger-3-670x447.jpg 670w, https:\/\/www.naturparkmagazin.de\/nossentiner-schwinzer-heide\/wp-content\/uploads\/sites\/28\/groenland-muenzberger-3-200x133.jpg 200w, https:\/\/www.naturparkmagazin.de\/nossentiner-schwinzer-heide\/wp-content\/uploads\/sites\/28\/groenland-muenzberger-3.jpg 1024w\" sizes=\"(max-width: 620px) 100vw, 620px\" \/><\/a><\/p>\n<p>Vor tausend Jahren besiedelten die Wikinger Gr\u00f6nland. F\u00fcnfhundert Jahre sp\u00e4ter, kurz vor der \u201eEntdeckung\u201c Amerikas, verschwanden die Nordm\u00e4nner im Dunkel der Geschichte. Mit drei Faltkajaks machten sich vier Mecklenburger auf die Suche nach den Spuren der wikingischen Ostsiedlung im Eriksfjord. Sturm und Dauerregen, ein selbst f\u00fcr Gr\u00f6nland ungewohnt kalter Sommer und unerwartet viele Eisberge stellten sich ihnen in den Weg. Von faszinierender Geschichte und Natur, Kajaksport und Kameradschaft in v\u00f6lliger Einsamkeit, vor allem auch gastfreundlichen Inuit und Gr\u00f6nl\u00e4ndern erz\u00e4hlt der Abenteurer und Arzt Thomas M\u00fcnzberger.<\/p>\n<p><a href=\"https:\/\/www.naturparkmagazin.de\/nossentiner-schwinzer-heide\/wp-content\/uploads\/sites\/28\/Plakat_Vortrag_Gr\u00f6nland.jpg\"><img decoding=\"async\" loading=\"lazy\" class=\"alignnone size-medium wp-image-2640\" src=\"https:\/\/www.naturparkmagazin.de\/nossentiner-schwinzer-heide\/wp-content\/uploads\/sites\/28\/Plakat_Vortrag_Gr\u00f6nland-620x876.jpg\" alt=\"Plakat_Vortrag_Gr\u00f6nland\" width=\"620\" height=\"876\" srcset=\"https:\/\/www.naturparkmagazin.de\/nossentiner-schwinzer-heide\/wp-content\/uploads\/sites\/28\/Plakat_Vortrag_Gr\u00f6nland-620x876.jpg 620w, https:\/\/www.naturparkmagazin.de\/nossentiner-schwinzer-heide\/wp-content\/uploads\/sites\/28\/Plakat_Vortrag_Gr\u00f6nland-300x424.jpg 300w, https:\/\/www.naturparkmagazin.de\/nossentiner-schwinzer-heide\/wp-content\/uploads\/sites\/28\/Plakat_Vortrag_Gr\u00f6nland-940x1328.jpg 940w, https:\/\/www.naturparkmagazin.de\/nossentiner-schwinzer-heide\/wp-content\/uploads\/sites\/28\/Plakat_Vortrag_Gr\u00f6nland-670x946.jpg 670w, https:\/\/www.naturparkmagazin.de\/nossentiner-schwinzer-heide\/wp-content\/uploads\/sites\/28\/Plakat_Vortrag_Gr\u00f6nland-200x282.jpg 200w\" sizes=\"(max-width: 620px) 100vw, 620px\" \/><\/a><\/p>\n","protected":false},"excerpt":{"rendered":"<p>Mit dem Kajak in die K\u00e4lte &#8211; Live-Reportage von Thomas M\u00fcnzberger aus Malchow<\/p>\n","protected":false},"author":84,"featured_media":2640,"comment_status":"open","ping_status":"open","sticky":false,"template":"","format":"standard","meta":[],"categories":[11],"tags":[],"yoast_head":"<!-- This site is optimized with the Yoast SEO plugin v19.10 - https:\/\/yoast.com\/wordpress\/plugins\/seo\/ -->\n<title>Vortrag &quot;Gr\u00f6nland - Im Faltboot zu Siedlungspl\u00e4tzen der Wikinger und Inuit&quot; am 13.11. - Naturpark Nossentiner\/Schwinzer Heide<\/title>\n<meta name=\"robots\" content=\"index, follow, max-snippet:-1, max-image-preview:large, max-video-preview:-1\" \/>\n<link rel=\"canonical\" href=\"https:\/\/www.naturparkmagazin.de\/nossentiner-schwinzer-heide\/vortrag-groenland-im-faltboot-zu-siedlungsplaetzen-der-wikinger-und-inuit-am-13-11\/\" \/>\n<meta property=\"og:locale\" content=\"de_DE\" \/>\n<meta property=\"og:type\" content=\"article\" \/>\n<meta property=\"og:title\" content=\"Vortrag &quot;Gr\u00f6nland - Im Faltboot zu Siedlungspl\u00e4tzen der Wikinger und Inuit&quot; am 13.11. - Naturpark Nossentiner\/Schwinzer Heide\" \/>\n<meta property=\"og:description\" content=\"Mit dem Kajak in die K\u00e4lte - Live-Reportage von Thomas M\u00fcnzberger aus Malchow\" \/>\n<meta property=\"og:url\" content=\"https:\/\/www.naturparkmagazin.de\/nossentiner-schwinzer-heide\/vortrag-groenland-im-faltboot-zu-siedlungsplaetzen-der-wikinger-und-inuit-am-13-11\/\" \/>\n<meta property=\"og:site_name\" content=\"Naturpark Nossentiner\/Schwinzer Heide\" \/>\n<meta property=\"article:published_time\" content=\"2019-10-17T16:31:48+00:00\" \/>\n<meta property=\"article:modified_time\" content=\"2019-10-28T12:33:02+00:00\" \/>\n<meta property=\"og:image\" content=\"https:\/\/www.naturparkmagazin.de\/nossentiner-schwinzer-heide\/wp-content\/uploads\/sites\/28\/Plakat_Vortrag_Gr\u00f6nland.jpg\" \/>\n\t<meta property=\"og:image:width\" content=\"2488\" \/>\n\t<meta property=\"og:image:height\" content=\"3514\" \/>\n\t<meta property=\"og:image:type\" content=\"image\/jpeg\" \/>\n<meta name=\"author\" content=\"evelinkartheuser\" \/>\n<meta name=\"twitter:label1\" content=\"Verfasst von\" \/>\n\t<meta name=\"twitter:data1\" content=\"evelinkartheuser\" \/>\n<script type=\"application\/ld+json\" class=\"yoast-schema-graph\">{\"@context\":\"https:\/\/schema.org\",\"@graph\":[{\"@type\":\"WebPage\",\"@id\":\"https:\/\/www.naturparkmagazin.de\/nossentiner-schwinzer-heide\/vortrag-groenland-im-faltboot-zu-siedlungsplaetzen-der-wikinger-und-inuit-am-13-11\/\",\"url\":\"https:\/\/www.naturparkmagazin.de\/nossentiner-schwinzer-heide\/vortrag-groenland-im-faltboot-zu-siedlungsplaetzen-der-wikinger-und-inuit-am-13-11\/\",\"name\":\"Vortrag \\\"Gr\u00f6nland - Im Faltboot zu Siedlungspl\u00e4tzen der Wikinger und Inuit\\\" am 13.11. - Naturpark Nossentiner\/Schwinzer Heide\",\"isPartOf\":{\"@id\":\"https:\/\/www.naturparkmagazin.de\/nossentiner-schwinzer-heide\/#website\"},\"datePublished\":\"2019-10-17T16:31:48+00:00\",\"dateModified\":\"2019-10-28T12:33:02+00:00\",\"author\":{\"@id\":\"https:\/\/www.naturparkmagazin.de\/nossentiner-schwinzer-heide\/#\/schema\/person\/6e5721221b13b6f827e696f29ff18008\"},\"breadcrumb\":{\"@id\":\"https:\/\/www.naturparkmagazin.de\/nossentiner-schwinzer-heide\/vortrag-groenland-im-faltboot-zu-siedlungsplaetzen-der-wikinger-und-inuit-am-13-11\/#breadcrumb\"},\"inLanguage\":\"de\",\"potentialAction\":[{\"@type\":\"ReadAction\",\"target\":[\"https:\/\/www.naturparkmagazin.de\/nossentiner-schwinzer-heide\/vortrag-groenland-im-faltboot-zu-siedlungsplaetzen-der-wikinger-und-inuit-am-13-11\/\"]}]},{\"@type\":\"BreadcrumbList\",\"@id\":\"https:\/\/www.naturparkmagazin.de\/nossentiner-schwinzer-heide\/vortrag-groenland-im-faltboot-zu-siedlungsplaetzen-der-wikinger-und-inuit-am-13-11\/#breadcrumb\",\"itemListElement\":[{\"@type\":\"ListItem\",\"position\":1,\"name\":\"Home\",\"item\":\"https:\/\/www.naturparkmagazin.de\/nossentiner-schwinzer-heide\/\"},{\"@type\":\"ListItem\",\"position\":2,\"name\":\"Vortrag &#8222;Gr\u00f6nland &#8211; Im Faltboot zu Siedlungspl\u00e4tzen der Wikinger und Inuit&#8220; am 13.11.\"}]},{\"@type\":\"WebSite\",\"@id\":\"https:\/\/www.naturparkmagazin.de\/nossentiner-schwinzer-heide\/#website\",\"url\":\"https:\/\/www.naturparkmagazin.de\/nossentiner-schwinzer-heide\/\",\"name\":\"Naturpark Nossentiner\/Schwinzer Heide\",\"description\":\"\",\"potentialAction\":[{\"@type\":\"SearchAction\",\"target\":{\"@type\":\"EntryPoint\",\"urlTemplate\":\"https:\/\/www.naturparkmagazin.de\/nossentiner-schwinzer-heide\/?s={search_term_string}\"},\"query-input\":\"required name=search_term_string\"}],\"inLanguage\":\"de\"},{\"@type\":\"Person\",\"@id\":\"https:\/\/www.naturparkmagazin.de\/nossentiner-schwinzer-heide\/#\/schema\/person\/6e5721221b13b6f827e696f29ff18008\",\"name\":\"evelinkartheuser\",\"url\":\"https:\/\/www.naturparkmagazin.de\/nossentiner-schwinzer-heide\/author\/evelinkartheuser\/\"}]}<\/script>\n<!-- \/ Yoast SEO plugin. -->","yoast_head_json":{"title":"Vortrag \"Gr\u00f6nland - Im Faltboot zu Siedlungspl\u00e4tzen der Wikinger und Inuit\" am 13.11. - Naturpark Nossentiner\/Schwinzer Heide","robots":{"index":"index","follow":"follow","max-snippet":"max-snippet:-1","max-image-preview":"max-image-preview:large","max-video-preview":"max-video-preview:-1"},"canonical":"https:\/\/www.naturparkmagazin.de\/nossentiner-schwinzer-heide\/vortrag-groenland-im-faltboot-zu-siedlungsplaetzen-der-wikinger-und-inuit-am-13-11\/","og_locale":"de_DE","og_type":"article","og_title":"Vortrag \"Gr\u00f6nland - Im Faltboot zu Siedlungspl\u00e4tzen der Wikinger und Inuit\" am 13.11. - Naturpark Nossentiner\/Schwinzer Heide","og_description":"Mit dem Kajak in die K\u00e4lte - Live-Reportage von Thomas M\u00fcnzberger aus Malchow","og_url":"https:\/\/www.naturparkmagazin.de\/nossentiner-schwinzer-heide\/vortrag-groenland-im-faltboot-zu-siedlungsplaetzen-der-wikinger-und-inuit-am-13-11\/","og_site_name":"Naturpark Nossentiner\/Schwinzer Heide","article_published_time":"2019-10-17T16:31:48+00:00","article_modified_time":"2019-10-28T12:33:02+00:00","og_image":[{"width":2488,"height":3514,"url":"https:\/\/www.naturparkmagazin.de\/nossentiner-schwinzer-heide\/wp-content\/uploads\/sites\/28\/Plakat_Vortrag_Gr\u00f6nland.jpg","type":"image\/jpeg"}],"author":"evelinkartheuser","twitter_misc":{"Verfasst von":"evelinkartheuser"},"schema":{"@context":"https:\/\/schema.org","@graph":[{"@type":"WebPage","@id":"https:\/\/www.naturparkmagazin.de\/nossentiner-schwinzer-heide\/vortrag-groenland-im-faltboot-zu-siedlungsplaetzen-der-wikinger-und-inuit-am-13-11\/","url":"https:\/\/www.naturparkmagazin.de\/nossentiner-schwinzer-heide\/vortrag-groenland-im-faltboot-zu-siedlungsplaetzen-der-wikinger-und-inuit-am-13-11\/","name":"Vortrag \"Gr\u00f6nland - Im Faltboot zu Siedlungspl\u00e4tzen der Wikinger und Inuit\" am 13.11. - Naturpark Nossentiner\/Schwinzer Heide","isPartOf":{"@id":"https:\/\/www.naturparkmagazin.de\/nossentiner-schwinzer-heide\/#website"},"datePublished":"2019-10-17T16:31:48+00:00","dateModified":"2019-10-28T12:33:02+00:00","author":{"@id":"https:\/\/www.naturparkmagazin.de\/nossentiner-schwinzer-heide\/#\/schema\/person\/6e5721221b13b6f827e696f29ff18008"},"breadcrumb":{"@id":"https:\/\/www.naturparkmagazin.de\/nossentiner-schwinzer-heide\/vortrag-groenland-im-faltboot-zu-siedlungsplaetzen-der-wikinger-und-inuit-am-13-11\/#breadcrumb"},"inLanguage":"de","potentialAction":[{"@type":"ReadAction","target":["https:\/\/www.naturparkmagazin.de\/nossentiner-schwinzer-heide\/vortrag-groenland-im-faltboot-zu-siedlungsplaetzen-der-wikinger-und-inuit-am-13-11\/"]}]},{"@type":"BreadcrumbList","@id":"https:\/\/www.naturparkmagazin.de\/nossentiner-schwinzer-heide\/vortrag-groenland-im-faltboot-zu-siedlungsplaetzen-der-wikinger-und-inuit-am-13-11\/#breadcrumb","itemListElement":[{"@type":"ListItem","position":1,"name":"Home","item":"https:\/\/www.naturparkmagazin.de\/nossentiner-schwinzer-heide\/"},{"@type":"ListItem","position":2,"name":"Vortrag &#8222;Gr\u00f6nland &#8211; Im Faltboot zu Siedlungspl\u00e4tzen der Wikinger und Inuit&#8220; am 13.11."}]},{"@type":"WebSite","@id":"https:\/\/www.naturparkmagazin.de\/nossentiner-schwinzer-heide\/#website","url":"https:\/\/www.naturparkmagazin.de\/nossentiner-schwinzer-heide\/","name":"Naturpark Nossentiner\/Schwinzer Heide","description":"","potentialAction":[{"@type":"SearchAction","target":{"@type":"EntryPoint","urlTemplate":"https:\/\/www.naturparkmagazin.de\/nossentiner-schwinzer-heide\/?s={search_term_string}"},"query-input":"required name=search_term_string"}],"inLanguage":"de"},{"@type":"Person","@id":"https:\/\/www.naturparkmagazin.de\/nossentiner-schwinzer-heide\/#\/schema\/person\/6e5721221b13b6f827e696f29ff18008","name":"evelinkartheuser","url":"https:\/\/www.naturparkmagazin.de\/nossentiner-schwinzer-heide\/author\/evelinkartheuser\/"}]}},"_links":{"self":[{"href":"https:\/\/www.naturparkmagazin.de\/nossentiner-schwinzer-heide\/wp-json\/wp\/v2\/posts\/2639"}],"collection":[{"href":"https:\/\/www.naturparkmagazin.de\/nossentiner-schwinzer-heide\/wp-json\/wp\/v2\/posts"}],"about":[{"href":"https:\/\/www.naturparkmagazin.de\/nossentiner-schwinzer-heide\/wp-json\/wp\/v2\/types\/post"}],"author":[{"embeddable":true,"href":"https:\/\/www.naturparkmagazin.de\/nossentiner-schwinzer-heide\/wp-json\/wp\/v2\/users\/84"}],"replies":[{"embeddable":true,"href":"https:\/\/www.naturparkmagazin.de\/nossentiner-schwinzer-heide\/wp-json\/wp\/v2\/comments?post=2639"}],"version-history":[{"count":3,"href":"https:\/\/www.naturparkmagazin.de\/nossentiner-schwinzer-heide\/wp-json\/wp\/v2\/posts\/2639\/revisions"}],"predecessor-version":[{"id":2645,"href":"https:\/\/www.naturparkmagazin.de\/nossentiner-schwinzer-heide\/wp-json\/wp\/v2\/posts\/2639\/revisions\/2645"}],"wp:featuredmedia":[{"embeddable":true,"href":"https:\/\/www.naturparkmagazin.de\/nossentiner-schwinzer-heide\/wp-json\/wp\/v2\/media\/2640"}],"wp:attachment":[{"href":"https:\/\/www.naturparkmagazin.de\/nossentiner-schwinzer-heide\/wp-json\/wp\/v2\/media?parent=2639"}],"wp:term":[{"taxonomy":"category","embeddable":true,"href":"https:\/\/www.naturparkmagazin.de\/nossentiner-schwinzer-heide\/wp-json\/wp\/v2\/categories?post=2639"},{"taxonomy":"post_tag","embeddable":true,"href":"https:\/\/www.naturparkmagazin.de\/nossentiner-schwinzer-heide\/wp-json\/wp\/v2\/tags?post=2639"}],"curies":[{"name":"wp","href":"https:\/\/api.w.org\/{rel}","templated":true}]}}