{"id":2653,"date":"2020-01-16T13:53:27","date_gmt":"2020-01-16T12:53:27","guid":{"rendered":"https:\/\/www.naturparkmagazin.de\/nossentiner-schwinzer-heide\/?p=2653"},"modified":"2020-03-16T13:52:45","modified_gmt":"2020-03-16T12:52:45","slug":"seminar-obstbaumveredelung-am-28-03-2020","status":"publish","type":"post","link":"https:\/\/www.naturparkmagazin.de\/nossentiner-schwinzer-heide\/seminar-obstbaumveredelung-am-28-03-2020\/","title":{"rendered":"Achtung abgesagt: Seminar Obstbaumveredelung am 28.03.2020"},"content":{"rendered":"<p><a href=\"https:\/\/www.naturparkmagazin.de\/nossentiner-schwinzer-heide\/wp-content\/uploads\/sites\/28\/P1030354.jpg\"><img decoding=\"async\" loading=\"lazy\" class=\"  wp-image-2661 alignright\" src=\"https:\/\/www.naturparkmagazin.de\/nossentiner-schwinzer-heide\/wp-content\/uploads\/sites\/28\/P1030354-620x465.jpg\" alt=\"P1030354\" width=\"247\" height=\"185\" srcset=\"https:\/\/www.naturparkmagazin.de\/nossentiner-schwinzer-heide\/wp-content\/uploads\/sites\/28\/P1030354-620x465.jpg 620w, https:\/\/www.naturparkmagazin.de\/nossentiner-schwinzer-heide\/wp-content\/uploads\/sites\/28\/P1030354-300x225.jpg 300w, https:\/\/www.naturparkmagazin.de\/nossentiner-schwinzer-heide\/wp-content\/uploads\/sites\/28\/P1030354-940x705.jpg 940w, https:\/\/www.naturparkmagazin.de\/nossentiner-schwinzer-heide\/wp-content\/uploads\/sites\/28\/P1030354-580x435.jpg 580w, https:\/\/www.naturparkmagazin.de\/nossentiner-schwinzer-heide\/wp-content\/uploads\/sites\/28\/P1030354-420x315.jpg 420w, https:\/\/www.naturparkmagazin.de\/nossentiner-schwinzer-heide\/wp-content\/uploads\/sites\/28\/P1030354-180x135.jpg 180w, https:\/\/www.naturparkmagazin.de\/nossentiner-schwinzer-heide\/wp-content\/uploads\/sites\/28\/P1030354-95x71.jpg 95w, https:\/\/www.naturparkmagazin.de\/nossentiner-schwinzer-heide\/wp-content\/uploads\/sites\/28\/P1030354-670x503.jpg 670w, https:\/\/www.naturparkmagazin.de\/nossentiner-schwinzer-heide\/wp-content\/uploads\/sites\/28\/P1030354-200x150.jpg 200w, https:\/\/www.naturparkmagazin.de\/nossentiner-schwinzer-heide\/wp-content\/uploads\/sites\/28\/P1030354.jpg 1280w\" sizes=\"(max-width: 247px) 100vw, 247px\" \/><\/a><\/p>\n<p><span style=\"color: #ff0000\">Update 16.3.2020: Aufgrund der aktuellen Ausbreitung der Atemwegserkrankung COVID-19 wird diese Veranstaltung abgesagt. <\/span><\/p>\n<p>Update 24.2.2020: Leider sind alle Pl\u00e4tze ausgebucht. Sie k\u00f6nnen sich aber f\u00fcr die Warteliste anmelden.<\/p>\n<p>Wo: Naturparkzentrum Karower Meiler, Ziegenhorn 1, 19395 Plau am See OT Karow<\/p>\n<p>Wann: 9 &#8211; 16 Uhr<\/p>\n<p>Den leckeren Apfel aus Omas Garten im eigenen Garten pflanzen? Einen Baum mit mehreren Sorten im Kleingarten haben oder einen Hochstamm als neuen Hofbaum und Schattenspender pflanzen? Mit der Technik der Obstbaum-Veredelung k\u00f6nnen solche Ideen wahr werden. Die Referenten R\u00fcdiger Brandt und Ronny M\u00fcller vermitteln in diesem Kurs\u00a0die Veredelungsmethode der Kopulation. Damit\u00a0lassen sich auch auf bereits gepflanzte B\u00e4ume Edelreiser verschiedener Sorten veredeln. Schon nach zwei bis drei Jahren kann an den neuen Zweigen Obst heranwachsen. So ist es auch m\u00f6glich, mehrere Sorten auf einen Baum zu bringen. Auf kleinstem Raum k\u00f6nnen auf diese Weise viele alte oder seltene Obstsorten erhalten werden. Auch k\u00f6nnen B\u00e4ume mit wenig schmackhaften Sorten auf diese Weise aufgewertet werden.<\/p>\n<div id=\"attachment_2660\" style=\"width: 260px\" class=\"wp-caption alignleft\"><a href=\"https:\/\/www.naturparkmagazin.de\/nossentiner-schwinzer-heide\/wp-content\/uploads\/sites\/28\/DSC01952_klein.jpg\"><img aria-describedby=\"caption-attachment-2660\" decoding=\"async\" loading=\"lazy\" class=\"wp-image-2660\" src=\"https:\/\/www.naturparkmagazin.de\/nossentiner-schwinzer-heide\/wp-content\/uploads\/sites\/28\/DSC01952_klein-620x827.jpg\" alt=\"DSC01952_klein\" width=\"250\" height=\"333\" srcset=\"https:\/\/www.naturparkmagazin.de\/nossentiner-schwinzer-heide\/wp-content\/uploads\/sites\/28\/DSC01952_klein-620x827.jpg 620w, https:\/\/www.naturparkmagazin.de\/nossentiner-schwinzer-heide\/wp-content\/uploads\/sites\/28\/DSC01952_klein-300x400.jpg 300w, https:\/\/www.naturparkmagazin.de\/nossentiner-schwinzer-heide\/wp-content\/uploads\/sites\/28\/DSC01952_klein-940x1253.jpg 940w, https:\/\/www.naturparkmagazin.de\/nossentiner-schwinzer-heide\/wp-content\/uploads\/sites\/28\/DSC01952_klein-500x667.jpg 500w, https:\/\/www.naturparkmagazin.de\/nossentiner-schwinzer-heide\/wp-content\/uploads\/sites\/28\/DSC01952_klein-420x560.jpg 420w, https:\/\/www.naturparkmagazin.de\/nossentiner-schwinzer-heide\/wp-content\/uploads\/sites\/28\/DSC01952_klein-135x180.jpg 135w, https:\/\/www.naturparkmagazin.de\/nossentiner-schwinzer-heide\/wp-content\/uploads\/sites\/28\/DSC01952_klein-53x71.jpg 53w, https:\/\/www.naturparkmagazin.de\/nossentiner-schwinzer-heide\/wp-content\/uploads\/sites\/28\/DSC01952_klein-670x893.jpg 670w, https:\/\/www.naturparkmagazin.de\/nossentiner-schwinzer-heide\/wp-content\/uploads\/sites\/28\/DSC01952_klein-200x267.jpg 200w, https:\/\/www.naturparkmagazin.de\/nossentiner-schwinzer-heide\/wp-content\/uploads\/sites\/28\/DSC01952_klein.jpg 972w\" sizes=\"(max-width: 250px) 100vw, 250px\" \/><\/a><p id=\"caption-attachment-2660\" class=\"wp-caption-text\">Referent R\u00fcdiger Brandt von der Fa. <a href=\"http:\/\/baum-garten.com\/\">Baumgarten<\/a><\/p><\/div>\n<p>Die Anlage von Mehrsortenb\u00e4umen wird in der Sortenerhalterpflanzung am Karower Meiler auch praktisch demonstriert. Dirk M\u00fcller wird Informationen zum Naturpark-Streuobstwiesenprojekt des Naturparks und dem Erhalternetzwerk Obstsortenvielfalt des Pomologen-Vereins geben.<\/p>\n<p>Zum \u00dcben der Veredelungs-Technik stellen die Teilnehmer unter Verwendung von einj\u00e4hrigen Apfel- und evtl. auch Birnenb\u00e4umchen (sog. Veredelungsunterlagen) und Edelreisern selbst pflanzfertige B\u00e4umchen her, die mit nach Hause genommen werden k\u00f6nnen. Edelreiser von teilweise \u00e4u\u00dferst seltenen alten Apfel- und einigen Birnensorten stehen zur Verf\u00fcgung.<\/p>\n<p>&nbsp;<\/p>\n<p>Bei Neupflanzungen sollten m\u00f6glichst gro\u00dfkronige Obstb\u00e4ume (Streuobst) gepflanzt werden, sofern ausreichend Standraum verf\u00fcgbar ist. Dies findet bereits bei der bereitgestellten Unterlagenauswahl Ber\u00fccksichtigung.<\/p>\n<p>Reisermaterial in einer Auswahl historischer Sorten wird gestellt. Bei Interesse k\u00f6nnen auch Edelreiser seltener Apfelsorten aus dem Erhalternetzwerk genutzt werden (3 \u20ac\/Reis). Diese m\u00fcssen bis Dezember bestellt werden.<\/p>\n<p>Reiser von Wunsch-Obstsorten k\u00f6nnen auch\u00a0mitgebracht werden. Diese m\u00fcssen noch in der Winterruhe geschnitten, k\u00fchl gelagert und vor Austrocknung gesch\u00fctzt werden. Gut geeignet sind einj\u00e4hrige Triebe mit vielen Knospen, die etwa Bleistift-stark sein sollten. Auf Wunsch versenden wir ein Merkblatt f\u00fcr den Reiser-Schnitt (bitte bei der Anmeldung angeben).<\/p>\n<div id=\"attachment_2356\" style=\"width: 630px\" class=\"wp-caption alignnone\"><a href=\"https:\/\/www.naturparkmagazin.de\/nossentiner-schwinzer-heide\/wp-content\/uploads\/sites\/28\/WP_20190330_14_53_07_Rich.jpg\"><img aria-describedby=\"caption-attachment-2356\" decoding=\"async\" loading=\"lazy\" class=\"wp-image-2356 size-medium\" src=\"https:\/\/www.naturparkmagazin.de\/nossentiner-schwinzer-heide\/wp-content\/uploads\/sites\/28\/WP_20190330_14_53_07_Rich-620x349.jpg\" alt=\"WP_20190330_14_53_07_Rich\" width=\"620\" height=\"349\" srcset=\"https:\/\/www.naturparkmagazin.de\/nossentiner-schwinzer-heide\/wp-content\/uploads\/sites\/28\/WP_20190330_14_53_07_Rich-620x349.jpg 620w, https:\/\/www.naturparkmagazin.de\/nossentiner-schwinzer-heide\/wp-content\/uploads\/sites\/28\/WP_20190330_14_53_07_Rich-300x169.jpg 300w, https:\/\/www.naturparkmagazin.de\/nossentiner-schwinzer-heide\/wp-content\/uploads\/sites\/28\/WP_20190330_14_53_07_Rich-940x529.jpg 940w, https:\/\/www.naturparkmagazin.de\/nossentiner-schwinzer-heide\/wp-content\/uploads\/sites\/28\/WP_20190330_14_53_07_Rich-670x377.jpg 670w, https:\/\/www.naturparkmagazin.de\/nossentiner-schwinzer-heide\/wp-content\/uploads\/sites\/28\/WP_20190330_14_53_07_Rich-200x113.jpg 200w, https:\/\/www.naturparkmagazin.de\/nossentiner-schwinzer-heide\/wp-content\/uploads\/sites\/28\/WP_20190330_14_53_07_Rich.jpg 1000w\" sizes=\"(max-width: 620px) 100vw, 620px\" \/><\/a><p id=\"caption-attachment-2356\" class=\"wp-caption-text\">Kronenveredelung auf einem Mehrsortenbaum am Erhalter-Standort Karower Meiler<\/p><\/div>\n<p>Informationen zur Anmeldung:<\/p>\n<p>Der Teilnehmerbeitrag betr\u00e4gt 28 \u20ac und beinhaltet Script, Veredelungsunterlagen, Kleinmaterial und Getr\u00e4nkepauschale.<\/p>\n<p><strong>Anmeldungen<\/strong> bitte bis zum <span style=\"color: #ff0000\"><strong>18.03.2020 <\/strong><\/span>per Email an <a href=\"mailto:info-nsh@lung.mv-regierung.de\">info-nsh@lung.mv-regierung.de<\/a>, Betreff \u201eAnmeldung Veredelungskurs\u201c.<\/p>\n<p>Bei der Anmeldung bitte unbedingt angeben:<\/p>\n<ul>\n<li>ob Mittagessen gew\u00fcnscht wird (zzgl. ca. 6-7 \u20ac). : ja\/nein\/vegetarisch<\/li>\n<li>ob Veredelung von Birnb\u00e4umchen gew\u00fcnscht wird, falls\u00a0ja: Anzahl<\/li>\n<li>ob Zusendung des Merkblatts f\u00fcr den Reiserschnitt per Email gew\u00fcnscht wird<\/li>\n<li>Bei Anmeldung im Dezember k\u00f6nnen Edelreiser von Wunsch-Obstsorten \u00fcber den Pomologenverein bestellt werden, bitte bis Dezember anmelden (Preis 3\u20ac pro Reis).<\/li>\n<\/ul>\n<p>Erst mit der <strong>\u00dcberweisung von <span style=\"color: #ff0000\">28,- \u20ac<\/span> Teilnehmerbetrag bis zum <span style=\"color: #ff0000\">23.03.2020<\/span><\/strong> gilt Ihre Anmeldung als best\u00e4tigt. Nicht bezahlte Anmeldungen werden erneut vergeben. (Eine R\u00fcckerstattung ist nur m\u00f6glich, wenn der Teilnehmerplatz anderweitig vergeben werden kann.)<\/p>\n<p>Kontoverbindung f\u00fcr die Anmeldung:<\/p>\n<ul>\n<li style=\"padding-left: 30px\">Empf\u00e4nger: F\u00f6rderverein Naturpark Nossentiner\/Schwinzer Heide<\/li>\n<li style=\"padding-left: 30px\">BIC: NOLADE21PCH<\/li>\n<li style=\"padding-left: 30px\">IBAN\u00a0: DE06 140513621320001013<\/li>\n<li style=\"padding-left: 30px\">Verwendungszweck\u00a0: Name + Veredelungskurs<\/li>\n<\/ul>\n<p>Werkzeug, sofern bereits vorhanden \u2013 bitte mitbringen:<\/p>\n<ul>\n<li>einseitig geschliffenes Veredlungsmesser, Sch\u00e4rfstein<\/li>\n<li>Handschere<\/li>\n<li>gut sitzende Leder-Arbeitshandschuhe oder Schnittschutzhandschuhe<\/li>\n<li>ggf. eigene Edelreiser<\/li>\n<\/ul>\n<div id=\"attachment_2664\" style=\"width: 633px\" class=\"wp-caption alignnone\"><a href=\"https:\/\/www.naturparkmagazin.de\/nossentiner-schwinzer-heide\/wp-content\/uploads\/sites\/28\/P1080609.jpg\"><img aria-describedby=\"caption-attachment-2664\" decoding=\"async\" loading=\"lazy\" class=\"wp-image-2664 \" src=\"https:\/\/www.naturparkmagazin.de\/nossentiner-schwinzer-heide\/wp-content\/uploads\/sites\/28\/P1080609-620x465.jpg\" alt=\"P1080609\" width=\"623\" height=\"467\" srcset=\"https:\/\/www.naturparkmagazin.de\/nossentiner-schwinzer-heide\/wp-content\/uploads\/sites\/28\/P1080609-620x465.jpg 620w, https:\/\/www.naturparkmagazin.de\/nossentiner-schwinzer-heide\/wp-content\/uploads\/sites\/28\/P1080609-300x225.jpg 300w, https:\/\/www.naturparkmagazin.de\/nossentiner-schwinzer-heide\/wp-content\/uploads\/sites\/28\/P1080609-940x705.jpg 940w, https:\/\/www.naturparkmagazin.de\/nossentiner-schwinzer-heide\/wp-content\/uploads\/sites\/28\/P1080609-580x435.jpg 580w, https:\/\/www.naturparkmagazin.de\/nossentiner-schwinzer-heide\/wp-content\/uploads\/sites\/28\/P1080609-420x315.jpg 420w, https:\/\/www.naturparkmagazin.de\/nossentiner-schwinzer-heide\/wp-content\/uploads\/sites\/28\/P1080609-180x135.jpg 180w, https:\/\/www.naturparkmagazin.de\/nossentiner-schwinzer-heide\/wp-content\/uploads\/sites\/28\/P1080609-95x71.jpg 95w, https:\/\/www.naturparkmagazin.de\/nossentiner-schwinzer-heide\/wp-content\/uploads\/sites\/28\/P1080609-670x503.jpg 670w, https:\/\/www.naturparkmagazin.de\/nossentiner-schwinzer-heide\/wp-content\/uploads\/sites\/28\/P1080609-200x150.jpg 200w, https:\/\/www.naturparkmagazin.de\/nossentiner-schwinzer-heide\/wp-content\/uploads\/sites\/28\/P1080609.jpg 1280w\" sizes=\"(max-width: 623px) 100vw, 623px\" \/><\/a><p id=\"caption-attachment-2664\" class=\"wp-caption-text\">Eine alte Streuobstwiese ist Biotop und Augenweide zugleich.<\/p><\/div>\n<p>&nbsp;<\/p>\n<p>&nbsp;<\/p>\n","protected":false},"excerpt":{"rendered":"<p>Aufgrund der aktuellen Ausbreitung der Atemwegserkrankung COVID-19 wird diese Veranstaltung abgesagt. <\/p>\n","protected":false},"author":84,"featured_media":2661,"comment_status":"open","ping_status":"open","sticky":false,"template":"","format":"standard","meta":[],"categories":[11],"tags":[],"yoast_head":"<!-- This site is optimized with the Yoast SEO plugin v19.10 - https:\/\/yoast.com\/wordpress\/plugins\/seo\/ -->\n<title>Achtung abgesagt: Seminar Obstbaumveredelung am 28.03.2020 - Naturpark Nossentiner\/Schwinzer Heide<\/title>\n<meta name=\"robots\" content=\"index, follow, max-snippet:-1, max-image-preview:large, max-video-preview:-1\" \/>\n<link rel=\"canonical\" href=\"https:\/\/www.naturparkmagazin.de\/nossentiner-schwinzer-heide\/seminar-obstbaumveredelung-am-28-03-2020\/\" \/>\n<meta property=\"og:locale\" content=\"de_DE\" \/>\n<meta property=\"og:type\" content=\"article\" \/>\n<meta property=\"og:title\" content=\"Achtung abgesagt: Seminar Obstbaumveredelung am 28.03.2020 - Naturpark Nossentiner\/Schwinzer Heide\" \/>\n<meta property=\"og:description\" content=\"Aufgrund der aktuellen Ausbreitung der Atemwegserkrankung COVID-19 wird diese Veranstaltung abgesagt.\" \/>\n<meta property=\"og:url\" content=\"https:\/\/www.naturparkmagazin.de\/nossentiner-schwinzer-heide\/seminar-obstbaumveredelung-am-28-03-2020\/\" \/>\n<meta property=\"og:site_name\" content=\"Naturpark Nossentiner\/Schwinzer Heide\" \/>\n<meta property=\"article:published_time\" content=\"2020-01-16T12:53:27+00:00\" \/>\n<meta property=\"article:modified_time\" content=\"2020-03-16T12:52:45+00:00\" \/>\n<meta property=\"og:image\" content=\"https:\/\/www.naturparkmagazin.de\/nossentiner-schwinzer-heide\/wp-content\/uploads\/sites\/28\/P1030354.jpg\" \/>\n\t<meta property=\"og:image:width\" content=\"1280\" \/>\n\t<meta property=\"og:image:height\" content=\"960\" \/>\n\t<meta property=\"og:image:type\" content=\"image\/jpeg\" \/>\n<meta name=\"author\" content=\"evelinkartheuser\" \/>\n<meta name=\"twitter:label1\" content=\"Verfasst von\" \/>\n\t<meta name=\"twitter:data1\" content=\"evelinkartheuser\" \/>\n\t<meta name=\"twitter:label2\" content=\"Gesch\u00e4tzte Lesezeit\" \/>\n\t<meta name=\"twitter:data2\" content=\"3\u00a0Minuten\" \/>\n<script type=\"application\/ld+json\" class=\"yoast-schema-graph\">{\"@context\":\"https:\/\/schema.org\",\"@graph\":[{\"@type\":\"WebPage\",\"@id\":\"https:\/\/www.naturparkmagazin.de\/nossentiner-schwinzer-heide\/seminar-obstbaumveredelung-am-28-03-2020\/\",\"url\":\"https:\/\/www.naturparkmagazin.de\/nossentiner-schwinzer-heide\/seminar-obstbaumveredelung-am-28-03-2020\/\",\"name\":\"Achtung abgesagt: Seminar Obstbaumveredelung am 28.03.2020 - Naturpark Nossentiner\/Schwinzer Heide\",\"isPartOf\":{\"@id\":\"https:\/\/www.naturparkmagazin.de\/nossentiner-schwinzer-heide\/#website\"},\"datePublished\":\"2020-01-16T12:53:27+00:00\",\"dateModified\":\"2020-03-16T12:52:45+00:00\",\"author\":{\"@id\":\"https:\/\/www.naturparkmagazin.de\/nossentiner-schwinzer-heide\/#\/schema\/person\/6e5721221b13b6f827e696f29ff18008\"},\"breadcrumb\":{\"@id\":\"https:\/\/www.naturparkmagazin.de\/nossentiner-schwinzer-heide\/seminar-obstbaumveredelung-am-28-03-2020\/#breadcrumb\"},\"inLanguage\":\"de\",\"potentialAction\":[{\"@type\":\"ReadAction\",\"target\":[\"https:\/\/www.naturparkmagazin.de\/nossentiner-schwinzer-heide\/seminar-obstbaumveredelung-am-28-03-2020\/\"]}]},{\"@type\":\"BreadcrumbList\",\"@id\":\"https:\/\/www.naturparkmagazin.de\/nossentiner-schwinzer-heide\/seminar-obstbaumveredelung-am-28-03-2020\/#breadcrumb\",\"itemListElement\":[{\"@type\":\"ListItem\",\"position\":1,\"name\":\"Home\",\"item\":\"https:\/\/www.naturparkmagazin.de\/nossentiner-schwinzer-heide\/\"},{\"@type\":\"ListItem\",\"position\":2,\"name\":\"Achtung abgesagt: Seminar Obstbaumveredelung am 28.03.2020\"}]},{\"@type\":\"WebSite\",\"@id\":\"https:\/\/www.naturparkmagazin.de\/nossentiner-schwinzer-heide\/#website\",\"url\":\"https:\/\/www.naturparkmagazin.de\/nossentiner-schwinzer-heide\/\",\"name\":\"Naturpark Nossentiner\/Schwinzer Heide\",\"description\":\"\",\"potentialAction\":[{\"@type\":\"SearchAction\",\"target\":{\"@type\":\"EntryPoint\",\"urlTemplate\":\"https:\/\/www.naturparkmagazin.de\/nossentiner-schwinzer-heide\/?s={search_term_string}\"},\"query-input\":\"required name=search_term_string\"}],\"inLanguage\":\"de\"},{\"@type\":\"Person\",\"@id\":\"https:\/\/www.naturparkmagazin.de\/nossentiner-schwinzer-heide\/#\/schema\/person\/6e5721221b13b6f827e696f29ff18008\",\"name\":\"evelinkartheuser\",\"url\":\"https:\/\/www.naturparkmagazin.de\/nossentiner-schwinzer-heide\/author\/evelinkartheuser\/\"}]}<\/script>\n<!-- \/ Yoast SEO plugin. -->","yoast_head_json":{"title":"Achtung abgesagt: Seminar Obstbaumveredelung am 28.03.2020 - Naturpark Nossentiner\/Schwinzer Heide","robots":{"index":"index","follow":"follow","max-snippet":"max-snippet:-1","max-image-preview":"max-image-preview:large","max-video-preview":"max-video-preview:-1"},"canonical":"https:\/\/www.naturparkmagazin.de\/nossentiner-schwinzer-heide\/seminar-obstbaumveredelung-am-28-03-2020\/","og_locale":"de_DE","og_type":"article","og_title":"Achtung abgesagt: Seminar Obstbaumveredelung am 28.03.2020 - Naturpark Nossentiner\/Schwinzer Heide","og_description":"Aufgrund der aktuellen Ausbreitung der Atemwegserkrankung COVID-19 wird diese Veranstaltung abgesagt.","og_url":"https:\/\/www.naturparkmagazin.de\/nossentiner-schwinzer-heide\/seminar-obstbaumveredelung-am-28-03-2020\/","og_site_name":"Naturpark Nossentiner\/Schwinzer Heide","article_published_time":"2020-01-16T12:53:27+00:00","article_modified_time":"2020-03-16T12:52:45+00:00","og_image":[{"width":1280,"height":960,"url":"https:\/\/www.naturparkmagazin.de\/nossentiner-schwinzer-heide\/wp-content\/uploads\/sites\/28\/P1030354.jpg","type":"image\/jpeg"}],"author":"evelinkartheuser","twitter_misc":{"Verfasst von":"evelinkartheuser","Gesch\u00e4tzte Lesezeit":"3\u00a0Minuten"},"schema":{"@context":"https:\/\/schema.org","@graph":[{"@type":"WebPage","@id":"https:\/\/www.naturparkmagazin.de\/nossentiner-schwinzer-heide\/seminar-obstbaumveredelung-am-28-03-2020\/","url":"https:\/\/www.naturparkmagazin.de\/nossentiner-schwinzer-heide\/seminar-obstbaumveredelung-am-28-03-2020\/","name":"Achtung abgesagt: Seminar Obstbaumveredelung am 28.03.2020 - Naturpark Nossentiner\/Schwinzer Heide","isPartOf":{"@id":"https:\/\/www.naturparkmagazin.de\/nossentiner-schwinzer-heide\/#website"},"datePublished":"2020-01-16T12:53:27+00:00","dateModified":"2020-03-16T12:52:45+00:00","author":{"@id":"https:\/\/www.naturparkmagazin.de\/nossentiner-schwinzer-heide\/#\/schema\/person\/6e5721221b13b6f827e696f29ff18008"},"breadcrumb":{"@id":"https:\/\/www.naturparkmagazin.de\/nossentiner-schwinzer-heide\/seminar-obstbaumveredelung-am-28-03-2020\/#breadcrumb"},"inLanguage":"de","potentialAction":[{"@type":"ReadAction","target":["https:\/\/www.naturparkmagazin.de\/nossentiner-schwinzer-heide\/seminar-obstbaumveredelung-am-28-03-2020\/"]}]},{"@type":"BreadcrumbList","@id":"https:\/\/www.naturparkmagazin.de\/nossentiner-schwinzer-heide\/seminar-obstbaumveredelung-am-28-03-2020\/#breadcrumb","itemListElement":[{"@type":"ListItem","position":1,"name":"Home","item":"https:\/\/www.naturparkmagazin.de\/nossentiner-schwinzer-heide\/"},{"@type":"ListItem","position":2,"name":"Achtung abgesagt: Seminar Obstbaumveredelung am 28.03.2020"}]},{"@type":"WebSite","@id":"https:\/\/www.naturparkmagazin.de\/nossentiner-schwinzer-heide\/#website","url":"https:\/\/www.naturparkmagazin.de\/nossentiner-schwinzer-heide\/","name":"Naturpark Nossentiner\/Schwinzer Heide","description":"","potentialAction":[{"@type":"SearchAction","target":{"@type":"EntryPoint","urlTemplate":"https:\/\/www.naturparkmagazin.de\/nossentiner-schwinzer-heide\/?s={search_term_string}"},"query-input":"required name=search_term_string"}],"inLanguage":"de"},{"@type":"Person","@id":"https:\/\/www.naturparkmagazin.de\/nossentiner-schwinzer-heide\/#\/schema\/person\/6e5721221b13b6f827e696f29ff18008","name":"evelinkartheuser","url":"https:\/\/www.naturparkmagazin.de\/nossentiner-schwinzer-heide\/author\/evelinkartheuser\/"}]}},"_links":{"self":[{"href":"https:\/\/www.naturparkmagazin.de\/nossentiner-schwinzer-heide\/wp-json\/wp\/v2\/posts\/2653"}],"collection":[{"href":"https:\/\/www.naturparkmagazin.de\/nossentiner-schwinzer-heide\/wp-json\/wp\/v2\/posts"}],"about":[{"href":"https:\/\/www.naturparkmagazin.de\/nossentiner-schwinzer-heide\/wp-json\/wp\/v2\/types\/post"}],"author":[{"embeddable":true,"href":"https:\/\/www.naturparkmagazin.de\/nossentiner-schwinzer-heide\/wp-json\/wp\/v2\/users\/84"}],"replies":[{"embeddable":true,"href":"https:\/\/www.naturparkmagazin.de\/nossentiner-schwinzer-heide\/wp-json\/wp\/v2\/comments?post=2653"}],"version-history":[{"count":22,"href":"https:\/\/www.naturparkmagazin.de\/nossentiner-schwinzer-heide\/wp-json\/wp\/v2\/posts\/2653\/revisions"}],"predecessor-version":[{"id":2811,"href":"https:\/\/www.naturparkmagazin.de\/nossentiner-schwinzer-heide\/wp-json\/wp\/v2\/posts\/2653\/revisions\/2811"}],"wp:featuredmedia":[{"embeddable":true,"href":"https:\/\/www.naturparkmagazin.de\/nossentiner-schwinzer-heide\/wp-json\/wp\/v2\/media\/2661"}],"wp:attachment":[{"href":"https:\/\/www.naturparkmagazin.de\/nossentiner-schwinzer-heide\/wp-json\/wp\/v2\/media?parent=2653"}],"wp:term":[{"taxonomy":"category","embeddable":true,"href":"https:\/\/www.naturparkmagazin.de\/nossentiner-schwinzer-heide\/wp-json\/wp\/v2\/categories?post=2653"},{"taxonomy":"post_tag","embeddable":true,"href":"https:\/\/www.naturparkmagazin.de\/nossentiner-schwinzer-heide\/wp-json\/wp\/v2\/tags?post=2653"}],"curies":[{"name":"wp","href":"https:\/\/api.w.org\/{rel}","templated":true}]}}