{"id":2702,"date":"2019-11-14T09:01:23","date_gmt":"2019-11-14T08:01:23","guid":{"rendered":"https:\/\/www.naturparkmagazin.de\/nossentiner-schwinzer-heide\/?p=2702"},"modified":"2019-11-27T09:07:27","modified_gmt":"2019-11-27T08:07:27","slug":"foerderverein-des-naturparks-gewinnt-nue-umweltpreis-2019","status":"publish","type":"post","link":"https:\/\/www.naturparkmagazin.de\/nossentiner-schwinzer-heide\/foerderverein-des-naturparks-gewinnt-nue-umweltpreis-2019\/","title":{"rendered":"F\u00f6rderverein des Naturparks gewinnt NUE-Umweltpreis 2019"},"content":{"rendered":"<h3>20 Jahre NUE- Festakt auf Schlo\u00df Willigrad- Ein Gl\u00fcckstag f\u00fcr den F\u00f6rderverein<\/h3>\n<p>Ohne die Unterst\u00fctzung der Norddeutschen Stiftung f\u00fcr Umwelt und Entwicklung (NUE), w\u00fcrden viele Projekte des F\u00f6rdervereins im Naturpark Nossentiner\/Schwinzer Heide nicht umgesetzt werden k\u00f6nnen. Von der F\u00f6rderung aus den Mitteln der BINGO- Lotterie profitierten in der Vergangenheit die Naturlernorte und die Umweltbildung im Naturpark. Die Arbeit der drei Juniorranger- Gruppen wurde ebenso unterst\u00fctzt, wie Projekte zur Anlage von Streuobstwiesen und zum Aufbau des Netzwerkes Sternenpark. Dass anl\u00e4sslich des 20-j\u00e4hrigen Bestehens der NUE f\u00fcr den 12. September eine Einladung auf Schlo\u00df Willigrad an den F\u00f6rderverein erfolgte, verstanden wir als Anerkennung langj\u00e4hriger, vertrauensvoller Zusammenarbeit.<\/p>\n<p>Die \u00dcberraschung war umso gr\u00f6\u00dfer, als wir uns an diesem Tag im Kreis der Ausgezeichneten wiederfanden. Die Stiftung verlieh dem F\u00f6rderverein des Naturpark Nossentiner\/Schwinzer Heide e.V. den NUE-Preis Umwelt Mecklenburg-Vorpommern 2019 f\u00fcr das Projekt \u201eSchutz der Dunkelheit der Nacht\u201c.<\/p>\n<p>Es hat uns sehr geehrt, dass die Laudatio durch den Wissenschaftler, Biologen und leidenschaftlichen Natursch\u00fctzer Prof. Michael Succow gehalten wurde. Die in Verbindung mit dem Preis ausgereichten 4.000,00 \u20ac, sind in einem F\u00f6rderverein nat\u00fcrlich h\u00f6chst willkommen.<\/p>\n<p>&nbsp;<\/p>\n<p>Kerstin Breuer, Gesch\u00e4ftsf\u00fchrerin des F\u00f6rdervereins Naturpark Nossentiner\/Schwinzer Heide e.V.<\/p>\n<p><a href=\"https:\/\/www.naturparkmagazin.de\/nossentiner-schwinzer-heide\/wp-content\/uploads\/sites\/28\/NUE_20Jahre2.jpg\"><img decoding=\"async\" loading=\"lazy\" class=\"alignnone size-medium wp-image-2704\" src=\"https:\/\/www.naturparkmagazin.de\/nossentiner-schwinzer-heide\/wp-content\/uploads\/sites\/28\/NUE_20Jahre2-620x433.jpg\" alt=\"NUE_20Jahre2\" width=\"620\" height=\"433\" srcset=\"https:\/\/www.naturparkmagazin.de\/nossentiner-schwinzer-heide\/wp-content\/uploads\/sites\/28\/NUE_20Jahre2-620x433.jpg 620w, https:\/\/www.naturparkmagazin.de\/nossentiner-schwinzer-heide\/wp-content\/uploads\/sites\/28\/NUE_20Jahre2-300x209.jpg 300w, https:\/\/www.naturparkmagazin.de\/nossentiner-schwinzer-heide\/wp-content\/uploads\/sites\/28\/NUE_20Jahre2-940x656.jpg 940w, https:\/\/www.naturparkmagazin.de\/nossentiner-schwinzer-heide\/wp-content\/uploads\/sites\/28\/NUE_20Jahre2-670x468.jpg 670w, https:\/\/www.naturparkmagazin.de\/nossentiner-schwinzer-heide\/wp-content\/uploads\/sites\/28\/NUE_20Jahre2-200x140.jpg 200w\" sizes=\"(max-width: 620px) 100vw, 620px\" \/><\/a><\/p>\n","protected":false},"excerpt":{"rendered":"<p>Am 12. September 2019 feierte die Norddeutsche Stiftung f\u00fcr Umwelt und Entwicklung (NUE) ihr 20-j\u00e4hriges Bestehen. Zu diesem Anlass wurde der F\u00f6rderverein Naturpark Nossentiner\/Schwinzer Heide e.V. mit dem NUE-Preis Umwelt Mecklenburg-Vorpommern 2019 f\u00fcr das Projekt \u201eSchutz der Dunkelheit der Nacht\u201c geehrt.<\/p>\n","protected":false},"author":84,"featured_media":2704,"comment_status":"open","ping_status":"open","sticky":false,"template":"","format":"standard","meta":[],"categories":[7],"tags":[],"yoast_head":"<!-- This site is optimized with the Yoast SEO plugin v19.10 - https:\/\/yoast.com\/wordpress\/plugins\/seo\/ -->\n<title>F\u00f6rderverein des Naturparks gewinnt NUE-Umweltpreis 2019 - Naturpark Nossentiner\/Schwinzer Heide<\/title>\n<meta name=\"robots\" content=\"index, follow, max-snippet:-1, max-image-preview:large, max-video-preview:-1\" \/>\n<link rel=\"canonical\" href=\"https:\/\/www.naturparkmagazin.de\/nossentiner-schwinzer-heide\/foerderverein-des-naturparks-gewinnt-nue-umweltpreis-2019\/\" \/>\n<meta property=\"og:locale\" content=\"de_DE\" \/>\n<meta property=\"og:type\" content=\"article\" \/>\n<meta property=\"og:title\" content=\"F\u00f6rderverein des Naturparks gewinnt NUE-Umweltpreis 2019 - Naturpark Nossentiner\/Schwinzer Heide\" \/>\n<meta property=\"og:description\" content=\"Am 12. September 2019 feierte die Norddeutsche Stiftung f\u00fcr Umwelt und Entwicklung (NUE) ihr 20-j\u00e4hriges Bestehen. Zu diesem Anlass wurde der F\u00f6rderverein Naturpark Nossentiner\/Schwinzer Heide e.V. mit dem NUE-Preis Umwelt Mecklenburg-Vorpommern 2019 f\u00fcr das Projekt \u201eSchutz der Dunkelheit der Nacht\u201c geehrt.\" \/>\n<meta property=\"og:url\" content=\"https:\/\/www.naturparkmagazin.de\/nossentiner-schwinzer-heide\/foerderverein-des-naturparks-gewinnt-nue-umweltpreis-2019\/\" \/>\n<meta property=\"og:site_name\" content=\"Naturpark Nossentiner\/Schwinzer Heide\" \/>\n<meta property=\"article:published_time\" content=\"2019-11-14T08:01:23+00:00\" \/>\n<meta property=\"article:modified_time\" content=\"2019-11-27T08:07:27+00:00\" \/>\n<meta property=\"og:image\" content=\"https:\/\/www.naturparkmagazin.de\/nossentiner-schwinzer-heide\/wp-content\/uploads\/sites\/28\/NUE_20Jahre2.jpg\" \/>\n\t<meta property=\"og:image:width\" content=\"2927\" \/>\n\t<meta property=\"og:image:height\" content=\"2044\" \/>\n\t<meta property=\"og:image:type\" content=\"image\/jpeg\" \/>\n<meta name=\"author\" content=\"evelinkartheuser\" \/>\n<meta name=\"twitter:label1\" content=\"Verfasst von\" \/>\n\t<meta name=\"twitter:data1\" content=\"evelinkartheuser\" \/>\n\t<meta name=\"twitter:label2\" content=\"Gesch\u00e4tzte Lesezeit\" \/>\n\t<meta name=\"twitter:data2\" content=\"1\u00a0Minute\" \/>\n<script type=\"application\/ld+json\" class=\"yoast-schema-graph\">{\"@context\":\"https:\/\/schema.org\",\"@graph\":[{\"@type\":\"WebPage\",\"@id\":\"https:\/\/www.naturparkmagazin.de\/nossentiner-schwinzer-heide\/foerderverein-des-naturparks-gewinnt-nue-umweltpreis-2019\/\",\"url\":\"https:\/\/www.naturparkmagazin.de\/nossentiner-schwinzer-heide\/foerderverein-des-naturparks-gewinnt-nue-umweltpreis-2019\/\",\"name\":\"F\u00f6rderverein des Naturparks gewinnt NUE-Umweltpreis 2019 - Naturpark Nossentiner\/Schwinzer Heide\",\"isPartOf\":{\"@id\":\"https:\/\/www.naturparkmagazin.de\/nossentiner-schwinzer-heide\/#website\"},\"datePublished\":\"2019-11-14T08:01:23+00:00\",\"dateModified\":\"2019-11-27T08:07:27+00:00\",\"author\":{\"@id\":\"https:\/\/www.naturparkmagazin.de\/nossentiner-schwinzer-heide\/#\/schema\/person\/6e5721221b13b6f827e696f29ff18008\"},\"breadcrumb\":{\"@id\":\"https:\/\/www.naturparkmagazin.de\/nossentiner-schwinzer-heide\/foerderverein-des-naturparks-gewinnt-nue-umweltpreis-2019\/#breadcrumb\"},\"inLanguage\":\"de\",\"potentialAction\":[{\"@type\":\"ReadAction\",\"target\":[\"https:\/\/www.naturparkmagazin.de\/nossentiner-schwinzer-heide\/foerderverein-des-naturparks-gewinnt-nue-umweltpreis-2019\/\"]}]},{\"@type\":\"BreadcrumbList\",\"@id\":\"https:\/\/www.naturparkmagazin.de\/nossentiner-schwinzer-heide\/foerderverein-des-naturparks-gewinnt-nue-umweltpreis-2019\/#breadcrumb\",\"itemListElement\":[{\"@type\":\"ListItem\",\"position\":1,\"name\":\"Home\",\"item\":\"https:\/\/www.naturparkmagazin.de\/nossentiner-schwinzer-heide\/\"},{\"@type\":\"ListItem\",\"position\":2,\"name\":\"F\u00f6rderverein des Naturparks gewinnt NUE-Umweltpreis 2019\"}]},{\"@type\":\"WebSite\",\"@id\":\"https:\/\/www.naturparkmagazin.de\/nossentiner-schwinzer-heide\/#website\",\"url\":\"https:\/\/www.naturparkmagazin.de\/nossentiner-schwinzer-heide\/\",\"name\":\"Naturpark Nossentiner\/Schwinzer Heide\",\"description\":\"\",\"potentialAction\":[{\"@type\":\"SearchAction\",\"target\":{\"@type\":\"EntryPoint\",\"urlTemplate\":\"https:\/\/www.naturparkmagazin.de\/nossentiner-schwinzer-heide\/?s={search_term_string}\"},\"query-input\":\"required name=search_term_string\"}],\"inLanguage\":\"de\"},{\"@type\":\"Person\",\"@id\":\"https:\/\/www.naturparkmagazin.de\/nossentiner-schwinzer-heide\/#\/schema\/person\/6e5721221b13b6f827e696f29ff18008\",\"name\":\"evelinkartheuser\",\"url\":\"https:\/\/www.naturparkmagazin.de\/nossentiner-schwinzer-heide\/author\/evelinkartheuser\/\"}]}<\/script>\n<!-- \/ Yoast SEO plugin. -->","yoast_head_json":{"title":"F\u00f6rderverein des Naturparks gewinnt NUE-Umweltpreis 2019 - Naturpark Nossentiner\/Schwinzer Heide","robots":{"index":"index","follow":"follow","max-snippet":"max-snippet:-1","max-image-preview":"max-image-preview:large","max-video-preview":"max-video-preview:-1"},"canonical":"https:\/\/www.naturparkmagazin.de\/nossentiner-schwinzer-heide\/foerderverein-des-naturparks-gewinnt-nue-umweltpreis-2019\/","og_locale":"de_DE","og_type":"article","og_title":"F\u00f6rderverein des Naturparks gewinnt NUE-Umweltpreis 2019 - Naturpark Nossentiner\/Schwinzer Heide","og_description":"Am 12. September 2019 feierte die Norddeutsche Stiftung f\u00fcr Umwelt und Entwicklung (NUE) ihr 20-j\u00e4hriges Bestehen. Zu diesem Anlass wurde der F\u00f6rderverein Naturpark Nossentiner\/Schwinzer Heide e.V. mit dem NUE-Preis Umwelt Mecklenburg-Vorpommern 2019 f\u00fcr das Projekt \u201eSchutz der Dunkelheit der Nacht\u201c geehrt.","og_url":"https:\/\/www.naturparkmagazin.de\/nossentiner-schwinzer-heide\/foerderverein-des-naturparks-gewinnt-nue-umweltpreis-2019\/","og_site_name":"Naturpark Nossentiner\/Schwinzer Heide","article_published_time":"2019-11-14T08:01:23+00:00","article_modified_time":"2019-11-27T08:07:27+00:00","og_image":[{"width":2927,"height":2044,"url":"https:\/\/www.naturparkmagazin.de\/nossentiner-schwinzer-heide\/wp-content\/uploads\/sites\/28\/NUE_20Jahre2.jpg","type":"image\/jpeg"}],"author":"evelinkartheuser","twitter_misc":{"Verfasst von":"evelinkartheuser","Gesch\u00e4tzte Lesezeit":"1\u00a0Minute"},"schema":{"@context":"https:\/\/schema.org","@graph":[{"@type":"WebPage","@id":"https:\/\/www.naturparkmagazin.de\/nossentiner-schwinzer-heide\/foerderverein-des-naturparks-gewinnt-nue-umweltpreis-2019\/","url":"https:\/\/www.naturparkmagazin.de\/nossentiner-schwinzer-heide\/foerderverein-des-naturparks-gewinnt-nue-umweltpreis-2019\/","name":"F\u00f6rderverein des Naturparks gewinnt NUE-Umweltpreis 2019 - Naturpark Nossentiner\/Schwinzer Heide","isPartOf":{"@id":"https:\/\/www.naturparkmagazin.de\/nossentiner-schwinzer-heide\/#website"},"datePublished":"2019-11-14T08:01:23+00:00","dateModified":"2019-11-27T08:07:27+00:00","author":{"@id":"https:\/\/www.naturparkmagazin.de\/nossentiner-schwinzer-heide\/#\/schema\/person\/6e5721221b13b6f827e696f29ff18008"},"breadcrumb":{"@id":"https:\/\/www.naturparkmagazin.de\/nossentiner-schwinzer-heide\/foerderverein-des-naturparks-gewinnt-nue-umweltpreis-2019\/#breadcrumb"},"inLanguage":"de","potentialAction":[{"@type":"ReadAction","target":["https:\/\/www.naturparkmagazin.de\/nossentiner-schwinzer-heide\/foerderverein-des-naturparks-gewinnt-nue-umweltpreis-2019\/"]}]},{"@type":"BreadcrumbList","@id":"https:\/\/www.naturparkmagazin.de\/nossentiner-schwinzer-heide\/foerderverein-des-naturparks-gewinnt-nue-umweltpreis-2019\/#breadcrumb","itemListElement":[{"@type":"ListItem","position":1,"name":"Home","item":"https:\/\/www.naturparkmagazin.de\/nossentiner-schwinzer-heide\/"},{"@type":"ListItem","position":2,"name":"F\u00f6rderverein des Naturparks gewinnt NUE-Umweltpreis 2019"}]},{"@type":"WebSite","@id":"https:\/\/www.naturparkmagazin.de\/nossentiner-schwinzer-heide\/#website","url":"https:\/\/www.naturparkmagazin.de\/nossentiner-schwinzer-heide\/","name":"Naturpark Nossentiner\/Schwinzer Heide","description":"","potentialAction":[{"@type":"SearchAction","target":{"@type":"EntryPoint","urlTemplate":"https:\/\/www.naturparkmagazin.de\/nossentiner-schwinzer-heide\/?s={search_term_string}"},"query-input":"required name=search_term_string"}],"inLanguage":"de"},{"@type":"Person","@id":"https:\/\/www.naturparkmagazin.de\/nossentiner-schwinzer-heide\/#\/schema\/person\/6e5721221b13b6f827e696f29ff18008","name":"evelinkartheuser","url":"https:\/\/www.naturparkmagazin.de\/nossentiner-schwinzer-heide\/author\/evelinkartheuser\/"}]}},"_links":{"self":[{"href":"https:\/\/www.naturparkmagazin.de\/nossentiner-schwinzer-heide\/wp-json\/wp\/v2\/posts\/2702"}],"collection":[{"href":"https:\/\/www.naturparkmagazin.de\/nossentiner-schwinzer-heide\/wp-json\/wp\/v2\/posts"}],"about":[{"href":"https:\/\/www.naturparkmagazin.de\/nossentiner-schwinzer-heide\/wp-json\/wp\/v2\/types\/post"}],"author":[{"embeddable":true,"href":"https:\/\/www.naturparkmagazin.de\/nossentiner-schwinzer-heide\/wp-json\/wp\/v2\/users\/84"}],"replies":[{"embeddable":true,"href":"https:\/\/www.naturparkmagazin.de\/nossentiner-schwinzer-heide\/wp-json\/wp\/v2\/comments?post=2702"}],"version-history":[{"count":7,"href":"https:\/\/www.naturparkmagazin.de\/nossentiner-schwinzer-heide\/wp-json\/wp\/v2\/posts\/2702\/revisions"}],"predecessor-version":[{"id":2710,"href":"https:\/\/www.naturparkmagazin.de\/nossentiner-schwinzer-heide\/wp-json\/wp\/v2\/posts\/2702\/revisions\/2710"}],"wp:featuredmedia":[{"embeddable":true,"href":"https:\/\/www.naturparkmagazin.de\/nossentiner-schwinzer-heide\/wp-json\/wp\/v2\/media\/2704"}],"wp:attachment":[{"href":"https:\/\/www.naturparkmagazin.de\/nossentiner-schwinzer-heide\/wp-json\/wp\/v2\/media?parent=2702"}],"wp:term":[{"taxonomy":"category","embeddable":true,"href":"https:\/\/www.naturparkmagazin.de\/nossentiner-schwinzer-heide\/wp-json\/wp\/v2\/categories?post=2702"},{"taxonomy":"post_tag","embeddable":true,"href":"https:\/\/www.naturparkmagazin.de\/nossentiner-schwinzer-heide\/wp-json\/wp\/v2\/tags?post=2702"}],"curies":[{"name":"wp","href":"https:\/\/api.w.org\/{rel}","templated":true}]}}