{"id":2711,"date":"2019-11-14T10:03:49","date_gmt":"2019-11-14T09:03:49","guid":{"rendered":"https:\/\/www.naturparkmagazin.de\/nossentiner-schwinzer-heide\/?p=2711"},"modified":"2019-11-27T10:04:10","modified_gmt":"2019-11-27T09:04:10","slug":"zwei-moorschutzprojekte-im-naturpark-in-vorbereitung","status":"publish","type":"post","link":"https:\/\/www.naturparkmagazin.de\/nossentiner-schwinzer-heide\/zwei-moorschutzprojekte-im-naturpark-in-vorbereitung\/","title":{"rendered":"Zwei Moorschutzprojekte im Naturpark in Vorbereitung"},"content":{"rendered":"<p>Die Reste unserer Moore stehen heute meist unter Naturschutz. Und das mit gutem Grund: sie sind die Wasserspeicher unserer Landschaft. Besonders in den beiden vergangenen trockenen Sommern wurde deutlich, wie wichtig es ist, das Wasser in der Landschaft zu halten. Au\u00dferdem filtern sie das Wasser: Im Wasser gel\u00f6ste Stoffe werden von den Pflanzen gebunden, Schwebstoffe setzen sich ab und das so gefilterte Wasser dient der Grundwasserneubildung.<\/p>\n<p>Viele Moore k\u00f6nnen jedoch diese \u00f6kologische Funktion nicht mehr leisten, weil sie durch Drainagen zu stark ausgetrocknet sind. Deshalb sind Ma\u00dfnahmen zur Verbesserung ihres Zustands notwendig. Damit Moore wieder Torf bilden, m\u00fcssen sie wiedervern\u00e4sst werden. Die Voraussetzung daf\u00fcr sind oberfl\u00e4chennahe Wasserst\u00e4nde und ein langzeitiger Wasser\u00fcberschuss im Moor. Zur Stabilisierung des Wasserhaushaltes in degradierten Mooren ist deshalb meist ein R\u00fcckbau der Entw\u00e4sserungsgr\u00e4ben und ein Anstau des Wassers im Gebiet notwendig. Nur so kann ein Moor wieder als Wasserspeicher dienen. Auch die Bildung von klimasch\u00e4dlichen Gasen (Methan, Kohlendioxid) wird durch die Wiedervern\u00e4ssung unterbunden. Gleichzeitig kann ein funktionierendes Moor wieder Torf bilden und damit jede Menge Kohlendioxid binden.<\/p>\n<p>Im Naturpark Nossentiner\/ Schwinzer Heide haben wir zwei Gebiete, die in fr\u00fcherer Zeit Flach-Seen mit angrenzenden Moorfl\u00e4chen waren. In der Vergangenheit wurden sie melioriert, um die entstehenden Gr\u00fcnl\u00e4nder landwirtschaftlich zu nutzen. In den n\u00e4chsten Jahren soll eine Untersuchung kl\u00e4ren, ob und wie diese Moorfl\u00e4chen renaturiert werden k\u00f6nnen.<\/p>\n<p>&nbsp;<\/p>\n<div id=\"attachment_2714\" style=\"width: 630px\" class=\"wp-caption alignnone\"><a href=\"https:\/\/www.naturparkmagazin.de\/nossentiner-schwinzer-heide\/wp-content\/uploads\/sites\/28\/image0014.jpg\"><img aria-describedby=\"caption-attachment-2714\" decoding=\"async\" loading=\"lazy\" class=\"wp-image-2714 size-medium\" src=\"https:\/\/www.naturparkmagazin.de\/nossentiner-schwinzer-heide\/wp-content\/uploads\/sites\/28\/image0014-620x439.jpg\" alt=\"image001\" width=\"620\" height=\"439\" srcset=\"https:\/\/www.naturparkmagazin.de\/nossentiner-schwinzer-heide\/wp-content\/uploads\/sites\/28\/image0014-620x439.jpg 620w, https:\/\/www.naturparkmagazin.de\/nossentiner-schwinzer-heide\/wp-content\/uploads\/sites\/28\/image0014-300x212.jpg 300w, https:\/\/www.naturparkmagazin.de\/nossentiner-schwinzer-heide\/wp-content\/uploads\/sites\/28\/image0014-670x474.jpg 670w, https:\/\/www.naturparkmagazin.de\/nossentiner-schwinzer-heide\/wp-content\/uploads\/sites\/28\/image0014-200x142.jpg 200w, https:\/\/www.naturparkmagazin.de\/nossentiner-schwinzer-heide\/wp-content\/uploads\/sites\/28\/image0014.jpg 828w\" sizes=\"(max-width: 620px) 100vw, 620px\" \/><\/a><p id=\"caption-attachment-2714\" class=\"wp-caption-text\">Darstellung des Gro\u00dfen Serrahns auf der Schmettau\u00b4schen Karte von 1788. Hier ist der Serrahn noch als See eingezeichnet.<\/p><\/div>\n<p><strong><u>Der Serrahn<\/u><\/strong> ist ein Verlandungsmoor, das nat\u00fcrlicherweise grundwassergespeist ist. Vorrangige Schutz- und Entwicklungsziele sind:<\/p>\n<ul>\n<li>die Sicherung und Verbesserung der naturnahen Wasserverh\u00e4ltnisse im s\u00fcdlichen Kerngebiet des Gr. Serrahns,<\/li>\n<li>die Wiederherstellung naturnaher Wasserverh\u00e4ltnisse auf den Niedermoorfl\u00e4chen,<\/li>\n<li>der Erhalt der offenen Landschaft in der Serrahn-Niederung und auf den angrenzenden Mineralbodenh\u00e4ngen durch Grabenverschl\u00fcsse und extensive Mahd oder Beweidung.<\/li>\n<\/ul>\n<p>&nbsp;<\/p>\n<div id=\"attachment_2715\" style=\"width: 630px\" class=\"wp-caption alignnone\"><a href=\"https:\/\/www.naturparkmagazin.de\/nossentiner-schwinzer-heide\/wp-content\/uploads\/sites\/28\/image0032.jpg\"><img aria-describedby=\"caption-attachment-2715\" decoding=\"async\" loading=\"lazy\" class=\"wp-image-2715 size-medium\" src=\"https:\/\/www.naturparkmagazin.de\/nossentiner-schwinzer-heide\/wp-content\/uploads\/sites\/28\/image0032-620x876.jpg\" alt=\"image003\" width=\"620\" height=\"876\" srcset=\"https:\/\/www.naturparkmagazin.de\/nossentiner-schwinzer-heide\/wp-content\/uploads\/sites\/28\/image0032-620x876.jpg 620w, https:\/\/www.naturparkmagazin.de\/nossentiner-schwinzer-heide\/wp-content\/uploads\/sites\/28\/image0032-300x424.jpg 300w, https:\/\/www.naturparkmagazin.de\/nossentiner-schwinzer-heide\/wp-content\/uploads\/sites\/28\/image0032-670x947.jpg 670w, https:\/\/www.naturparkmagazin.de\/nossentiner-schwinzer-heide\/wp-content\/uploads\/sites\/28\/image0032-200x283.jpg 200w, https:\/\/www.naturparkmagazin.de\/nossentiner-schwinzer-heide\/wp-content\/uploads\/sites\/28\/image0032.jpg 697w\" sizes=\"(max-width: 620px) 100vw, 620px\" \/><\/a><p id=\"caption-attachment-2715\" class=\"wp-caption-text\">Auf der Schmettau\u00b4schen Karte von 1788 ist die heutige Dobbiner und Kl\u00e4dener Plage als See eingezeichnet. Die Mildenitz durchfloss den See.<\/p><\/div>\n<p>Das Niedermoor der<strong><u> Dobbiner und Kl\u00e4dener Plage <\/u><\/strong>hat eine \u00e4hnliche historische Vergangenheit wie der Serrahn. Schutz- und Entwicklungsziele sind hier die geplante Auflassung der Gr\u00e4ben im Bereich der Dobbiner\/Kl\u00e4dener Plage. Die Wiedervern\u00e4ssung soll hier zu einer Regenerierung der nat\u00fcrlichen Wasserverh\u00e4ltnisse und zur Senkung der N\u00e4hrstoffbelastung der angrenzenden Mildenitz und Seen f\u00fchren. Als Maximalziel ist die Regeneration des urspr\u00fcnglichen Flachwassersees mit Vorflut in die Mildenitz vorgesehen.<\/p>\n<p>F\u00fcr die Durchf\u00fchrung der Moorschutzprojekte wurden 2 Projektstellen \u00fcber das LUNG geschaffen. Die beiden Mitarbeiterinnen Mandy Rademacher und Monika K\u00f6nig sind im Naturpark Nossentiner\/Schwinzer Heide in Karow sowie im LUNG t\u00e4tig.<\/p>\n","protected":false},"excerpt":{"rendered":"<p>Die beiden ehemaligen Seen und Moorgebiete Gro\u00dfer Serrahn und Dobbiner\/Kl\u00e4dener Plage sollen im Rahmen eines Moorschutzprojektes renaturiert werden.<\/p>\n","protected":false},"author":84,"featured_media":2714,"comment_status":"open","ping_status":"open","sticky":false,"template":"","format":"standard","meta":[],"categories":[7],"tags":[1239],"yoast_head":"<!-- This site is optimized with the Yoast SEO plugin v19.10 - https:\/\/yoast.com\/wordpress\/plugins\/seo\/ -->\n<title>Zwei Moorschutzprojekte im Naturpark in Vorbereitung - Naturpark Nossentiner\/Schwinzer Heide<\/title>\n<meta name=\"robots\" content=\"index, follow, max-snippet:-1, max-image-preview:large, max-video-preview:-1\" \/>\n<link rel=\"canonical\" href=\"https:\/\/www.naturparkmagazin.de\/nossentiner-schwinzer-heide\/zwei-moorschutzprojekte-im-naturpark-in-vorbereitung\/\" \/>\n<meta property=\"og:locale\" content=\"de_DE\" \/>\n<meta property=\"og:type\" content=\"article\" \/>\n<meta property=\"og:title\" content=\"Zwei Moorschutzprojekte im Naturpark in Vorbereitung - Naturpark Nossentiner\/Schwinzer Heide\" \/>\n<meta property=\"og:description\" content=\"Die beiden ehemaligen Seen und Moorgebiete Gro\u00dfer Serrahn und Dobbiner\/Kl\u00e4dener Plage sollen im Rahmen eines Moorschutzprojektes renaturiert werden.\" \/>\n<meta property=\"og:url\" content=\"https:\/\/www.naturparkmagazin.de\/nossentiner-schwinzer-heide\/zwei-moorschutzprojekte-im-naturpark-in-vorbereitung\/\" \/>\n<meta property=\"og:site_name\" content=\"Naturpark Nossentiner\/Schwinzer Heide\" \/>\n<meta property=\"article:published_time\" content=\"2019-11-14T09:03:49+00:00\" \/>\n<meta property=\"article:modified_time\" content=\"2019-11-27T09:04:10+00:00\" \/>\n<meta property=\"og:image\" content=\"https:\/\/www.naturparkmagazin.de\/nossentiner-schwinzer-heide\/wp-content\/uploads\/sites\/28\/image0014.jpg\" \/>\n\t<meta property=\"og:image:width\" content=\"828\" \/>\n\t<meta property=\"og:image:height\" content=\"586\" \/>\n\t<meta property=\"og:image:type\" content=\"image\/jpeg\" \/>\n<meta name=\"author\" content=\"evelinkartheuser\" \/>\n<meta name=\"twitter:label1\" content=\"Verfasst von\" \/>\n\t<meta name=\"twitter:data1\" content=\"evelinkartheuser\" \/>\n\t<meta name=\"twitter:label2\" content=\"Gesch\u00e4tzte Lesezeit\" \/>\n\t<meta name=\"twitter:data2\" content=\"2\u00a0Minuten\" \/>\n<script type=\"application\/ld+json\" class=\"yoast-schema-graph\">{\"@context\":\"https:\/\/schema.org\",\"@graph\":[{\"@type\":\"WebPage\",\"@id\":\"https:\/\/www.naturparkmagazin.de\/nossentiner-schwinzer-heide\/zwei-moorschutzprojekte-im-naturpark-in-vorbereitung\/\",\"url\":\"https:\/\/www.naturparkmagazin.de\/nossentiner-schwinzer-heide\/zwei-moorschutzprojekte-im-naturpark-in-vorbereitung\/\",\"name\":\"Zwei Moorschutzprojekte im Naturpark in Vorbereitung - Naturpark Nossentiner\/Schwinzer Heide\",\"isPartOf\":{\"@id\":\"https:\/\/www.naturparkmagazin.de\/nossentiner-schwinzer-heide\/#website\"},\"datePublished\":\"2019-11-14T09:03:49+00:00\",\"dateModified\":\"2019-11-27T09:04:10+00:00\",\"author\":{\"@id\":\"https:\/\/www.naturparkmagazin.de\/nossentiner-schwinzer-heide\/#\/schema\/person\/6e5721221b13b6f827e696f29ff18008\"},\"breadcrumb\":{\"@id\":\"https:\/\/www.naturparkmagazin.de\/nossentiner-schwinzer-heide\/zwei-moorschutzprojekte-im-naturpark-in-vorbereitung\/#breadcrumb\"},\"inLanguage\":\"de\",\"potentialAction\":[{\"@type\":\"ReadAction\",\"target\":[\"https:\/\/www.naturparkmagazin.de\/nossentiner-schwinzer-heide\/zwei-moorschutzprojekte-im-naturpark-in-vorbereitung\/\"]}]},{\"@type\":\"BreadcrumbList\",\"@id\":\"https:\/\/www.naturparkmagazin.de\/nossentiner-schwinzer-heide\/zwei-moorschutzprojekte-im-naturpark-in-vorbereitung\/#breadcrumb\",\"itemListElement\":[{\"@type\":\"ListItem\",\"position\":1,\"name\":\"Home\",\"item\":\"https:\/\/www.naturparkmagazin.de\/nossentiner-schwinzer-heide\/\"},{\"@type\":\"ListItem\",\"position\":2,\"name\":\"Zwei Moorschutzprojekte im Naturpark in Vorbereitung\"}]},{\"@type\":\"WebSite\",\"@id\":\"https:\/\/www.naturparkmagazin.de\/nossentiner-schwinzer-heide\/#website\",\"url\":\"https:\/\/www.naturparkmagazin.de\/nossentiner-schwinzer-heide\/\",\"name\":\"Naturpark Nossentiner\/Schwinzer Heide\",\"description\":\"\",\"potentialAction\":[{\"@type\":\"SearchAction\",\"target\":{\"@type\":\"EntryPoint\",\"urlTemplate\":\"https:\/\/www.naturparkmagazin.de\/nossentiner-schwinzer-heide\/?s={search_term_string}\"},\"query-input\":\"required name=search_term_string\"}],\"inLanguage\":\"de\"},{\"@type\":\"Person\",\"@id\":\"https:\/\/www.naturparkmagazin.de\/nossentiner-schwinzer-heide\/#\/schema\/person\/6e5721221b13b6f827e696f29ff18008\",\"name\":\"evelinkartheuser\",\"url\":\"https:\/\/www.naturparkmagazin.de\/nossentiner-schwinzer-heide\/author\/evelinkartheuser\/\"}]}<\/script>\n<!-- \/ Yoast SEO plugin. -->","yoast_head_json":{"title":"Zwei Moorschutzprojekte im Naturpark in Vorbereitung - Naturpark Nossentiner\/Schwinzer Heide","robots":{"index":"index","follow":"follow","max-snippet":"max-snippet:-1","max-image-preview":"max-image-preview:large","max-video-preview":"max-video-preview:-1"},"canonical":"https:\/\/www.naturparkmagazin.de\/nossentiner-schwinzer-heide\/zwei-moorschutzprojekte-im-naturpark-in-vorbereitung\/","og_locale":"de_DE","og_type":"article","og_title":"Zwei Moorschutzprojekte im Naturpark in Vorbereitung - Naturpark Nossentiner\/Schwinzer Heide","og_description":"Die beiden ehemaligen Seen und Moorgebiete Gro\u00dfer Serrahn und Dobbiner\/Kl\u00e4dener Plage sollen im Rahmen eines Moorschutzprojektes renaturiert werden.","og_url":"https:\/\/www.naturparkmagazin.de\/nossentiner-schwinzer-heide\/zwei-moorschutzprojekte-im-naturpark-in-vorbereitung\/","og_site_name":"Naturpark Nossentiner\/Schwinzer Heide","article_published_time":"2019-11-14T09:03:49+00:00","article_modified_time":"2019-11-27T09:04:10+00:00","og_image":[{"width":828,"height":586,"url":"https:\/\/www.naturparkmagazin.de\/nossentiner-schwinzer-heide\/wp-content\/uploads\/sites\/28\/image0014.jpg","type":"image\/jpeg"}],"author":"evelinkartheuser","twitter_misc":{"Verfasst von":"evelinkartheuser","Gesch\u00e4tzte Lesezeit":"2\u00a0Minuten"},"schema":{"@context":"https:\/\/schema.org","@graph":[{"@type":"WebPage","@id":"https:\/\/www.naturparkmagazin.de\/nossentiner-schwinzer-heide\/zwei-moorschutzprojekte-im-naturpark-in-vorbereitung\/","url":"https:\/\/www.naturparkmagazin.de\/nossentiner-schwinzer-heide\/zwei-moorschutzprojekte-im-naturpark-in-vorbereitung\/","name":"Zwei Moorschutzprojekte im Naturpark in Vorbereitung - Naturpark Nossentiner\/Schwinzer Heide","isPartOf":{"@id":"https:\/\/www.naturparkmagazin.de\/nossentiner-schwinzer-heide\/#website"},"datePublished":"2019-11-14T09:03:49+00:00","dateModified":"2019-11-27T09:04:10+00:00","author":{"@id":"https:\/\/www.naturparkmagazin.de\/nossentiner-schwinzer-heide\/#\/schema\/person\/6e5721221b13b6f827e696f29ff18008"},"breadcrumb":{"@id":"https:\/\/www.naturparkmagazin.de\/nossentiner-schwinzer-heide\/zwei-moorschutzprojekte-im-naturpark-in-vorbereitung\/#breadcrumb"},"inLanguage":"de","potentialAction":[{"@type":"ReadAction","target":["https:\/\/www.naturparkmagazin.de\/nossentiner-schwinzer-heide\/zwei-moorschutzprojekte-im-naturpark-in-vorbereitung\/"]}]},{"@type":"BreadcrumbList","@id":"https:\/\/www.naturparkmagazin.de\/nossentiner-schwinzer-heide\/zwei-moorschutzprojekte-im-naturpark-in-vorbereitung\/#breadcrumb","itemListElement":[{"@type":"ListItem","position":1,"name":"Home","item":"https:\/\/www.naturparkmagazin.de\/nossentiner-schwinzer-heide\/"},{"@type":"ListItem","position":2,"name":"Zwei Moorschutzprojekte im Naturpark in Vorbereitung"}]},{"@type":"WebSite","@id":"https:\/\/www.naturparkmagazin.de\/nossentiner-schwinzer-heide\/#website","url":"https:\/\/www.naturparkmagazin.de\/nossentiner-schwinzer-heide\/","name":"Naturpark Nossentiner\/Schwinzer Heide","description":"","potentialAction":[{"@type":"SearchAction","target":{"@type":"EntryPoint","urlTemplate":"https:\/\/www.naturparkmagazin.de\/nossentiner-schwinzer-heide\/?s={search_term_string}"},"query-input":"required name=search_term_string"}],"inLanguage":"de"},{"@type":"Person","@id":"https:\/\/www.naturparkmagazin.de\/nossentiner-schwinzer-heide\/#\/schema\/person\/6e5721221b13b6f827e696f29ff18008","name":"evelinkartheuser","url":"https:\/\/www.naturparkmagazin.de\/nossentiner-schwinzer-heide\/author\/evelinkartheuser\/"}]}},"_links":{"self":[{"href":"https:\/\/www.naturparkmagazin.de\/nossentiner-schwinzer-heide\/wp-json\/wp\/v2\/posts\/2711"}],"collection":[{"href":"https:\/\/www.naturparkmagazin.de\/nossentiner-schwinzer-heide\/wp-json\/wp\/v2\/posts"}],"about":[{"href":"https:\/\/www.naturparkmagazin.de\/nossentiner-schwinzer-heide\/wp-json\/wp\/v2\/types\/post"}],"author":[{"embeddable":true,"href":"https:\/\/www.naturparkmagazin.de\/nossentiner-schwinzer-heide\/wp-json\/wp\/v2\/users\/84"}],"replies":[{"embeddable":true,"href":"https:\/\/www.naturparkmagazin.de\/nossentiner-schwinzer-heide\/wp-json\/wp\/v2\/comments?post=2711"}],"version-history":[{"count":5,"href":"https:\/\/www.naturparkmagazin.de\/nossentiner-schwinzer-heide\/wp-json\/wp\/v2\/posts\/2711\/revisions"}],"predecessor-version":[{"id":2718,"href":"https:\/\/www.naturparkmagazin.de\/nossentiner-schwinzer-heide\/wp-json\/wp\/v2\/posts\/2711\/revisions\/2718"}],"wp:featuredmedia":[{"embeddable":true,"href":"https:\/\/www.naturparkmagazin.de\/nossentiner-schwinzer-heide\/wp-json\/wp\/v2\/media\/2714"}],"wp:attachment":[{"href":"https:\/\/www.naturparkmagazin.de\/nossentiner-schwinzer-heide\/wp-json\/wp\/v2\/media?parent=2711"}],"wp:term":[{"taxonomy":"category","embeddable":true,"href":"https:\/\/www.naturparkmagazin.de\/nossentiner-schwinzer-heide\/wp-json\/wp\/v2\/categories?post=2711"},{"taxonomy":"post_tag","embeddable":true,"href":"https:\/\/www.naturparkmagazin.de\/nossentiner-schwinzer-heide\/wp-json\/wp\/v2\/tags?post=2711"}],"curies":[{"name":"wp","href":"https:\/\/api.w.org\/{rel}","templated":true}]}}