{"id":2727,"date":"2019-12-11T10:42:57","date_gmt":"2019-12-11T09:42:57","guid":{"rendered":"https:\/\/www.naturparkmagazin.de\/nossentiner-schwinzer-heide\/?p=2727"},"modified":"2019-12-18T10:46:07","modified_gmt":"2019-12-18T09:46:07","slug":"gruss-zum-neuen-jahr-3","status":"publish","type":"post","link":"https:\/\/www.naturparkmagazin.de\/nossentiner-schwinzer-heide\/gruss-zum-neuen-jahr-3\/","title":{"rendered":"Gru\u00df zum Neuen Jahr"},"content":{"rendered":"<p><a href=\"https:\/\/www.naturparkmagazin.de\/nossentiner-schwinzer-heide\/wp-content\/uploads\/sites\/28\/Winter-im-Naturpark1.jpg\"><img decoding=\"async\" loading=\"lazy\" class=\"alignnone size-medium wp-image-2729\" src=\"https:\/\/www.naturparkmagazin.de\/nossentiner-schwinzer-heide\/wp-content\/uploads\/sites\/28\/Winter-im-Naturpark1-620x378.jpg\" alt=\"Winter im Naturpark\" width=\"620\" height=\"378\" srcset=\"https:\/\/www.naturparkmagazin.de\/nossentiner-schwinzer-heide\/wp-content\/uploads\/sites\/28\/Winter-im-Naturpark1-620x378.jpg 620w, https:\/\/www.naturparkmagazin.de\/nossentiner-schwinzer-heide\/wp-content\/uploads\/sites\/28\/Winter-im-Naturpark1-300x183.jpg 300w, https:\/\/www.naturparkmagazin.de\/nossentiner-schwinzer-heide\/wp-content\/uploads\/sites\/28\/Winter-im-Naturpark1-940x573.jpg 940w, https:\/\/www.naturparkmagazin.de\/nossentiner-schwinzer-heide\/wp-content\/uploads\/sites\/28\/Winter-im-Naturpark1-670x408.jpg 670w, https:\/\/www.naturparkmagazin.de\/nossentiner-schwinzer-heide\/wp-content\/uploads\/sites\/28\/Winter-im-Naturpark1-200x122.jpg 200w\" sizes=\"(max-width: 620px) 100vw, 620px\" \/><\/a><\/p>\n<p>Liebe Freunde und Partner\u00a0 des Naturparks Nossentiner\/Schwinzer Heide,<\/p>\n<p>das Jahr 2019 geht zu Ende. Wir m\u00f6chten die Gelegenheit nutzen, um uns bei unseren Partnern und Unterst\u00fctzern f\u00fcr die konstruktive und vertrauensvolle Zusammenarbeit herzlich zu bedanken.<\/p>\n<p>Ein inhalts- und abwechslungsreiches Arbeitsjahr liegt hinter uns.<\/p>\n<p>So wurden die neu gestaltete Ausstellung unseres Besucherzentrums Karower Meiler, das dazu geh\u00f6rige Au\u00dfengel\u00e4nde und der neue Fledermaus-Lehrpfad in Bossow im Juni durch Minister Backhaus eingeweiht. Viel positive Resonanz haben wir im Laufe der Saison von den Besuchern daf\u00fcr bekommen. Besonders das neu gestaltete Au\u00dfengel\u00e4nde am Karower Meiler mit Wasserspielplatz, Teich und \u201eMini-Meiler\u201c (hier befindet sich die Tierfreunde-Werkstatt), finden gro\u00dfen Anklang. So ist der Karower Meiler besonders f\u00fcr Familien mit Kindern deutlich attraktiver geworden. Kinder k\u00f6nnen auf einem Pfad auf dem Gel\u00e4nde der Naturparkverwaltung \u00a0einen \u201eJuniorranger-auf-Entdeckertour\u201c-Ausweis erwerben. Den neuen Fledermaus-Pfad in Bossow kann man dagegen am besten unter fachkundiger F\u00fchrung erleben. Die einzelnen Stationen laden dazu ein, spielerisch und aktiv die Welt der Flederm\u00e4use zu erkunden.<\/p>\n<p>Die Umweltbildung war auch 2019 wieder ein wichtiger Schwerpunkt unserer Arbeit. Seit Mai 2019 darf sich auch die Grundschule Goldberg \u201eNaturparkschule\u201c nennen. Damit ist der Naturpark Nossentiner\/Schwinzer Heide in der gl\u00fccklichen Lage, gleich zwei Naturparkschulen zu haben. Jede Klasse der Naturparkschulen hat mindestens einmal im Jahr einen Projekttag im Naturpark. F\u00fcr die j\u00fcngeren Jahrg\u00e4nge waren die Schwerpunkt-Themen 2019 \u201eWald\u201c sowie \u201eWald und Klima\u201c. Anhand verschiedener Experimente konnten die Kinder ausprobieren, welche Bedeutung der Wald f\u00fcr uns und unser Klima hat.<\/p>\n<p>Auch in diesem Schuljahr gibt es wieder 3 Junior-Ranger-Gruppen: 2 an der Naturparkschule Krakow am See und eine an der Naturparkschule in Goldberg. Sie treffen sich alle 2 Wochen und verbringen mit unserer Wachtleiterin Irena Zarffs einen Nachmittag mit Beobachtungen in der Natur.<\/p>\n<p>Wie auch 2018 gab es 2019 ein Kinder-Ferienlager \u201eFledermaus-Camp\u201c in Wooster Teerofen. Tradition hat das internationale Jugendworkcamp im Sp\u00e4tsommer. 9 Jugendliche aus 6 L\u00e4ndern haben unter Anleitung der Naturparkwacht Landschaftspflegearbeiten in verschiedenen Naturschutzgebieten im Naturpark durchgef\u00fchrt und auch verschiedene Regionen in MV besucht.<\/p>\n<p>Der Naturpark arbeitet weiterhin daran, als \u201eSternenpark\u201c nach IDA-Kriterien zertifiziert zu werden. Voraussetzung daf\u00fcr ist eine Sternenpark-konforme Beleuchtung ohne Abstrahlung in den Nachthimmel. Einige Kommunen stellen derzeit auf LED-Beleuchtung um. In diesem Zusammenhang steht der Naturpark beratend zur Seite, wenn es um die Auswahl der Beleuchtung oder um F\u00f6rdermittel geht. Au\u00dferdem gab es 2019 auch wieder verschiedene, gut besuchte Angebote zur Beobachtung des Sternenhimmels oder des Mondes. Die Akteure des Projektes haben sich in einen Sternenpark-Netzwerk zusammen geschlossen.<\/p>\n<p>Auch 2019 wurden in der Landschaftspflege zahlreiche Biotope in der Naturparkregion gepflegt. Dabei handelt es sich in der Regel um Moorstandorte, Orchideenwiesen und Magerrasen, die aus verschiedenen Gr\u00fcnden schwierig zu bewirtschaften sind.<\/p>\n<p>Die B\u00e4ume auf unseren Streuobstwiesen wurden in diesem Jahr, wie auch in den\u00a0 voran gegangenen Jahren, durch einen professionellen Baumpfleger geschnitten. Auf dem Hellberg und am Karower Meiler wurden Tafeln zu diesem Thema aufgestellt. Erstmals gab es 2019 einen Obstbaum-Veredelungskurs. Dieser Kurs wird aufgrund der guten Nachfrage im M\u00e4rz 2020 noch einmal angeboten.<\/p>\n<p>Ohne die Unterst\u00fctzung der Norddeutschen Stiftung f\u00fcr Umwelt und Entwicklung (NUE) k\u00f6nnten viele Projekte des F\u00f6rdervereins im Naturpark Nossentiner\/Schwinzer Heide nicht umgesetzt werden. Von der F\u00f6rderung aus den Mitteln der BINGO- Lotterie profitierten in der Vergangenheit die Naturlernorte und die Umweltbildung im Naturpark. Aber auch die Arbeit der drei Juniorranger-Gruppen und das internationale Jugendworkcamp wurden unterst\u00fctzt, ebenso wie das Streuobstwiesen-Projekt und das Projekt zum Aufbau des Netzwerkes Sternenpark. Anl\u00e4sslich des 20-j\u00e4hrigen Bestehens der NUE wurde der F\u00f6rderverein des Naturparkes mit dem Umweltpreis Mecklenburg-Vorpommern 2019 der NUE f\u00fcr das Projekt \u201eSchutz der Dunkelheit der Nacht\u201c ausgezeichnet. Es hat uns sehr geehrt, dass die Laudatio durch den Wissenschaftler, Biologen und leidenschaftlichen Natursch\u00fctzer Prof. Michael Succow gehalten wurde. Die in Verbindung mit dem Preis ausgereichten 4.000 \u20ac sind dem F\u00f6rderverein Auszeichnung und Ansporn zugleich.<\/p>\n<p>Personell ging es 2019 wieder aufw\u00e4rts: Mit dem Kollegen Edgar Bartel ist seit November 2019 die Naturparkwacht mit 4 Personenwieder vollz\u00e4hlig. W\u00e4hrend der Besuchersaison von April bis September wurde der Betrieb des Naturparkzentrums Karower Meiler durch die Mitarbeiter im Bundesfreiwilligendienst Herrn Poike und Herrn von Pich-Lipinski unterst\u00fctzt. Seit September 2019 haben wir mit Lea Sch\u00e4fer auch wieder eine engagierte F\u00d6Jlerin. Ihr Projekt ist der Umbau eines alten Bienenwagens zu einem Junior-Ranger-Aufenthalts-Wagen. Personell hat der Naturpark au\u00dferdem durch zwei Mitarbeiterinnen im \u201eMoorschutz\u201c Zuwachs bekommen.<\/p>\n<p>Das \u201eMoorschutzprojekt\u201c beinhaltet eigentlich 3 Moorschutzprojekte: Es geht um die Wiederherstellung \u00a0des Dobbiner Sees und der Stabilisierung der Wasserverh\u00e4ltnisse der Kl\u00e4dener Plage, die Wiedervern\u00e4ssung des s\u00fcdlichen \u00a0Serrahns (alle im Naturpark Nossentiner\/Schwinzer Heide) und des Ilkensees (Naturpark Mecklenburgische Schweiz und Kummerower See). Derzeit laufen die Untersuchungen und Planungen an. Die Umsetzungen beginnen dann ggf. ab 2021.<\/p>\n<p>Alle diese und andere Projekte sind nur m\u00f6glich, weil wir starke und verl\u00e4ssliche Partner in der Region haben. Deshalb an dieser Stelle ein ganz gro\u00dfes Dankesch\u00f6n!<\/p>\n<p>2020 wird der Naturpark Nossentiner\/Schwinzer Heide 30 Jahre alt. Aus diesem Anlass gibt es eine Festwoche vom 20.-26. September. An jedem Tag dieser Woche gibt es eine oder mehrere \u00f6ffentliche Veranstaltungen. H\u00f6hepunkt werden das Kolloquium am 24.9. im Schloss Karow und in Wooster Teerofen (Exkursion) und das Herbstfest am 26.9. sein. Bitte merken Sie sich diese Termine schon einmal vor.<\/p>\n<p>Aus Anlass des Jubil\u00e4ums wird es zwei Ver\u00f6ffentlichungen geben. Zum einen arbeiten zwei erfahrene Fotografen des Naturparks an einem Bildband. Zum anderen wird \u00a0eine kleine Arbeitsgruppe eine Brosch\u00fcre \u00fcber den Landschaftswandel im Naturpark zusammenstellen. Hierf\u00fcr suchen wir noch Mitstreiter und Bilder! Zu \u201ehistorischen\u201c Bildern, insbesondere Landschaftsbildern aus den letzten 30 Jahren oder \u00e4lter, sollen aktuelle Vergleichsbilder angefertigt werden. Die entstandenen Foto-Vergleiche sollen auch in einer Ausstellung im September 2020 pr\u00e4sentiert werden.<\/p>\n<p>Wir w\u00fcnschen Ihnen eine besinnliche Zeit des Jahreswechsels und ein gesundes und erfolgreiches Jahr 2020 und freuen uns\u00a0 auf eine gute Zusammenarbeit.<\/p>\n<p>Das Team des Naturparkes Nossentiner\/Schwinzer Heide, \u00a0des F\u00f6rdervereins Naturpark Nossentiner\/Schwinzer Heide und der Naturparkstiftung (Stiftung Reepsholt)<\/p>\n","protected":false},"excerpt":{"rendered":"<p>Liebe Freunde und Partner  des Naturparks Nossentiner\/Schwinzer Heide,\ndas Jahr 2019 geht zu Ende. Wir m\u00f6chten die Gelegenheit nutzen, um uns bei unseren Partnern und Unterst\u00fctzern herzlich zu bedanken. Gleichzeitig wagen wir einen Ausblick auf 2020.<\/p>\n","protected":false},"author":84,"featured_media":2729,"comment_status":"open","ping_status":"open","sticky":false,"template":"","format":"standard","meta":[],"categories":[7],"tags":[],"yoast_head":"<!-- This site is optimized with the Yoast SEO plugin v19.10 - https:\/\/yoast.com\/wordpress\/plugins\/seo\/ -->\n<title>Gru\u00df zum Neuen Jahr - Naturpark Nossentiner\/Schwinzer Heide<\/title>\n<meta name=\"robots\" content=\"index, follow, max-snippet:-1, max-image-preview:large, max-video-preview:-1\" \/>\n<link rel=\"canonical\" href=\"https:\/\/www.naturparkmagazin.de\/nossentiner-schwinzer-heide\/gruss-zum-neuen-jahr-3\/\" \/>\n<meta property=\"og:locale\" content=\"de_DE\" \/>\n<meta property=\"og:type\" content=\"article\" \/>\n<meta property=\"og:title\" content=\"Gru\u00df zum Neuen Jahr - Naturpark Nossentiner\/Schwinzer Heide\" \/>\n<meta property=\"og:description\" content=\"Liebe Freunde und Partner des Naturparks Nossentiner\/Schwinzer Heide, das Jahr 2019 geht zu Ende. Wir m\u00f6chten die Gelegenheit nutzen, um uns bei unseren Partnern und Unterst\u00fctzern herzlich zu bedanken. Gleichzeitig wagen wir einen Ausblick auf 2020.\" \/>\n<meta property=\"og:url\" content=\"https:\/\/www.naturparkmagazin.de\/nossentiner-schwinzer-heide\/gruss-zum-neuen-jahr-3\/\" \/>\n<meta property=\"og:site_name\" content=\"Naturpark Nossentiner\/Schwinzer Heide\" \/>\n<meta property=\"article:published_time\" content=\"2019-12-11T09:42:57+00:00\" \/>\n<meta property=\"article:modified_time\" content=\"2019-12-18T09:46:07+00:00\" \/>\n<meta property=\"og:image\" content=\"https:\/\/www.naturparkmagazin.de\/nossentiner-schwinzer-heide\/wp-content\/uploads\/sites\/28\/Winter-im-Naturpark1.jpg\" \/>\n\t<meta property=\"og:image:width\" content=\"4592\" \/>\n\t<meta property=\"og:image:height\" content=\"2798\" \/>\n\t<meta property=\"og:image:type\" content=\"image\/jpeg\" \/>\n<meta name=\"author\" content=\"evelinkartheuser\" \/>\n<meta name=\"twitter:label1\" content=\"Verfasst von\" \/>\n\t<meta name=\"twitter:data1\" content=\"evelinkartheuser\" \/>\n\t<meta name=\"twitter:label2\" content=\"Gesch\u00e4tzte Lesezeit\" \/>\n\t<meta name=\"twitter:data2\" content=\"5\u00a0Minuten\" \/>\n<script type=\"application\/ld+json\" class=\"yoast-schema-graph\">{\"@context\":\"https:\/\/schema.org\",\"@graph\":[{\"@type\":\"WebPage\",\"@id\":\"https:\/\/www.naturparkmagazin.de\/nossentiner-schwinzer-heide\/gruss-zum-neuen-jahr-3\/\",\"url\":\"https:\/\/www.naturparkmagazin.de\/nossentiner-schwinzer-heide\/gruss-zum-neuen-jahr-3\/\",\"name\":\"Gru\u00df zum Neuen Jahr - Naturpark Nossentiner\/Schwinzer Heide\",\"isPartOf\":{\"@id\":\"https:\/\/www.naturparkmagazin.de\/nossentiner-schwinzer-heide\/#website\"},\"datePublished\":\"2019-12-11T09:42:57+00:00\",\"dateModified\":\"2019-12-18T09:46:07+00:00\",\"author\":{\"@id\":\"https:\/\/www.naturparkmagazin.de\/nossentiner-schwinzer-heide\/#\/schema\/person\/6e5721221b13b6f827e696f29ff18008\"},\"breadcrumb\":{\"@id\":\"https:\/\/www.naturparkmagazin.de\/nossentiner-schwinzer-heide\/gruss-zum-neuen-jahr-3\/#breadcrumb\"},\"inLanguage\":\"de\",\"potentialAction\":[{\"@type\":\"ReadAction\",\"target\":[\"https:\/\/www.naturparkmagazin.de\/nossentiner-schwinzer-heide\/gruss-zum-neuen-jahr-3\/\"]}]},{\"@type\":\"BreadcrumbList\",\"@id\":\"https:\/\/www.naturparkmagazin.de\/nossentiner-schwinzer-heide\/gruss-zum-neuen-jahr-3\/#breadcrumb\",\"itemListElement\":[{\"@type\":\"ListItem\",\"position\":1,\"name\":\"Home\",\"item\":\"https:\/\/www.naturparkmagazin.de\/nossentiner-schwinzer-heide\/\"},{\"@type\":\"ListItem\",\"position\":2,\"name\":\"Gru\u00df zum Neuen Jahr\"}]},{\"@type\":\"WebSite\",\"@id\":\"https:\/\/www.naturparkmagazin.de\/nossentiner-schwinzer-heide\/#website\",\"url\":\"https:\/\/www.naturparkmagazin.de\/nossentiner-schwinzer-heide\/\",\"name\":\"Naturpark Nossentiner\/Schwinzer Heide\",\"description\":\"\",\"potentialAction\":[{\"@type\":\"SearchAction\",\"target\":{\"@type\":\"EntryPoint\",\"urlTemplate\":\"https:\/\/www.naturparkmagazin.de\/nossentiner-schwinzer-heide\/?s={search_term_string}\"},\"query-input\":\"required name=search_term_string\"}],\"inLanguage\":\"de\"},{\"@type\":\"Person\",\"@id\":\"https:\/\/www.naturparkmagazin.de\/nossentiner-schwinzer-heide\/#\/schema\/person\/6e5721221b13b6f827e696f29ff18008\",\"name\":\"evelinkartheuser\",\"url\":\"https:\/\/www.naturparkmagazin.de\/nossentiner-schwinzer-heide\/author\/evelinkartheuser\/\"}]}<\/script>\n<!-- \/ Yoast SEO plugin. -->","yoast_head_json":{"title":"Gru\u00df zum Neuen Jahr - Naturpark Nossentiner\/Schwinzer Heide","robots":{"index":"index","follow":"follow","max-snippet":"max-snippet:-1","max-image-preview":"max-image-preview:large","max-video-preview":"max-video-preview:-1"},"canonical":"https:\/\/www.naturparkmagazin.de\/nossentiner-schwinzer-heide\/gruss-zum-neuen-jahr-3\/","og_locale":"de_DE","og_type":"article","og_title":"Gru\u00df zum Neuen Jahr - Naturpark Nossentiner\/Schwinzer Heide","og_description":"Liebe Freunde und Partner des Naturparks Nossentiner\/Schwinzer Heide, das Jahr 2019 geht zu Ende. Wir m\u00f6chten die Gelegenheit nutzen, um uns bei unseren Partnern und Unterst\u00fctzern herzlich zu bedanken. Gleichzeitig wagen wir einen Ausblick auf 2020.","og_url":"https:\/\/www.naturparkmagazin.de\/nossentiner-schwinzer-heide\/gruss-zum-neuen-jahr-3\/","og_site_name":"Naturpark Nossentiner\/Schwinzer Heide","article_published_time":"2019-12-11T09:42:57+00:00","article_modified_time":"2019-12-18T09:46:07+00:00","og_image":[{"width":4592,"height":2798,"url":"https:\/\/www.naturparkmagazin.de\/nossentiner-schwinzer-heide\/wp-content\/uploads\/sites\/28\/Winter-im-Naturpark1.jpg","type":"image\/jpeg"}],"author":"evelinkartheuser","twitter_misc":{"Verfasst von":"evelinkartheuser","Gesch\u00e4tzte Lesezeit":"5\u00a0Minuten"},"schema":{"@context":"https:\/\/schema.org","@graph":[{"@type":"WebPage","@id":"https:\/\/www.naturparkmagazin.de\/nossentiner-schwinzer-heide\/gruss-zum-neuen-jahr-3\/","url":"https:\/\/www.naturparkmagazin.de\/nossentiner-schwinzer-heide\/gruss-zum-neuen-jahr-3\/","name":"Gru\u00df zum Neuen Jahr - Naturpark Nossentiner\/Schwinzer Heide","isPartOf":{"@id":"https:\/\/www.naturparkmagazin.de\/nossentiner-schwinzer-heide\/#website"},"datePublished":"2019-12-11T09:42:57+00:00","dateModified":"2019-12-18T09:46:07+00:00","author":{"@id":"https:\/\/www.naturparkmagazin.de\/nossentiner-schwinzer-heide\/#\/schema\/person\/6e5721221b13b6f827e696f29ff18008"},"breadcrumb":{"@id":"https:\/\/www.naturparkmagazin.de\/nossentiner-schwinzer-heide\/gruss-zum-neuen-jahr-3\/#breadcrumb"},"inLanguage":"de","potentialAction":[{"@type":"ReadAction","target":["https:\/\/www.naturparkmagazin.de\/nossentiner-schwinzer-heide\/gruss-zum-neuen-jahr-3\/"]}]},{"@type":"BreadcrumbList","@id":"https:\/\/www.naturparkmagazin.de\/nossentiner-schwinzer-heide\/gruss-zum-neuen-jahr-3\/#breadcrumb","itemListElement":[{"@type":"ListItem","position":1,"name":"Home","item":"https:\/\/www.naturparkmagazin.de\/nossentiner-schwinzer-heide\/"},{"@type":"ListItem","position":2,"name":"Gru\u00df zum Neuen Jahr"}]},{"@type":"WebSite","@id":"https:\/\/www.naturparkmagazin.de\/nossentiner-schwinzer-heide\/#website","url":"https:\/\/www.naturparkmagazin.de\/nossentiner-schwinzer-heide\/","name":"Naturpark Nossentiner\/Schwinzer Heide","description":"","potentialAction":[{"@type":"SearchAction","target":{"@type":"EntryPoint","urlTemplate":"https:\/\/www.naturparkmagazin.de\/nossentiner-schwinzer-heide\/?s={search_term_string}"},"query-input":"required name=search_term_string"}],"inLanguage":"de"},{"@type":"Person","@id":"https:\/\/www.naturparkmagazin.de\/nossentiner-schwinzer-heide\/#\/schema\/person\/6e5721221b13b6f827e696f29ff18008","name":"evelinkartheuser","url":"https:\/\/www.naturparkmagazin.de\/nossentiner-schwinzer-heide\/author\/evelinkartheuser\/"}]}},"_links":{"self":[{"href":"https:\/\/www.naturparkmagazin.de\/nossentiner-schwinzer-heide\/wp-json\/wp\/v2\/posts\/2727"}],"collection":[{"href":"https:\/\/www.naturparkmagazin.de\/nossentiner-schwinzer-heide\/wp-json\/wp\/v2\/posts"}],"about":[{"href":"https:\/\/www.naturparkmagazin.de\/nossentiner-schwinzer-heide\/wp-json\/wp\/v2\/types\/post"}],"author":[{"embeddable":true,"href":"https:\/\/www.naturparkmagazin.de\/nossentiner-schwinzer-heide\/wp-json\/wp\/v2\/users\/84"}],"replies":[{"embeddable":true,"href":"https:\/\/www.naturparkmagazin.de\/nossentiner-schwinzer-heide\/wp-json\/wp\/v2\/comments?post=2727"}],"version-history":[{"count":5,"href":"https:\/\/www.naturparkmagazin.de\/nossentiner-schwinzer-heide\/wp-json\/wp\/v2\/posts\/2727\/revisions"}],"predecessor-version":[{"id":2733,"href":"https:\/\/www.naturparkmagazin.de\/nossentiner-schwinzer-heide\/wp-json\/wp\/v2\/posts\/2727\/revisions\/2733"}],"wp:featuredmedia":[{"embeddable":true,"href":"https:\/\/www.naturparkmagazin.de\/nossentiner-schwinzer-heide\/wp-json\/wp\/v2\/media\/2729"}],"wp:attachment":[{"href":"https:\/\/www.naturparkmagazin.de\/nossentiner-schwinzer-heide\/wp-json\/wp\/v2\/media?parent=2727"}],"wp:term":[{"taxonomy":"category","embeddable":true,"href":"https:\/\/www.naturparkmagazin.de\/nossentiner-schwinzer-heide\/wp-json\/wp\/v2\/categories?post=2727"},{"taxonomy":"post_tag","embeddable":true,"href":"https:\/\/www.naturparkmagazin.de\/nossentiner-schwinzer-heide\/wp-json\/wp\/v2\/tags?post=2727"}],"curies":[{"name":"wp","href":"https:\/\/api.w.org\/{rel}","templated":true}]}}