{"id":2771,"date":"2020-02-03T16:51:29","date_gmt":"2020-02-03T15:51:29","guid":{"rendered":"https:\/\/www.naturparkmagazin.de\/nossentiner-schwinzer-heide\/?p=2771"},"modified":"2020-02-03T16:52:43","modified_gmt":"2020-02-03T15:52:43","slug":"ein-jahr-im-naturpark-jetzt-bewerben","status":"publish","type":"post","link":"https:\/\/www.naturparkmagazin.de\/nossentiner-schwinzer-heide\/ein-jahr-im-naturpark-jetzt-bewerben\/","title":{"rendered":"Ein Jahr im Naturpark &#8211; jetzt bewerben!"},"content":{"rendered":"<p><a href=\"https:\/\/www.naturparkmagazin.de\/nossentiner-schwinzer-heide\/wp-content\/uploads\/sites\/28\/F\u00d6J-Plakat_20201.jpg\"><img decoding=\"async\" loading=\"lazy\" class=\"  wp-image-2777 alignleft\" src=\"https:\/\/www.naturparkmagazin.de\/nossentiner-schwinzer-heide\/wp-content\/uploads\/sites\/28\/F\u00d6J-Plakat_20201-620x876.jpg\" alt=\"F\u00d6J-Plakat_2020\" width=\"266\" height=\"376\" srcset=\"https:\/\/www.naturparkmagazin.de\/nossentiner-schwinzer-heide\/wp-content\/uploads\/sites\/28\/F\u00d6J-Plakat_20201-620x876.jpg 620w, https:\/\/www.naturparkmagazin.de\/nossentiner-schwinzer-heide\/wp-content\/uploads\/sites\/28\/F\u00d6J-Plakat_20201-300x424.jpg 300w, https:\/\/www.naturparkmagazin.de\/nossentiner-schwinzer-heide\/wp-content\/uploads\/sites\/28\/F\u00d6J-Plakat_20201-940x1329.jpg 940w, https:\/\/www.naturparkmagazin.de\/nossentiner-schwinzer-heide\/wp-content\/uploads\/sites\/28\/F\u00d6J-Plakat_20201-670x947.jpg 670w, https:\/\/www.naturparkmagazin.de\/nossentiner-schwinzer-heide\/wp-content\/uploads\/sites\/28\/F\u00d6J-Plakat_20201-200x283.jpg 200w\" sizes=\"(max-width: 266px) 100vw, 266px\" \/><\/a>Ab September 2020 gibt es f\u00fcr junge Leute wieder die M\u00f6glichkeit, ein Jahr im Naturpark Nossentiner\/Schwinzer Heide mitzuarbeiten. Die Bewerbungsfrist f\u00fcr das kommende\u00a0F\u00d6J hat gerade begonnen!<\/p>\n<p>Das Freiwillige \u00d6kologische Jahr, kurz F\u00d6J, ist\u00a0eine gute M\u00f6glichkeit, sich\u00a0zu orientieren und praktische Erfahrungen zu\u00a0sammeln. Der\u00a0Naturpark Nossentiner-Schwinzer Heide bietet seinen F\u00d6Jlern ein vielf\u00e4ltiges Themenspektrum, um die Arbeit im Naturpark kennenzulernen.<\/p>\n<p>Auf Wunsch k\u00f6nnen unsere F\u00d6Jler bei uns auf dem Gel\u00e4nde in der Praktikantenwohnung untergebracht werden.<\/p>\n<p>Unsere derzeitig F\u00d6Jlerin Lea Sch\u00e4fer kommt zu Wort:<\/p>\n<p>&#8222;<span style=\"color: #000000;font-family: Calibri\">Hallo zusammen, <\/span><\/p>\n<p><span style=\"color: #000000;font-family: Calibri\"><span style=\"color: #000000;font-family: Calibri\">mein Name ist Lea und ich mache gerade mein Freiwilliges \u00d6kologisches Jahr (F\u00d6J), hier im Naturpark Nossentiner\/Schwinzer Heide. <span style=\"color: #000000;font-family: Calibri\">Ich arbeite viel drau\u00dfen, zusammen mit den Rangern, aber auch mit anderen Mitarbeitern, und lerne den Naturpark bis in den letzten Winkel kennen. <\/span><\/span><\/span><\/p>\n<p><span style=\"color: #000000;font-family: Calibri\"><span style=\"color: #000000;font-family: Calibri\"><span style=\"color: #000000;font-family: Calibri\"><span style=\"color: #000000;font-family: Calibri\">Der Naturpark ist der perfekte Ort, um zu lernen, wie der Mensch zusammen mit der Natur leben kann, ohne sie\u00a0auf Dauer\u00a0kaputt zu machen. <span style=\"color: #000000;font-family: Calibri\">Auch Arbeit im B\u00fcro geh\u00f6rt zu meinem Alltag, Plakate und Texte gestalten und ein eigenes Projekt <span style=\"font-family: Calibri\">umsetzen<\/span> (davon werdet Ihr demn\u00e4chst noch h\u00f6ren!), auch anderen bei ihren Projekten helfen. <span style=\"color: #000000;font-family: Calibri\">Die Arbeit mit Kindern macht besonders viel Spa\u00df, ob nun an Projekttagen oder mit den Juniorrangern. <span style=\"color: #000000;font-family: Calibri\">Aber besonders wichtig ist, dass ich diese Zeit nutzen kann, um mich selbst auszuleben, mir klar dar\u00fcber zu werden, was ich eigentlich will. Dabei helfen mir auch die vielen netten Kollegen, die es hier gibt.<\/span><\/span><\/span><\/span><\/span><\/span><\/span><\/p>\n<p><span style=\"color: #000000;font-family: Calibri\">Neugierig geworden? <span style=\"color: #000000;font-family: Calibri\">Sehr gut! Dann bewirb dich bei uns oder\u00a0beim JAO.&#8220;<\/span><\/span><\/p>\n<p>&nbsp;<\/p>\n<p>Hier k\u00f6nnt Ihr n\u00e4here Informationen erhalten:<\/p>\n<p><a href=\"https:\/\/www.jao-berlin.de\/de\/topic\/152.f\u00f6j-\u00f6bfd-meckpomm.html\">https:\/\/www.jao-berlin.de\/de\/topic\/152.f\u00f6j-\u00f6bfd-meckpomm.html<\/a><\/p>\n<p>Wie k\u00f6nnt Ihr Euch bewerben?<\/p>\n<p>1. Sprecht uns an! Stellt Euch hier bei uns im Naturpark einmal pers\u00f6nlich vor. Dann kann man auch \u00fcber m\u00f6gliche Arbeitsinhalte sprechen.<\/p>\n<p>2. Schickt Eure\u00a0Bewerbung ab sofort bis Ende Mai an das Regionalb\u00fcro des Jugendwerks Aufbau Ost (JAO) in Waren (M\u00fcritz):<\/p>\n<p>Jugendwerk Aufbau Ost JAO gGmbH<\/p>\n<p>F\u00d6J-Regionalb\u00fcro Waren<\/p>\n<p>Haus des Gastes, Neuer Markt 21<\/p>\n<p>17192 Waren (M\u00fcritz)<\/p>\n<p>Telefon: 03991 \u2013 663888<\/p>\n<p>E-Mail: <a href=\"mailto:waren.foej-mv@jao-berlin.de\">waren.foej-mv@jao-berlin.de<\/a><\/p>\n<p>&nbsp;<\/p>\n<p>Wir freuen uns auf Eure Bewerbung!<\/p>\n","protected":false},"excerpt":{"rendered":"<p>Ab September 2020 gibt es f\u00fcr junge Leute wieder die M\u00f6glichkeit, ein Jahr im Naturpark Nossentiner\/Schwinzer Heide mitzuarbeiten. Die Bewerbungsfrist f\u00fcr das kommende F\u00d6J hat gerade begonnen!<\/p>\n","protected":false},"author":84,"featured_media":2777,"comment_status":"open","ping_status":"open","sticky":false,"template":"","format":"standard","meta":[],"categories":[7],"tags":[],"yoast_head":"<!-- This site is optimized with the Yoast SEO plugin v19.10 - https:\/\/yoast.com\/wordpress\/plugins\/seo\/ -->\n<title>Ein Jahr im Naturpark - jetzt bewerben! - Naturpark Nossentiner\/Schwinzer Heide<\/title>\n<meta name=\"robots\" content=\"index, follow, max-snippet:-1, max-image-preview:large, max-video-preview:-1\" \/>\n<link rel=\"canonical\" href=\"https:\/\/www.naturparkmagazin.de\/nossentiner-schwinzer-heide\/ein-jahr-im-naturpark-jetzt-bewerben\/\" \/>\n<meta property=\"og:locale\" content=\"de_DE\" \/>\n<meta property=\"og:type\" content=\"article\" \/>\n<meta property=\"og:title\" content=\"Ein Jahr im Naturpark - jetzt bewerben! - Naturpark Nossentiner\/Schwinzer Heide\" \/>\n<meta property=\"og:description\" content=\"Ab September 2020 gibt es f\u00fcr junge Leute wieder die M\u00f6glichkeit, ein Jahr im Naturpark Nossentiner\/Schwinzer Heide mitzuarbeiten. Die Bewerbungsfrist f\u00fcr das kommende F\u00d6J hat gerade begonnen!\" \/>\n<meta property=\"og:url\" content=\"https:\/\/www.naturparkmagazin.de\/nossentiner-schwinzer-heide\/ein-jahr-im-naturpark-jetzt-bewerben\/\" \/>\n<meta property=\"og:site_name\" content=\"Naturpark Nossentiner\/Schwinzer Heide\" \/>\n<meta property=\"article:published_time\" content=\"2020-02-03T15:51:29+00:00\" \/>\n<meta property=\"article:modified_time\" content=\"2020-02-03T15:52:43+00:00\" \/>\n<meta property=\"og:image\" content=\"https:\/\/www.naturparkmagazin.de\/nossentiner-schwinzer-heide\/wp-content\/uploads\/sites\/28\/F\u00d6J-Plakat_20201.jpg\" \/>\n\t<meta property=\"og:image:width\" content=\"3511\" \/>\n\t<meta property=\"og:image:height\" content=\"4963\" \/>\n\t<meta property=\"og:image:type\" content=\"image\/jpeg\" \/>\n<meta name=\"author\" content=\"evelinkartheuser\" \/>\n<meta name=\"twitter:label1\" content=\"Verfasst von\" \/>\n\t<meta name=\"twitter:data1\" content=\"evelinkartheuser\" \/>\n\t<meta name=\"twitter:label2\" content=\"Gesch\u00e4tzte Lesezeit\" \/>\n\t<meta name=\"twitter:data2\" content=\"2\u00a0Minuten\" \/>\n<script type=\"application\/ld+json\" class=\"yoast-schema-graph\">{\"@context\":\"https:\/\/schema.org\",\"@graph\":[{\"@type\":\"WebPage\",\"@id\":\"https:\/\/www.naturparkmagazin.de\/nossentiner-schwinzer-heide\/ein-jahr-im-naturpark-jetzt-bewerben\/\",\"url\":\"https:\/\/www.naturparkmagazin.de\/nossentiner-schwinzer-heide\/ein-jahr-im-naturpark-jetzt-bewerben\/\",\"name\":\"Ein Jahr im Naturpark - jetzt bewerben! - Naturpark Nossentiner\/Schwinzer Heide\",\"isPartOf\":{\"@id\":\"https:\/\/www.naturparkmagazin.de\/nossentiner-schwinzer-heide\/#website\"},\"datePublished\":\"2020-02-03T15:51:29+00:00\",\"dateModified\":\"2020-02-03T15:52:43+00:00\",\"author\":{\"@id\":\"https:\/\/www.naturparkmagazin.de\/nossentiner-schwinzer-heide\/#\/schema\/person\/6e5721221b13b6f827e696f29ff18008\"},\"breadcrumb\":{\"@id\":\"https:\/\/www.naturparkmagazin.de\/nossentiner-schwinzer-heide\/ein-jahr-im-naturpark-jetzt-bewerben\/#breadcrumb\"},\"inLanguage\":\"de\",\"potentialAction\":[{\"@type\":\"ReadAction\",\"target\":[\"https:\/\/www.naturparkmagazin.de\/nossentiner-schwinzer-heide\/ein-jahr-im-naturpark-jetzt-bewerben\/\"]}]},{\"@type\":\"BreadcrumbList\",\"@id\":\"https:\/\/www.naturparkmagazin.de\/nossentiner-schwinzer-heide\/ein-jahr-im-naturpark-jetzt-bewerben\/#breadcrumb\",\"itemListElement\":[{\"@type\":\"ListItem\",\"position\":1,\"name\":\"Home\",\"item\":\"https:\/\/www.naturparkmagazin.de\/nossentiner-schwinzer-heide\/\"},{\"@type\":\"ListItem\",\"position\":2,\"name\":\"Ein Jahr im Naturpark &#8211; jetzt bewerben!\"}]},{\"@type\":\"WebSite\",\"@id\":\"https:\/\/www.naturparkmagazin.de\/nossentiner-schwinzer-heide\/#website\",\"url\":\"https:\/\/www.naturparkmagazin.de\/nossentiner-schwinzer-heide\/\",\"name\":\"Naturpark Nossentiner\/Schwinzer Heide\",\"description\":\"\",\"potentialAction\":[{\"@type\":\"SearchAction\",\"target\":{\"@type\":\"EntryPoint\",\"urlTemplate\":\"https:\/\/www.naturparkmagazin.de\/nossentiner-schwinzer-heide\/?s={search_term_string}\"},\"query-input\":\"required name=search_term_string\"}],\"inLanguage\":\"de\"},{\"@type\":\"Person\",\"@id\":\"https:\/\/www.naturparkmagazin.de\/nossentiner-schwinzer-heide\/#\/schema\/person\/6e5721221b13b6f827e696f29ff18008\",\"name\":\"evelinkartheuser\",\"url\":\"https:\/\/www.naturparkmagazin.de\/nossentiner-schwinzer-heide\/author\/evelinkartheuser\/\"}]}<\/script>\n<!-- \/ Yoast SEO plugin. -->","yoast_head_json":{"title":"Ein Jahr im Naturpark - jetzt bewerben! - Naturpark Nossentiner\/Schwinzer Heide","robots":{"index":"index","follow":"follow","max-snippet":"max-snippet:-1","max-image-preview":"max-image-preview:large","max-video-preview":"max-video-preview:-1"},"canonical":"https:\/\/www.naturparkmagazin.de\/nossentiner-schwinzer-heide\/ein-jahr-im-naturpark-jetzt-bewerben\/","og_locale":"de_DE","og_type":"article","og_title":"Ein Jahr im Naturpark - jetzt bewerben! - Naturpark Nossentiner\/Schwinzer Heide","og_description":"Ab September 2020 gibt es f\u00fcr junge Leute wieder die M\u00f6glichkeit, ein Jahr im Naturpark Nossentiner\/Schwinzer Heide mitzuarbeiten. Die Bewerbungsfrist f\u00fcr das kommende F\u00d6J hat gerade begonnen!","og_url":"https:\/\/www.naturparkmagazin.de\/nossentiner-schwinzer-heide\/ein-jahr-im-naturpark-jetzt-bewerben\/","og_site_name":"Naturpark Nossentiner\/Schwinzer Heide","article_published_time":"2020-02-03T15:51:29+00:00","article_modified_time":"2020-02-03T15:52:43+00:00","og_image":[{"width":3511,"height":4963,"url":"https:\/\/www.naturparkmagazin.de\/nossentiner-schwinzer-heide\/wp-content\/uploads\/sites\/28\/F\u00d6J-Plakat_20201.jpg","type":"image\/jpeg"}],"author":"evelinkartheuser","twitter_misc":{"Verfasst von":"evelinkartheuser","Gesch\u00e4tzte Lesezeit":"2\u00a0Minuten"},"schema":{"@context":"https:\/\/schema.org","@graph":[{"@type":"WebPage","@id":"https:\/\/www.naturparkmagazin.de\/nossentiner-schwinzer-heide\/ein-jahr-im-naturpark-jetzt-bewerben\/","url":"https:\/\/www.naturparkmagazin.de\/nossentiner-schwinzer-heide\/ein-jahr-im-naturpark-jetzt-bewerben\/","name":"Ein Jahr im Naturpark - jetzt bewerben! - Naturpark Nossentiner\/Schwinzer Heide","isPartOf":{"@id":"https:\/\/www.naturparkmagazin.de\/nossentiner-schwinzer-heide\/#website"},"datePublished":"2020-02-03T15:51:29+00:00","dateModified":"2020-02-03T15:52:43+00:00","author":{"@id":"https:\/\/www.naturparkmagazin.de\/nossentiner-schwinzer-heide\/#\/schema\/person\/6e5721221b13b6f827e696f29ff18008"},"breadcrumb":{"@id":"https:\/\/www.naturparkmagazin.de\/nossentiner-schwinzer-heide\/ein-jahr-im-naturpark-jetzt-bewerben\/#breadcrumb"},"inLanguage":"de","potentialAction":[{"@type":"ReadAction","target":["https:\/\/www.naturparkmagazin.de\/nossentiner-schwinzer-heide\/ein-jahr-im-naturpark-jetzt-bewerben\/"]}]},{"@type":"BreadcrumbList","@id":"https:\/\/www.naturparkmagazin.de\/nossentiner-schwinzer-heide\/ein-jahr-im-naturpark-jetzt-bewerben\/#breadcrumb","itemListElement":[{"@type":"ListItem","position":1,"name":"Home","item":"https:\/\/www.naturparkmagazin.de\/nossentiner-schwinzer-heide\/"},{"@type":"ListItem","position":2,"name":"Ein Jahr im Naturpark &#8211; jetzt bewerben!"}]},{"@type":"WebSite","@id":"https:\/\/www.naturparkmagazin.de\/nossentiner-schwinzer-heide\/#website","url":"https:\/\/www.naturparkmagazin.de\/nossentiner-schwinzer-heide\/","name":"Naturpark Nossentiner\/Schwinzer Heide","description":"","potentialAction":[{"@type":"SearchAction","target":{"@type":"EntryPoint","urlTemplate":"https:\/\/www.naturparkmagazin.de\/nossentiner-schwinzer-heide\/?s={search_term_string}"},"query-input":"required name=search_term_string"}],"inLanguage":"de"},{"@type":"Person","@id":"https:\/\/www.naturparkmagazin.de\/nossentiner-schwinzer-heide\/#\/schema\/person\/6e5721221b13b6f827e696f29ff18008","name":"evelinkartheuser","url":"https:\/\/www.naturparkmagazin.de\/nossentiner-schwinzer-heide\/author\/evelinkartheuser\/"}]}},"_links":{"self":[{"href":"https:\/\/www.naturparkmagazin.de\/nossentiner-schwinzer-heide\/wp-json\/wp\/v2\/posts\/2771"}],"collection":[{"href":"https:\/\/www.naturparkmagazin.de\/nossentiner-schwinzer-heide\/wp-json\/wp\/v2\/posts"}],"about":[{"href":"https:\/\/www.naturparkmagazin.de\/nossentiner-schwinzer-heide\/wp-json\/wp\/v2\/types\/post"}],"author":[{"embeddable":true,"href":"https:\/\/www.naturparkmagazin.de\/nossentiner-schwinzer-heide\/wp-json\/wp\/v2\/users\/84"}],"replies":[{"embeddable":true,"href":"https:\/\/www.naturparkmagazin.de\/nossentiner-schwinzer-heide\/wp-json\/wp\/v2\/comments?post=2771"}],"version-history":[{"count":7,"href":"https:\/\/www.naturparkmagazin.de\/nossentiner-schwinzer-heide\/wp-json\/wp\/v2\/posts\/2771\/revisions"}],"predecessor-version":[{"id":2780,"href":"https:\/\/www.naturparkmagazin.de\/nossentiner-schwinzer-heide\/wp-json\/wp\/v2\/posts\/2771\/revisions\/2780"}],"wp:featuredmedia":[{"embeddable":true,"href":"https:\/\/www.naturparkmagazin.de\/nossentiner-schwinzer-heide\/wp-json\/wp\/v2\/media\/2777"}],"wp:attachment":[{"href":"https:\/\/www.naturparkmagazin.de\/nossentiner-schwinzer-heide\/wp-json\/wp\/v2\/media?parent=2771"}],"wp:term":[{"taxonomy":"category","embeddable":true,"href":"https:\/\/www.naturparkmagazin.de\/nossentiner-schwinzer-heide\/wp-json\/wp\/v2\/categories?post=2771"},{"taxonomy":"post_tag","embeddable":true,"href":"https:\/\/www.naturparkmagazin.de\/nossentiner-schwinzer-heide\/wp-json\/wp\/v2\/tags?post=2771"}],"curies":[{"name":"wp","href":"https:\/\/api.w.org\/{rel}","templated":true}]}}