{"id":2783,"date":"2022-02-18T16:35:33","date_gmt":"2022-02-18T15:35:33","guid":{"rendered":"https:\/\/www.naturparkmagazin.de\/nossentiner-schwinzer-heide\/?p=2783"},"modified":"2022-03-18T11:01:13","modified_gmt":"2022-03-18T10:01:13","slug":"nestwaerme-was-wir-von-voegeln-lernen-koennen","status":"publish","type":"post","link":"https:\/\/www.naturparkmagazin.de\/nossentiner-schwinzer-heide\/nestwaerme-was-wir-von-voegeln-lernen-koennen\/","title":{"rendered":"Vortr\u00e4ge von Ernst-Paul D\u00f6rfler: &#8222;Nestw\u00e4rme&#8220; im M\u00fcritzeum und &#8222;Aufs Land&#8220; im Karower Meiler"},"content":{"rendered":"<pre><span style=\"color: #000000\">M\u00e4rz 2022\r\n<\/span><\/pre>\n<h3>Interaktive Buchvorstellung von und mit Ernst Paul D\u00f6rfler am 30.3.22 im M\u00fcritzeum und am 31.3. im Karower Meiler<\/h3>\n<p><a href=\"https:\/\/www.naturparkmagazin.de\/nossentiner-schwinzer-heide\/wp-content\/uploads\/sites\/28\/Plakat_D\u00f6rfler_AufsLand.jpg\"><img decoding=\"async\" loading=\"lazy\" class=\"alignnone size-medium wp-image-3904\" src=\"https:\/\/www.naturparkmagazin.de\/nossentiner-schwinzer-heide\/wp-content\/uploads\/sites\/28\/Plakat_D\u00f6rfler_AufsLand-620x876.jpg\" alt=\"Plakat_D\u00f6rfler_AufsLand\" width=\"620\" height=\"876\" srcset=\"https:\/\/www.naturparkmagazin.de\/nossentiner-schwinzer-heide\/wp-content\/uploads\/sites\/28\/Plakat_D\u00f6rfler_AufsLand-620x876.jpg 620w, https:\/\/www.naturparkmagazin.de\/nossentiner-schwinzer-heide\/wp-content\/uploads\/sites\/28\/Plakat_D\u00f6rfler_AufsLand-300x424.jpg 300w, https:\/\/www.naturparkmagazin.de\/nossentiner-schwinzer-heide\/wp-content\/uploads\/sites\/28\/Plakat_D\u00f6rfler_AufsLand-940x1327.jpg 940w, https:\/\/www.naturparkmagazin.de\/nossentiner-schwinzer-heide\/wp-content\/uploads\/sites\/28\/Plakat_D\u00f6rfler_AufsLand-670x946.jpg 670w, https:\/\/www.naturparkmagazin.de\/nossentiner-schwinzer-heide\/wp-content\/uploads\/sites\/28\/Plakat_D\u00f6rfler_AufsLand-200x282.jpg 200w\" sizes=\"(max-width: 620px) 100vw, 620px\" \/><\/a><\/p>\n<h5><\/h5>\n<h5>Der F\u00f6rderverein des Naturparks Nossentiner\/Schwinzer Heide l\u00e4dt gemeinsam mit dem M\u00fcritzeum und dem F\u00f6rderverein des M\u00fcritz-Nationalparks den renommierten Natursch\u00fctzer und Autor Ernst-Paul D\u00f6rfler ein. Am 30. M\u00e4rz stellt er im M\u00fcritzeum Waren (M\u00fcritz) sein Buch &#8222;Nestw\u00e4rme&#8220; vor. Am 31. M\u00e4rz gibt es einen Vortrag zu seinem neuen Buch &#8222;Aufs Land. Wege aus Klimakrise, Monokultur und Konsumzwang&#8220;.<\/h5>\n<p>Was sollten wir Menschen von den V\u00f6geln lernen? Ein Leben mit der Sonne statt nach der Uhr, einen gesunden Lebensstil, partnerschaftliche Beziehungen, Gewaltverzicht, klimaneutrale Mobilit\u00e4t?<\/p>\n<p>Der vielfach ausgezeichnete Natursch\u00fctzer Dr. Ernst Paul D\u00f6rfler hat Ber\u00fchrendes \u00fcber das geheime Leben der V\u00f6gel geschrieben, die oft friedvoller und achtsamer miteinander umgehen als wir Menschen. Neue wissenschaftliche Erkenntnisse zeigen, dass wir den V\u00f6geln n\u00e4herstehen, als wir bisher glauben wollten. Vor allem ihr Innenleben h\u00e4lt so manche \u00dcberraschung f\u00fcr uns bereit. &#8222;Nestw\u00e4rme\u201c ist nicht nur ein \u00fcberraschendes Buch \u00fcber das Sozialverhalten unserer gefiederten Nachbarn, es ist auch ein Pl\u00e4doyer f\u00fcr einen nachhaltigen Umgang mit der Natur \u2013 und eine augenzwinkernde Aufforderung, das eigene Leben hin und wieder aus einer neuen Perspektive zu betrachten.<\/p>\n<p>Das Buch, das Dr. D\u00f6rfler am <strong>Mittwoch, 30. M\u00e4rz,<\/strong> um 18.30 Uhr im <strong>M\u00fcritzeum in Waren (M\u00fcritz)<\/strong> vorstellt, hat es bis auf die Spiegel-Bestsellerliste geschafft. In seiner unterhaltsamen wie informativen Art plaudert Ernst Paul D\u00f6rfler darin aus dem Leben der V\u00f6gel, er beschreibt, was uns Menschen mit ihnen verbindet.<\/p>\n<p>&nbsp;<\/p>\n<h5>\u00a0Aufs Land &#8211; Wege aus Klimakrise, Monokultur und Konsumzwang<\/h5>\n<p>Auch wenn man gelegentlich einen anderen Eindruck hat: Das Landleben ist kein Auslaufmodell, sondern vielleicht auch eine Chance f\u00fcr Klima und Umwelt. Leidenschaftlich und kompetent ruft der \u00d6kologe Ernst Paul D\u00f6rfler dazu auf, aus dem Kreislauf von immer-mehr arbeiten-und-konsumieren auszubrechen und nachhaltige L\u00f6sungen zu finden. Der Weg dorthin f\u00fchrt aufs Land. Als unbequemer Umweltsch\u00fctzer schon in der DDR vermittelt er, was freies und selbstbestimmtes Leben bedeutet und wie es gehen kann. Wer weniger braucht, muss weniger arbeiten und verdienen, schont zugleich die nat\u00fcrlichen Lebensgrundlagen, lebt zufriedener und ges\u00fcnder. Ob Stadt- oder Landmensch, dieses Buch r\u00fcttelt auf und zeigt Perspektiven f\u00fcr ein freies, umwelt- und klimafreundliches Leben. Der Vortrag findet am <strong>Donnerstag<\/strong>, <strong>31. M\u00e4rz 2022, um 18.30 Uhr im Naturparkzentrum Karower Meiler<\/strong>, Ziegenhorn 1 in 19395 Plau\/OT Karow, statt.<\/p>\n<p>\u201eErnst-Paul D\u00f6rfler inspiriert mit seinen Werken ein breites Publikum und gibt Antworten auf wesentliche Zukunftsfragen einer ganzen Generation. Seine fachlich fundierten Erkenntnisse und Erfahrungen sind nicht blo\u00dfe Unterhaltung, sondern regen zum Nach- und Umdenken an. Ich freue mich, dass der F\u00f6rderverein Herrn D\u00f6rfler f\u00fcr einen Vortrag im Naturpark Nossentiner\/Schwinzer Heide gewinnen konnte\u201c, betont Ute Hennings, Direktorin des LUNG MV, dem die Naturparke des Landes angeh\u00f6ren.<\/p>\n<p>&nbsp;<\/p>\n<h5>Ein St\u00fcck Geschichte<\/h5>\n<p>Ernst Paul D\u00f6rfler, geboren 1950 in Kemberg bei Lutherstadt Wittenberg, ist promovierter \u00d6kochemiker. Sein Buch \u201eZur\u00fcck zur Natur?\u201c wurde 1986 zu einem Kultbuch der DDR-Umweltbewegung. D\u00f6rfler hat vor vier Jahrzehnten f\u00fcr das DDR-Umweltministerium die \u201eNitratstudie\u201c und die \u201ePestizidstudie\u201c angefertigt, die zur \u201eVertraulichen Verschlusssache\u201c erkl\u00e4rt wurden und nie das Licht der \u00d6ffentlichkeit erreichten. Daraufhin verlie\u00df er das Institut und wurde freiberuflich t\u00e4tig, um die Umweltaufkl\u00e4rung voranzubringen, und wurde als Oppositioneller \u00fcberwacht.<\/p>\n<p>D\u00f6rfler war durch sein gesammeltes \u00f6kologisches Wissen zur Wendezeit eine gefragte Person und wurde an den \u201eZentralen Runden Tisch\u201c und den \u201eGr\u00fcnen Tisch\u201c berufen, um den \u00f6kologischen Umbau von Wirtschaft und Gesellschaft mit zu organisieren. Anschlie\u00dfend zog er an der Seite seines Fraktionskollegen Joachim Gauck in die frei gew\u00e4hlte Volkskammer ein und leitete dort den Ausschuss f\u00fcr Umwelt, Naturschutz und Reaktorsicherheit. Seine Schwerpunkte waren schon damals die F\u00f6rderung der erneuerbaren Energien sowie die \u00f6kologische Umgestaltung der Landwirtschaft.<\/p>\n<p>Die Buchvorstellungen werden mit der freundlichen Unterst\u00fctzung des F\u00f6rdervereins des M\u00fcritz-Nationalparks m\u00f6glich. Die beiden Vortr\u00e4ge am 30. und am 31. M\u00e4rz finden vorbehaltlich m\u00f6glicher Corona-Beschr\u00e4nkungen statt. Um eine <strong><span style=\"color: #ff0000\">Anmeldung<\/span><\/strong> wird gebeten, da die Pl\u00e4tze begrenzt sind:<\/p>\n<p>Vortrag &#8222;Nestw\u00e4rme&#8220; am 30.3.: Anmeldung telefonisch unter 03991 633 680<\/p>\n<p>Vortrag &#8222;Aufs Land&#8220; am 31.3.: Anmeldung per Email: info-nsh@lung.mv-regierung.de\u00a0 oder Tel. 0387-387-3900<\/p>\n<p><a href=\"https:\/\/www.naturparkmagazin.de\/nossentiner-schwinzer-heide\/wp-content\/uploads\/sites\/28\/Plakat_Vortrag_D\u00f6rfler2022.jpg\"><img decoding=\"async\" loading=\"lazy\" class=\"alignnone size-medium wp-image-3872\" src=\"https:\/\/www.naturparkmagazin.de\/nossentiner-schwinzer-heide\/wp-content\/uploads\/sites\/28\/Plakat_Vortrag_D\u00f6rfler2022-620x876.jpg\" alt=\"Plakat_Vortrag_D\u00f6rfler2022\" width=\"620\" height=\"876\" srcset=\"https:\/\/www.naturparkmagazin.de\/nossentiner-schwinzer-heide\/wp-content\/uploads\/sites\/28\/Plakat_Vortrag_D\u00f6rfler2022-620x876.jpg 620w, https:\/\/www.naturparkmagazin.de\/nossentiner-schwinzer-heide\/wp-content\/uploads\/sites\/28\/Plakat_Vortrag_D\u00f6rfler2022-300x424.jpg 300w, https:\/\/www.naturparkmagazin.de\/nossentiner-schwinzer-heide\/wp-content\/uploads\/sites\/28\/Plakat_Vortrag_D\u00f6rfler2022-940x1327.jpg 940w, https:\/\/www.naturparkmagazin.de\/nossentiner-schwinzer-heide\/wp-content\/uploads\/sites\/28\/Plakat_Vortrag_D\u00f6rfler2022-670x946.jpg 670w, https:\/\/www.naturparkmagazin.de\/nossentiner-schwinzer-heide\/wp-content\/uploads\/sites\/28\/Plakat_Vortrag_D\u00f6rfler2022-200x282.jpg 200w\" sizes=\"(max-width: 620px) 100vw, 620px\" \/><\/a><\/p>\n<p>&nbsp;<\/p>\n","protected":false},"excerpt":{"rendered":"<p>Der Natursch\u00fctzer und Autor Ernst-Paul D\u00f6rfler stellt am 30. M\u00e4rz 2022 sein Buch \u201cNestw\u00e4rme\u201d vor. Am 31. M\u00e4rz gibt es einen Vortrag zu seinem neuen Buch \u201cAufs Land. Wege aus Klimakrise, Monokultur und Konsumzwang\u201d.<\/p>\n","protected":false},"author":84,"featured_media":3904,"comment_status":"open","ping_status":"open","sticky":false,"template":"","format":"standard","meta":[],"categories":[11],"tags":[],"yoast_head":"<!-- This site is optimized with the Yoast SEO plugin v19.10 - https:\/\/yoast.com\/wordpress\/plugins\/seo\/ -->\n<title>Vortr\u00e4ge von Ernst-Paul D\u00f6rfler: &quot;Nestw\u00e4rme&quot; im M\u00fcritzeum und &quot;Aufs Land&quot; im Karower Meiler - Naturpark Nossentiner\/Schwinzer Heide<\/title>\n<meta name=\"robots\" content=\"index, follow, max-snippet:-1, max-image-preview:large, max-video-preview:-1\" \/>\n<link rel=\"canonical\" href=\"https:\/\/www.naturparkmagazin.de\/nossentiner-schwinzer-heide\/nestwaerme-was-wir-von-voegeln-lernen-koennen\/\" \/>\n<meta property=\"og:locale\" content=\"de_DE\" \/>\n<meta property=\"og:type\" content=\"article\" \/>\n<meta property=\"og:title\" content=\"Vortr\u00e4ge von Ernst-Paul D\u00f6rfler: &quot;Nestw\u00e4rme&quot; im M\u00fcritzeum und &quot;Aufs Land&quot; im Karower Meiler - Naturpark Nossentiner\/Schwinzer Heide\" \/>\n<meta property=\"og:description\" content=\"Der Natursch\u00fctzer und Autor Ernst-Paul D\u00f6rfler stellt am 30. M\u00e4rz 2022 sein Buch \u201cNestw\u00e4rme\u201d vor. Am 31. M\u00e4rz gibt es einen Vortrag zu seinem neuen Buch \u201cAufs Land. Wege aus Klimakrise, Monokultur und Konsumzwang\u201d.\" \/>\n<meta property=\"og:url\" content=\"https:\/\/www.naturparkmagazin.de\/nossentiner-schwinzer-heide\/nestwaerme-was-wir-von-voegeln-lernen-koennen\/\" \/>\n<meta property=\"og:site_name\" content=\"Naturpark Nossentiner\/Schwinzer Heide\" \/>\n<meta property=\"article:published_time\" content=\"2022-02-18T15:35:33+00:00\" \/>\n<meta property=\"article:modified_time\" content=\"2022-03-18T10:01:13+00:00\" \/>\n<meta property=\"og:image\" content=\"https:\/\/www.naturparkmagazin.de\/nossentiner-schwinzer-heide\/wp-content\/uploads\/sites\/28\/Plakat_D\u00f6rfler_AufsLand.jpg\" \/>\n\t<meta property=\"og:image:width\" content=\"2489\" \/>\n\t<meta property=\"og:image:height\" content=\"3515\" \/>\n\t<meta property=\"og:image:type\" content=\"image\/jpeg\" \/>\n<meta name=\"author\" content=\"evelinkartheuser\" \/>\n<meta name=\"twitter:label1\" content=\"Verfasst von\" \/>\n\t<meta name=\"twitter:data1\" content=\"evelinkartheuser\" \/>\n\t<meta name=\"twitter:label2\" content=\"Gesch\u00e4tzte Lesezeit\" \/>\n\t<meta name=\"twitter:data2\" content=\"4\u00a0Minuten\" \/>\n<script type=\"application\/ld+json\" class=\"yoast-schema-graph\">{\"@context\":\"https:\/\/schema.org\",\"@graph\":[{\"@type\":\"WebPage\",\"@id\":\"https:\/\/www.naturparkmagazin.de\/nossentiner-schwinzer-heide\/nestwaerme-was-wir-von-voegeln-lernen-koennen\/\",\"url\":\"https:\/\/www.naturparkmagazin.de\/nossentiner-schwinzer-heide\/nestwaerme-was-wir-von-voegeln-lernen-koennen\/\",\"name\":\"Vortr\u00e4ge von Ernst-Paul D\u00f6rfler: \\\"Nestw\u00e4rme\\\" im M\u00fcritzeum und \\\"Aufs Land\\\" im Karower Meiler - Naturpark Nossentiner\/Schwinzer Heide\",\"isPartOf\":{\"@id\":\"https:\/\/www.naturparkmagazin.de\/nossentiner-schwinzer-heide\/#website\"},\"datePublished\":\"2022-02-18T15:35:33+00:00\",\"dateModified\":\"2022-03-18T10:01:13+00:00\",\"author\":{\"@id\":\"https:\/\/www.naturparkmagazin.de\/nossentiner-schwinzer-heide\/#\/schema\/person\/6e5721221b13b6f827e696f29ff18008\"},\"breadcrumb\":{\"@id\":\"https:\/\/www.naturparkmagazin.de\/nossentiner-schwinzer-heide\/nestwaerme-was-wir-von-voegeln-lernen-koennen\/#breadcrumb\"},\"inLanguage\":\"de\",\"potentialAction\":[{\"@type\":\"ReadAction\",\"target\":[\"https:\/\/www.naturparkmagazin.de\/nossentiner-schwinzer-heide\/nestwaerme-was-wir-von-voegeln-lernen-koennen\/\"]}]},{\"@type\":\"BreadcrumbList\",\"@id\":\"https:\/\/www.naturparkmagazin.de\/nossentiner-schwinzer-heide\/nestwaerme-was-wir-von-voegeln-lernen-koennen\/#breadcrumb\",\"itemListElement\":[{\"@type\":\"ListItem\",\"position\":1,\"name\":\"Home\",\"item\":\"https:\/\/www.naturparkmagazin.de\/nossentiner-schwinzer-heide\/\"},{\"@type\":\"ListItem\",\"position\":2,\"name\":\"Vortr\u00e4ge von Ernst-Paul D\u00f6rfler: &#8222;Nestw\u00e4rme&#8220; im M\u00fcritzeum und &#8222;Aufs Land&#8220; im Karower Meiler\"}]},{\"@type\":\"WebSite\",\"@id\":\"https:\/\/www.naturparkmagazin.de\/nossentiner-schwinzer-heide\/#website\",\"url\":\"https:\/\/www.naturparkmagazin.de\/nossentiner-schwinzer-heide\/\",\"name\":\"Naturpark Nossentiner\/Schwinzer Heide\",\"description\":\"\",\"potentialAction\":[{\"@type\":\"SearchAction\",\"target\":{\"@type\":\"EntryPoint\",\"urlTemplate\":\"https:\/\/www.naturparkmagazin.de\/nossentiner-schwinzer-heide\/?s={search_term_string}\"},\"query-input\":\"required name=search_term_string\"}],\"inLanguage\":\"de\"},{\"@type\":\"Person\",\"@id\":\"https:\/\/www.naturparkmagazin.de\/nossentiner-schwinzer-heide\/#\/schema\/person\/6e5721221b13b6f827e696f29ff18008\",\"name\":\"evelinkartheuser\",\"url\":\"https:\/\/www.naturparkmagazin.de\/nossentiner-schwinzer-heide\/author\/evelinkartheuser\/\"}]}<\/script>\n<!-- \/ Yoast SEO plugin. -->","yoast_head_json":{"title":"Vortr\u00e4ge von Ernst-Paul D\u00f6rfler: \"Nestw\u00e4rme\" im M\u00fcritzeum und \"Aufs Land\" im Karower Meiler - Naturpark Nossentiner\/Schwinzer Heide","robots":{"index":"index","follow":"follow","max-snippet":"max-snippet:-1","max-image-preview":"max-image-preview:large","max-video-preview":"max-video-preview:-1"},"canonical":"https:\/\/www.naturparkmagazin.de\/nossentiner-schwinzer-heide\/nestwaerme-was-wir-von-voegeln-lernen-koennen\/","og_locale":"de_DE","og_type":"article","og_title":"Vortr\u00e4ge von Ernst-Paul D\u00f6rfler: \"Nestw\u00e4rme\" im M\u00fcritzeum und \"Aufs Land\" im Karower Meiler - Naturpark Nossentiner\/Schwinzer Heide","og_description":"Der Natursch\u00fctzer und Autor Ernst-Paul D\u00f6rfler stellt am 30. M\u00e4rz 2022 sein Buch \u201cNestw\u00e4rme\u201d vor. Am 31. M\u00e4rz gibt es einen Vortrag zu seinem neuen Buch \u201cAufs Land. Wege aus Klimakrise, Monokultur und Konsumzwang\u201d.","og_url":"https:\/\/www.naturparkmagazin.de\/nossentiner-schwinzer-heide\/nestwaerme-was-wir-von-voegeln-lernen-koennen\/","og_site_name":"Naturpark Nossentiner\/Schwinzer Heide","article_published_time":"2022-02-18T15:35:33+00:00","article_modified_time":"2022-03-18T10:01:13+00:00","og_image":[{"width":2489,"height":3515,"url":"https:\/\/www.naturparkmagazin.de\/nossentiner-schwinzer-heide\/wp-content\/uploads\/sites\/28\/Plakat_D\u00f6rfler_AufsLand.jpg","type":"image\/jpeg"}],"author":"evelinkartheuser","twitter_misc":{"Verfasst von":"evelinkartheuser","Gesch\u00e4tzte Lesezeit":"4\u00a0Minuten"},"schema":{"@context":"https:\/\/schema.org","@graph":[{"@type":"WebPage","@id":"https:\/\/www.naturparkmagazin.de\/nossentiner-schwinzer-heide\/nestwaerme-was-wir-von-voegeln-lernen-koennen\/","url":"https:\/\/www.naturparkmagazin.de\/nossentiner-schwinzer-heide\/nestwaerme-was-wir-von-voegeln-lernen-koennen\/","name":"Vortr\u00e4ge von Ernst-Paul D\u00f6rfler: \"Nestw\u00e4rme\" im M\u00fcritzeum und \"Aufs Land\" im Karower Meiler - Naturpark Nossentiner\/Schwinzer Heide","isPartOf":{"@id":"https:\/\/www.naturparkmagazin.de\/nossentiner-schwinzer-heide\/#website"},"datePublished":"2022-02-18T15:35:33+00:00","dateModified":"2022-03-18T10:01:13+00:00","author":{"@id":"https:\/\/www.naturparkmagazin.de\/nossentiner-schwinzer-heide\/#\/schema\/person\/6e5721221b13b6f827e696f29ff18008"},"breadcrumb":{"@id":"https:\/\/www.naturparkmagazin.de\/nossentiner-schwinzer-heide\/nestwaerme-was-wir-von-voegeln-lernen-koennen\/#breadcrumb"},"inLanguage":"de","potentialAction":[{"@type":"ReadAction","target":["https:\/\/www.naturparkmagazin.de\/nossentiner-schwinzer-heide\/nestwaerme-was-wir-von-voegeln-lernen-koennen\/"]}]},{"@type":"BreadcrumbList","@id":"https:\/\/www.naturparkmagazin.de\/nossentiner-schwinzer-heide\/nestwaerme-was-wir-von-voegeln-lernen-koennen\/#breadcrumb","itemListElement":[{"@type":"ListItem","position":1,"name":"Home","item":"https:\/\/www.naturparkmagazin.de\/nossentiner-schwinzer-heide\/"},{"@type":"ListItem","position":2,"name":"Vortr\u00e4ge von Ernst-Paul D\u00f6rfler: &#8222;Nestw\u00e4rme&#8220; im M\u00fcritzeum und &#8222;Aufs Land&#8220; im Karower Meiler"}]},{"@type":"WebSite","@id":"https:\/\/www.naturparkmagazin.de\/nossentiner-schwinzer-heide\/#website","url":"https:\/\/www.naturparkmagazin.de\/nossentiner-schwinzer-heide\/","name":"Naturpark Nossentiner\/Schwinzer Heide","description":"","potentialAction":[{"@type":"SearchAction","target":{"@type":"EntryPoint","urlTemplate":"https:\/\/www.naturparkmagazin.de\/nossentiner-schwinzer-heide\/?s={search_term_string}"},"query-input":"required name=search_term_string"}],"inLanguage":"de"},{"@type":"Person","@id":"https:\/\/www.naturparkmagazin.de\/nossentiner-schwinzer-heide\/#\/schema\/person\/6e5721221b13b6f827e696f29ff18008","name":"evelinkartheuser","url":"https:\/\/www.naturparkmagazin.de\/nossentiner-schwinzer-heide\/author\/evelinkartheuser\/"}]}},"_links":{"self":[{"href":"https:\/\/www.naturparkmagazin.de\/nossentiner-schwinzer-heide\/wp-json\/wp\/v2\/posts\/2783"}],"collection":[{"href":"https:\/\/www.naturparkmagazin.de\/nossentiner-schwinzer-heide\/wp-json\/wp\/v2\/posts"}],"about":[{"href":"https:\/\/www.naturparkmagazin.de\/nossentiner-schwinzer-heide\/wp-json\/wp\/v2\/types\/post"}],"author":[{"embeddable":true,"href":"https:\/\/www.naturparkmagazin.de\/nossentiner-schwinzer-heide\/wp-json\/wp\/v2\/users\/84"}],"replies":[{"embeddable":true,"href":"https:\/\/www.naturparkmagazin.de\/nossentiner-schwinzer-heide\/wp-json\/wp\/v2\/comments?post=2783"}],"version-history":[{"count":28,"href":"https:\/\/www.naturparkmagazin.de\/nossentiner-schwinzer-heide\/wp-json\/wp\/v2\/posts\/2783\/revisions"}],"predecessor-version":[{"id":3906,"href":"https:\/\/www.naturparkmagazin.de\/nossentiner-schwinzer-heide\/wp-json\/wp\/v2\/posts\/2783\/revisions\/3906"}],"wp:featuredmedia":[{"embeddable":true,"href":"https:\/\/www.naturparkmagazin.de\/nossentiner-schwinzer-heide\/wp-json\/wp\/v2\/media\/3904"}],"wp:attachment":[{"href":"https:\/\/www.naturparkmagazin.de\/nossentiner-schwinzer-heide\/wp-json\/wp\/v2\/media?parent=2783"}],"wp:term":[{"taxonomy":"category","embeddable":true,"href":"https:\/\/www.naturparkmagazin.de\/nossentiner-schwinzer-heide\/wp-json\/wp\/v2\/categories?post=2783"},{"taxonomy":"post_tag","embeddable":true,"href":"https:\/\/www.naturparkmagazin.de\/nossentiner-schwinzer-heide\/wp-json\/wp\/v2\/tags?post=2783"}],"curies":[{"name":"wp","href":"https:\/\/api.w.org\/{rel}","templated":true}]}}