{"id":2789,"date":"2020-02-14T08:31:30","date_gmt":"2020-02-14T07:31:30","guid":{"rendered":"https:\/\/www.naturparkmagazin.de\/nossentiner-schwinzer-heide\/?p=2789"},"modified":"2020-02-27T08:32:10","modified_gmt":"2020-02-27T07:32:10","slug":"fledermausexperten-tagten-in-neu-sammit","status":"publish","type":"post","link":"https:\/\/www.naturparkmagazin.de\/nossentiner-schwinzer-heide\/fledermausexperten-tagten-in-neu-sammit\/","title":{"rendered":"Fledermausexperten tagten in Neu Sammit"},"content":{"rendered":"<div id=\"attachment_2790\" style=\"width: 630px\" class=\"wp-caption alignnone\"><a href=\"https:\/\/www.naturparkmagazin.de\/nossentiner-schwinzer-heide\/wp-content\/uploads\/sites\/28\/image0015.jpg\"><img aria-describedby=\"caption-attachment-2790\" decoding=\"async\" loading=\"lazy\" class=\"wp-image-2790 size-medium\" src=\"https:\/\/www.naturparkmagazin.de\/nossentiner-schwinzer-heide\/wp-content\/uploads\/sites\/28\/image0015-620x465.jpg\" alt=\"image001\" width=\"620\" height=\"465\" srcset=\"https:\/\/www.naturparkmagazin.de\/nossentiner-schwinzer-heide\/wp-content\/uploads\/sites\/28\/image0015-620x465.jpg 620w, https:\/\/www.naturparkmagazin.de\/nossentiner-schwinzer-heide\/wp-content\/uploads\/sites\/28\/image0015-300x225.jpg 300w, https:\/\/www.naturparkmagazin.de\/nossentiner-schwinzer-heide\/wp-content\/uploads\/sites\/28\/image0015-940x705.jpg 940w, https:\/\/www.naturparkmagazin.de\/nossentiner-schwinzer-heide\/wp-content\/uploads\/sites\/28\/image0015-580x435.jpg 580w, https:\/\/www.naturparkmagazin.de\/nossentiner-schwinzer-heide\/wp-content\/uploads\/sites\/28\/image0015-420x315.jpg 420w, https:\/\/www.naturparkmagazin.de\/nossentiner-schwinzer-heide\/wp-content\/uploads\/sites\/28\/image0015-180x135.jpg 180w, https:\/\/www.naturparkmagazin.de\/nossentiner-schwinzer-heide\/wp-content\/uploads\/sites\/28\/image0015-95x71.jpg 95w, https:\/\/www.naturparkmagazin.de\/nossentiner-schwinzer-heide\/wp-content\/uploads\/sites\/28\/image0015-670x503.jpg 670w, https:\/\/www.naturparkmagazin.de\/nossentiner-schwinzer-heide\/wp-content\/uploads\/sites\/28\/image0015-200x150.jpg 200w, https:\/\/www.naturparkmagazin.de\/nossentiner-schwinzer-heide\/wp-content\/uploads\/sites\/28\/image0015.jpg 1386w\" sizes=\"(max-width: 620px) 100vw, 620px\" \/><\/a><p id=\"caption-attachment-2790\" class=\"wp-caption-text\">Gruppenfoto (nach Datenschutzgrundverordnung) (Foto: Ralf Koch)<\/p><\/div>\n<p>Am letzten Februarwochenende besch\u00e4ftigten sich fast 90 Fledermausexperten und interessierte Laien mit aktuellen Ergebnissen der Forschung bei den heimischen Flederm\u00e4usen. Dar\u00fcber hinaus gab es praktische Hinweise \u00fcber den Einsatz von geeigneten Fledermausk\u00e4sten sowie Unterweisungen in der Sicherung und Optimierung von Fledermauswinterquartieren. Der Tagungsort, das Jugendschloss in Neu Sammit, ist bestens geeignet, um in einzigartiger Umgebung miteinander zu tagen, Gespr\u00e4che zu f\u00fchren und gem\u00fctlich den Tag ausklingen zu lassen.<\/p>\n<div id=\"attachment_2791\" style=\"width: 630px\" class=\"wp-caption alignnone\"><a href=\"https:\/\/www.naturparkmagazin.de\/nossentiner-schwinzer-heide\/wp-content\/uploads\/sites\/28\/image0033.jpg\"><img aria-describedby=\"caption-attachment-2791\" decoding=\"async\" loading=\"lazy\" class=\"wp-image-2791 size-medium\" src=\"https:\/\/www.naturparkmagazin.de\/nossentiner-schwinzer-heide\/wp-content\/uploads\/sites\/28\/image0033-620x413.jpg\" alt=\"image003\" width=\"620\" height=\"413\" srcset=\"https:\/\/www.naturparkmagazin.de\/nossentiner-schwinzer-heide\/wp-content\/uploads\/sites\/28\/image0033-620x413.jpg 620w, https:\/\/www.naturparkmagazin.de\/nossentiner-schwinzer-heide\/wp-content\/uploads\/sites\/28\/image0033-300x200.jpg 300w, https:\/\/www.naturparkmagazin.de\/nossentiner-schwinzer-heide\/wp-content\/uploads\/sites\/28\/image0033-940x626.jpg 940w, https:\/\/www.naturparkmagazin.de\/nossentiner-schwinzer-heide\/wp-content\/uploads\/sites\/28\/image0033-670x446.jpg 670w, https:\/\/www.naturparkmagazin.de\/nossentiner-schwinzer-heide\/wp-content\/uploads\/sites\/28\/image0033-200x133.jpg 200w, https:\/\/www.naturparkmagazin.de\/nossentiner-schwinzer-heide\/wp-content\/uploads\/sites\/28\/image0033.jpg 1387w\" sizes=\"(max-width: 620px) 100vw, 620px\" \/><\/a><p id=\"caption-attachment-2791\" class=\"wp-caption-text\">Voller Saal bei den Vortr\u00e4gen (Foto: Joachim Fr\u00f6mmert)<\/p><\/div>\n<div id=\"attachment_2792\" style=\"width: 615px\" class=\"wp-caption alignnone\"><a href=\"https:\/\/www.naturparkmagazin.de\/nossentiner-schwinzer-heide\/wp-content\/uploads\/sites\/28\/image0061.jpg\"><img aria-describedby=\"caption-attachment-2792\" decoding=\"async\" loading=\"lazy\" class=\"wp-image-2792 size-full\" src=\"https:\/\/www.naturparkmagazin.de\/nossentiner-schwinzer-heide\/wp-content\/uploads\/sites\/28\/image0061.jpg\" alt=\"image006\" width=\"605\" height=\"908\" srcset=\"https:\/\/www.naturparkmagazin.de\/nossentiner-schwinzer-heide\/wp-content\/uploads\/sites\/28\/image0061.jpg 605w, https:\/\/www.naturparkmagazin.de\/nossentiner-schwinzer-heide\/wp-content\/uploads\/sites\/28\/image0061-300x450.jpg 300w, https:\/\/www.naturparkmagazin.de\/nossentiner-schwinzer-heide\/wp-content\/uploads\/sites\/28\/image0061-200x300.jpg 200w\" sizes=\"(max-width: 605px) 100vw, 605px\" \/><\/a><p id=\"caption-attachment-2792\" class=\"wp-caption-text\">Ralf Koch gibt eine Einleitung zur Geschichte des ehemaligen Munitionslagers Bossow (Foto: Joachim Fr\u00f6mmert)<\/p><\/div>\n<div id=\"attachment_2793\" style=\"width: 615px\" class=\"wp-caption alignnone\"><a href=\"https:\/\/www.naturparkmagazin.de\/nossentiner-schwinzer-heide\/wp-content\/uploads\/sites\/28\/image008.jpg\"><img aria-describedby=\"caption-attachment-2793\" decoding=\"async\" loading=\"lazy\" class=\"wp-image-2793 size-full\" src=\"https:\/\/www.naturparkmagazin.de\/nossentiner-schwinzer-heide\/wp-content\/uploads\/sites\/28\/image008.jpg\" alt=\"image008\" width=\"605\" height=\"403\" srcset=\"https:\/\/www.naturparkmagazin.de\/nossentiner-schwinzer-heide\/wp-content\/uploads\/sites\/28\/image008.jpg 605w, https:\/\/www.naturparkmagazin.de\/nossentiner-schwinzer-heide\/wp-content\/uploads\/sites\/28\/image008-300x200.jpg 300w, https:\/\/www.naturparkmagazin.de\/nossentiner-schwinzer-heide\/wp-content\/uploads\/sites\/28\/image008-200x133.jpg 200w\" sizes=\"(max-width: 605px) 100vw, 605px\" \/><\/a><p id=\"caption-attachment-2793\" class=\"wp-caption-text\">Exkursion am Nachmittag (Foto: Joachim Fr\u00f6mmert)<\/p><\/div>\n<div id=\"attachment_2794\" style=\"width: 630px\" class=\"wp-caption alignnone\"><a href=\"https:\/\/www.naturparkmagazin.de\/nossentiner-schwinzer-heide\/wp-content\/uploads\/sites\/28\/image009.jpg\"><img aria-describedby=\"caption-attachment-2794\" decoding=\"async\" loading=\"lazy\" class=\"wp-image-2794 size-medium\" src=\"https:\/\/www.naturparkmagazin.de\/nossentiner-schwinzer-heide\/wp-content\/uploads\/sites\/28\/image009-620x413.jpg\" alt=\"image009\" width=\"620\" height=\"413\" srcset=\"https:\/\/www.naturparkmagazin.de\/nossentiner-schwinzer-heide\/wp-content\/uploads\/sites\/28\/image009-620x413.jpg 620w, https:\/\/www.naturparkmagazin.de\/nossentiner-schwinzer-heide\/wp-content\/uploads\/sites\/28\/image009-300x200.jpg 300w, https:\/\/www.naturparkmagazin.de\/nossentiner-schwinzer-heide\/wp-content\/uploads\/sites\/28\/image009-940x626.jpg 940w, https:\/\/www.naturparkmagazin.de\/nossentiner-schwinzer-heide\/wp-content\/uploads\/sites\/28\/image009-670x446.jpg 670w, https:\/\/www.naturparkmagazin.de\/nossentiner-schwinzer-heide\/wp-content\/uploads\/sites\/28\/image009-200x133.jpg 200w, https:\/\/www.naturparkmagazin.de\/nossentiner-schwinzer-heide\/wp-content\/uploads\/sites\/28\/image009.jpg 1387w\" sizes=\"(max-width: 620px) 100vw, 620px\" \/><\/a><p id=\"caption-attachment-2794\" class=\"wp-caption-text\">Flederm\u00e4use im Winterquartier (Fotos: Thomas M\u00fcnzberger)<\/p><\/div>\n<p>&nbsp;<\/p>\n","protected":false},"excerpt":{"rendered":"<p>Am letzten Februarwochenende besch\u00e4ftigten sich fast 90 Fledermausexperten und interessierte Laien mit aktuellen Ergebnissen der Forschung bei den heimischen Flederm\u00e4usen.<\/p>\n","protected":false},"author":84,"featured_media":2790,"comment_status":"open","ping_status":"open","sticky":false,"template":"","format":"standard","meta":[],"categories":[7],"tags":[1213],"yoast_head":"<!-- This site is optimized with the Yoast SEO plugin v19.10 - https:\/\/yoast.com\/wordpress\/plugins\/seo\/ -->\n<title>Fledermausexperten tagten in Neu Sammit - Naturpark Nossentiner\/Schwinzer Heide<\/title>\n<meta name=\"robots\" content=\"index, follow, max-snippet:-1, max-image-preview:large, max-video-preview:-1\" \/>\n<link rel=\"canonical\" href=\"https:\/\/www.naturparkmagazin.de\/nossentiner-schwinzer-heide\/fledermausexperten-tagten-in-neu-sammit\/\" \/>\n<meta property=\"og:locale\" content=\"de_DE\" \/>\n<meta property=\"og:type\" content=\"article\" \/>\n<meta property=\"og:title\" content=\"Fledermausexperten tagten in Neu Sammit - Naturpark Nossentiner\/Schwinzer Heide\" \/>\n<meta property=\"og:description\" content=\"Am letzten Februarwochenende besch\u00e4ftigten sich fast 90 Fledermausexperten und interessierte Laien mit aktuellen Ergebnissen der Forschung bei den heimischen Flederm\u00e4usen.\" \/>\n<meta property=\"og:url\" content=\"https:\/\/www.naturparkmagazin.de\/nossentiner-schwinzer-heide\/fledermausexperten-tagten-in-neu-sammit\/\" \/>\n<meta property=\"og:site_name\" content=\"Naturpark Nossentiner\/Schwinzer Heide\" \/>\n<meta property=\"article:published_time\" content=\"2020-02-14T07:31:30+00:00\" \/>\n<meta property=\"article:modified_time\" content=\"2020-02-27T07:32:10+00:00\" \/>\n<meta property=\"og:image\" content=\"https:\/\/www.naturparkmagazin.de\/nossentiner-schwinzer-heide\/wp-content\/uploads\/sites\/28\/image0015.jpg\" \/>\n\t<meta property=\"og:image:width\" content=\"1386\" \/>\n\t<meta property=\"og:image:height\" content=\"1040\" \/>\n\t<meta property=\"og:image:type\" content=\"image\/jpeg\" \/>\n<meta name=\"author\" content=\"evelinkartheuser\" \/>\n<meta name=\"twitter:label1\" content=\"Verfasst von\" \/>\n\t<meta name=\"twitter:data1\" content=\"evelinkartheuser\" \/>\n\t<meta name=\"twitter:label2\" content=\"Gesch\u00e4tzte Lesezeit\" \/>\n\t<meta name=\"twitter:data2\" content=\"1\u00a0Minute\" \/>\n<script type=\"application\/ld+json\" class=\"yoast-schema-graph\">{\"@context\":\"https:\/\/schema.org\",\"@graph\":[{\"@type\":\"WebPage\",\"@id\":\"https:\/\/www.naturparkmagazin.de\/nossentiner-schwinzer-heide\/fledermausexperten-tagten-in-neu-sammit\/\",\"url\":\"https:\/\/www.naturparkmagazin.de\/nossentiner-schwinzer-heide\/fledermausexperten-tagten-in-neu-sammit\/\",\"name\":\"Fledermausexperten tagten in Neu Sammit - Naturpark Nossentiner\/Schwinzer Heide\",\"isPartOf\":{\"@id\":\"https:\/\/www.naturparkmagazin.de\/nossentiner-schwinzer-heide\/#website\"},\"datePublished\":\"2020-02-14T07:31:30+00:00\",\"dateModified\":\"2020-02-27T07:32:10+00:00\",\"author\":{\"@id\":\"https:\/\/www.naturparkmagazin.de\/nossentiner-schwinzer-heide\/#\/schema\/person\/6e5721221b13b6f827e696f29ff18008\"},\"breadcrumb\":{\"@id\":\"https:\/\/www.naturparkmagazin.de\/nossentiner-schwinzer-heide\/fledermausexperten-tagten-in-neu-sammit\/#breadcrumb\"},\"inLanguage\":\"de\",\"potentialAction\":[{\"@type\":\"ReadAction\",\"target\":[\"https:\/\/www.naturparkmagazin.de\/nossentiner-schwinzer-heide\/fledermausexperten-tagten-in-neu-sammit\/\"]}]},{\"@type\":\"BreadcrumbList\",\"@id\":\"https:\/\/www.naturparkmagazin.de\/nossentiner-schwinzer-heide\/fledermausexperten-tagten-in-neu-sammit\/#breadcrumb\",\"itemListElement\":[{\"@type\":\"ListItem\",\"position\":1,\"name\":\"Home\",\"item\":\"https:\/\/www.naturparkmagazin.de\/nossentiner-schwinzer-heide\/\"},{\"@type\":\"ListItem\",\"position\":2,\"name\":\"Fledermausexperten tagten in Neu Sammit\"}]},{\"@type\":\"WebSite\",\"@id\":\"https:\/\/www.naturparkmagazin.de\/nossentiner-schwinzer-heide\/#website\",\"url\":\"https:\/\/www.naturparkmagazin.de\/nossentiner-schwinzer-heide\/\",\"name\":\"Naturpark Nossentiner\/Schwinzer Heide\",\"description\":\"\",\"potentialAction\":[{\"@type\":\"SearchAction\",\"target\":{\"@type\":\"EntryPoint\",\"urlTemplate\":\"https:\/\/www.naturparkmagazin.de\/nossentiner-schwinzer-heide\/?s={search_term_string}\"},\"query-input\":\"required name=search_term_string\"}],\"inLanguage\":\"de\"},{\"@type\":\"Person\",\"@id\":\"https:\/\/www.naturparkmagazin.de\/nossentiner-schwinzer-heide\/#\/schema\/person\/6e5721221b13b6f827e696f29ff18008\",\"name\":\"evelinkartheuser\",\"url\":\"https:\/\/www.naturparkmagazin.de\/nossentiner-schwinzer-heide\/author\/evelinkartheuser\/\"}]}<\/script>\n<!-- \/ Yoast SEO plugin. -->","yoast_head_json":{"title":"Fledermausexperten tagten in Neu Sammit - Naturpark Nossentiner\/Schwinzer Heide","robots":{"index":"index","follow":"follow","max-snippet":"max-snippet:-1","max-image-preview":"max-image-preview:large","max-video-preview":"max-video-preview:-1"},"canonical":"https:\/\/www.naturparkmagazin.de\/nossentiner-schwinzer-heide\/fledermausexperten-tagten-in-neu-sammit\/","og_locale":"de_DE","og_type":"article","og_title":"Fledermausexperten tagten in Neu Sammit - Naturpark Nossentiner\/Schwinzer Heide","og_description":"Am letzten Februarwochenende besch\u00e4ftigten sich fast 90 Fledermausexperten und interessierte Laien mit aktuellen Ergebnissen der Forschung bei den heimischen Flederm\u00e4usen.","og_url":"https:\/\/www.naturparkmagazin.de\/nossentiner-schwinzer-heide\/fledermausexperten-tagten-in-neu-sammit\/","og_site_name":"Naturpark Nossentiner\/Schwinzer Heide","article_published_time":"2020-02-14T07:31:30+00:00","article_modified_time":"2020-02-27T07:32:10+00:00","og_image":[{"width":1386,"height":1040,"url":"https:\/\/www.naturparkmagazin.de\/nossentiner-schwinzer-heide\/wp-content\/uploads\/sites\/28\/image0015.jpg","type":"image\/jpeg"}],"author":"evelinkartheuser","twitter_misc":{"Verfasst von":"evelinkartheuser","Gesch\u00e4tzte Lesezeit":"1\u00a0Minute"},"schema":{"@context":"https:\/\/schema.org","@graph":[{"@type":"WebPage","@id":"https:\/\/www.naturparkmagazin.de\/nossentiner-schwinzer-heide\/fledermausexperten-tagten-in-neu-sammit\/","url":"https:\/\/www.naturparkmagazin.de\/nossentiner-schwinzer-heide\/fledermausexperten-tagten-in-neu-sammit\/","name":"Fledermausexperten tagten in Neu Sammit - Naturpark Nossentiner\/Schwinzer Heide","isPartOf":{"@id":"https:\/\/www.naturparkmagazin.de\/nossentiner-schwinzer-heide\/#website"},"datePublished":"2020-02-14T07:31:30+00:00","dateModified":"2020-02-27T07:32:10+00:00","author":{"@id":"https:\/\/www.naturparkmagazin.de\/nossentiner-schwinzer-heide\/#\/schema\/person\/6e5721221b13b6f827e696f29ff18008"},"breadcrumb":{"@id":"https:\/\/www.naturparkmagazin.de\/nossentiner-schwinzer-heide\/fledermausexperten-tagten-in-neu-sammit\/#breadcrumb"},"inLanguage":"de","potentialAction":[{"@type":"ReadAction","target":["https:\/\/www.naturparkmagazin.de\/nossentiner-schwinzer-heide\/fledermausexperten-tagten-in-neu-sammit\/"]}]},{"@type":"BreadcrumbList","@id":"https:\/\/www.naturparkmagazin.de\/nossentiner-schwinzer-heide\/fledermausexperten-tagten-in-neu-sammit\/#breadcrumb","itemListElement":[{"@type":"ListItem","position":1,"name":"Home","item":"https:\/\/www.naturparkmagazin.de\/nossentiner-schwinzer-heide\/"},{"@type":"ListItem","position":2,"name":"Fledermausexperten tagten in Neu Sammit"}]},{"@type":"WebSite","@id":"https:\/\/www.naturparkmagazin.de\/nossentiner-schwinzer-heide\/#website","url":"https:\/\/www.naturparkmagazin.de\/nossentiner-schwinzer-heide\/","name":"Naturpark Nossentiner\/Schwinzer Heide","description":"","potentialAction":[{"@type":"SearchAction","target":{"@type":"EntryPoint","urlTemplate":"https:\/\/www.naturparkmagazin.de\/nossentiner-schwinzer-heide\/?s={search_term_string}"},"query-input":"required name=search_term_string"}],"inLanguage":"de"},{"@type":"Person","@id":"https:\/\/www.naturparkmagazin.de\/nossentiner-schwinzer-heide\/#\/schema\/person\/6e5721221b13b6f827e696f29ff18008","name":"evelinkartheuser","url":"https:\/\/www.naturparkmagazin.de\/nossentiner-schwinzer-heide\/author\/evelinkartheuser\/"}]}},"_links":{"self":[{"href":"https:\/\/www.naturparkmagazin.de\/nossentiner-schwinzer-heide\/wp-json\/wp\/v2\/posts\/2789"}],"collection":[{"href":"https:\/\/www.naturparkmagazin.de\/nossentiner-schwinzer-heide\/wp-json\/wp\/v2\/posts"}],"about":[{"href":"https:\/\/www.naturparkmagazin.de\/nossentiner-schwinzer-heide\/wp-json\/wp\/v2\/types\/post"}],"author":[{"embeddable":true,"href":"https:\/\/www.naturparkmagazin.de\/nossentiner-schwinzer-heide\/wp-json\/wp\/v2\/users\/84"}],"replies":[{"embeddable":true,"href":"https:\/\/www.naturparkmagazin.de\/nossentiner-schwinzer-heide\/wp-json\/wp\/v2\/comments?post=2789"}],"version-history":[{"count":2,"href":"https:\/\/www.naturparkmagazin.de\/nossentiner-schwinzer-heide\/wp-json\/wp\/v2\/posts\/2789\/revisions"}],"predecessor-version":[{"id":2796,"href":"https:\/\/www.naturparkmagazin.de\/nossentiner-schwinzer-heide\/wp-json\/wp\/v2\/posts\/2789\/revisions\/2796"}],"wp:featuredmedia":[{"embeddable":true,"href":"https:\/\/www.naturparkmagazin.de\/nossentiner-schwinzer-heide\/wp-json\/wp\/v2\/media\/2790"}],"wp:attachment":[{"href":"https:\/\/www.naturparkmagazin.de\/nossentiner-schwinzer-heide\/wp-json\/wp\/v2\/media?parent=2789"}],"wp:term":[{"taxonomy":"category","embeddable":true,"href":"https:\/\/www.naturparkmagazin.de\/nossentiner-schwinzer-heide\/wp-json\/wp\/v2\/categories?post=2789"},{"taxonomy":"post_tag","embeddable":true,"href":"https:\/\/www.naturparkmagazin.de\/nossentiner-schwinzer-heide\/wp-json\/wp\/v2\/tags?post=2789"}],"curies":[{"name":"wp","href":"https:\/\/api.w.org\/{rel}","templated":true}]}}