{"id":279,"date":"2013-11-26T14:22:50","date_gmt":"2013-11-26T12:22:50","guid":{"rendered":"http:\/\/www.naturparkmagazin.de\/nossentiner-schwinzer-heide\/?p=279"},"modified":"2014-01-27T14:23:18","modified_gmt":"2014-01-27T12:23:18","slug":"fledermaeuse-im-winter","status":"publish","type":"post","link":"https:\/\/www.naturparkmagazin.de\/nossentiner-schwinzer-heide\/fledermaeuse-im-winter\/","title":{"rendered":"Flederm\u00e4use im Winter"},"content":{"rendered":"<p style=\"text-align: center\"><a href=\"https:\/\/www.naturparkmagazin.de\/nossentiner-schwinzer-heide\/wp-content\/uploads\/sites\/28\/Ralf-Koch-im-Burgkeller-Plau-Nossentiner-Schwinzer-Heide-J\u00f6rg-Gast-2011.jpg\"><img decoding=\"async\" loading=\"lazy\" class=\"size-full wp-image-170 aligncenter\" title=\"Ralf Koch im Burgkeller Plau, Nossentiner-Schwinzer Heide, J\u00f6rg Gast, 2011\" alt=\"Ralf Koch im Burgkeller Plau, Nossentiner-Schwinzer Heide, J\u00f6rg Gast, 2011\" src=\"https:\/\/www.naturparkmagazin.de\/nossentiner-schwinzer-heide\/wp-content\/uploads\/sites\/28\/Ralf-Koch-im-Burgkeller-Plau-Nossentiner-Schwinzer-Heide-J\u00f6rg-Gast-2011.jpg\" width=\"500\" height=\"300\" \/><\/a><\/p>\n<p>Flederm\u00e4use geh\u00f6ren zu den S\u00e4ugetieren, die einen Winterschlaf halten. So \u00fcberdauern sie die insektenarme Zeit des Jahres.W\u00e4hrend des Winterschlafes laufen s\u00e4mtliche Lebensfunktionen auf Sparflamme. Der Herzschlag f\u00e4llt von ungef\u00e4hr 600 Schl\u00e4gen pro Minute auf nur 10 Schl\u00e4ge ab und auch die Atemfrequenz geht stark zur\u00fcck.<\/p>\n<p>W\u00e4hrend des Schlafes ist der Stoffwechsel fast ausgeschaltet. Auf diese Weise verbrauchen die Flederm\u00e4use nur sehr wenig Energie und k\u00f6nnen von ihren Fettreserven leben. Es handelt sich hierbei jedoch nicht um einen echten Schlaf. Die Flederm\u00e4use registrieren alles, was in ihrer Umgebung passiert. Vielmehr ist der Name &#8222;Winterlethargie&#8220; passender.<\/p>\n<p>Die Flederm\u00e4use ben\u00f6tigen f\u00fcr das Aufwachen aus dieser Winterlethargie recht viel Energie. So kann es vorkommen, dass ein Tier nicht \u00fcber einen ausreichenden Fettvorrat verf\u00fcgt und langsam stirbt. Besonders bei h\u00e4ufigen St\u00f6rungen im Winterquartier kann dies passieren, da die Tiere zwangsl\u00e4ufig aufwachen und unn\u00f6tig von ihren Reserven zehren. Aber auch nach langen und harten Wintern sind einige Ausf\u00e4lle festzustellen.<\/p>\n<p>Die meisten Fledermausarten beziehen gesch\u00fctzte H\u00f6hlen, alte Stollen und andere unterirdische Verstecke zur \u00dcberwinterung, einige Arten allerdings auch ausgefaulte Baumh\u00f6hlen.<\/p>\n<p>Der Winterschlaf wird regelm\u00e4\u00dfig unterbrochen, um die klimatischen Bedingungen des Quartiers zu \u00fcberpr\u00fcfen. Sollte das Mikroklima den Winterschl\u00e4fern nicht mehr zusagen, werden auch im tiefen Winter Quartierwechsel durchgef\u00fchrt. Die Anspr\u00fcche an das Quartier sind von Art zu Art verschieden. Einige Arten bevorzugen k\u00fchle \u00dcberwinterungspl\u00e4tze, andere ben\u00f6tigen jedoch etwas w\u00e4rmere Bereiche. Die Temperatur der Winterquartiere liegt zwischen 2\u00b0 C und 12\u00b0 C. Besonders wichtig ist eine hohe Luftfeuchtigkeit, da die Flederm\u00e4use sonst durch Austrocknung gef\u00e4hrdet sind. Auch hinsichtlich der Hangplatzwahl unterscheiden sich die Arten. Besonders das Mausohr bevorzugt offene Hangpl\u00e4tze.<\/p>\n<p>Mitte M\u00e4rz bis Anfang April erwachen die Flederm\u00e4use langsam aus ihrer Lethargie und machen sich auf den Weg in ihre angestammten Sommerlebensr\u00e4ume. Dabei legen sie Strecken zur\u00fcck, die je nach Art bis zu 1500 Kilometer weit reichen k\u00f6nnen.<\/p>\n<p>&nbsp;<\/p>\n<p>aus: www.fledermausschutz.de<\/p>\n","protected":false},"excerpt":{"rendered":"<p>Flederm\u00e4use geh\u00f6ren zu den S\u00e4ugetieren, die einen Winterschlaf halten. So \u00fcberdauern sie die insektenarme Zeit des Jahres.W\u00e4hrend des Winterschlafes laufen s\u00e4mtliche Lebensfunktionen auf Sparflamme. <\/p>\n","protected":false},"author":28,"featured_media":0,"comment_status":"open","ping_status":"open","sticky":false,"template":"","format":"standard","meta":[],"categories":[617],"tags":[],"yoast_head":"<!-- This site is optimized with the Yoast SEO plugin v19.10 - https:\/\/yoast.com\/wordpress\/plugins\/seo\/ -->\n<title>Flederm\u00e4use im Winter - Naturpark Nossentiner\/Schwinzer Heide<\/title>\n<meta name=\"robots\" content=\"index, follow, max-snippet:-1, max-image-preview:large, max-video-preview:-1\" \/>\n<link rel=\"canonical\" href=\"https:\/\/www.naturparkmagazin.de\/nossentiner-schwinzer-heide\/fledermaeuse-im-winter\/\" \/>\n<meta property=\"og:locale\" content=\"de_DE\" \/>\n<meta property=\"og:type\" content=\"article\" \/>\n<meta property=\"og:title\" content=\"Flederm\u00e4use im Winter - Naturpark Nossentiner\/Schwinzer Heide\" \/>\n<meta property=\"og:description\" content=\"Flederm\u00e4use geh\u00f6ren zu den S\u00e4ugetieren, die einen Winterschlaf halten. So \u00fcberdauern sie die insektenarme Zeit des Jahres.W\u00e4hrend des Winterschlafes laufen s\u00e4mtliche Lebensfunktionen auf Sparflamme.\" \/>\n<meta property=\"og:url\" content=\"https:\/\/www.naturparkmagazin.de\/nossentiner-schwinzer-heide\/fledermaeuse-im-winter\/\" \/>\n<meta property=\"og:site_name\" content=\"Naturpark Nossentiner\/Schwinzer Heide\" \/>\n<meta property=\"article:published_time\" content=\"2013-11-26T12:22:50+00:00\" \/>\n<meta property=\"article:modified_time\" content=\"2014-01-27T12:23:18+00:00\" \/>\n<meta name=\"twitter:label1\" content=\"Verfasst von\" \/>\n\t<meta name=\"twitter:data1\" content=\"\" \/>\n\t<meta name=\"twitter:label2\" content=\"Gesch\u00e4tzte Lesezeit\" \/>\n\t<meta name=\"twitter:data2\" content=\"2\u00a0Minuten\" \/>\n<script type=\"application\/ld+json\" class=\"yoast-schema-graph\">{\"@context\":\"https:\/\/schema.org\",\"@graph\":[{\"@type\":\"WebPage\",\"@id\":\"https:\/\/www.naturparkmagazin.de\/nossentiner-schwinzer-heide\/fledermaeuse-im-winter\/\",\"url\":\"https:\/\/www.naturparkmagazin.de\/nossentiner-schwinzer-heide\/fledermaeuse-im-winter\/\",\"name\":\"Flederm\u00e4use im Winter - Naturpark Nossentiner\/Schwinzer Heide\",\"isPartOf\":{\"@id\":\"https:\/\/www.naturparkmagazin.de\/nossentiner-schwinzer-heide\/#website\"},\"datePublished\":\"2013-11-26T12:22:50+00:00\",\"dateModified\":\"2014-01-27T12:23:18+00:00\",\"author\":{\"@id\":\"\"},\"breadcrumb\":{\"@id\":\"https:\/\/www.naturparkmagazin.de\/nossentiner-schwinzer-heide\/fledermaeuse-im-winter\/#breadcrumb\"},\"inLanguage\":\"de\",\"potentialAction\":[{\"@type\":\"ReadAction\",\"target\":[\"https:\/\/www.naturparkmagazin.de\/nossentiner-schwinzer-heide\/fledermaeuse-im-winter\/\"]}]},{\"@type\":\"BreadcrumbList\",\"@id\":\"https:\/\/www.naturparkmagazin.de\/nossentiner-schwinzer-heide\/fledermaeuse-im-winter\/#breadcrumb\",\"itemListElement\":[{\"@type\":\"ListItem\",\"position\":1,\"name\":\"Home\",\"item\":\"https:\/\/www.naturparkmagazin.de\/nossentiner-schwinzer-heide\/\"},{\"@type\":\"ListItem\",\"position\":2,\"name\":\"Flederm\u00e4use im Winter\"}]},{\"@type\":\"WebSite\",\"@id\":\"https:\/\/www.naturparkmagazin.de\/nossentiner-schwinzer-heide\/#website\",\"url\":\"https:\/\/www.naturparkmagazin.de\/nossentiner-schwinzer-heide\/\",\"name\":\"Naturpark Nossentiner\/Schwinzer Heide\",\"description\":\"\",\"potentialAction\":[{\"@type\":\"SearchAction\",\"target\":{\"@type\":\"EntryPoint\",\"urlTemplate\":\"https:\/\/www.naturparkmagazin.de\/nossentiner-schwinzer-heide\/?s={search_term_string}\"},\"query-input\":\"required name=search_term_string\"}],\"inLanguage\":\"de\"},{\"@type\":\"Person\",\"@id\":\"\",\"url\":\"https:\/\/www.naturparkmagazin.de\/nossentiner-schwinzer-heide\/author\/\"}]}<\/script>\n<!-- \/ Yoast SEO plugin. -->","yoast_head_json":{"title":"Flederm\u00e4use im Winter - Naturpark Nossentiner\/Schwinzer Heide","robots":{"index":"index","follow":"follow","max-snippet":"max-snippet:-1","max-image-preview":"max-image-preview:large","max-video-preview":"max-video-preview:-1"},"canonical":"https:\/\/www.naturparkmagazin.de\/nossentiner-schwinzer-heide\/fledermaeuse-im-winter\/","og_locale":"de_DE","og_type":"article","og_title":"Flederm\u00e4use im Winter - Naturpark Nossentiner\/Schwinzer Heide","og_description":"Flederm\u00e4use geh\u00f6ren zu den S\u00e4ugetieren, die einen Winterschlaf halten. So \u00fcberdauern sie die insektenarme Zeit des Jahres.W\u00e4hrend des Winterschlafes laufen s\u00e4mtliche Lebensfunktionen auf Sparflamme.","og_url":"https:\/\/www.naturparkmagazin.de\/nossentiner-schwinzer-heide\/fledermaeuse-im-winter\/","og_site_name":"Naturpark Nossentiner\/Schwinzer Heide","article_published_time":"2013-11-26T12:22:50+00:00","article_modified_time":"2014-01-27T12:23:18+00:00","twitter_misc":{"Verfasst von":"","Gesch\u00e4tzte Lesezeit":"2\u00a0Minuten"},"schema":{"@context":"https:\/\/schema.org","@graph":[{"@type":"WebPage","@id":"https:\/\/www.naturparkmagazin.de\/nossentiner-schwinzer-heide\/fledermaeuse-im-winter\/","url":"https:\/\/www.naturparkmagazin.de\/nossentiner-schwinzer-heide\/fledermaeuse-im-winter\/","name":"Flederm\u00e4use im Winter - Naturpark Nossentiner\/Schwinzer Heide","isPartOf":{"@id":"https:\/\/www.naturparkmagazin.de\/nossentiner-schwinzer-heide\/#website"},"datePublished":"2013-11-26T12:22:50+00:00","dateModified":"2014-01-27T12:23:18+00:00","author":{"@id":""},"breadcrumb":{"@id":"https:\/\/www.naturparkmagazin.de\/nossentiner-schwinzer-heide\/fledermaeuse-im-winter\/#breadcrumb"},"inLanguage":"de","potentialAction":[{"@type":"ReadAction","target":["https:\/\/www.naturparkmagazin.de\/nossentiner-schwinzer-heide\/fledermaeuse-im-winter\/"]}]},{"@type":"BreadcrumbList","@id":"https:\/\/www.naturparkmagazin.de\/nossentiner-schwinzer-heide\/fledermaeuse-im-winter\/#breadcrumb","itemListElement":[{"@type":"ListItem","position":1,"name":"Home","item":"https:\/\/www.naturparkmagazin.de\/nossentiner-schwinzer-heide\/"},{"@type":"ListItem","position":2,"name":"Flederm\u00e4use im Winter"}]},{"@type":"WebSite","@id":"https:\/\/www.naturparkmagazin.de\/nossentiner-schwinzer-heide\/#website","url":"https:\/\/www.naturparkmagazin.de\/nossentiner-schwinzer-heide\/","name":"Naturpark Nossentiner\/Schwinzer Heide","description":"","potentialAction":[{"@type":"SearchAction","target":{"@type":"EntryPoint","urlTemplate":"https:\/\/www.naturparkmagazin.de\/nossentiner-schwinzer-heide\/?s={search_term_string}"},"query-input":"required name=search_term_string"}],"inLanguage":"de"},{"@type":"Person","@id":"","url":"https:\/\/www.naturparkmagazin.de\/nossentiner-schwinzer-heide\/author\/"}]}},"_links":{"self":[{"href":"https:\/\/www.naturparkmagazin.de\/nossentiner-schwinzer-heide\/wp-json\/wp\/v2\/posts\/279"}],"collection":[{"href":"https:\/\/www.naturparkmagazin.de\/nossentiner-schwinzer-heide\/wp-json\/wp\/v2\/posts"}],"about":[{"href":"https:\/\/www.naturparkmagazin.de\/nossentiner-schwinzer-heide\/wp-json\/wp\/v2\/types\/post"}],"author":[{"embeddable":true,"href":"https:\/\/www.naturparkmagazin.de\/nossentiner-schwinzer-heide\/wp-json\/wp\/v2\/users\/28"}],"replies":[{"embeddable":true,"href":"https:\/\/www.naturparkmagazin.de\/nossentiner-schwinzer-heide\/wp-json\/wp\/v2\/comments?post=279"}],"version-history":[{"count":4,"href":"https:\/\/www.naturparkmagazin.de\/nossentiner-schwinzer-heide\/wp-json\/wp\/v2\/posts\/279\/revisions"}],"predecessor-version":[{"id":295,"href":"https:\/\/www.naturparkmagazin.de\/nossentiner-schwinzer-heide\/wp-json\/wp\/v2\/posts\/279\/revisions\/295"}],"wp:attachment":[{"href":"https:\/\/www.naturparkmagazin.de\/nossentiner-schwinzer-heide\/wp-json\/wp\/v2\/media?parent=279"}],"wp:term":[{"taxonomy":"category","embeddable":true,"href":"https:\/\/www.naturparkmagazin.de\/nossentiner-schwinzer-heide\/wp-json\/wp\/v2\/categories?post=279"},{"taxonomy":"post_tag","embeddable":true,"href":"https:\/\/www.naturparkmagazin.de\/nossentiner-schwinzer-heide\/wp-json\/wp\/v2\/tags?post=279"}],"curies":[{"name":"wp","href":"https:\/\/api.w.org\/{rel}","templated":true}]}}