{"id":2906,"date":"2020-05-15T13:50:58","date_gmt":"2020-05-15T11:50:58","guid":{"rendered":"https:\/\/www.naturparkmagazin.de\/nossentiner-schwinzer-heide\/?p=2906"},"modified":"2020-05-20T13:59:24","modified_gmt":"2020-05-20T11:59:24","slug":"auf-dem-gelaende-der-naturparkverwaltung-in-karow-blueht-es-fuer-bienen-hummeln-schmetterlinge-co","status":"publish","type":"post","link":"https:\/\/www.naturparkmagazin.de\/nossentiner-schwinzer-heide\/auf-dem-gelaende-der-naturparkverwaltung-in-karow-blueht-es-fuer-bienen-hummeln-schmetterlinge-co\/","title":{"rendered":"Auf dem Gel\u00e4nde der Naturparkverwaltung in Karow bl\u00fcht es f\u00fcr Bienen, Hummeln, Schmetterlinge &amp; Co."},"content":{"rendered":"<p><strong><em>Der F\u00f6rderverein des Naturparks legt auf 600m\u00b2 Bl\u00fchfl\u00e4chen f\u00fcr mehr Artenvielfalt an.<\/em><\/strong><\/p>\n<p><em>Biene, Hummel und Co geht es schlecht in deutschen Landen. Das h\u00f6rt und liest man in den letzten Wochen vielerorts. Auch der Naturpark Nossentiner\/Schwinzer Heide m\u00f6chte sich engagieren und etwas f\u00fcr Bienen, Hummeln, Schmetterlinge &amp; Co. tun. Gemeinsam mit dem \u201eNetzwerk Bl\u00fchende Landschaft\u201c wandelte der F\u00f6rderverein des Naturparks einen Teil der \u00f6ffentlichen Fl\u00e4chen in Bl\u00fchfl\u00e4chen um. <\/em><\/p>\n<div id=\"attachment_2916\" style=\"width: 630px\" class=\"wp-caption alignnone\"><a href=\"https:\/\/www.naturparkmagazin.de\/nossentiner-schwinzer-heide\/wp-content\/uploads\/sites\/28\/Blumenwiese_2018_01.jpg\"><img aria-describedby=\"caption-attachment-2916\" decoding=\"async\" loading=\"lazy\" class=\"wp-image-2916 size-medium\" src=\"https:\/\/www.naturparkmagazin.de\/nossentiner-schwinzer-heide\/wp-content\/uploads\/sites\/28\/Blumenwiese_2018_01-620x401.jpg\" alt=\"Blumenwiese_2018_01\" width=\"620\" height=\"401\" srcset=\"https:\/\/www.naturparkmagazin.de\/nossentiner-schwinzer-heide\/wp-content\/uploads\/sites\/28\/Blumenwiese_2018_01-620x401.jpg 620w, https:\/\/www.naturparkmagazin.de\/nossentiner-schwinzer-heide\/wp-content\/uploads\/sites\/28\/Blumenwiese_2018_01-300x194.jpg 300w, https:\/\/www.naturparkmagazin.de\/nossentiner-schwinzer-heide\/wp-content\/uploads\/sites\/28\/Blumenwiese_2018_01-940x609.jpg 940w, https:\/\/www.naturparkmagazin.de\/nossentiner-schwinzer-heide\/wp-content\/uploads\/sites\/28\/Blumenwiese_2018_01-670x434.jpg 670w, https:\/\/www.naturparkmagazin.de\/nossentiner-schwinzer-heide\/wp-content\/uploads\/sites\/28\/Blumenwiese_2018_01-200x129.jpg 200w, https:\/\/www.naturparkmagazin.de\/nossentiner-schwinzer-heide\/wp-content\/uploads\/sites\/28\/Blumenwiese_2018_01.jpg 1024w\" sizes=\"(max-width: 620px) 100vw, 620px\" \/><\/a><p id=\"caption-attachment-2916\" class=\"wp-caption-text\">Bl\u00fchfl\u00e4che vor der Naturparkverwaltung. Foto: E. Kartheuser<\/p><\/div>\n<p><em>\u00a0<\/em><\/p>\n<p>Die Bedeutung der inner\u00f6rtlichen Lebensr\u00e4ume f\u00fcr Bl\u00fctenbesucher hat mit dem Wandel unserer Kulturlandschaft in gro\u00dfem Ma\u00dfe zugenommen. Am 16.04.2020 und 20.04.2020 wurden deshalb am Karower Meiler auf mehreren Fl\u00e4chen ein- bzw. mehrj\u00e4hrige Bl\u00fchmischungen ausges\u00e4t. \u201eUns liegt der Schutz der Insekten am Herzen. Wir wollen den Bl\u00fctenbesuchern einen reich gedeckten Tisch bieten. Als Partner des Projekts BienenBl\u00fctenReich bekommen wir als F\u00f6rderverein Beratung und Unterst\u00fctzung durch das Netzwerk \u201eBl\u00fchende Landschaft\u201c. Dadurch k\u00f6nnen wir Erfahrungen mit verschiedenen Bl\u00fchmischungen sammeln, bekommen Informationen, Saatgut und Schilder und haben immer einen Ansprechpartner f\u00fcr Fragen zu diesem Thema. Au\u00dferdem schaffen wir auf unserem Gel\u00e4nde dadurch ein buntes, abwechslungsreiches Bild, das nicht zuletzt das Auge des Betrachters erfreut.\u201c, so Kerstin Breuer vom F\u00f6rderverein des Naturparks.<\/p>\n<p>Damit Insekten k\u00fcnftig wieder mehr Nahrung und Lebensraum finden, startete das Netzwerk Bl\u00fchende Landschaft 2016 gemeinsam mit landwirtschaftlichen Betrieben, Kommunen und regionalen Initiativen das Projekt BienenBl\u00fctenReich. In dem Projekt werden im Jahr 2020 deutschlandweit mehr als 1,6 Millionen Quadratmeter (160 ha) beispielgebende insektenfreundliche Bl\u00fchfl\u00e4chen angelegt. Das Netzwerk ber\u00e4t dabei die Projektpartner bei der Saatgutauswahl, der Anlage und der Pflege der Bl\u00fchfl\u00e4chen. Zudem werden die Projektpartner bei der \u00d6ffentlichkeitsarbeit begleitet und beispielsweise durch Beschilderung und Infomaterial unterst\u00fctzt. Die Kosten f\u00fcr Saatgut und Beschilderung der Projektfl\u00e4chen werden durch Bl\u00fchpatenschaften finanziert.<\/p>\n<p>Mit einer eigenen Bl\u00fchpatenschaft unterst\u00fctzen Sie die Anlage von Bl\u00fchfl\u00e4chen. Mehr dazu unter <a href=\"http:\/\/www.bl\u00fchpate.de\">www.bl\u00fchpate.de<\/a><\/p>\n<p>Weitere Infos und F\u00fchrungstermine finden Sie hier: <a href=\"http:\/\/www.bienenbl\u00fctenreich.de\">www.bienenbl\u00fctenreich.de<\/a><\/p>\n<p><em>\u00dcber das Netzwerk Bl\u00fchende Landschaft:<\/em><\/p>\n<p>Das 2003 auf Initiative von Mellifera e. V. gegr\u00fcndete Netzwerk Bl\u00fchende Landschaft hat sich zum Ziel gesetzt unsere Landschaft und die Siedlungen wieder zum Bl\u00fchen zu bringen, damit Bienen, Hummeln, Schmetterlinge &amp; Co. wieder mehr Nahrung finden. Dabei arbeitet es mit Imkern, Landwirten, Natursch\u00fctzern, G\u00e4rtnern, Kommunen und Wissenschaftlern auf Augenh\u00f6he zusammen. Sie entwickeln Konzepte und Projekte f\u00fcr mehr Bl\u00fctenvielfalt und bessere Lebensr\u00e4ume f\u00fcr Bl\u00fcten best\u00e4ubende Insekten in allen Teilen der Kulturlandschaft. <a href=\"http:\/\/www.bluehende-landschaft.de\">www.bluehende-landschaft.de<\/a><\/p>\n<p><a href=\"https:\/\/www.naturparkmagazin.de\/nossentiner-schwinzer-heide\/wp-content\/uploads\/sites\/28\/Biene.jpg\"><img decoding=\"async\" loading=\"lazy\" class=\"alignnone size-medium wp-image-2918\" src=\"https:\/\/www.naturparkmagazin.de\/nossentiner-schwinzer-heide\/wp-content\/uploads\/sites\/28\/Biene-620x465.jpg\" alt=\"Biene\" width=\"620\" height=\"465\" srcset=\"https:\/\/www.naturparkmagazin.de\/nossentiner-schwinzer-heide\/wp-content\/uploads\/sites\/28\/Biene-620x465.jpg 620w, https:\/\/www.naturparkmagazin.de\/nossentiner-schwinzer-heide\/wp-content\/uploads\/sites\/28\/Biene-300x225.jpg 300w, https:\/\/www.naturparkmagazin.de\/nossentiner-schwinzer-heide\/wp-content\/uploads\/sites\/28\/Biene-940x705.jpg 940w, https:\/\/www.naturparkmagazin.de\/nossentiner-schwinzer-heide\/wp-content\/uploads\/sites\/28\/Biene-580x435.jpg 580w, https:\/\/www.naturparkmagazin.de\/nossentiner-schwinzer-heide\/wp-content\/uploads\/sites\/28\/Biene-420x315.jpg 420w, https:\/\/www.naturparkmagazin.de\/nossentiner-schwinzer-heide\/wp-content\/uploads\/sites\/28\/Biene-180x135.jpg 180w, https:\/\/www.naturparkmagazin.de\/nossentiner-schwinzer-heide\/wp-content\/uploads\/sites\/28\/Biene-95x71.jpg 95w, https:\/\/www.naturparkmagazin.de\/nossentiner-schwinzer-heide\/wp-content\/uploads\/sites\/28\/Biene-670x503.jpg 670w, https:\/\/www.naturparkmagazin.de\/nossentiner-schwinzer-heide\/wp-content\/uploads\/sites\/28\/Biene-200x150.jpg 200w, https:\/\/www.naturparkmagazin.de\/nossentiner-schwinzer-heide\/wp-content\/uploads\/sites\/28\/Biene.jpg 1280w\" sizes=\"(max-width: 620px) 100vw, 620px\" \/><\/a><\/p>\n","protected":false},"excerpt":{"rendered":"<p>Der F\u00f6rderverein des Naturparks Nossentiner\/Schwinzer Heide hat gemeinsam mit dem \u201eNetzwerk Bl\u00fchende Landschaft\u201c  einen Teil des Gartens am Karower Meiler in Bl\u00fchfl\u00e4chen umgewandelt. <\/p>\n","protected":false},"author":84,"featured_media":2916,"comment_status":"open","ping_status":"open","sticky":false,"template":"","format":"standard","meta":[],"categories":[7],"tags":[],"yoast_head":"<!-- This site is optimized with the Yoast SEO plugin v19.10 - https:\/\/yoast.com\/wordpress\/plugins\/seo\/ -->\n<title>Auf dem Gel\u00e4nde der Naturparkverwaltung in Karow bl\u00fcht es f\u00fcr Bienen, Hummeln, Schmetterlinge &amp; Co. - Naturpark Nossentiner\/Schwinzer Heide<\/title>\n<meta name=\"robots\" content=\"index, follow, max-snippet:-1, max-image-preview:large, max-video-preview:-1\" \/>\n<link rel=\"canonical\" href=\"https:\/\/www.naturparkmagazin.de\/nossentiner-schwinzer-heide\/auf-dem-gelaende-der-naturparkverwaltung-in-karow-blueht-es-fuer-bienen-hummeln-schmetterlinge-co\/\" \/>\n<meta property=\"og:locale\" content=\"de_DE\" \/>\n<meta property=\"og:type\" content=\"article\" \/>\n<meta property=\"og:title\" content=\"Auf dem Gel\u00e4nde der Naturparkverwaltung in Karow bl\u00fcht es f\u00fcr Bienen, Hummeln, Schmetterlinge &amp; Co. - Naturpark Nossentiner\/Schwinzer Heide\" \/>\n<meta property=\"og:description\" content=\"Der F\u00f6rderverein des Naturparks Nossentiner\/Schwinzer Heide hat gemeinsam mit dem \u201eNetzwerk Bl\u00fchende Landschaft\u201c einen Teil des Gartens am Karower Meiler in Bl\u00fchfl\u00e4chen umgewandelt.\" \/>\n<meta property=\"og:url\" content=\"https:\/\/www.naturparkmagazin.de\/nossentiner-schwinzer-heide\/auf-dem-gelaende-der-naturparkverwaltung-in-karow-blueht-es-fuer-bienen-hummeln-schmetterlinge-co\/\" \/>\n<meta property=\"og:site_name\" content=\"Naturpark Nossentiner\/Schwinzer Heide\" \/>\n<meta property=\"article:published_time\" content=\"2020-05-15T11:50:58+00:00\" \/>\n<meta property=\"article:modified_time\" content=\"2020-05-20T11:59:24+00:00\" \/>\n<meta property=\"og:image\" content=\"https:\/\/www.naturparkmagazin.de\/nossentiner-schwinzer-heide\/wp-content\/uploads\/sites\/28\/Blumenwiese_2018_01.jpg\" \/>\n\t<meta property=\"og:image:width\" content=\"1024\" \/>\n\t<meta property=\"og:image:height\" content=\"663\" \/>\n\t<meta property=\"og:image:type\" content=\"image\/jpeg\" \/>\n<meta name=\"author\" content=\"evelinkartheuser\" \/>\n<meta name=\"twitter:label1\" content=\"Verfasst von\" \/>\n\t<meta name=\"twitter:data1\" content=\"evelinkartheuser\" \/>\n\t<meta name=\"twitter:label2\" content=\"Gesch\u00e4tzte Lesezeit\" \/>\n\t<meta name=\"twitter:data2\" content=\"2\u00a0Minuten\" \/>\n<script type=\"application\/ld+json\" class=\"yoast-schema-graph\">{\"@context\":\"https:\/\/schema.org\",\"@graph\":[{\"@type\":\"WebPage\",\"@id\":\"https:\/\/www.naturparkmagazin.de\/nossentiner-schwinzer-heide\/auf-dem-gelaende-der-naturparkverwaltung-in-karow-blueht-es-fuer-bienen-hummeln-schmetterlinge-co\/\",\"url\":\"https:\/\/www.naturparkmagazin.de\/nossentiner-schwinzer-heide\/auf-dem-gelaende-der-naturparkverwaltung-in-karow-blueht-es-fuer-bienen-hummeln-schmetterlinge-co\/\",\"name\":\"Auf dem Gel\u00e4nde der Naturparkverwaltung in Karow bl\u00fcht es f\u00fcr Bienen, Hummeln, Schmetterlinge &amp; Co. - Naturpark Nossentiner\/Schwinzer Heide\",\"isPartOf\":{\"@id\":\"https:\/\/www.naturparkmagazin.de\/nossentiner-schwinzer-heide\/#website\"},\"datePublished\":\"2020-05-15T11:50:58+00:00\",\"dateModified\":\"2020-05-20T11:59:24+00:00\",\"author\":{\"@id\":\"https:\/\/www.naturparkmagazin.de\/nossentiner-schwinzer-heide\/#\/schema\/person\/6e5721221b13b6f827e696f29ff18008\"},\"breadcrumb\":{\"@id\":\"https:\/\/www.naturparkmagazin.de\/nossentiner-schwinzer-heide\/auf-dem-gelaende-der-naturparkverwaltung-in-karow-blueht-es-fuer-bienen-hummeln-schmetterlinge-co\/#breadcrumb\"},\"inLanguage\":\"de\",\"potentialAction\":[{\"@type\":\"ReadAction\",\"target\":[\"https:\/\/www.naturparkmagazin.de\/nossentiner-schwinzer-heide\/auf-dem-gelaende-der-naturparkverwaltung-in-karow-blueht-es-fuer-bienen-hummeln-schmetterlinge-co\/\"]}]},{\"@type\":\"BreadcrumbList\",\"@id\":\"https:\/\/www.naturparkmagazin.de\/nossentiner-schwinzer-heide\/auf-dem-gelaende-der-naturparkverwaltung-in-karow-blueht-es-fuer-bienen-hummeln-schmetterlinge-co\/#breadcrumb\",\"itemListElement\":[{\"@type\":\"ListItem\",\"position\":1,\"name\":\"Home\",\"item\":\"https:\/\/www.naturparkmagazin.de\/nossentiner-schwinzer-heide\/\"},{\"@type\":\"ListItem\",\"position\":2,\"name\":\"Auf dem Gel\u00e4nde der Naturparkverwaltung in Karow bl\u00fcht es f\u00fcr Bienen, Hummeln, Schmetterlinge &amp; Co.\"}]},{\"@type\":\"WebSite\",\"@id\":\"https:\/\/www.naturparkmagazin.de\/nossentiner-schwinzer-heide\/#website\",\"url\":\"https:\/\/www.naturparkmagazin.de\/nossentiner-schwinzer-heide\/\",\"name\":\"Naturpark Nossentiner\/Schwinzer Heide\",\"description\":\"\",\"potentialAction\":[{\"@type\":\"SearchAction\",\"target\":{\"@type\":\"EntryPoint\",\"urlTemplate\":\"https:\/\/www.naturparkmagazin.de\/nossentiner-schwinzer-heide\/?s={search_term_string}\"},\"query-input\":\"required name=search_term_string\"}],\"inLanguage\":\"de\"},{\"@type\":\"Person\",\"@id\":\"https:\/\/www.naturparkmagazin.de\/nossentiner-schwinzer-heide\/#\/schema\/person\/6e5721221b13b6f827e696f29ff18008\",\"name\":\"evelinkartheuser\",\"url\":\"https:\/\/www.naturparkmagazin.de\/nossentiner-schwinzer-heide\/author\/evelinkartheuser\/\"}]}<\/script>\n<!-- \/ Yoast SEO plugin. -->","yoast_head_json":{"title":"Auf dem Gel\u00e4nde der Naturparkverwaltung in Karow bl\u00fcht es f\u00fcr Bienen, Hummeln, Schmetterlinge &amp; Co. - Naturpark Nossentiner\/Schwinzer Heide","robots":{"index":"index","follow":"follow","max-snippet":"max-snippet:-1","max-image-preview":"max-image-preview:large","max-video-preview":"max-video-preview:-1"},"canonical":"https:\/\/www.naturparkmagazin.de\/nossentiner-schwinzer-heide\/auf-dem-gelaende-der-naturparkverwaltung-in-karow-blueht-es-fuer-bienen-hummeln-schmetterlinge-co\/","og_locale":"de_DE","og_type":"article","og_title":"Auf dem Gel\u00e4nde der Naturparkverwaltung in Karow bl\u00fcht es f\u00fcr Bienen, Hummeln, Schmetterlinge &amp; Co. - Naturpark Nossentiner\/Schwinzer Heide","og_description":"Der F\u00f6rderverein des Naturparks Nossentiner\/Schwinzer Heide hat gemeinsam mit dem \u201eNetzwerk Bl\u00fchende Landschaft\u201c einen Teil des Gartens am Karower Meiler in Bl\u00fchfl\u00e4chen umgewandelt.","og_url":"https:\/\/www.naturparkmagazin.de\/nossentiner-schwinzer-heide\/auf-dem-gelaende-der-naturparkverwaltung-in-karow-blueht-es-fuer-bienen-hummeln-schmetterlinge-co\/","og_site_name":"Naturpark Nossentiner\/Schwinzer Heide","article_published_time":"2020-05-15T11:50:58+00:00","article_modified_time":"2020-05-20T11:59:24+00:00","og_image":[{"width":1024,"height":663,"url":"https:\/\/www.naturparkmagazin.de\/nossentiner-schwinzer-heide\/wp-content\/uploads\/sites\/28\/Blumenwiese_2018_01.jpg","type":"image\/jpeg"}],"author":"evelinkartheuser","twitter_misc":{"Verfasst von":"evelinkartheuser","Gesch\u00e4tzte Lesezeit":"2\u00a0Minuten"},"schema":{"@context":"https:\/\/schema.org","@graph":[{"@type":"WebPage","@id":"https:\/\/www.naturparkmagazin.de\/nossentiner-schwinzer-heide\/auf-dem-gelaende-der-naturparkverwaltung-in-karow-blueht-es-fuer-bienen-hummeln-schmetterlinge-co\/","url":"https:\/\/www.naturparkmagazin.de\/nossentiner-schwinzer-heide\/auf-dem-gelaende-der-naturparkverwaltung-in-karow-blueht-es-fuer-bienen-hummeln-schmetterlinge-co\/","name":"Auf dem Gel\u00e4nde der Naturparkverwaltung in Karow bl\u00fcht es f\u00fcr Bienen, Hummeln, Schmetterlinge &amp; Co. - Naturpark Nossentiner\/Schwinzer Heide","isPartOf":{"@id":"https:\/\/www.naturparkmagazin.de\/nossentiner-schwinzer-heide\/#website"},"datePublished":"2020-05-15T11:50:58+00:00","dateModified":"2020-05-20T11:59:24+00:00","author":{"@id":"https:\/\/www.naturparkmagazin.de\/nossentiner-schwinzer-heide\/#\/schema\/person\/6e5721221b13b6f827e696f29ff18008"},"breadcrumb":{"@id":"https:\/\/www.naturparkmagazin.de\/nossentiner-schwinzer-heide\/auf-dem-gelaende-der-naturparkverwaltung-in-karow-blueht-es-fuer-bienen-hummeln-schmetterlinge-co\/#breadcrumb"},"inLanguage":"de","potentialAction":[{"@type":"ReadAction","target":["https:\/\/www.naturparkmagazin.de\/nossentiner-schwinzer-heide\/auf-dem-gelaende-der-naturparkverwaltung-in-karow-blueht-es-fuer-bienen-hummeln-schmetterlinge-co\/"]}]},{"@type":"BreadcrumbList","@id":"https:\/\/www.naturparkmagazin.de\/nossentiner-schwinzer-heide\/auf-dem-gelaende-der-naturparkverwaltung-in-karow-blueht-es-fuer-bienen-hummeln-schmetterlinge-co\/#breadcrumb","itemListElement":[{"@type":"ListItem","position":1,"name":"Home","item":"https:\/\/www.naturparkmagazin.de\/nossentiner-schwinzer-heide\/"},{"@type":"ListItem","position":2,"name":"Auf dem Gel\u00e4nde der Naturparkverwaltung in Karow bl\u00fcht es f\u00fcr Bienen, Hummeln, Schmetterlinge &amp; Co."}]},{"@type":"WebSite","@id":"https:\/\/www.naturparkmagazin.de\/nossentiner-schwinzer-heide\/#website","url":"https:\/\/www.naturparkmagazin.de\/nossentiner-schwinzer-heide\/","name":"Naturpark Nossentiner\/Schwinzer Heide","description":"","potentialAction":[{"@type":"SearchAction","target":{"@type":"EntryPoint","urlTemplate":"https:\/\/www.naturparkmagazin.de\/nossentiner-schwinzer-heide\/?s={search_term_string}"},"query-input":"required name=search_term_string"}],"inLanguage":"de"},{"@type":"Person","@id":"https:\/\/www.naturparkmagazin.de\/nossentiner-schwinzer-heide\/#\/schema\/person\/6e5721221b13b6f827e696f29ff18008","name":"evelinkartheuser","url":"https:\/\/www.naturparkmagazin.de\/nossentiner-schwinzer-heide\/author\/evelinkartheuser\/"}]}},"_links":{"self":[{"href":"https:\/\/www.naturparkmagazin.de\/nossentiner-schwinzer-heide\/wp-json\/wp\/v2\/posts\/2906"}],"collection":[{"href":"https:\/\/www.naturparkmagazin.de\/nossentiner-schwinzer-heide\/wp-json\/wp\/v2\/posts"}],"about":[{"href":"https:\/\/www.naturparkmagazin.de\/nossentiner-schwinzer-heide\/wp-json\/wp\/v2\/types\/post"}],"author":[{"embeddable":true,"href":"https:\/\/www.naturparkmagazin.de\/nossentiner-schwinzer-heide\/wp-json\/wp\/v2\/users\/84"}],"replies":[{"embeddable":true,"href":"https:\/\/www.naturparkmagazin.de\/nossentiner-schwinzer-heide\/wp-json\/wp\/v2\/comments?post=2906"}],"version-history":[{"count":6,"href":"https:\/\/www.naturparkmagazin.de\/nossentiner-schwinzer-heide\/wp-json\/wp\/v2\/posts\/2906\/revisions"}],"predecessor-version":[{"id":2923,"href":"https:\/\/www.naturparkmagazin.de\/nossentiner-schwinzer-heide\/wp-json\/wp\/v2\/posts\/2906\/revisions\/2923"}],"wp:featuredmedia":[{"embeddable":true,"href":"https:\/\/www.naturparkmagazin.de\/nossentiner-schwinzer-heide\/wp-json\/wp\/v2\/media\/2916"}],"wp:attachment":[{"href":"https:\/\/www.naturparkmagazin.de\/nossentiner-schwinzer-heide\/wp-json\/wp\/v2\/media?parent=2906"}],"wp:term":[{"taxonomy":"category","embeddable":true,"href":"https:\/\/www.naturparkmagazin.de\/nossentiner-schwinzer-heide\/wp-json\/wp\/v2\/categories?post=2906"},{"taxonomy":"post_tag","embeddable":true,"href":"https:\/\/www.naturparkmagazin.de\/nossentiner-schwinzer-heide\/wp-json\/wp\/v2\/tags?post=2906"}],"curies":[{"name":"wp","href":"https:\/\/api.w.org\/{rel}","templated":true}]}}