{"id":2933,"date":"2020-06-15T09:38:38","date_gmt":"2020-06-15T07:38:38","guid":{"rendered":"https:\/\/www.naturparkmagazin.de\/nossentiner-schwinzer-heide\/?p=2933"},"modified":"2020-06-29T09:40:43","modified_gmt":"2020-06-29T07:40:43","slug":"sonderausstellung-ueber-kaefer-im-karower-meiler","status":"publish","type":"post","link":"https:\/\/www.naturparkmagazin.de\/nossentiner-schwinzer-heide\/sonderausstellung-ueber-kaefer-im-karower-meiler\/","title":{"rendered":"Sonderausstellung \u00fcber K\u00e4fer im Karower Meiler"},"content":{"rendered":"<p>Gegenw\u00e4rtig ist im Naturparkzentrum Karower Meiler eine kleine, aber feine K\u00e4fer-Ausstellung zu sehen. K\u00e4fer geh\u00f6ren zu den vielseitigsten Lebewesen. Sie besiedeln, bis auf die Antarktis, nahezu alle Lebensr\u00e4ume der Erde\u00a0 \u2013 manchmal auch zum Leidwesen des Menschen. Denn das Wort K\u00e4fer ist von \u201ekauen, nagen\u201c abgeleitet\u2026 Obwohl vom Menschen oft als Sch\u00e4dling verachtet, haben K\u00e4fer wichtige \u00f6kologische Funktionen. Einige Arten beispielsweise ern\u00e4hren sich von Kot oder toten Tieren und reinigen auf diese Weise unsere Umwelt. Die Lebensweise und Vielfalt der K\u00e4fer ist beeindruckend. Es gibt sie in den verschiedensten Gr\u00f6\u00dfen und in wundersch\u00f6nen Farben.<\/p>\n<p>Der Biologe Dr. Hans-Peter Reike hat intensiv die K\u00e4fer-Fauna im Naturpark Nossentiner\/Schwinzer Heide untersucht. Er stellt in dieser Ausstellung die K\u00e4fer und ihre Besonderheiten vor sowie einige Objekte, die das Verh\u00e4ltnis von K\u00e4fer und Mensch illustrieren. Auch einige besonders gro\u00dfe und exotische Exemplare sind zu bestaunen. Die Sonderausstellung ist w\u00e4hrend der \u00d6ffnungszeiten des Karower Meilers t\u00e4glich von 10-17 Uhr zu sehen.<\/p>\n<div id=\"attachment_2934\" style=\"width: 630px\" class=\"wp-caption alignnone\"><a href=\"https:\/\/www.naturparkmagazin.de\/nossentiner-schwinzer-heide\/wp-content\/uploads\/sites\/28\/Hirschk\u00e4fer_Foto_HP_Reike.jpg\"><img aria-describedby=\"caption-attachment-2934\" decoding=\"async\" loading=\"lazy\" class=\"wp-image-2934 size-medium\" src=\"https:\/\/www.naturparkmagazin.de\/nossentiner-schwinzer-heide\/wp-content\/uploads\/sites\/28\/Hirschk\u00e4fer_Foto_HP_Reike-620x465.jpg\" alt=\"Hirschk\u00e4fer_Foto_HP_Reike\" width=\"620\" height=\"465\" srcset=\"https:\/\/www.naturparkmagazin.de\/nossentiner-schwinzer-heide\/wp-content\/uploads\/sites\/28\/Hirschk\u00e4fer_Foto_HP_Reike-620x465.jpg 620w, https:\/\/www.naturparkmagazin.de\/nossentiner-schwinzer-heide\/wp-content\/uploads\/sites\/28\/Hirschk\u00e4fer_Foto_HP_Reike-300x225.jpg 300w, https:\/\/www.naturparkmagazin.de\/nossentiner-schwinzer-heide\/wp-content\/uploads\/sites\/28\/Hirschk\u00e4fer_Foto_HP_Reike-940x705.jpg 940w, https:\/\/www.naturparkmagazin.de\/nossentiner-schwinzer-heide\/wp-content\/uploads\/sites\/28\/Hirschk\u00e4fer_Foto_HP_Reike-580x435.jpg 580w, https:\/\/www.naturparkmagazin.de\/nossentiner-schwinzer-heide\/wp-content\/uploads\/sites\/28\/Hirschk\u00e4fer_Foto_HP_Reike-420x315.jpg 420w, https:\/\/www.naturparkmagazin.de\/nossentiner-schwinzer-heide\/wp-content\/uploads\/sites\/28\/Hirschk\u00e4fer_Foto_HP_Reike-180x135.jpg 180w, https:\/\/www.naturparkmagazin.de\/nossentiner-schwinzer-heide\/wp-content\/uploads\/sites\/28\/Hirschk\u00e4fer_Foto_HP_Reike-95x71.jpg 95w, https:\/\/www.naturparkmagazin.de\/nossentiner-schwinzer-heide\/wp-content\/uploads\/sites\/28\/Hirschk\u00e4fer_Foto_HP_Reike-670x503.jpg 670w, https:\/\/www.naturparkmagazin.de\/nossentiner-schwinzer-heide\/wp-content\/uploads\/sites\/28\/Hirschk\u00e4fer_Foto_HP_Reike-200x150.jpg 200w, https:\/\/www.naturparkmagazin.de\/nossentiner-schwinzer-heide\/wp-content\/uploads\/sites\/28\/Hirschk\u00e4fer_Foto_HP_Reike.jpg 1024w\" sizes=\"(max-width: 620px) 100vw, 620px\" \/><\/a><p id=\"caption-attachment-2934\" class=\"wp-caption-text\">Der seltene Hirschk\u00e4fer konnte im Naturpark Nossentiner\/Schwinzer Heide nachgewiesen werden. Foto: Dr. Hans-Peter Reike<\/p><\/div>\n","protected":false},"excerpt":{"rendered":"<p>Gegenw\u00e4rtig ist im Naturparkzentrum Karower Meiler eine kleine, aber feine K\u00e4fer-Ausstellung zu sehen. <\/p>\n","protected":false},"author":84,"featured_media":2934,"comment_status":"open","ping_status":"open","sticky":false,"template":"","format":"standard","meta":[],"categories":[7],"tags":[],"yoast_head":"<!-- This site is optimized with the Yoast SEO plugin v19.10 - https:\/\/yoast.com\/wordpress\/plugins\/seo\/ -->\n<title>Sonderausstellung \u00fcber K\u00e4fer im Karower Meiler - Naturpark Nossentiner\/Schwinzer Heide<\/title>\n<meta name=\"robots\" content=\"index, follow, max-snippet:-1, max-image-preview:large, max-video-preview:-1\" \/>\n<link rel=\"canonical\" href=\"https:\/\/www.naturparkmagazin.de\/nossentiner-schwinzer-heide\/sonderausstellung-ueber-kaefer-im-karower-meiler\/\" \/>\n<meta property=\"og:locale\" content=\"de_DE\" \/>\n<meta property=\"og:type\" content=\"article\" \/>\n<meta property=\"og:title\" content=\"Sonderausstellung \u00fcber K\u00e4fer im Karower Meiler - Naturpark Nossentiner\/Schwinzer Heide\" \/>\n<meta property=\"og:description\" content=\"Gegenw\u00e4rtig ist im Naturparkzentrum Karower Meiler eine kleine, aber feine K\u00e4fer-Ausstellung zu sehen.\" \/>\n<meta property=\"og:url\" content=\"https:\/\/www.naturparkmagazin.de\/nossentiner-schwinzer-heide\/sonderausstellung-ueber-kaefer-im-karower-meiler\/\" \/>\n<meta property=\"og:site_name\" content=\"Naturpark Nossentiner\/Schwinzer Heide\" \/>\n<meta property=\"article:published_time\" content=\"2020-06-15T07:38:38+00:00\" \/>\n<meta property=\"article:modified_time\" content=\"2020-06-29T07:40:43+00:00\" \/>\n<meta property=\"og:image\" content=\"https:\/\/www.naturparkmagazin.de\/nossentiner-schwinzer-heide\/wp-content\/uploads\/sites\/28\/Hirschk\u00e4fer_Foto_HP_Reike.jpg\" \/>\n\t<meta property=\"og:image:width\" content=\"1024\" \/>\n\t<meta property=\"og:image:height\" content=\"768\" \/>\n\t<meta property=\"og:image:type\" content=\"image\/jpeg\" \/>\n<meta name=\"author\" content=\"evelinkartheuser\" \/>\n<meta name=\"twitter:label1\" content=\"Verfasst von\" \/>\n\t<meta name=\"twitter:data1\" content=\"evelinkartheuser\" \/>\n\t<meta name=\"twitter:label2\" content=\"Gesch\u00e4tzte Lesezeit\" \/>\n\t<meta name=\"twitter:data2\" content=\"1\u00a0Minute\" \/>\n<script type=\"application\/ld+json\" class=\"yoast-schema-graph\">{\"@context\":\"https:\/\/schema.org\",\"@graph\":[{\"@type\":\"WebPage\",\"@id\":\"https:\/\/www.naturparkmagazin.de\/nossentiner-schwinzer-heide\/sonderausstellung-ueber-kaefer-im-karower-meiler\/\",\"url\":\"https:\/\/www.naturparkmagazin.de\/nossentiner-schwinzer-heide\/sonderausstellung-ueber-kaefer-im-karower-meiler\/\",\"name\":\"Sonderausstellung \u00fcber K\u00e4fer im Karower Meiler - Naturpark Nossentiner\/Schwinzer Heide\",\"isPartOf\":{\"@id\":\"https:\/\/www.naturparkmagazin.de\/nossentiner-schwinzer-heide\/#website\"},\"datePublished\":\"2020-06-15T07:38:38+00:00\",\"dateModified\":\"2020-06-29T07:40:43+00:00\",\"author\":{\"@id\":\"https:\/\/www.naturparkmagazin.de\/nossentiner-schwinzer-heide\/#\/schema\/person\/6e5721221b13b6f827e696f29ff18008\"},\"breadcrumb\":{\"@id\":\"https:\/\/www.naturparkmagazin.de\/nossentiner-schwinzer-heide\/sonderausstellung-ueber-kaefer-im-karower-meiler\/#breadcrumb\"},\"inLanguage\":\"de\",\"potentialAction\":[{\"@type\":\"ReadAction\",\"target\":[\"https:\/\/www.naturparkmagazin.de\/nossentiner-schwinzer-heide\/sonderausstellung-ueber-kaefer-im-karower-meiler\/\"]}]},{\"@type\":\"BreadcrumbList\",\"@id\":\"https:\/\/www.naturparkmagazin.de\/nossentiner-schwinzer-heide\/sonderausstellung-ueber-kaefer-im-karower-meiler\/#breadcrumb\",\"itemListElement\":[{\"@type\":\"ListItem\",\"position\":1,\"name\":\"Home\",\"item\":\"https:\/\/www.naturparkmagazin.de\/nossentiner-schwinzer-heide\/\"},{\"@type\":\"ListItem\",\"position\":2,\"name\":\"Sonderausstellung \u00fcber K\u00e4fer im Karower Meiler\"}]},{\"@type\":\"WebSite\",\"@id\":\"https:\/\/www.naturparkmagazin.de\/nossentiner-schwinzer-heide\/#website\",\"url\":\"https:\/\/www.naturparkmagazin.de\/nossentiner-schwinzer-heide\/\",\"name\":\"Naturpark Nossentiner\/Schwinzer Heide\",\"description\":\"\",\"potentialAction\":[{\"@type\":\"SearchAction\",\"target\":{\"@type\":\"EntryPoint\",\"urlTemplate\":\"https:\/\/www.naturparkmagazin.de\/nossentiner-schwinzer-heide\/?s={search_term_string}\"},\"query-input\":\"required name=search_term_string\"}],\"inLanguage\":\"de\"},{\"@type\":\"Person\",\"@id\":\"https:\/\/www.naturparkmagazin.de\/nossentiner-schwinzer-heide\/#\/schema\/person\/6e5721221b13b6f827e696f29ff18008\",\"name\":\"evelinkartheuser\",\"url\":\"https:\/\/www.naturparkmagazin.de\/nossentiner-schwinzer-heide\/author\/evelinkartheuser\/\"}]}<\/script>\n<!-- \/ Yoast SEO plugin. -->","yoast_head_json":{"title":"Sonderausstellung \u00fcber K\u00e4fer im Karower Meiler - Naturpark Nossentiner\/Schwinzer Heide","robots":{"index":"index","follow":"follow","max-snippet":"max-snippet:-1","max-image-preview":"max-image-preview:large","max-video-preview":"max-video-preview:-1"},"canonical":"https:\/\/www.naturparkmagazin.de\/nossentiner-schwinzer-heide\/sonderausstellung-ueber-kaefer-im-karower-meiler\/","og_locale":"de_DE","og_type":"article","og_title":"Sonderausstellung \u00fcber K\u00e4fer im Karower Meiler - Naturpark Nossentiner\/Schwinzer Heide","og_description":"Gegenw\u00e4rtig ist im Naturparkzentrum Karower Meiler eine kleine, aber feine K\u00e4fer-Ausstellung zu sehen.","og_url":"https:\/\/www.naturparkmagazin.de\/nossentiner-schwinzer-heide\/sonderausstellung-ueber-kaefer-im-karower-meiler\/","og_site_name":"Naturpark Nossentiner\/Schwinzer Heide","article_published_time":"2020-06-15T07:38:38+00:00","article_modified_time":"2020-06-29T07:40:43+00:00","og_image":[{"width":1024,"height":768,"url":"https:\/\/www.naturparkmagazin.de\/nossentiner-schwinzer-heide\/wp-content\/uploads\/sites\/28\/Hirschk\u00e4fer_Foto_HP_Reike.jpg","type":"image\/jpeg"}],"author":"evelinkartheuser","twitter_misc":{"Verfasst von":"evelinkartheuser","Gesch\u00e4tzte Lesezeit":"1\u00a0Minute"},"schema":{"@context":"https:\/\/schema.org","@graph":[{"@type":"WebPage","@id":"https:\/\/www.naturparkmagazin.de\/nossentiner-schwinzer-heide\/sonderausstellung-ueber-kaefer-im-karower-meiler\/","url":"https:\/\/www.naturparkmagazin.de\/nossentiner-schwinzer-heide\/sonderausstellung-ueber-kaefer-im-karower-meiler\/","name":"Sonderausstellung \u00fcber K\u00e4fer im Karower Meiler - Naturpark Nossentiner\/Schwinzer Heide","isPartOf":{"@id":"https:\/\/www.naturparkmagazin.de\/nossentiner-schwinzer-heide\/#website"},"datePublished":"2020-06-15T07:38:38+00:00","dateModified":"2020-06-29T07:40:43+00:00","author":{"@id":"https:\/\/www.naturparkmagazin.de\/nossentiner-schwinzer-heide\/#\/schema\/person\/6e5721221b13b6f827e696f29ff18008"},"breadcrumb":{"@id":"https:\/\/www.naturparkmagazin.de\/nossentiner-schwinzer-heide\/sonderausstellung-ueber-kaefer-im-karower-meiler\/#breadcrumb"},"inLanguage":"de","potentialAction":[{"@type":"ReadAction","target":["https:\/\/www.naturparkmagazin.de\/nossentiner-schwinzer-heide\/sonderausstellung-ueber-kaefer-im-karower-meiler\/"]}]},{"@type":"BreadcrumbList","@id":"https:\/\/www.naturparkmagazin.de\/nossentiner-schwinzer-heide\/sonderausstellung-ueber-kaefer-im-karower-meiler\/#breadcrumb","itemListElement":[{"@type":"ListItem","position":1,"name":"Home","item":"https:\/\/www.naturparkmagazin.de\/nossentiner-schwinzer-heide\/"},{"@type":"ListItem","position":2,"name":"Sonderausstellung \u00fcber K\u00e4fer im Karower Meiler"}]},{"@type":"WebSite","@id":"https:\/\/www.naturparkmagazin.de\/nossentiner-schwinzer-heide\/#website","url":"https:\/\/www.naturparkmagazin.de\/nossentiner-schwinzer-heide\/","name":"Naturpark Nossentiner\/Schwinzer Heide","description":"","potentialAction":[{"@type":"SearchAction","target":{"@type":"EntryPoint","urlTemplate":"https:\/\/www.naturparkmagazin.de\/nossentiner-schwinzer-heide\/?s={search_term_string}"},"query-input":"required name=search_term_string"}],"inLanguage":"de"},{"@type":"Person","@id":"https:\/\/www.naturparkmagazin.de\/nossentiner-schwinzer-heide\/#\/schema\/person\/6e5721221b13b6f827e696f29ff18008","name":"evelinkartheuser","url":"https:\/\/www.naturparkmagazin.de\/nossentiner-schwinzer-heide\/author\/evelinkartheuser\/"}]}},"_links":{"self":[{"href":"https:\/\/www.naturparkmagazin.de\/nossentiner-schwinzer-heide\/wp-json\/wp\/v2\/posts\/2933"}],"collection":[{"href":"https:\/\/www.naturparkmagazin.de\/nossentiner-schwinzer-heide\/wp-json\/wp\/v2\/posts"}],"about":[{"href":"https:\/\/www.naturparkmagazin.de\/nossentiner-schwinzer-heide\/wp-json\/wp\/v2\/types\/post"}],"author":[{"embeddable":true,"href":"https:\/\/www.naturparkmagazin.de\/nossentiner-schwinzer-heide\/wp-json\/wp\/v2\/users\/84"}],"replies":[{"embeddable":true,"href":"https:\/\/www.naturparkmagazin.de\/nossentiner-schwinzer-heide\/wp-json\/wp\/v2\/comments?post=2933"}],"version-history":[{"count":2,"href":"https:\/\/www.naturparkmagazin.de\/nossentiner-schwinzer-heide\/wp-json\/wp\/v2\/posts\/2933\/revisions"}],"predecessor-version":[{"id":2936,"href":"https:\/\/www.naturparkmagazin.de\/nossentiner-schwinzer-heide\/wp-json\/wp\/v2\/posts\/2933\/revisions\/2936"}],"wp:featuredmedia":[{"embeddable":true,"href":"https:\/\/www.naturparkmagazin.de\/nossentiner-schwinzer-heide\/wp-json\/wp\/v2\/media\/2934"}],"wp:attachment":[{"href":"https:\/\/www.naturparkmagazin.de\/nossentiner-schwinzer-heide\/wp-json\/wp\/v2\/media?parent=2933"}],"wp:term":[{"taxonomy":"category","embeddable":true,"href":"https:\/\/www.naturparkmagazin.de\/nossentiner-schwinzer-heide\/wp-json\/wp\/v2\/categories?post=2933"},{"taxonomy":"post_tag","embeddable":true,"href":"https:\/\/www.naturparkmagazin.de\/nossentiner-schwinzer-heide\/wp-json\/wp\/v2\/tags?post=2933"}],"curies":[{"name":"wp","href":"https:\/\/api.w.org\/{rel}","templated":true}]}}