{"id":2952,"date":"2020-07-13T21:40:33","date_gmt":"2020-07-13T19:40:33","guid":{"rendered":"https:\/\/www.naturparkmagazin.de\/nossentiner-schwinzer-heide\/?p=2952"},"modified":"2020-07-28T14:15:55","modified_gmt":"2020-07-28T12:15:55","slug":"neue-ausstellung-25-einblicke-in-die-welt-der-spinnen-und-insekten","status":"publish","type":"post","link":"https:\/\/www.naturparkmagazin.de\/nossentiner-schwinzer-heide\/neue-ausstellung-25-einblicke-in-die-welt-der-spinnen-und-insekten\/","title":{"rendered":"Neue Ausstellung: 25 Einblicke in die Welt der Spinnen und Insekten"},"content":{"rendered":"<p>Beim Anblick von Spinnen l\u00e4uft vielen Menschen unwillk\u00fcrlich ein Schauer \u00fcber den R\u00fccken. Doch es ist nicht nur Abscheu, sondern auch Bewunderung f\u00fcr diese faszinierende Tiergruppe. Spinnen spielen eine bedeutende Rolle im \u00d6kosystem als Insektenfresser, sie verf\u00fcgen \u00fcber eine au\u00dferordentlich gro\u00dfe Formenvielfalt und interessante Biologie.<\/p>\n<p>Die neue Ausstellung, die ab 4. August im Naturpark Nossentiner\/Schwinzer Heide zu sehen ist, zeigt in gro\u00dfformatigen Bildern verschieden Insekten- und Spinnen-Arten. Der Fotograf Wolf-Peter Polzin er\u00f6ffnet mit seinen Makroaufnahmen eine Welt voller Details, die mit blo\u00dfem Auge nicht sichtbar sind. Sie bilden einen Querschnitt durch die Artenvielfalt der Gliederf\u00fc\u00dfer ab, der aber nat\u00fcrlich nicht repr\u00e4sentativ sein kann. Dabei handelt es sich gr\u00f6\u00dftenteils um recht gew\u00f6hnliche Arten, die die meisten Menschen trotzdem noch nie zur Kenntnis genommen haben, etwa weil sie ein verstecktes Leben f\u00fchren, nachaktiv oder einfach nur zu schnell sind \u2013 oder eben auf der Sympathieskala ziemlich weit unten stehen. Begleitende Texte zu den Fotos weisen auf das Leben und die \u00d6kologie der Tiere hin.<\/p>\n<p>Wolf-Peter Polzin, geb. 1960, fotografiert seit 1985 haupts\u00e4chlich im Makrobereich. Seit 1990 ist er im amtlichen Naturschutz t\u00e4tig, befa\u00dft sich dar\u00fcber hinaus mit der Kulturgeschichte der B\u00e4ume und fotografiert analog und schwarz\/wei\u00df im Bereich Jazz.<\/p>\n<p>Die Ausstellung beginnt am 4. August mit einer Vernissage um 17 Uhr. Dann ist sie t\u00e4glich von 10-17 Uhr im Karower Meiler zu sehen. Am 25. September wird die Ausstellung mit einer Finissage und einem Vortrag zum Thema \u201eInsekten und Spinnen\u201c beendet.<\/p>\n<div id=\"attachment_2953\" style=\"width: 630px\" class=\"wp-caption alignnone\"><a href=\"https:\/\/www.naturparkmagazin.de\/nossentiner-schwinzer-heide\/wp-content\/uploads\/sites\/28\/Spinne-Schwebfliege_Foto_Polzin.jpg\"><img aria-describedby=\"caption-attachment-2953\" decoding=\"async\" loading=\"lazy\" class=\"wp-image-2953 size-medium\" src=\"https:\/\/www.naturparkmagazin.de\/nossentiner-schwinzer-heide\/wp-content\/uploads\/sites\/28\/Spinne-Schwebfliege_Foto_Polzin-620x385.jpg\" alt=\"Spinne+Schwebfliege_Foto_Polzin\" width=\"620\" height=\"385\" srcset=\"https:\/\/www.naturparkmagazin.de\/nossentiner-schwinzer-heide\/wp-content\/uploads\/sites\/28\/Spinne-Schwebfliege_Foto_Polzin-620x385.jpg 620w, https:\/\/www.naturparkmagazin.de\/nossentiner-schwinzer-heide\/wp-content\/uploads\/sites\/28\/Spinne-Schwebfliege_Foto_Polzin-300x186.jpg 300w, https:\/\/www.naturparkmagazin.de\/nossentiner-schwinzer-heide\/wp-content\/uploads\/sites\/28\/Spinne-Schwebfliege_Foto_Polzin-940x583.jpg 940w, https:\/\/www.naturparkmagazin.de\/nossentiner-schwinzer-heide\/wp-content\/uploads\/sites\/28\/Spinne-Schwebfliege_Foto_Polzin-670x416.jpg 670w, https:\/\/www.naturparkmagazin.de\/nossentiner-schwinzer-heide\/wp-content\/uploads\/sites\/28\/Spinne-Schwebfliege_Foto_Polzin-200x124.jpg 200w, https:\/\/www.naturparkmagazin.de\/nossentiner-schwinzer-heide\/wp-content\/uploads\/sites\/28\/Spinne-Schwebfliege_Foto_Polzin.jpg 1280w\" sizes=\"(max-width: 620px) 100vw, 620px\" \/><\/a><p id=\"caption-attachment-2953\" class=\"wp-caption-text\">Eine Kr\u00e4uselspinne beim Verzehr einer Schwebfliege. Foto: Wolf-Peter Polzin<\/p><\/div>\n<p><a href=\"https:\/\/www.naturparkmagazin.de\/nossentiner-schwinzer-heide\/wp-content\/uploads\/sites\/28\/Plakat_Polzin.jpg\"><img decoding=\"async\" loading=\"lazy\" class=\"alignnone size-medium wp-image-2954\" src=\"https:\/\/www.naturparkmagazin.de\/nossentiner-schwinzer-heide\/wp-content\/uploads\/sites\/28\/Plakat_Polzin-620x877.jpg\" alt=\"Plakat_Polzin\" width=\"620\" height=\"877\" srcset=\"https:\/\/www.naturparkmagazin.de\/nossentiner-schwinzer-heide\/wp-content\/uploads\/sites\/28\/Plakat_Polzin-620x877.jpg 620w, https:\/\/www.naturparkmagazin.de\/nossentiner-schwinzer-heide\/wp-content\/uploads\/sites\/28\/Plakat_Polzin-300x424.jpg 300w, https:\/\/www.naturparkmagazin.de\/nossentiner-schwinzer-heide\/wp-content\/uploads\/sites\/28\/Plakat_Polzin-940x1329.jpg 940w, https:\/\/www.naturparkmagazin.de\/nossentiner-schwinzer-heide\/wp-content\/uploads\/sites\/28\/Plakat_Polzin-670x947.jpg 670w, https:\/\/www.naturparkmagazin.de\/nossentiner-schwinzer-heide\/wp-content\/uploads\/sites\/28\/Plakat_Polzin-200x283.jpg 200w\" sizes=\"(max-width: 620px) 100vw, 620px\" \/><\/a><\/p>\n","protected":false},"excerpt":{"rendered":"<p>Vernissage am 4. August um 17 Uhr<\/p>\n<p>Finissage mit Vortrag am 25. September um 16 Uhr<\/p>\n","protected":false},"author":84,"featured_media":2954,"comment_status":"open","ping_status":"open","sticky":false,"template":"","format":"standard","meta":[],"categories":[7],"tags":[],"yoast_head":"<!-- This site is optimized with the Yoast SEO plugin v19.10 - https:\/\/yoast.com\/wordpress\/plugins\/seo\/ -->\n<title>Neue Ausstellung: 25 Einblicke in die Welt der Spinnen und Insekten - Naturpark Nossentiner\/Schwinzer Heide<\/title>\n<meta name=\"robots\" content=\"index, follow, max-snippet:-1, max-image-preview:large, max-video-preview:-1\" \/>\n<link rel=\"canonical\" href=\"https:\/\/www.naturparkmagazin.de\/nossentiner-schwinzer-heide\/neue-ausstellung-25-einblicke-in-die-welt-der-spinnen-und-insekten\/\" \/>\n<meta property=\"og:locale\" content=\"de_DE\" \/>\n<meta property=\"og:type\" content=\"article\" \/>\n<meta property=\"og:title\" content=\"Neue Ausstellung: 25 Einblicke in die Welt der Spinnen und Insekten - Naturpark Nossentiner\/Schwinzer Heide\" \/>\n<meta property=\"og:description\" content=\"Vernissage am 4. August um 17 Uhr  Finissage mit Vortrag am 25. September um 16 Uhr\" \/>\n<meta property=\"og:url\" content=\"https:\/\/www.naturparkmagazin.de\/nossentiner-schwinzer-heide\/neue-ausstellung-25-einblicke-in-die-welt-der-spinnen-und-insekten\/\" \/>\n<meta property=\"og:site_name\" content=\"Naturpark Nossentiner\/Schwinzer Heide\" \/>\n<meta property=\"article:published_time\" content=\"2020-07-13T19:40:33+00:00\" \/>\n<meta property=\"article:modified_time\" content=\"2020-07-28T12:15:55+00:00\" \/>\n<meta property=\"og:image\" content=\"https:\/\/www.naturparkmagazin.de\/nossentiner-schwinzer-heide\/wp-content\/uploads\/sites\/28\/Plakat_Polzin.jpg\" \/>\n\t<meta property=\"og:image:width\" content=\"2482\" \/>\n\t<meta property=\"og:image:height\" content=\"3509\" \/>\n\t<meta property=\"og:image:type\" content=\"image\/jpeg\" \/>\n<meta name=\"author\" content=\"evelinkartheuser\" \/>\n<meta name=\"twitter:label1\" content=\"Verfasst von\" \/>\n\t<meta name=\"twitter:data1\" content=\"evelinkartheuser\" \/>\n\t<meta name=\"twitter:label2\" content=\"Gesch\u00e4tzte Lesezeit\" \/>\n\t<meta name=\"twitter:data2\" content=\"1\u00a0Minute\" \/>\n<script type=\"application\/ld+json\" class=\"yoast-schema-graph\">{\"@context\":\"https:\/\/schema.org\",\"@graph\":[{\"@type\":\"WebPage\",\"@id\":\"https:\/\/www.naturparkmagazin.de\/nossentiner-schwinzer-heide\/neue-ausstellung-25-einblicke-in-die-welt-der-spinnen-und-insekten\/\",\"url\":\"https:\/\/www.naturparkmagazin.de\/nossentiner-schwinzer-heide\/neue-ausstellung-25-einblicke-in-die-welt-der-spinnen-und-insekten\/\",\"name\":\"Neue Ausstellung: 25 Einblicke in die Welt der Spinnen und Insekten - Naturpark Nossentiner\/Schwinzer Heide\",\"isPartOf\":{\"@id\":\"https:\/\/www.naturparkmagazin.de\/nossentiner-schwinzer-heide\/#website\"},\"datePublished\":\"2020-07-13T19:40:33+00:00\",\"dateModified\":\"2020-07-28T12:15:55+00:00\",\"author\":{\"@id\":\"https:\/\/www.naturparkmagazin.de\/nossentiner-schwinzer-heide\/#\/schema\/person\/6e5721221b13b6f827e696f29ff18008\"},\"breadcrumb\":{\"@id\":\"https:\/\/www.naturparkmagazin.de\/nossentiner-schwinzer-heide\/neue-ausstellung-25-einblicke-in-die-welt-der-spinnen-und-insekten\/#breadcrumb\"},\"inLanguage\":\"de\",\"potentialAction\":[{\"@type\":\"ReadAction\",\"target\":[\"https:\/\/www.naturparkmagazin.de\/nossentiner-schwinzer-heide\/neue-ausstellung-25-einblicke-in-die-welt-der-spinnen-und-insekten\/\"]}]},{\"@type\":\"BreadcrumbList\",\"@id\":\"https:\/\/www.naturparkmagazin.de\/nossentiner-schwinzer-heide\/neue-ausstellung-25-einblicke-in-die-welt-der-spinnen-und-insekten\/#breadcrumb\",\"itemListElement\":[{\"@type\":\"ListItem\",\"position\":1,\"name\":\"Home\",\"item\":\"https:\/\/www.naturparkmagazin.de\/nossentiner-schwinzer-heide\/\"},{\"@type\":\"ListItem\",\"position\":2,\"name\":\"Neue Ausstellung: 25 Einblicke in die Welt der Spinnen und Insekten\"}]},{\"@type\":\"WebSite\",\"@id\":\"https:\/\/www.naturparkmagazin.de\/nossentiner-schwinzer-heide\/#website\",\"url\":\"https:\/\/www.naturparkmagazin.de\/nossentiner-schwinzer-heide\/\",\"name\":\"Naturpark Nossentiner\/Schwinzer Heide\",\"description\":\"\",\"potentialAction\":[{\"@type\":\"SearchAction\",\"target\":{\"@type\":\"EntryPoint\",\"urlTemplate\":\"https:\/\/www.naturparkmagazin.de\/nossentiner-schwinzer-heide\/?s={search_term_string}\"},\"query-input\":\"required name=search_term_string\"}],\"inLanguage\":\"de\"},{\"@type\":\"Person\",\"@id\":\"https:\/\/www.naturparkmagazin.de\/nossentiner-schwinzer-heide\/#\/schema\/person\/6e5721221b13b6f827e696f29ff18008\",\"name\":\"evelinkartheuser\",\"url\":\"https:\/\/www.naturparkmagazin.de\/nossentiner-schwinzer-heide\/author\/evelinkartheuser\/\"}]}<\/script>\n<!-- \/ Yoast SEO plugin. -->","yoast_head_json":{"title":"Neue Ausstellung: 25 Einblicke in die Welt der Spinnen und Insekten - Naturpark Nossentiner\/Schwinzer Heide","robots":{"index":"index","follow":"follow","max-snippet":"max-snippet:-1","max-image-preview":"max-image-preview:large","max-video-preview":"max-video-preview:-1"},"canonical":"https:\/\/www.naturparkmagazin.de\/nossentiner-schwinzer-heide\/neue-ausstellung-25-einblicke-in-die-welt-der-spinnen-und-insekten\/","og_locale":"de_DE","og_type":"article","og_title":"Neue Ausstellung: 25 Einblicke in die Welt der Spinnen und Insekten - Naturpark Nossentiner\/Schwinzer Heide","og_description":"Vernissage am 4. August um 17 Uhr  Finissage mit Vortrag am 25. September um 16 Uhr","og_url":"https:\/\/www.naturparkmagazin.de\/nossentiner-schwinzer-heide\/neue-ausstellung-25-einblicke-in-die-welt-der-spinnen-und-insekten\/","og_site_name":"Naturpark Nossentiner\/Schwinzer Heide","article_published_time":"2020-07-13T19:40:33+00:00","article_modified_time":"2020-07-28T12:15:55+00:00","og_image":[{"width":2482,"height":3509,"url":"https:\/\/www.naturparkmagazin.de\/nossentiner-schwinzer-heide\/wp-content\/uploads\/sites\/28\/Plakat_Polzin.jpg","type":"image\/jpeg"}],"author":"evelinkartheuser","twitter_misc":{"Verfasst von":"evelinkartheuser","Gesch\u00e4tzte Lesezeit":"1\u00a0Minute"},"schema":{"@context":"https:\/\/schema.org","@graph":[{"@type":"WebPage","@id":"https:\/\/www.naturparkmagazin.de\/nossentiner-schwinzer-heide\/neue-ausstellung-25-einblicke-in-die-welt-der-spinnen-und-insekten\/","url":"https:\/\/www.naturparkmagazin.de\/nossentiner-schwinzer-heide\/neue-ausstellung-25-einblicke-in-die-welt-der-spinnen-und-insekten\/","name":"Neue Ausstellung: 25 Einblicke in die Welt der Spinnen und Insekten - Naturpark Nossentiner\/Schwinzer Heide","isPartOf":{"@id":"https:\/\/www.naturparkmagazin.de\/nossentiner-schwinzer-heide\/#website"},"datePublished":"2020-07-13T19:40:33+00:00","dateModified":"2020-07-28T12:15:55+00:00","author":{"@id":"https:\/\/www.naturparkmagazin.de\/nossentiner-schwinzer-heide\/#\/schema\/person\/6e5721221b13b6f827e696f29ff18008"},"breadcrumb":{"@id":"https:\/\/www.naturparkmagazin.de\/nossentiner-schwinzer-heide\/neue-ausstellung-25-einblicke-in-die-welt-der-spinnen-und-insekten\/#breadcrumb"},"inLanguage":"de","potentialAction":[{"@type":"ReadAction","target":["https:\/\/www.naturparkmagazin.de\/nossentiner-schwinzer-heide\/neue-ausstellung-25-einblicke-in-die-welt-der-spinnen-und-insekten\/"]}]},{"@type":"BreadcrumbList","@id":"https:\/\/www.naturparkmagazin.de\/nossentiner-schwinzer-heide\/neue-ausstellung-25-einblicke-in-die-welt-der-spinnen-und-insekten\/#breadcrumb","itemListElement":[{"@type":"ListItem","position":1,"name":"Home","item":"https:\/\/www.naturparkmagazin.de\/nossentiner-schwinzer-heide\/"},{"@type":"ListItem","position":2,"name":"Neue Ausstellung: 25 Einblicke in die Welt der Spinnen und Insekten"}]},{"@type":"WebSite","@id":"https:\/\/www.naturparkmagazin.de\/nossentiner-schwinzer-heide\/#website","url":"https:\/\/www.naturparkmagazin.de\/nossentiner-schwinzer-heide\/","name":"Naturpark Nossentiner\/Schwinzer Heide","description":"","potentialAction":[{"@type":"SearchAction","target":{"@type":"EntryPoint","urlTemplate":"https:\/\/www.naturparkmagazin.de\/nossentiner-schwinzer-heide\/?s={search_term_string}"},"query-input":"required name=search_term_string"}],"inLanguage":"de"},{"@type":"Person","@id":"https:\/\/www.naturparkmagazin.de\/nossentiner-schwinzer-heide\/#\/schema\/person\/6e5721221b13b6f827e696f29ff18008","name":"evelinkartheuser","url":"https:\/\/www.naturparkmagazin.de\/nossentiner-schwinzer-heide\/author\/evelinkartheuser\/"}]}},"_links":{"self":[{"href":"https:\/\/www.naturparkmagazin.de\/nossentiner-schwinzer-heide\/wp-json\/wp\/v2\/posts\/2952"}],"collection":[{"href":"https:\/\/www.naturparkmagazin.de\/nossentiner-schwinzer-heide\/wp-json\/wp\/v2\/posts"}],"about":[{"href":"https:\/\/www.naturparkmagazin.de\/nossentiner-schwinzer-heide\/wp-json\/wp\/v2\/types\/post"}],"author":[{"embeddable":true,"href":"https:\/\/www.naturparkmagazin.de\/nossentiner-schwinzer-heide\/wp-json\/wp\/v2\/users\/84"}],"replies":[{"embeddable":true,"href":"https:\/\/www.naturparkmagazin.de\/nossentiner-schwinzer-heide\/wp-json\/wp\/v2\/comments?post=2952"}],"version-history":[{"count":3,"href":"https:\/\/www.naturparkmagazin.de\/nossentiner-schwinzer-heide\/wp-json\/wp\/v2\/posts\/2952\/revisions"}],"predecessor-version":[{"id":2956,"href":"https:\/\/www.naturparkmagazin.de\/nossentiner-schwinzer-heide\/wp-json\/wp\/v2\/posts\/2952\/revisions\/2956"}],"wp:featuredmedia":[{"embeddable":true,"href":"https:\/\/www.naturparkmagazin.de\/nossentiner-schwinzer-heide\/wp-json\/wp\/v2\/media\/2954"}],"wp:attachment":[{"href":"https:\/\/www.naturparkmagazin.de\/nossentiner-schwinzer-heide\/wp-json\/wp\/v2\/media?parent=2952"}],"wp:term":[{"taxonomy":"category","embeddable":true,"href":"https:\/\/www.naturparkmagazin.de\/nossentiner-schwinzer-heide\/wp-json\/wp\/v2\/categories?post=2952"},{"taxonomy":"post_tag","embeddable":true,"href":"https:\/\/www.naturparkmagazin.de\/nossentiner-schwinzer-heide\/wp-json\/wp\/v2\/tags?post=2952"}],"curies":[{"name":"wp","href":"https:\/\/api.w.org\/{rel}","templated":true}]}}