{"id":2982,"date":"2020-08-14T12:04:12","date_gmt":"2020-08-14T10:04:12","guid":{"rendered":"https:\/\/www.naturparkmagazin.de\/nossentiner-schwinzer-heide\/?p=2982"},"modified":"2020-08-28T13:04:19","modified_gmt":"2020-08-28T11:04:19","slug":"die-natur-atmet-auf-die-corona-krise-als-chance","status":"publish","type":"post","link":"https:\/\/www.naturparkmagazin.de\/nossentiner-schwinzer-heide\/die-natur-atmet-auf-die-corona-krise-als-chance\/","title":{"rendered":"Die Natur atmet auf &#8211; Die Corona-Krise als Chance?"},"content":{"rendered":"<h2>Sonderausstellung im Karower Meiler<\/h2>\n<p>Derzeit wird im Karower Meiler eine zus\u00e4tzliche Sonderausstellung gezeigt. Die kleine Ausstellung in der gro\u00dfen Ausstellung war eigentlich nicht geplant, wie so vieles in diesem besonderen Jahr. Eigentlich h\u00e4tten die 21 Jugendlichen zwischen 18 und 26 Jahren, die gerade ihr F\u00d6J absolvieren, im Fr\u00fchling ein gemeinsames Seminar gehabt, das aus bekannten Gr\u00fcnden nicht stattfinden konnte. Ersatzweise gab es eine digitale Alternative, diesmal k\u00fcnstlerischer Art: Unter Anleitung der Illustratorin Claudia Burmeister und der K\u00fcnstlerin \u00a0Katharina Sell setzten sich die Jugendlichen kreativ mit der Frage auseinander, was die Corona-Krise mit uns Menschen und der Umwelt macht.<\/p>\n<div id=\"attachment_2986\" style=\"width: 630px\" class=\"wp-caption alignnone\"><a href=\"https:\/\/www.naturparkmagazin.de\/nossentiner-schwinzer-heide\/wp-content\/uploads\/sites\/28\/Ausstellungser\u00f6ffnung.jpg\"><img aria-describedby=\"caption-attachment-2986\" decoding=\"async\" loading=\"lazy\" class=\"wp-image-2986 size-medium\" src=\"https:\/\/www.naturparkmagazin.de\/nossentiner-schwinzer-heide\/wp-content\/uploads\/sites\/28\/Ausstellungser\u00f6ffnung-620x339.jpg\" alt=\"Ausstellungser\u00f6ffnung\" width=\"620\" height=\"339\" srcset=\"https:\/\/www.naturparkmagazin.de\/nossentiner-schwinzer-heide\/wp-content\/uploads\/sites\/28\/Ausstellungser\u00f6ffnung-620x339.jpg 620w, https:\/\/www.naturparkmagazin.de\/nossentiner-schwinzer-heide\/wp-content\/uploads\/sites\/28\/Ausstellungser\u00f6ffnung-300x164.jpg 300w, https:\/\/www.naturparkmagazin.de\/nossentiner-schwinzer-heide\/wp-content\/uploads\/sites\/28\/Ausstellungser\u00f6ffnung-940x514.jpg 940w, https:\/\/www.naturparkmagazin.de\/nossentiner-schwinzer-heide\/wp-content\/uploads\/sites\/28\/Ausstellungser\u00f6ffnung-670x367.jpg 670w, https:\/\/www.naturparkmagazin.de\/nossentiner-schwinzer-heide\/wp-content\/uploads\/sites\/28\/Ausstellungser\u00f6ffnung-200x109.jpg 200w\" sizes=\"(max-width: 620px) 100vw, 620px\" \/><\/a><p id=\"caption-attachment-2986\" class=\"wp-caption-text\">Ausstellungser\u00f6ffnung am 20. August 2020 im Karower Meiler mit den K\u00fcnstlerInnen Katharina Sell und Claudia Burmeister, der F\u00d6J-Leitung Frau Fabian und Herrn Niew\u00f6hner aus dem Landwirtschafts-Ministerium.<\/p><\/div>\n<p>Beim Nachdenken \u00fcber die Natur und die Zukunft sind Fotografien, Collagen, Drucke und Skulpturen ganz unterschiedlicher Art entstanden. Am 20. August wurde die Ausstellung er\u00f6ffnet. Ein Jugendlicher sorgte mit seiner Klarinette spontan f\u00fcr die musikalische Umrahmung. Die Sonderausstellung ist im Naturpark Nossentiner\/Schwinzer Heide noch bis Mitte September t\u00e4glich von 10-17 Uhr zu sehen, dann geht sie auf Tour durch M-V.<\/p>\n<div id=\"attachment_2983\" style=\"width: 630px\" class=\"wp-caption alignnone\"><a href=\"https:\/\/www.naturparkmagazin.de\/nossentiner-schwinzer-heide\/wp-content\/uploads\/sites\/28\/Ausstellungser\u00f6ffnung4.jpg\"><img aria-describedby=\"caption-attachment-2983\" decoding=\"async\" loading=\"lazy\" class=\"wp-image-2983 size-medium\" src=\"https:\/\/www.naturparkmagazin.de\/nossentiner-schwinzer-heide\/wp-content\/uploads\/sites\/28\/Ausstellungser\u00f6ffnung4-620x458.jpg\" alt=\"Ausstellungser\u00f6ffnung4\" width=\"620\" height=\"458\" srcset=\"https:\/\/www.naturparkmagazin.de\/nossentiner-schwinzer-heide\/wp-content\/uploads\/sites\/28\/Ausstellungser\u00f6ffnung4-620x458.jpg 620w, https:\/\/www.naturparkmagazin.de\/nossentiner-schwinzer-heide\/wp-content\/uploads\/sites\/28\/Ausstellungser\u00f6ffnung4-300x222.jpg 300w, https:\/\/www.naturparkmagazin.de\/nossentiner-schwinzer-heide\/wp-content\/uploads\/sites\/28\/Ausstellungser\u00f6ffnung4-940x695.jpg 940w, https:\/\/www.naturparkmagazin.de\/nossentiner-schwinzer-heide\/wp-content\/uploads\/sites\/28\/Ausstellungser\u00f6ffnung4-95x71.jpg 95w, https:\/\/www.naturparkmagazin.de\/nossentiner-schwinzer-heide\/wp-content\/uploads\/sites\/28\/Ausstellungser\u00f6ffnung4-670x495.jpg 670w, https:\/\/www.naturparkmagazin.de\/nossentiner-schwinzer-heide\/wp-content\/uploads\/sites\/28\/Ausstellungser\u00f6ffnung4-200x148.jpg 200w\" sizes=\"(max-width: 620px) 100vw, 620px\" \/><\/a><p id=\"caption-attachment-2983\" class=\"wp-caption-text\">Die Gruppe der F\u00d6JlerInnen und K\u00fcnstlerinnen<\/p><\/div>\n<div id=\"attachment_2984\" style=\"width: 630px\" class=\"wp-caption alignnone\"><a href=\"https:\/\/www.naturparkmagazin.de\/nossentiner-schwinzer-heide\/wp-content\/uploads\/sites\/28\/Ausstellungser\u00f6ffnung3.jpg\"><img aria-describedby=\"caption-attachment-2984\" decoding=\"async\" loading=\"lazy\" class=\"wp-image-2984 size-medium\" src=\"https:\/\/www.naturparkmagazin.de\/nossentiner-schwinzer-heide\/wp-content\/uploads\/sites\/28\/Ausstellungser\u00f6ffnung3-620x726.jpg\" alt=\"Ausstellungser\u00f6ffnung3\" width=\"620\" height=\"726\" srcset=\"https:\/\/www.naturparkmagazin.de\/nossentiner-schwinzer-heide\/wp-content\/uploads\/sites\/28\/Ausstellungser\u00f6ffnung3-620x726.jpg 620w, https:\/\/www.naturparkmagazin.de\/nossentiner-schwinzer-heide\/wp-content\/uploads\/sites\/28\/Ausstellungser\u00f6ffnung3-300x351.jpg 300w, https:\/\/www.naturparkmagazin.de\/nossentiner-schwinzer-heide\/wp-content\/uploads\/sites\/28\/Ausstellungser\u00f6ffnung3-940x1101.jpg 940w, https:\/\/www.naturparkmagazin.de\/nossentiner-schwinzer-heide\/wp-content\/uploads\/sites\/28\/Ausstellungser\u00f6ffnung3-670x785.jpg 670w, https:\/\/www.naturparkmagazin.de\/nossentiner-schwinzer-heide\/wp-content\/uploads\/sites\/28\/Ausstellungser\u00f6ffnung3-200x234.jpg 200w, https:\/\/www.naturparkmagazin.de\/nossentiner-schwinzer-heide\/wp-content\/uploads\/sites\/28\/Ausstellungser\u00f6ffnung3.jpg 1675w\" sizes=\"(max-width: 620px) 100vw, 620px\" \/><\/a><p id=\"caption-attachment-2984\" class=\"wp-caption-text\">Spontane musikalische Umrahmung auf der Klarinette<\/p><\/div>\n<div id=\"attachment_2987\" style=\"width: 630px\" class=\"wp-caption alignnone\"><a href=\"https:\/\/www.naturparkmagazin.de\/nossentiner-schwinzer-heide\/wp-content\/uploads\/sites\/28\/Glaskunst.jpg\"><img aria-describedby=\"caption-attachment-2987\" decoding=\"async\" loading=\"lazy\" class=\"wp-image-2987 size-medium\" src=\"https:\/\/www.naturparkmagazin.de\/nossentiner-schwinzer-heide\/wp-content\/uploads\/sites\/28\/Glaskunst-620x1011.jpg\" alt=\"rhdr\" width=\"620\" height=\"1011\" srcset=\"https:\/\/www.naturparkmagazin.de\/nossentiner-schwinzer-heide\/wp-content\/uploads\/sites\/28\/Glaskunst-620x1011.jpg 620w, https:\/\/www.naturparkmagazin.de\/nossentiner-schwinzer-heide\/wp-content\/uploads\/sites\/28\/Glaskunst-300x489.jpg 300w, https:\/\/www.naturparkmagazin.de\/nossentiner-schwinzer-heide\/wp-content\/uploads\/sites\/28\/Glaskunst-940x1532.jpg 940w, https:\/\/www.naturparkmagazin.de\/nossentiner-schwinzer-heide\/wp-content\/uploads\/sites\/28\/Glaskunst-670x1092.jpg 670w, https:\/\/www.naturparkmagazin.de\/nossentiner-schwinzer-heide\/wp-content\/uploads\/sites\/28\/Glaskunst-200x326.jpg 200w, https:\/\/www.naturparkmagazin.de\/nossentiner-schwinzer-heide\/wp-content\/uploads\/sites\/28\/Glaskunst.jpg 1484w\" sizes=\"(max-width: 620px) 100vw, 620px\" \/><\/a><p id=\"caption-attachment-2987\" class=\"wp-caption-text\">Glaskunst<\/p><\/div>\n<p>&nbsp;<\/p>\n","protected":false},"excerpt":{"rendered":"<p>Derzeit wird im Karower Meiler eine zus\u00e4tzliche Sonderausstellung gezeigt. Die kleine Ausstellung in der gro\u00dfen Ausstellung war eigentlich nicht geplant, wie so vieles in diesem besonderen Jahr.\nBeim Nachdenken \u00fcber die Natur und die Zukunft sind Fotografien, Collagen, Drucke und Skulpturen ganz unterschiedlicher Art entstanden. <\/p>\n","protected":false},"author":84,"featured_media":2987,"comment_status":"open","ping_status":"open","sticky":false,"template":"","format":"standard","meta":[],"categories":[7],"tags":[],"yoast_head":"<!-- This site is optimized with the Yoast SEO plugin v19.10 - https:\/\/yoast.com\/wordpress\/plugins\/seo\/ -->\n<title>Die Natur atmet auf - Die Corona-Krise als Chance? - Naturpark Nossentiner\/Schwinzer Heide<\/title>\n<meta name=\"robots\" content=\"index, follow, max-snippet:-1, max-image-preview:large, max-video-preview:-1\" \/>\n<link rel=\"canonical\" href=\"https:\/\/www.naturparkmagazin.de\/nossentiner-schwinzer-heide\/die-natur-atmet-auf-die-corona-krise-als-chance\/\" \/>\n<meta property=\"og:locale\" content=\"de_DE\" \/>\n<meta property=\"og:type\" content=\"article\" \/>\n<meta property=\"og:title\" content=\"Die Natur atmet auf - Die Corona-Krise als Chance? - Naturpark Nossentiner\/Schwinzer Heide\" \/>\n<meta property=\"og:description\" content=\"Derzeit wird im Karower Meiler eine zus\u00e4tzliche Sonderausstellung gezeigt. Die kleine Ausstellung in der gro\u00dfen Ausstellung war eigentlich nicht geplant, wie so vieles in diesem besonderen Jahr.  Beim Nachdenken \u00fcber die Natur und die Zukunft sind Fotografien, Collagen, Drucke und Skulpturen ganz unterschiedlicher Art entstanden.\" \/>\n<meta property=\"og:url\" content=\"https:\/\/www.naturparkmagazin.de\/nossentiner-schwinzer-heide\/die-natur-atmet-auf-die-corona-krise-als-chance\/\" \/>\n<meta property=\"og:site_name\" content=\"Naturpark Nossentiner\/Schwinzer Heide\" \/>\n<meta property=\"article:published_time\" content=\"2020-08-14T10:04:12+00:00\" \/>\n<meta property=\"article:modified_time\" content=\"2020-08-28T11:04:19+00:00\" \/>\n<meta property=\"og:image\" content=\"https:\/\/www.naturparkmagazin.de\/nossentiner-schwinzer-heide\/wp-content\/uploads\/sites\/28\/Glaskunst.jpg\" \/>\n\t<meta property=\"og:image:width\" content=\"1484\" \/>\n\t<meta property=\"og:image:height\" content=\"2419\" \/>\n\t<meta property=\"og:image:type\" content=\"image\/jpeg\" \/>\n<meta name=\"author\" content=\"evelinkartheuser\" \/>\n<meta name=\"twitter:label1\" content=\"Verfasst von\" \/>\n\t<meta name=\"twitter:data1\" content=\"evelinkartheuser\" \/>\n\t<meta name=\"twitter:label2\" content=\"Gesch\u00e4tzte Lesezeit\" \/>\n\t<meta name=\"twitter:data2\" content=\"1\u00a0Minute\" \/>\n<script type=\"application\/ld+json\" class=\"yoast-schema-graph\">{\"@context\":\"https:\/\/schema.org\",\"@graph\":[{\"@type\":\"WebPage\",\"@id\":\"https:\/\/www.naturparkmagazin.de\/nossentiner-schwinzer-heide\/die-natur-atmet-auf-die-corona-krise-als-chance\/\",\"url\":\"https:\/\/www.naturparkmagazin.de\/nossentiner-schwinzer-heide\/die-natur-atmet-auf-die-corona-krise-als-chance\/\",\"name\":\"Die Natur atmet auf - Die Corona-Krise als Chance? - Naturpark Nossentiner\/Schwinzer Heide\",\"isPartOf\":{\"@id\":\"https:\/\/www.naturparkmagazin.de\/nossentiner-schwinzer-heide\/#website\"},\"datePublished\":\"2020-08-14T10:04:12+00:00\",\"dateModified\":\"2020-08-28T11:04:19+00:00\",\"author\":{\"@id\":\"https:\/\/www.naturparkmagazin.de\/nossentiner-schwinzer-heide\/#\/schema\/person\/6e5721221b13b6f827e696f29ff18008\"},\"breadcrumb\":{\"@id\":\"https:\/\/www.naturparkmagazin.de\/nossentiner-schwinzer-heide\/die-natur-atmet-auf-die-corona-krise-als-chance\/#breadcrumb\"},\"inLanguage\":\"de\",\"potentialAction\":[{\"@type\":\"ReadAction\",\"target\":[\"https:\/\/www.naturparkmagazin.de\/nossentiner-schwinzer-heide\/die-natur-atmet-auf-die-corona-krise-als-chance\/\"]}]},{\"@type\":\"BreadcrumbList\",\"@id\":\"https:\/\/www.naturparkmagazin.de\/nossentiner-schwinzer-heide\/die-natur-atmet-auf-die-corona-krise-als-chance\/#breadcrumb\",\"itemListElement\":[{\"@type\":\"ListItem\",\"position\":1,\"name\":\"Home\",\"item\":\"https:\/\/www.naturparkmagazin.de\/nossentiner-schwinzer-heide\/\"},{\"@type\":\"ListItem\",\"position\":2,\"name\":\"Die Natur atmet auf &#8211; Die Corona-Krise als Chance?\"}]},{\"@type\":\"WebSite\",\"@id\":\"https:\/\/www.naturparkmagazin.de\/nossentiner-schwinzer-heide\/#website\",\"url\":\"https:\/\/www.naturparkmagazin.de\/nossentiner-schwinzer-heide\/\",\"name\":\"Naturpark Nossentiner\/Schwinzer Heide\",\"description\":\"\",\"potentialAction\":[{\"@type\":\"SearchAction\",\"target\":{\"@type\":\"EntryPoint\",\"urlTemplate\":\"https:\/\/www.naturparkmagazin.de\/nossentiner-schwinzer-heide\/?s={search_term_string}\"},\"query-input\":\"required name=search_term_string\"}],\"inLanguage\":\"de\"},{\"@type\":\"Person\",\"@id\":\"https:\/\/www.naturparkmagazin.de\/nossentiner-schwinzer-heide\/#\/schema\/person\/6e5721221b13b6f827e696f29ff18008\",\"name\":\"evelinkartheuser\",\"url\":\"https:\/\/www.naturparkmagazin.de\/nossentiner-schwinzer-heide\/author\/evelinkartheuser\/\"}]}<\/script>\n<!-- \/ Yoast SEO plugin. -->","yoast_head_json":{"title":"Die Natur atmet auf - Die Corona-Krise als Chance? - Naturpark Nossentiner\/Schwinzer Heide","robots":{"index":"index","follow":"follow","max-snippet":"max-snippet:-1","max-image-preview":"max-image-preview:large","max-video-preview":"max-video-preview:-1"},"canonical":"https:\/\/www.naturparkmagazin.de\/nossentiner-schwinzer-heide\/die-natur-atmet-auf-die-corona-krise-als-chance\/","og_locale":"de_DE","og_type":"article","og_title":"Die Natur atmet auf - Die Corona-Krise als Chance? - Naturpark Nossentiner\/Schwinzer Heide","og_description":"Derzeit wird im Karower Meiler eine zus\u00e4tzliche Sonderausstellung gezeigt. Die kleine Ausstellung in der gro\u00dfen Ausstellung war eigentlich nicht geplant, wie so vieles in diesem besonderen Jahr.  Beim Nachdenken \u00fcber die Natur und die Zukunft sind Fotografien, Collagen, Drucke und Skulpturen ganz unterschiedlicher Art entstanden.","og_url":"https:\/\/www.naturparkmagazin.de\/nossentiner-schwinzer-heide\/die-natur-atmet-auf-die-corona-krise-als-chance\/","og_site_name":"Naturpark Nossentiner\/Schwinzer Heide","article_published_time":"2020-08-14T10:04:12+00:00","article_modified_time":"2020-08-28T11:04:19+00:00","og_image":[{"width":1484,"height":2419,"url":"https:\/\/www.naturparkmagazin.de\/nossentiner-schwinzer-heide\/wp-content\/uploads\/sites\/28\/Glaskunst.jpg","type":"image\/jpeg"}],"author":"evelinkartheuser","twitter_misc":{"Verfasst von":"evelinkartheuser","Gesch\u00e4tzte Lesezeit":"1\u00a0Minute"},"schema":{"@context":"https:\/\/schema.org","@graph":[{"@type":"WebPage","@id":"https:\/\/www.naturparkmagazin.de\/nossentiner-schwinzer-heide\/die-natur-atmet-auf-die-corona-krise-als-chance\/","url":"https:\/\/www.naturparkmagazin.de\/nossentiner-schwinzer-heide\/die-natur-atmet-auf-die-corona-krise-als-chance\/","name":"Die Natur atmet auf - Die Corona-Krise als Chance? - Naturpark Nossentiner\/Schwinzer Heide","isPartOf":{"@id":"https:\/\/www.naturparkmagazin.de\/nossentiner-schwinzer-heide\/#website"},"datePublished":"2020-08-14T10:04:12+00:00","dateModified":"2020-08-28T11:04:19+00:00","author":{"@id":"https:\/\/www.naturparkmagazin.de\/nossentiner-schwinzer-heide\/#\/schema\/person\/6e5721221b13b6f827e696f29ff18008"},"breadcrumb":{"@id":"https:\/\/www.naturparkmagazin.de\/nossentiner-schwinzer-heide\/die-natur-atmet-auf-die-corona-krise-als-chance\/#breadcrumb"},"inLanguage":"de","potentialAction":[{"@type":"ReadAction","target":["https:\/\/www.naturparkmagazin.de\/nossentiner-schwinzer-heide\/die-natur-atmet-auf-die-corona-krise-als-chance\/"]}]},{"@type":"BreadcrumbList","@id":"https:\/\/www.naturparkmagazin.de\/nossentiner-schwinzer-heide\/die-natur-atmet-auf-die-corona-krise-als-chance\/#breadcrumb","itemListElement":[{"@type":"ListItem","position":1,"name":"Home","item":"https:\/\/www.naturparkmagazin.de\/nossentiner-schwinzer-heide\/"},{"@type":"ListItem","position":2,"name":"Die Natur atmet auf &#8211; Die Corona-Krise als Chance?"}]},{"@type":"WebSite","@id":"https:\/\/www.naturparkmagazin.de\/nossentiner-schwinzer-heide\/#website","url":"https:\/\/www.naturparkmagazin.de\/nossentiner-schwinzer-heide\/","name":"Naturpark Nossentiner\/Schwinzer Heide","description":"","potentialAction":[{"@type":"SearchAction","target":{"@type":"EntryPoint","urlTemplate":"https:\/\/www.naturparkmagazin.de\/nossentiner-schwinzer-heide\/?s={search_term_string}"},"query-input":"required name=search_term_string"}],"inLanguage":"de"},{"@type":"Person","@id":"https:\/\/www.naturparkmagazin.de\/nossentiner-schwinzer-heide\/#\/schema\/person\/6e5721221b13b6f827e696f29ff18008","name":"evelinkartheuser","url":"https:\/\/www.naturparkmagazin.de\/nossentiner-schwinzer-heide\/author\/evelinkartheuser\/"}]}},"_links":{"self":[{"href":"https:\/\/www.naturparkmagazin.de\/nossentiner-schwinzer-heide\/wp-json\/wp\/v2\/posts\/2982"}],"collection":[{"href":"https:\/\/www.naturparkmagazin.de\/nossentiner-schwinzer-heide\/wp-json\/wp\/v2\/posts"}],"about":[{"href":"https:\/\/www.naturparkmagazin.de\/nossentiner-schwinzer-heide\/wp-json\/wp\/v2\/types\/post"}],"author":[{"embeddable":true,"href":"https:\/\/www.naturparkmagazin.de\/nossentiner-schwinzer-heide\/wp-json\/wp\/v2\/users\/84"}],"replies":[{"embeddable":true,"href":"https:\/\/www.naturparkmagazin.de\/nossentiner-schwinzer-heide\/wp-json\/wp\/v2\/comments?post=2982"}],"version-history":[{"count":6,"href":"https:\/\/www.naturparkmagazin.de\/nossentiner-schwinzer-heide\/wp-json\/wp\/v2\/posts\/2982\/revisions"}],"predecessor-version":[{"id":3000,"href":"https:\/\/www.naturparkmagazin.de\/nossentiner-schwinzer-heide\/wp-json\/wp\/v2\/posts\/2982\/revisions\/3000"}],"wp:featuredmedia":[{"embeddable":true,"href":"https:\/\/www.naturparkmagazin.de\/nossentiner-schwinzer-heide\/wp-json\/wp\/v2\/media\/2987"}],"wp:attachment":[{"href":"https:\/\/www.naturparkmagazin.de\/nossentiner-schwinzer-heide\/wp-json\/wp\/v2\/media?parent=2982"}],"wp:term":[{"taxonomy":"category","embeddable":true,"href":"https:\/\/www.naturparkmagazin.de\/nossentiner-schwinzer-heide\/wp-json\/wp\/v2\/categories?post=2982"},{"taxonomy":"post_tag","embeddable":true,"href":"https:\/\/www.naturparkmagazin.de\/nossentiner-schwinzer-heide\/wp-json\/wp\/v2\/tags?post=2982"}],"curies":[{"name":"wp","href":"https:\/\/api.w.org\/{rel}","templated":true}]}}