{"id":300,"date":"2013-12-11T14:10:49","date_gmt":"2013-12-11T13:10:49","guid":{"rendered":"http:\/\/www.naturparkmagazin.de\/nossentiner-schwinzer-heide\/?p=300"},"modified":"2014-04-09T11:59:25","modified_gmt":"2014-04-09T09:59:25","slug":"besuch-im-winterquartier","status":"publish","type":"post","link":"https:\/\/www.naturparkmagazin.de\/nossentiner-schwinzer-heide\/besuch-im-winterquartier\/","title":{"rendered":"Besuch im Winterquartier"},"content":{"rendered":"<p>Die NABU-Regionalgruppe Parchim l\u00e4dt am 02.Januar 2014 alle Interessenten zu einer F\u00fchrung in das Fledermaus-Winterquartier in Kreien ein. Der NABU hat die ehemalige Bunkeranlage vor zwei Jahren \u00fcbernommen und die R\u00e4ume f\u00fcr Flederm\u00e4use optimiert. Wie die Flederm\u00e4use diese Ma\u00dfnahmen akzeptiert und angenommen haben, k\u00f6nnen die Teilnehmer an dieser Exkursion selbst feststellen. Unter der fachkundigen F\u00fchrung von Ralf Koch, stellvertretender Leiter des Naturparks Nossentiner\/Schwinzer Heide und Mitglied im Landesfachausschuss Fledermausschutz beim NABU, treffen sich alle Interessenten um 9 Uhr an der Kirche in Kreien. <a href=\"https:\/\/www.naturparkmagazin.de\/nossentiner-schwinzer-heide\/wp-content\/uploads\/sites\/28\/Bunker-Kreien2-Nossentiner-Schwinzer-Heide-Ralf-Koch-2012.jpg\"><img decoding=\"async\" loading=\"lazy\" class=\"alignnone size-full wp-image-302\" alt=\"Bunker Kreien2, Nossentiner-Schwinzer Heide, Ralf Koch, 2012\" src=\"https:\/\/www.naturparkmagazin.de\/nossentiner-schwinzer-heide\/wp-content\/uploads\/sites\/28\/Bunker-Kreien2-Nossentiner-Schwinzer-Heide-Ralf-Koch-2012.jpg\" width=\"500\" height=\"300\" \/><\/a><\/p>\n","protected":false},"excerpt":{"rendered":"<p>Die NABU-Regionalgruppe Parchim l\u00e4dt am 02.Januar 2014 alle Interessenten zu einer F\u00fchrung in das Fledermaus-Winterquartier in Kreien ein. Unter der fachkundigen F\u00fchrung von Ralf Koch, <\/p>\n","protected":false},"author":28,"featured_media":0,"comment_status":"open","ping_status":"open","sticky":false,"template":"","format":"standard","meta":[],"categories":[11],"tags":[],"yoast_head":"<!-- This site is optimized with the Yoast SEO plugin v19.10 - https:\/\/yoast.com\/wordpress\/plugins\/seo\/ -->\n<title>Besuch im Winterquartier - Naturpark Nossentiner\/Schwinzer Heide<\/title>\n<meta name=\"robots\" content=\"index, follow, max-snippet:-1, max-image-preview:large, max-video-preview:-1\" \/>\n<link rel=\"canonical\" href=\"https:\/\/www.naturparkmagazin.de\/nossentiner-schwinzer-heide\/besuch-im-winterquartier\/\" \/>\n<meta property=\"og:locale\" content=\"de_DE\" \/>\n<meta property=\"og:type\" content=\"article\" \/>\n<meta property=\"og:title\" content=\"Besuch im Winterquartier - Naturpark Nossentiner\/Schwinzer Heide\" \/>\n<meta property=\"og:description\" content=\"Die NABU-Regionalgruppe Parchim l\u00e4dt am 02.Januar 2014 alle Interessenten zu einer F\u00fchrung in das Fledermaus-Winterquartier in Kreien ein. Unter der fachkundigen F\u00fchrung von Ralf Koch,\" \/>\n<meta property=\"og:url\" content=\"https:\/\/www.naturparkmagazin.de\/nossentiner-schwinzer-heide\/besuch-im-winterquartier\/\" \/>\n<meta property=\"og:site_name\" content=\"Naturpark Nossentiner\/Schwinzer Heide\" \/>\n<meta property=\"article:published_time\" content=\"2013-12-11T13:10:49+00:00\" \/>\n<meta property=\"article:modified_time\" content=\"2014-04-09T09:59:25+00:00\" \/>\n<meta property=\"og:image\" content=\"https:\/\/www.naturparkmagazin.de\/nossentiner-schwinzer-heide\/wp-content\/uploads\/sites\/28\/Bunker-Kreien2-Nossentiner-Schwinzer-Heide-Ralf-Koch-2012.jpg\" \/>\n<meta name=\"twitter:label1\" content=\"Verfasst von\" \/>\n\t<meta name=\"twitter:data1\" content=\"\" \/>\n<script type=\"application\/ld+json\" class=\"yoast-schema-graph\">{\"@context\":\"https:\/\/schema.org\",\"@graph\":[{\"@type\":\"WebPage\",\"@id\":\"https:\/\/www.naturparkmagazin.de\/nossentiner-schwinzer-heide\/besuch-im-winterquartier\/\",\"url\":\"https:\/\/www.naturparkmagazin.de\/nossentiner-schwinzer-heide\/besuch-im-winterquartier\/\",\"name\":\"Besuch im Winterquartier - Naturpark Nossentiner\/Schwinzer Heide\",\"isPartOf\":{\"@id\":\"https:\/\/www.naturparkmagazin.de\/nossentiner-schwinzer-heide\/#website\"},\"datePublished\":\"2013-12-11T13:10:49+00:00\",\"dateModified\":\"2014-04-09T09:59:25+00:00\",\"author\":{\"@id\":\"\"},\"breadcrumb\":{\"@id\":\"https:\/\/www.naturparkmagazin.de\/nossentiner-schwinzer-heide\/besuch-im-winterquartier\/#breadcrumb\"},\"inLanguage\":\"de\",\"potentialAction\":[{\"@type\":\"ReadAction\",\"target\":[\"https:\/\/www.naturparkmagazin.de\/nossentiner-schwinzer-heide\/besuch-im-winterquartier\/\"]}]},{\"@type\":\"BreadcrumbList\",\"@id\":\"https:\/\/www.naturparkmagazin.de\/nossentiner-schwinzer-heide\/besuch-im-winterquartier\/#breadcrumb\",\"itemListElement\":[{\"@type\":\"ListItem\",\"position\":1,\"name\":\"Home\",\"item\":\"https:\/\/www.naturparkmagazin.de\/nossentiner-schwinzer-heide\/\"},{\"@type\":\"ListItem\",\"position\":2,\"name\":\"Besuch im Winterquartier\"}]},{\"@type\":\"WebSite\",\"@id\":\"https:\/\/www.naturparkmagazin.de\/nossentiner-schwinzer-heide\/#website\",\"url\":\"https:\/\/www.naturparkmagazin.de\/nossentiner-schwinzer-heide\/\",\"name\":\"Naturpark Nossentiner\/Schwinzer Heide\",\"description\":\"\",\"potentialAction\":[{\"@type\":\"SearchAction\",\"target\":{\"@type\":\"EntryPoint\",\"urlTemplate\":\"https:\/\/www.naturparkmagazin.de\/nossentiner-schwinzer-heide\/?s={search_term_string}\"},\"query-input\":\"required name=search_term_string\"}],\"inLanguage\":\"de\"},{\"@type\":\"Person\",\"@id\":\"\",\"url\":\"https:\/\/www.naturparkmagazin.de\/nossentiner-schwinzer-heide\/author\/\"}]}<\/script>\n<!-- \/ Yoast SEO plugin. -->","yoast_head_json":{"title":"Besuch im Winterquartier - Naturpark Nossentiner\/Schwinzer Heide","robots":{"index":"index","follow":"follow","max-snippet":"max-snippet:-1","max-image-preview":"max-image-preview:large","max-video-preview":"max-video-preview:-1"},"canonical":"https:\/\/www.naturparkmagazin.de\/nossentiner-schwinzer-heide\/besuch-im-winterquartier\/","og_locale":"de_DE","og_type":"article","og_title":"Besuch im Winterquartier - Naturpark Nossentiner\/Schwinzer Heide","og_description":"Die NABU-Regionalgruppe Parchim l\u00e4dt am 02.Januar 2014 alle Interessenten zu einer F\u00fchrung in das Fledermaus-Winterquartier in Kreien ein. Unter der fachkundigen F\u00fchrung von Ralf Koch,","og_url":"https:\/\/www.naturparkmagazin.de\/nossentiner-schwinzer-heide\/besuch-im-winterquartier\/","og_site_name":"Naturpark Nossentiner\/Schwinzer Heide","article_published_time":"2013-12-11T13:10:49+00:00","article_modified_time":"2014-04-09T09:59:25+00:00","og_image":[{"url":"https:\/\/www.naturparkmagazin.de\/nossentiner-schwinzer-heide\/wp-content\/uploads\/sites\/28\/Bunker-Kreien2-Nossentiner-Schwinzer-Heide-Ralf-Koch-2012.jpg"}],"twitter_misc":{"Verfasst von":""},"schema":{"@context":"https:\/\/schema.org","@graph":[{"@type":"WebPage","@id":"https:\/\/www.naturparkmagazin.de\/nossentiner-schwinzer-heide\/besuch-im-winterquartier\/","url":"https:\/\/www.naturparkmagazin.de\/nossentiner-schwinzer-heide\/besuch-im-winterquartier\/","name":"Besuch im Winterquartier - Naturpark Nossentiner\/Schwinzer Heide","isPartOf":{"@id":"https:\/\/www.naturparkmagazin.de\/nossentiner-schwinzer-heide\/#website"},"datePublished":"2013-12-11T13:10:49+00:00","dateModified":"2014-04-09T09:59:25+00:00","author":{"@id":""},"breadcrumb":{"@id":"https:\/\/www.naturparkmagazin.de\/nossentiner-schwinzer-heide\/besuch-im-winterquartier\/#breadcrumb"},"inLanguage":"de","potentialAction":[{"@type":"ReadAction","target":["https:\/\/www.naturparkmagazin.de\/nossentiner-schwinzer-heide\/besuch-im-winterquartier\/"]}]},{"@type":"BreadcrumbList","@id":"https:\/\/www.naturparkmagazin.de\/nossentiner-schwinzer-heide\/besuch-im-winterquartier\/#breadcrumb","itemListElement":[{"@type":"ListItem","position":1,"name":"Home","item":"https:\/\/www.naturparkmagazin.de\/nossentiner-schwinzer-heide\/"},{"@type":"ListItem","position":2,"name":"Besuch im Winterquartier"}]},{"@type":"WebSite","@id":"https:\/\/www.naturparkmagazin.de\/nossentiner-schwinzer-heide\/#website","url":"https:\/\/www.naturparkmagazin.de\/nossentiner-schwinzer-heide\/","name":"Naturpark Nossentiner\/Schwinzer Heide","description":"","potentialAction":[{"@type":"SearchAction","target":{"@type":"EntryPoint","urlTemplate":"https:\/\/www.naturparkmagazin.de\/nossentiner-schwinzer-heide\/?s={search_term_string}"},"query-input":"required name=search_term_string"}],"inLanguage":"de"},{"@type":"Person","@id":"","url":"https:\/\/www.naturparkmagazin.de\/nossentiner-schwinzer-heide\/author\/"}]}},"_links":{"self":[{"href":"https:\/\/www.naturparkmagazin.de\/nossentiner-schwinzer-heide\/wp-json\/wp\/v2\/posts\/300"}],"collection":[{"href":"https:\/\/www.naturparkmagazin.de\/nossentiner-schwinzer-heide\/wp-json\/wp\/v2\/posts"}],"about":[{"href":"https:\/\/www.naturparkmagazin.de\/nossentiner-schwinzer-heide\/wp-json\/wp\/v2\/types\/post"}],"author":[{"embeddable":true,"href":"https:\/\/www.naturparkmagazin.de\/nossentiner-schwinzer-heide\/wp-json\/wp\/v2\/users\/28"}],"replies":[{"embeddable":true,"href":"https:\/\/www.naturparkmagazin.de\/nossentiner-schwinzer-heide\/wp-json\/wp\/v2\/comments?post=300"}],"version-history":[{"count":2,"href":"https:\/\/www.naturparkmagazin.de\/nossentiner-schwinzer-heide\/wp-json\/wp\/v2\/posts\/300\/revisions"}],"predecessor-version":[{"id":333,"href":"https:\/\/www.naturparkmagazin.de\/nossentiner-schwinzer-heide\/wp-json\/wp\/v2\/posts\/300\/revisions\/333"}],"wp:attachment":[{"href":"https:\/\/www.naturparkmagazin.de\/nossentiner-schwinzer-heide\/wp-json\/wp\/v2\/media?parent=300"}],"wp:term":[{"taxonomy":"category","embeddable":true,"href":"https:\/\/www.naturparkmagazin.de\/nossentiner-schwinzer-heide\/wp-json\/wp\/v2\/categories?post=300"},{"taxonomy":"post_tag","embeddable":true,"href":"https:\/\/www.naturparkmagazin.de\/nossentiner-schwinzer-heide\/wp-json\/wp\/v2\/tags?post=300"}],"curies":[{"name":"wp","href":"https:\/\/api.w.org\/{rel}","templated":true}]}}