{"id":3057,"date":"2020-12-10T09:55:13","date_gmt":"2020-12-10T08:55:13","guid":{"rendered":"https:\/\/www.naturparkmagazin.de\/nossentiner-schwinzer-heide\/?p=3057"},"modified":"2021-04-07T16:48:37","modified_gmt":"2021-04-07T14:48:37","slug":"30-jahre-naturpark-nossentinerschwinzer-heide","status":"publish","type":"post","link":"https:\/\/www.naturparkmagazin.de\/nossentiner-schwinzer-heide\/30-jahre-naturpark-nossentinerschwinzer-heide\/","title":{"rendered":"30 Jahre Naturpark Nossentiner\/Schwinzer Heide"},"content":{"rendered":"<pre>Dezember 2020<\/pre>\n<p>Wir hatten das gro\u00dfe Gl\u00fcck, unsere Festwoche zum 30. Jahrestag der Gr\u00fcndung des Naturparks Nossentiner\/Schwinzer Heide noch in einer Corona-armen Zeit, Ende September, durchf\u00fchren zu k\u00f6nnen. Was heute kaum noch vorstellbar ist, hat bei Beachtung der Hygiene-Auflagen und hoher Selbstdisziplin wundersch\u00f6ne Veranstaltungen erm\u00f6glicht. Neben dem Tag des Geotops an der Kalkgrube in Nossentin, mit 80 Besuchern und interessanten F\u00fchrungen mit Andreas Buddenbohm und Evelin Kartheuser, f\u00fcllten die Pilzwanderung, der Kranichvortag und Exkursion mit Dr. Wolfgang Mewes, die Wanderung zur Rotwildbrunft mit Gina K\u00f6nig und die Finissage zur genialen Ausstellung von Makrofotos mit Spinnen und Insekten von Wolf-Peter Polzin die ereignisreiche Woche.<\/p>\n<div id=\"attachment_3166\" style=\"width: 513px\" class=\"wp-caption alignnone\"><a href=\"https:\/\/www.naturparkmagazin.de\/nossentiner-schwinzer-heide\/wp-content\/uploads\/sites\/28\/IMG_20200920_120622.jpg\"><img aria-describedby=\"caption-attachment-3166\" decoding=\"async\" loading=\"lazy\" class=\"wp-image-3166\" src=\"https:\/\/www.naturparkmagazin.de\/nossentiner-schwinzer-heide\/wp-content\/uploads\/sites\/28\/IMG_20200920_120622-620x285.jpg\" alt=\"IMG_20200920_120622\" width=\"503\" height=\"231\" srcset=\"https:\/\/www.naturparkmagazin.de\/nossentiner-schwinzer-heide\/wp-content\/uploads\/sites\/28\/IMG_20200920_120622-620x285.jpg 620w, https:\/\/www.naturparkmagazin.de\/nossentiner-schwinzer-heide\/wp-content\/uploads\/sites\/28\/IMG_20200920_120622-300x138.jpg 300w, https:\/\/www.naturparkmagazin.de\/nossentiner-schwinzer-heide\/wp-content\/uploads\/sites\/28\/IMG_20200920_120622-940x433.jpg 940w, https:\/\/www.naturparkmagazin.de\/nossentiner-schwinzer-heide\/wp-content\/uploads\/sites\/28\/IMG_20200920_120622-670x308.jpg 670w, https:\/\/www.naturparkmagazin.de\/nossentiner-schwinzer-heide\/wp-content\/uploads\/sites\/28\/IMG_20200920_120622-200x92.jpg 200w, https:\/\/www.naturparkmagazin.de\/nossentiner-schwinzer-heide\/wp-content\/uploads\/sites\/28\/IMG_20200920_120622.jpg 1280w\" sizes=\"(max-width: 503px) 100vw, 503px\" \/><\/a><p id=\"caption-attachment-3166\" class=\"wp-caption-text\">Tag des Geotops: Ralf Koch demonstriert den chemischen Prozess der Kalkbrennerei.<\/p><\/div>\n<div id=\"attachment_3167\" style=\"width: 320px\" class=\"wp-caption alignnone\"><a href=\"https:\/\/www.naturparkmagazin.de\/nossentiner-schwinzer-heide\/wp-content\/uploads\/sites\/28\/IMG_20200920_122448.jpg\"><img aria-describedby=\"caption-attachment-3167\" decoding=\"async\" loading=\"lazy\" class=\"wp-image-3167\" src=\"https:\/\/www.naturparkmagazin.de\/nossentiner-schwinzer-heide\/wp-content\/uploads\/sites\/28\/IMG_20200920_122448.jpg\" alt=\"IMG_20200920_122448\" width=\"310\" height=\"674\" srcset=\"https:\/\/www.naturparkmagazin.de\/nossentiner-schwinzer-heide\/wp-content\/uploads\/sites\/28\/IMG_20200920_122448.jpg 471w, https:\/\/www.naturparkmagazin.de\/nossentiner-schwinzer-heide\/wp-content\/uploads\/sites\/28\/IMG_20200920_122448-300x652.jpg 300w, https:\/\/www.naturparkmagazin.de\/nossentiner-schwinzer-heide\/wp-content\/uploads\/sites\/28\/IMG_20200920_122448-200x435.jpg 200w\" sizes=\"(max-width: 310px) 100vw, 310px\" \/><\/a><p id=\"caption-attachment-3167\" class=\"wp-caption-text\">Tag des Geotops: Der Geologe Prof. Herrich (l.) im Fachgespr\u00e4ch.<\/p><\/div>\n<p>Der H\u00f6hepunkt war am Donnerstag, die Festveranstaltung mit 90 geladenen G\u00e4sten von Vertretern der Landkreise, Staatlichen \u00c4mtern f\u00fcr Landwirtschaft und Umwelt, Gemeinden, Forst\u00e4mtern, Vereinen bis hin zu befreundeten Organisationen. Zugegen waren auch Herr Heuwinkel, Pr\u00e4sident des Verbandes Deutscher Naturparke, der Dachorganisation der 104 Naturparke in Deutschland, Frau Hennings, Direktorin des Landesamtes f\u00fcr Umwelt, Naturschutz und Geologie und Olaf Ostermann als Vertreter des Landwirtschaftsministeriums von MV. Nach kurzen Reden und Gru\u00dfworten wurde dann der in m\u00fchevoller Handarbeit durch Andreas Breuer und Mitarbeiter des Naturparks unter fachkundiger Anleitung von Ralf Huber, Zieglermeister aus Gr\u00f6bzig (Sachsen), aufgestapelte Feld-Ziegeleiofen angez\u00fcndet. Das Gel\u00e4nde der Naturparkverwaltung war einst Standort einer Ziegelei und wir wollen damit eine Tradition, einer auch den Naturpark pr\u00e4gende Wirtschaftsweise, wiederbeleben. Neben dem Ziegelbrand gab es den \u201eMarkt der M\u00f6glichkeiten\u201c, wo rund um den Karower Meiler Partner des Naturparks kleine St\u00e4nde aufgebaut hatten und \u00fcber ihre Aktivit\u00e4ten in Zusammenhang mit dem Naturpark Auskunft gaben.<\/p>\n<div id=\"attachment_3157\" style=\"width: 630px\" class=\"wp-caption alignnone\"><a href=\"https:\/\/www.naturparkmagazin.de\/nossentiner-schwinzer-heide\/wp-content\/uploads\/sites\/28\/Liesen_Naturparkschule14s.jpg\"><img aria-describedby=\"caption-attachment-3157\" decoding=\"async\" loading=\"lazy\" class=\"wp-image-3157 size-medium\" src=\"https:\/\/www.naturparkmagazin.de\/nossentiner-schwinzer-heide\/wp-content\/uploads\/sites\/28\/Liesen_Naturparkschule14s-620x576.jpg\" alt=\"Liesen_Naturparkschule14s\" width=\"620\" height=\"576\" srcset=\"https:\/\/www.naturparkmagazin.de\/nossentiner-schwinzer-heide\/wp-content\/uploads\/sites\/28\/Liesen_Naturparkschule14s-620x576.jpg 620w, https:\/\/www.naturparkmagazin.de\/nossentiner-schwinzer-heide\/wp-content\/uploads\/sites\/28\/Liesen_Naturparkschule14s-300x279.jpg 300w, https:\/\/www.naturparkmagazin.de\/nossentiner-schwinzer-heide\/wp-content\/uploads\/sites\/28\/Liesen_Naturparkschule14s-940x873.jpg 940w, https:\/\/www.naturparkmagazin.de\/nossentiner-schwinzer-heide\/wp-content\/uploads\/sites\/28\/Liesen_Naturparkschule14s-670x623.jpg 670w, https:\/\/www.naturparkmagazin.de\/nossentiner-schwinzer-heide\/wp-content\/uploads\/sites\/28\/Liesen_Naturparkschule14s-200x186.jpg 200w, https:\/\/www.naturparkmagazin.de\/nossentiner-schwinzer-heide\/wp-content\/uploads\/sites\/28\/Liesen_Naturparkschule14s.jpg 1102w\" sizes=\"(max-width: 620px) 100vw, 620px\" \/><\/a><p id=\"caption-attachment-3157\" class=\"wp-caption-text\">Auch die beiden Naturparkschulen hatten Delegationen geschickt und gratulierten uns zum Geburtstag.<\/p><\/div>\n<p>Am Nachmittag rundeten zwei gef\u00fchrte Exkursionen, gemeinsames Grillen, Gespr\u00e4che und am Abend noch der Fang von nachtaktiven Insekten und Flederm\u00e4use sowie der Blick durch verschiedene Teleskope unserer Hobbyastronomen den ausgef\u00fcllten Tag ab. Auch am Samstag, beim traditionellen Herbstfest um den Karower Meiler, mit vielen St\u00e4nden und dem Feldbrand, hatten wir sowohl mit dem Wetter als auch mit der Stimmung auf dem Platz richtig Gl\u00fcck. Sehr diszipliniert und auf Abstand achtend, freuten sich die G\u00e4ste \u00fcber die seltene M\u00f6glichkeit in diesem Jahr, eine Veranstaltung dieser Art zu erleben.<\/p>\n<p>Was bleibt ist sich zu bedanken, bei den vielen aktiven Helfern, G\u00e4sten und Freunden, die mithalfen, unter den schwierigen Bedingungen, eine w\u00fcrdevolle Festwoche anl\u00e4sslich des 30. Jahrestages der Gr\u00fcndung des Naturparks auf die Beine zu stellen.<\/p>\n<p>Ralf Koch<\/p>\n<div id=\"attachment_3161\" style=\"width: 630px\" class=\"wp-caption alignnone\"><a href=\"https:\/\/www.naturparkmagazin.de\/nossentiner-schwinzer-heide\/wp-content\/uploads\/sites\/28\/IMG_20200924_113544.jpg\"><img aria-describedby=\"caption-attachment-3161\" decoding=\"async\" loading=\"lazy\" class=\"wp-image-3161 size-medium\" src=\"https:\/\/www.naturparkmagazin.de\/nossentiner-schwinzer-heide\/wp-content\/uploads\/sites\/28\/IMG_20200924_113544-620x465.jpg\" alt=\"IMG_20200924_113544\" width=\"620\" height=\"465\" srcset=\"https:\/\/www.naturparkmagazin.de\/nossentiner-schwinzer-heide\/wp-content\/uploads\/sites\/28\/IMG_20200924_113544-620x465.jpg 620w, https:\/\/www.naturparkmagazin.de\/nossentiner-schwinzer-heide\/wp-content\/uploads\/sites\/28\/IMG_20200924_113544-300x225.jpg 300w, https:\/\/www.naturparkmagazin.de\/nossentiner-schwinzer-heide\/wp-content\/uploads\/sites\/28\/IMG_20200924_113544-940x705.jpg 940w, https:\/\/www.naturparkmagazin.de\/nossentiner-schwinzer-heide\/wp-content\/uploads\/sites\/28\/IMG_20200924_113544-580x435.jpg 580w, https:\/\/www.naturparkmagazin.de\/nossentiner-schwinzer-heide\/wp-content\/uploads\/sites\/28\/IMG_20200924_113544-420x315.jpg 420w, https:\/\/www.naturparkmagazin.de\/nossentiner-schwinzer-heide\/wp-content\/uploads\/sites\/28\/IMG_20200924_113544-180x135.jpg 180w, https:\/\/www.naturparkmagazin.de\/nossentiner-schwinzer-heide\/wp-content\/uploads\/sites\/28\/IMG_20200924_113544-95x71.jpg 95w, https:\/\/www.naturparkmagazin.de\/nossentiner-schwinzer-heide\/wp-content\/uploads\/sites\/28\/IMG_20200924_113544-670x503.jpg 670w, https:\/\/www.naturparkmagazin.de\/nossentiner-schwinzer-heide\/wp-content\/uploads\/sites\/28\/IMG_20200924_113544-200x150.jpg 200w, https:\/\/www.naturparkmagazin.de\/nossentiner-schwinzer-heide\/wp-content\/uploads\/sites\/28\/IMG_20200924_113544.jpg 1280w\" sizes=\"(max-width: 620px) 100vw, 620px\" \/><\/a><p id=\"caption-attachment-3161\" class=\"wp-caption-text\">Ralf Huber, Zieglermeister aus Gr\u00f6bzig, er\u00f6ffnet den Ziegelbrand.<\/p><\/div>\n<div id=\"attachment_3160\" style=\"width: 630px\" class=\"wp-caption alignnone\"><a href=\"https:\/\/www.naturparkmagazin.de\/nossentiner-schwinzer-heide\/wp-content\/uploads\/sites\/28\/IMG_20200923_170851.jpg\"><img aria-describedby=\"caption-attachment-3160\" decoding=\"async\" loading=\"lazy\" class=\"wp-image-3160 size-medium\" src=\"https:\/\/www.naturparkmagazin.de\/nossentiner-schwinzer-heide\/wp-content\/uploads\/sites\/28\/IMG_20200923_170851-620x465.jpg\" alt=\"IMG_20200923_170851\" width=\"620\" height=\"465\" srcset=\"https:\/\/www.naturparkmagazin.de\/nossentiner-schwinzer-heide\/wp-content\/uploads\/sites\/28\/IMG_20200923_170851-620x465.jpg 620w, https:\/\/www.naturparkmagazin.de\/nossentiner-schwinzer-heide\/wp-content\/uploads\/sites\/28\/IMG_20200923_170851-300x225.jpg 300w, https:\/\/www.naturparkmagazin.de\/nossentiner-schwinzer-heide\/wp-content\/uploads\/sites\/28\/IMG_20200923_170851-940x705.jpg 940w, https:\/\/www.naturparkmagazin.de\/nossentiner-schwinzer-heide\/wp-content\/uploads\/sites\/28\/IMG_20200923_170851-580x435.jpg 580w, https:\/\/www.naturparkmagazin.de\/nossentiner-schwinzer-heide\/wp-content\/uploads\/sites\/28\/IMG_20200923_170851-420x315.jpg 420w, https:\/\/www.naturparkmagazin.de\/nossentiner-schwinzer-heide\/wp-content\/uploads\/sites\/28\/IMG_20200923_170851-180x135.jpg 180w, https:\/\/www.naturparkmagazin.de\/nossentiner-schwinzer-heide\/wp-content\/uploads\/sites\/28\/IMG_20200923_170851-95x71.jpg 95w, https:\/\/www.naturparkmagazin.de\/nossentiner-schwinzer-heide\/wp-content\/uploads\/sites\/28\/IMG_20200923_170851-670x503.jpg 670w, https:\/\/www.naturparkmagazin.de\/nossentiner-schwinzer-heide\/wp-content\/uploads\/sites\/28\/IMG_20200923_170851-200x150.jpg 200w, https:\/\/www.naturparkmagazin.de\/nossentiner-schwinzer-heide\/wp-content\/uploads\/sites\/28\/IMG_20200923_170851.jpg 1280w\" sizes=\"(max-width: 620px) 100vw, 620px\" \/><\/a><p id=\"caption-attachment-3160\" class=\"wp-caption-text\">Das Aufstapeln des Meilers dauerte mehrere Tage.<\/p><\/div>\n<div id=\"attachment_3162\" style=\"width: 630px\" class=\"wp-caption alignnone\"><a href=\"https:\/\/www.naturparkmagazin.de\/nossentiner-schwinzer-heide\/wp-content\/uploads\/sites\/28\/IMG_20200924_113853.jpg\"><img aria-describedby=\"caption-attachment-3162\" decoding=\"async\" loading=\"lazy\" class=\"wp-image-3162 size-medium\" src=\"https:\/\/www.naturparkmagazin.de\/nossentiner-schwinzer-heide\/wp-content\/uploads\/sites\/28\/IMG_20200924_113853-620x465.jpg\" alt=\"IMG_20200924_113853\" width=\"620\" height=\"465\" srcset=\"https:\/\/www.naturparkmagazin.de\/nossentiner-schwinzer-heide\/wp-content\/uploads\/sites\/28\/IMG_20200924_113853-620x465.jpg 620w, https:\/\/www.naturparkmagazin.de\/nossentiner-schwinzer-heide\/wp-content\/uploads\/sites\/28\/IMG_20200924_113853-300x225.jpg 300w, https:\/\/www.naturparkmagazin.de\/nossentiner-schwinzer-heide\/wp-content\/uploads\/sites\/28\/IMG_20200924_113853-940x705.jpg 940w, https:\/\/www.naturparkmagazin.de\/nossentiner-schwinzer-heide\/wp-content\/uploads\/sites\/28\/IMG_20200924_113853-580x435.jpg 580w, https:\/\/www.naturparkmagazin.de\/nossentiner-schwinzer-heide\/wp-content\/uploads\/sites\/28\/IMG_20200924_113853-420x315.jpg 420w, https:\/\/www.naturparkmagazin.de\/nossentiner-schwinzer-heide\/wp-content\/uploads\/sites\/28\/IMG_20200924_113853-180x135.jpg 180w, https:\/\/www.naturparkmagazin.de\/nossentiner-schwinzer-heide\/wp-content\/uploads\/sites\/28\/IMG_20200924_113853-95x71.jpg 95w, https:\/\/www.naturparkmagazin.de\/nossentiner-schwinzer-heide\/wp-content\/uploads\/sites\/28\/IMG_20200924_113853-670x503.jpg 670w, https:\/\/www.naturparkmagazin.de\/nossentiner-schwinzer-heide\/wp-content\/uploads\/sites\/28\/IMG_20200924_113853-200x150.jpg 200w, https:\/\/www.naturparkmagazin.de\/nossentiner-schwinzer-heide\/wp-content\/uploads\/sites\/28\/IMG_20200924_113853.jpg 1280w\" sizes=\"(max-width: 620px) 100vw, 620px\" \/><\/a><p id=\"caption-attachment-3162\" class=\"wp-caption-text\">Die Direktorin des LUNG Frau Hennings, Frau Dr. Culmsee, Kerstin Breuer und Dr. Sebastian Lorenz vom F\u00f6rderverein des Naturparks stecken den Ziegel-Feldbrand an.<\/p><\/div>\n<div id=\"attachment_3119\" style=\"width: 630px\" class=\"wp-caption alignnone\"><a href=\"https:\/\/www.naturparkmagazin.de\/nossentiner-schwinzer-heide\/wp-content\/uploads\/sites\/28\/60.jpg\"><img aria-describedby=\"caption-attachment-3119\" decoding=\"async\" loading=\"lazy\" class=\"wp-image-3119 size-medium\" src=\"https:\/\/www.naturparkmagazin.de\/nossentiner-schwinzer-heide\/wp-content\/uploads\/sites\/28\/60-620x827.jpg\" alt=\"$_60\" width=\"620\" height=\"827\" srcset=\"https:\/\/www.naturparkmagazin.de\/nossentiner-schwinzer-heide\/wp-content\/uploads\/sites\/28\/60-620x827.jpg 620w, https:\/\/www.naturparkmagazin.de\/nossentiner-schwinzer-heide\/wp-content\/uploads\/sites\/28\/60-300x400.jpg 300w, https:\/\/www.naturparkmagazin.de\/nossentiner-schwinzer-heide\/wp-content\/uploads\/sites\/28\/60-940x1253.jpg 940w, https:\/\/www.naturparkmagazin.de\/nossentiner-schwinzer-heide\/wp-content\/uploads\/sites\/28\/60-500x667.jpg 500w, https:\/\/www.naturparkmagazin.de\/nossentiner-schwinzer-heide\/wp-content\/uploads\/sites\/28\/60-420x560.jpg 420w, https:\/\/www.naturparkmagazin.de\/nossentiner-schwinzer-heide\/wp-content\/uploads\/sites\/28\/60-135x180.jpg 135w, https:\/\/www.naturparkmagazin.de\/nossentiner-schwinzer-heide\/wp-content\/uploads\/sites\/28\/60-53x71.jpg 53w, https:\/\/www.naturparkmagazin.de\/nossentiner-schwinzer-heide\/wp-content\/uploads\/sites\/28\/60-670x893.jpg 670w, https:\/\/www.naturparkmagazin.de\/nossentiner-schwinzer-heide\/wp-content\/uploads\/sites\/28\/60-200x267.jpg 200w, https:\/\/www.naturparkmagazin.de\/nossentiner-schwinzer-heide\/wp-content\/uploads\/sites\/28\/60.jpg 1200w\" sizes=\"(max-width: 620px) 100vw, 620px\" \/><\/a><p id=\"caption-attachment-3119\" class=\"wp-caption-text\">Der Ziegel-Feldbrand am Karower Meiler.<\/p><\/div>\n","protected":false},"excerpt":{"rendered":"<p>Wir hatten das gro\u00dfe Gl\u00fcck, unsere Festwoche zum 30. Jahrestag der Gr\u00fcndung des Naturparks Nossentiner\/Schwinzer Heide noch in einer Corona-armen Zeit, Ende September, durchf\u00fchren zu k\u00f6nnen.<\/p>\n","protected":false},"author":84,"featured_media":3157,"comment_status":"open","ping_status":"open","sticky":false,"template":"","format":"standard","meta":[],"categories":[7],"tags":[],"yoast_head":"<!-- This site is optimized with the Yoast SEO plugin v19.10 - https:\/\/yoast.com\/wordpress\/plugins\/seo\/ -->\n<title>30 Jahre Naturpark Nossentiner\/Schwinzer Heide - Naturpark Nossentiner\/Schwinzer Heide<\/title>\n<meta name=\"robots\" content=\"index, follow, max-snippet:-1, max-image-preview:large, max-video-preview:-1\" \/>\n<link rel=\"canonical\" href=\"https:\/\/www.naturparkmagazin.de\/nossentiner-schwinzer-heide\/30-jahre-naturpark-nossentinerschwinzer-heide\/\" \/>\n<meta property=\"og:locale\" content=\"de_DE\" \/>\n<meta property=\"og:type\" content=\"article\" \/>\n<meta property=\"og:title\" content=\"30 Jahre Naturpark Nossentiner\/Schwinzer Heide - Naturpark Nossentiner\/Schwinzer Heide\" \/>\n<meta property=\"og:description\" content=\"Wir hatten das gro\u00dfe Gl\u00fcck, unsere Festwoche zum 30. Jahrestag der Gr\u00fcndung des Naturparks Nossentiner\/Schwinzer Heide noch in einer Corona-armen Zeit, Ende September, durchf\u00fchren zu k\u00f6nnen.\" \/>\n<meta property=\"og:url\" content=\"https:\/\/www.naturparkmagazin.de\/nossentiner-schwinzer-heide\/30-jahre-naturpark-nossentinerschwinzer-heide\/\" \/>\n<meta property=\"og:site_name\" content=\"Naturpark Nossentiner\/Schwinzer Heide\" \/>\n<meta property=\"article:published_time\" content=\"2020-12-10T08:55:13+00:00\" \/>\n<meta property=\"article:modified_time\" content=\"2021-04-07T14:48:37+00:00\" \/>\n<meta property=\"og:image\" content=\"https:\/\/www.naturparkmagazin.de\/nossentiner-schwinzer-heide\/wp-content\/uploads\/sites\/28\/Liesen_Naturparkschule14s.jpg\" \/>\n\t<meta property=\"og:image:width\" content=\"1102\" \/>\n\t<meta property=\"og:image:height\" content=\"1024\" \/>\n\t<meta property=\"og:image:type\" content=\"image\/jpeg\" \/>\n<meta name=\"author\" content=\"evelinkartheuser\" \/>\n<meta name=\"twitter:label1\" content=\"Verfasst von\" \/>\n\t<meta name=\"twitter:data1\" content=\"evelinkartheuser\" \/>\n\t<meta name=\"twitter:label2\" content=\"Gesch\u00e4tzte Lesezeit\" \/>\n\t<meta name=\"twitter:data2\" content=\"3\u00a0Minuten\" \/>\n<script type=\"application\/ld+json\" class=\"yoast-schema-graph\">{\"@context\":\"https:\/\/schema.org\",\"@graph\":[{\"@type\":\"WebPage\",\"@id\":\"https:\/\/www.naturparkmagazin.de\/nossentiner-schwinzer-heide\/30-jahre-naturpark-nossentinerschwinzer-heide\/\",\"url\":\"https:\/\/www.naturparkmagazin.de\/nossentiner-schwinzer-heide\/30-jahre-naturpark-nossentinerschwinzer-heide\/\",\"name\":\"30 Jahre Naturpark Nossentiner\/Schwinzer Heide - Naturpark Nossentiner\/Schwinzer Heide\",\"isPartOf\":{\"@id\":\"https:\/\/www.naturparkmagazin.de\/nossentiner-schwinzer-heide\/#website\"},\"datePublished\":\"2020-12-10T08:55:13+00:00\",\"dateModified\":\"2021-04-07T14:48:37+00:00\",\"author\":{\"@id\":\"https:\/\/www.naturparkmagazin.de\/nossentiner-schwinzer-heide\/#\/schema\/person\/6e5721221b13b6f827e696f29ff18008\"},\"breadcrumb\":{\"@id\":\"https:\/\/www.naturparkmagazin.de\/nossentiner-schwinzer-heide\/30-jahre-naturpark-nossentinerschwinzer-heide\/#breadcrumb\"},\"inLanguage\":\"de\",\"potentialAction\":[{\"@type\":\"ReadAction\",\"target\":[\"https:\/\/www.naturparkmagazin.de\/nossentiner-schwinzer-heide\/30-jahre-naturpark-nossentinerschwinzer-heide\/\"]}]},{\"@type\":\"BreadcrumbList\",\"@id\":\"https:\/\/www.naturparkmagazin.de\/nossentiner-schwinzer-heide\/30-jahre-naturpark-nossentinerschwinzer-heide\/#breadcrumb\",\"itemListElement\":[{\"@type\":\"ListItem\",\"position\":1,\"name\":\"Home\",\"item\":\"https:\/\/www.naturparkmagazin.de\/nossentiner-schwinzer-heide\/\"},{\"@type\":\"ListItem\",\"position\":2,\"name\":\"30 Jahre Naturpark Nossentiner\/Schwinzer Heide\"}]},{\"@type\":\"WebSite\",\"@id\":\"https:\/\/www.naturparkmagazin.de\/nossentiner-schwinzer-heide\/#website\",\"url\":\"https:\/\/www.naturparkmagazin.de\/nossentiner-schwinzer-heide\/\",\"name\":\"Naturpark Nossentiner\/Schwinzer Heide\",\"description\":\"\",\"potentialAction\":[{\"@type\":\"SearchAction\",\"target\":{\"@type\":\"EntryPoint\",\"urlTemplate\":\"https:\/\/www.naturparkmagazin.de\/nossentiner-schwinzer-heide\/?s={search_term_string}\"},\"query-input\":\"required name=search_term_string\"}],\"inLanguage\":\"de\"},{\"@type\":\"Person\",\"@id\":\"https:\/\/www.naturparkmagazin.de\/nossentiner-schwinzer-heide\/#\/schema\/person\/6e5721221b13b6f827e696f29ff18008\",\"name\":\"evelinkartheuser\",\"url\":\"https:\/\/www.naturparkmagazin.de\/nossentiner-schwinzer-heide\/author\/evelinkartheuser\/\"}]}<\/script>\n<!-- \/ Yoast SEO plugin. -->","yoast_head_json":{"title":"30 Jahre Naturpark Nossentiner\/Schwinzer Heide - Naturpark Nossentiner\/Schwinzer Heide","robots":{"index":"index","follow":"follow","max-snippet":"max-snippet:-1","max-image-preview":"max-image-preview:large","max-video-preview":"max-video-preview:-1"},"canonical":"https:\/\/www.naturparkmagazin.de\/nossentiner-schwinzer-heide\/30-jahre-naturpark-nossentinerschwinzer-heide\/","og_locale":"de_DE","og_type":"article","og_title":"30 Jahre Naturpark Nossentiner\/Schwinzer Heide - Naturpark Nossentiner\/Schwinzer Heide","og_description":"Wir hatten das gro\u00dfe Gl\u00fcck, unsere Festwoche zum 30. Jahrestag der Gr\u00fcndung des Naturparks Nossentiner\/Schwinzer Heide noch in einer Corona-armen Zeit, Ende September, durchf\u00fchren zu k\u00f6nnen.","og_url":"https:\/\/www.naturparkmagazin.de\/nossentiner-schwinzer-heide\/30-jahre-naturpark-nossentinerschwinzer-heide\/","og_site_name":"Naturpark Nossentiner\/Schwinzer Heide","article_published_time":"2020-12-10T08:55:13+00:00","article_modified_time":"2021-04-07T14:48:37+00:00","og_image":[{"width":1102,"height":1024,"url":"https:\/\/www.naturparkmagazin.de\/nossentiner-schwinzer-heide\/wp-content\/uploads\/sites\/28\/Liesen_Naturparkschule14s.jpg","type":"image\/jpeg"}],"author":"evelinkartheuser","twitter_misc":{"Verfasst von":"evelinkartheuser","Gesch\u00e4tzte Lesezeit":"3\u00a0Minuten"},"schema":{"@context":"https:\/\/schema.org","@graph":[{"@type":"WebPage","@id":"https:\/\/www.naturparkmagazin.de\/nossentiner-schwinzer-heide\/30-jahre-naturpark-nossentinerschwinzer-heide\/","url":"https:\/\/www.naturparkmagazin.de\/nossentiner-schwinzer-heide\/30-jahre-naturpark-nossentinerschwinzer-heide\/","name":"30 Jahre Naturpark Nossentiner\/Schwinzer Heide - Naturpark Nossentiner\/Schwinzer Heide","isPartOf":{"@id":"https:\/\/www.naturparkmagazin.de\/nossentiner-schwinzer-heide\/#website"},"datePublished":"2020-12-10T08:55:13+00:00","dateModified":"2021-04-07T14:48:37+00:00","author":{"@id":"https:\/\/www.naturparkmagazin.de\/nossentiner-schwinzer-heide\/#\/schema\/person\/6e5721221b13b6f827e696f29ff18008"},"breadcrumb":{"@id":"https:\/\/www.naturparkmagazin.de\/nossentiner-schwinzer-heide\/30-jahre-naturpark-nossentinerschwinzer-heide\/#breadcrumb"},"inLanguage":"de","potentialAction":[{"@type":"ReadAction","target":["https:\/\/www.naturparkmagazin.de\/nossentiner-schwinzer-heide\/30-jahre-naturpark-nossentinerschwinzer-heide\/"]}]},{"@type":"BreadcrumbList","@id":"https:\/\/www.naturparkmagazin.de\/nossentiner-schwinzer-heide\/30-jahre-naturpark-nossentinerschwinzer-heide\/#breadcrumb","itemListElement":[{"@type":"ListItem","position":1,"name":"Home","item":"https:\/\/www.naturparkmagazin.de\/nossentiner-schwinzer-heide\/"},{"@type":"ListItem","position":2,"name":"30 Jahre Naturpark Nossentiner\/Schwinzer Heide"}]},{"@type":"WebSite","@id":"https:\/\/www.naturparkmagazin.de\/nossentiner-schwinzer-heide\/#website","url":"https:\/\/www.naturparkmagazin.de\/nossentiner-schwinzer-heide\/","name":"Naturpark Nossentiner\/Schwinzer Heide","description":"","potentialAction":[{"@type":"SearchAction","target":{"@type":"EntryPoint","urlTemplate":"https:\/\/www.naturparkmagazin.de\/nossentiner-schwinzer-heide\/?s={search_term_string}"},"query-input":"required name=search_term_string"}],"inLanguage":"de"},{"@type":"Person","@id":"https:\/\/www.naturparkmagazin.de\/nossentiner-schwinzer-heide\/#\/schema\/person\/6e5721221b13b6f827e696f29ff18008","name":"evelinkartheuser","url":"https:\/\/www.naturparkmagazin.de\/nossentiner-schwinzer-heide\/author\/evelinkartheuser\/"}]}},"_links":{"self":[{"href":"https:\/\/www.naturparkmagazin.de\/nossentiner-schwinzer-heide\/wp-json\/wp\/v2\/posts\/3057"}],"collection":[{"href":"https:\/\/www.naturparkmagazin.de\/nossentiner-schwinzer-heide\/wp-json\/wp\/v2\/posts"}],"about":[{"href":"https:\/\/www.naturparkmagazin.de\/nossentiner-schwinzer-heide\/wp-json\/wp\/v2\/types\/post"}],"author":[{"embeddable":true,"href":"https:\/\/www.naturparkmagazin.de\/nossentiner-schwinzer-heide\/wp-json\/wp\/v2\/users\/84"}],"replies":[{"embeddable":true,"href":"https:\/\/www.naturparkmagazin.de\/nossentiner-schwinzer-heide\/wp-json\/wp\/v2\/comments?post=3057"}],"version-history":[{"count":9,"href":"https:\/\/www.naturparkmagazin.de\/nossentiner-schwinzer-heide\/wp-json\/wp\/v2\/posts\/3057\/revisions"}],"predecessor-version":[{"id":3362,"href":"https:\/\/www.naturparkmagazin.de\/nossentiner-schwinzer-heide\/wp-json\/wp\/v2\/posts\/3057\/revisions\/3362"}],"wp:featuredmedia":[{"embeddable":true,"href":"https:\/\/www.naturparkmagazin.de\/nossentiner-schwinzer-heide\/wp-json\/wp\/v2\/media\/3157"}],"wp:attachment":[{"href":"https:\/\/www.naturparkmagazin.de\/nossentiner-schwinzer-heide\/wp-json\/wp\/v2\/media?parent=3057"}],"wp:term":[{"taxonomy":"category","embeddable":true,"href":"https:\/\/www.naturparkmagazin.de\/nossentiner-schwinzer-heide\/wp-json\/wp\/v2\/categories?post=3057"},{"taxonomy":"post_tag","embeddable":true,"href":"https:\/\/www.naturparkmagazin.de\/nossentiner-schwinzer-heide\/wp-json\/wp\/v2\/tags?post=3057"}],"curies":[{"name":"wp","href":"https:\/\/api.w.org\/{rel}","templated":true}]}}