{"id":3060,"date":"2020-09-16T23:16:22","date_gmt":"2020-09-16T21:16:22","guid":{"rendered":"https:\/\/www.naturparkmagazin.de\/nossentiner-schwinzer-heide\/?p=3060"},"modified":"2020-09-29T12:38:37","modified_gmt":"2020-09-29T10:38:37","slug":"roebeler-unternehmen-setzt-junge-riesen-in-die-waelder","status":"publish","type":"post","link":"https:\/\/www.naturparkmagazin.de\/nossentiner-schwinzer-heide\/roebeler-unternehmen-setzt-junge-riesen-in-die-waelder\/","title":{"rendered":"R\u00f6beler Unternehmen setzt \u201cJunge Riesen\u201d in die W\u00e4lder"},"content":{"rendered":"<h2>Der Naturpark Nossentiner\/Schwinzer Heide hat k\u00fcnftig einen starken Partner<\/h2>\n<p>&nbsp;<\/p>\n<h4>Ein Beitrag von <a href=\"http:\/\/www.wir-sind-mueritzer.de\">Wir sind M\u00fcritzer<\/a><\/h4>\n<p><span class=\"metainfo\">29. September 2020<\/span><\/p>\n<p><img decoding=\"async\" loading=\"lazy\" class=\"wp-image-172844 jetpack-lazy-image--handled alignnone\" src=\"https:\/\/i2.wp.com\/www.wir-sind-mueritzer.de\/wp-content\/uploads\/2020\/09\/Riesen1neu-1.jpeg?resize=468%2C274&amp;ssl=1\" alt=\"\" width=\"468\" height=\"274\" \/><\/p>\n<p>\u201cWir machen etwas f\u00fcr die Umwelt, f\u00fcr unsere Natur\u201d. Dieser Satz ist schnell mal gesagt \u2013 aber leider hier und da auch genauso schnell wieder vergessen. Im R\u00f6beler Unternehmen optimal media GmbH soll es nicht beim Reden bleiben. Bei der Herstellung der vielen unterschiedlichen Produkte des Unternehmens entstehen zwangsl\u00e4ufig auch CO2-Emissionen. Und die m\u00f6chte man in R\u00f6bel zumindest zum Teil kompensieren. Und zwar vor Ort in unserer Region. So startete optimal \u2013 im Volksmund ist es immer noch das CD-Werk \u2013 jetzt das Projekt \u201cJunge Riesen f\u00fcr die n\u00e4chsten 100 Jahre\u201d. Dahinter steckt unter anderem die Umwandlung von monotonen Kieferw\u00e4ldern in Mischw\u00e4lder im Naturpark Nossentiner\/Schwinzer Heide.<\/p>\n<p><span id=\"more-172843\"><\/span>\u201cF\u00fcr unsere Generation ist es eine gro\u00dfe Aufgabe, die Natur zu erhalten. Man muss nur mal durch verschiedene Regionen in Deutschland fahren, um den Zustand der W\u00e4lder zu sehen. Wir als Unternehmen m\u00f6chten hier vor der Haust\u00fcr mit daf\u00fcr sorgen, dass Natur und Umwelt erhalten bleiben oder sich auch erholen\u201d, begr\u00fcndeten die optimal-Gesch\u00e4ftsf\u00fchrer J\u00f6rg Hahn und Dr. Jonas Haentjes.<\/p>\n<p>Und so funktioniert das Ganze: Die Kunden des R\u00f6beler Unternehmens k\u00f6nnen sich f\u00fcr das regionale Naturschutzprojekt entscheiden, in dem sie 2 Prozent des Auftragswertes f\u00fcr Druck- sowie 5 Prozent f\u00fcr Datentr\u00e4gerprodukte zahlen. Diesen \u201cMehrpreis\u201d gibt optimal an den 365 Quadratkilometer gro\u00dfen Naturpark Nossentiner\/Schwinzer Heide f\u00fcr die Aufforstung zum klimastabilen Laubmischwald.<\/p>\n<p><a href=\"https:\/\/www.naturparkmagazin.de\/nossentiner-schwinzer-heide\/wp-content\/uploads\/sites\/28\/Waldgeister-C-VDN-Marcus-M\u00fcller.jpg\"><img decoding=\"async\" loading=\"lazy\" class=\"alignnone size-medium wp-image-2997\" src=\"https:\/\/www.naturparkmagazin.de\/nossentiner-schwinzer-heide\/wp-content\/uploads\/sites\/28\/Waldgeister-C-VDN-Marcus-M\u00fcller-620x231.jpg\" alt=\"Waldgeister C VDN Marcus M\u00fcller\" width=\"620\" height=\"231\" srcset=\"https:\/\/www.naturparkmagazin.de\/nossentiner-schwinzer-heide\/wp-content\/uploads\/sites\/28\/Waldgeister-C-VDN-Marcus-M\u00fcller-620x231.jpg 620w, https:\/\/www.naturparkmagazin.de\/nossentiner-schwinzer-heide\/wp-content\/uploads\/sites\/28\/Waldgeister-C-VDN-Marcus-M\u00fcller-300x112.jpg 300w, https:\/\/www.naturparkmagazin.de\/nossentiner-schwinzer-heide\/wp-content\/uploads\/sites\/28\/Waldgeister-C-VDN-Marcus-M\u00fcller.jpg 670w, https:\/\/www.naturparkmagazin.de\/nossentiner-schwinzer-heide\/wp-content\/uploads\/sites\/28\/Waldgeister-C-VDN-Marcus-M\u00fcller-200x75.jpg 200w\" sizes=\"(max-width: 620px) 100vw, 620px\" \/><\/a><\/p>\n<blockquote>\n<h5>F\u00fcr einen anderen, starken Wald<\/h5>\n<\/blockquote>\n<p>Aber warum der Slogan \u201cJunge Riesen f\u00fcr die n\u00e4chsten Jahre\u201d? Ganz einfach: Im Naturpark gibt es derzeit etwa 440 \u201cAlte Riesen\u201d \u2013 sehr alte Naturdenkm\u00e4ler wie eine Buche mit einem Stammumfang von 9,70 Metern. Die Mitarbeiter und F\u00f6rderer des Naturparkes ziehen aus diesen \u201cAlten Riesen\u201d Setzlinge, Nachkommen also.\n\u201cDiese \u2018Alten Riesen\u2019 zeigen doch sehr eindrucksvoll, dass sie stabil sind und mit den ver\u00e4nderten Klimaverh\u00e4ltnissen gut klar kommen. Deshalb gehen wir davon aus, dass die \u2018Jungen Riesen\u2019, genauso robust werden\u201d, erkl\u00e4rte Ralf Koch als Leiter des Naturparkes. Mit dem Geld, dass die Kunden von optimal im Laufe der Jahre als Ausgleich f\u00fcr die CO2-Emmissionen zahlen, sollen nach und nach hunderte neue B\u00e4ume gepflanzt werden. F\u00fcr einen neuen, anderen, starken Wald. Die ersten 100 B\u00e4ume spendiert das R\u00f6beler Unternehmen selbst.<\/p>\n<p>Und auch das erste Produkt dieses Projektes ist gestern gleich vorgestellt worden. \u201cDas gro\u00dfe Buch f\u00fcr Weltretter\u201d aus dem Verlag Edel Kids Book. Zu erkennen sind die Produkte, die f\u00fcr \u201cJunge Riesen\u201d im Naturpark sorgen, an einem eigens entwickelten Logo, so dass auch die Kunden von optimal damit werben k\u00f6nnen, etwas Gutes, etwas f\u00fcr Natur und Umwelt zu machen und eben nicht nur zu reden.<\/p>\n<p><strong>Foto unten:<\/strong> Die optimal-Gesch\u00e4ftsf\u00fchrer J\u00f6rg Hahn (links) und\u00a0Dr. Jona Haentjes sowie der Chef des Naturparkes Nossentiner\/Schwinzer Heide, Ralf Koch (Mitte) mit den ersten Setzlingen, die aus \u201cAlten Riesen\u201d gezogen wurden und zu \u201cJungen Riesen\u201d werden.<\/p>\n<p><img decoding=\"async\" loading=\"lazy\" class=\"alignnone size-full wp-image-172845 jetpack-lazy-image--handled\" src=\"https:\/\/i0.wp.com\/www.wir-sind-mueritzer.de\/wp-content\/uploads\/2020\/09\/Riesen2-1.jpeg?resize=1280%2C1273&amp;ssl=1\" alt=\"\" width=\"1280\" height=\"1273\" \/><\/p>\n","protected":false},"excerpt":{"rendered":"<p>Der Naturpark Nossentiner\/Schwinzer Heide hat k\u00fcnftig einen starken Partner: optimal media GmbH aus R\u00f6bel startet jetzt das Projekt \u201cJunge Riesen f\u00fcr die n\u00e4chsten 100 Jahre\u201d. Dahinter steckt unter anderem die Umwandlung von monotonen Kieferw\u00e4ldern in Mischw\u00e4lder im Naturpark Nossentiner\/Schwinzer Heide.<\/p>\n","protected":false},"author":84,"featured_media":3069,"comment_status":"open","ping_status":"open","sticky":false,"template":"","format":"standard","meta":[],"categories":[7],"tags":[],"yoast_head":"<!-- This site is optimized with the Yoast SEO plugin v19.10 - https:\/\/yoast.com\/wordpress\/plugins\/seo\/ -->\n<title>R\u00f6beler Unternehmen setzt \u201cJunge Riesen\u201d in die W\u00e4lder - Naturpark Nossentiner\/Schwinzer Heide<\/title>\n<meta name=\"robots\" content=\"index, follow, max-snippet:-1, max-image-preview:large, max-video-preview:-1\" \/>\n<link rel=\"canonical\" href=\"https:\/\/www.naturparkmagazin.de\/nossentiner-schwinzer-heide\/roebeler-unternehmen-setzt-junge-riesen-in-die-waelder\/\" \/>\n<meta property=\"og:locale\" content=\"de_DE\" \/>\n<meta property=\"og:type\" content=\"article\" \/>\n<meta property=\"og:title\" content=\"R\u00f6beler Unternehmen setzt \u201cJunge Riesen\u201d in die W\u00e4lder - Naturpark Nossentiner\/Schwinzer Heide\" \/>\n<meta property=\"og:description\" content=\"Der Naturpark Nossentiner\/Schwinzer Heide hat k\u00fcnftig einen starken Partner: optimal media GmbH aus R\u00f6bel startet jetzt das Projekt \u201cJunge Riesen f\u00fcr die n\u00e4chsten 100 Jahre\u201d. Dahinter steckt unter anderem die Umwandlung von monotonen Kieferw\u00e4ldern in Mischw\u00e4lder im Naturpark Nossentiner\/Schwinzer Heide.\" \/>\n<meta property=\"og:url\" content=\"https:\/\/www.naturparkmagazin.de\/nossentiner-schwinzer-heide\/roebeler-unternehmen-setzt-junge-riesen-in-die-waelder\/\" \/>\n<meta property=\"og:site_name\" content=\"Naturpark Nossentiner\/Schwinzer Heide\" \/>\n<meta property=\"article:published_time\" content=\"2020-09-16T21:16:22+00:00\" \/>\n<meta property=\"article:modified_time\" content=\"2020-09-29T10:38:37+00:00\" \/>\n<meta property=\"og:image\" content=\"https:\/\/www.naturparkmagazin.de\/nossentiner-schwinzer-heide\/wp-content\/uploads\/sites\/28\/IMG_20200929_122304.jpg\" \/>\n\t<meta property=\"og:image:width\" content=\"1000\" \/>\n\t<meta property=\"og:image:height\" content=\"759\" \/>\n\t<meta property=\"og:image:type\" content=\"image\/jpeg\" \/>\n<meta name=\"author\" content=\"evelinkartheuser\" \/>\n<meta name=\"twitter:label1\" content=\"Verfasst von\" \/>\n\t<meta name=\"twitter:data1\" content=\"evelinkartheuser\" \/>\n\t<meta name=\"twitter:label2\" content=\"Gesch\u00e4tzte Lesezeit\" \/>\n\t<meta name=\"twitter:data2\" content=\"3\u00a0Minuten\" \/>\n<script type=\"application\/ld+json\" class=\"yoast-schema-graph\">{\"@context\":\"https:\/\/schema.org\",\"@graph\":[{\"@type\":\"WebPage\",\"@id\":\"https:\/\/www.naturparkmagazin.de\/nossentiner-schwinzer-heide\/roebeler-unternehmen-setzt-junge-riesen-in-die-waelder\/\",\"url\":\"https:\/\/www.naturparkmagazin.de\/nossentiner-schwinzer-heide\/roebeler-unternehmen-setzt-junge-riesen-in-die-waelder\/\",\"name\":\"R\u00f6beler Unternehmen setzt \u201cJunge Riesen\u201d in die W\u00e4lder - Naturpark Nossentiner\/Schwinzer Heide\",\"isPartOf\":{\"@id\":\"https:\/\/www.naturparkmagazin.de\/nossentiner-schwinzer-heide\/#website\"},\"datePublished\":\"2020-09-16T21:16:22+00:00\",\"dateModified\":\"2020-09-29T10:38:37+00:00\",\"author\":{\"@id\":\"https:\/\/www.naturparkmagazin.de\/nossentiner-schwinzer-heide\/#\/schema\/person\/6e5721221b13b6f827e696f29ff18008\"},\"breadcrumb\":{\"@id\":\"https:\/\/www.naturparkmagazin.de\/nossentiner-schwinzer-heide\/roebeler-unternehmen-setzt-junge-riesen-in-die-waelder\/#breadcrumb\"},\"inLanguage\":\"de\",\"potentialAction\":[{\"@type\":\"ReadAction\",\"target\":[\"https:\/\/www.naturparkmagazin.de\/nossentiner-schwinzer-heide\/roebeler-unternehmen-setzt-junge-riesen-in-die-waelder\/\"]}]},{\"@type\":\"BreadcrumbList\",\"@id\":\"https:\/\/www.naturparkmagazin.de\/nossentiner-schwinzer-heide\/roebeler-unternehmen-setzt-junge-riesen-in-die-waelder\/#breadcrumb\",\"itemListElement\":[{\"@type\":\"ListItem\",\"position\":1,\"name\":\"Home\",\"item\":\"https:\/\/www.naturparkmagazin.de\/nossentiner-schwinzer-heide\/\"},{\"@type\":\"ListItem\",\"position\":2,\"name\":\"R\u00f6beler Unternehmen setzt \u201cJunge Riesen\u201d in die W\u00e4lder\"}]},{\"@type\":\"WebSite\",\"@id\":\"https:\/\/www.naturparkmagazin.de\/nossentiner-schwinzer-heide\/#website\",\"url\":\"https:\/\/www.naturparkmagazin.de\/nossentiner-schwinzer-heide\/\",\"name\":\"Naturpark Nossentiner\/Schwinzer Heide\",\"description\":\"\",\"potentialAction\":[{\"@type\":\"SearchAction\",\"target\":{\"@type\":\"EntryPoint\",\"urlTemplate\":\"https:\/\/www.naturparkmagazin.de\/nossentiner-schwinzer-heide\/?s={search_term_string}\"},\"query-input\":\"required name=search_term_string\"}],\"inLanguage\":\"de\"},{\"@type\":\"Person\",\"@id\":\"https:\/\/www.naturparkmagazin.de\/nossentiner-schwinzer-heide\/#\/schema\/person\/6e5721221b13b6f827e696f29ff18008\",\"name\":\"evelinkartheuser\",\"url\":\"https:\/\/www.naturparkmagazin.de\/nossentiner-schwinzer-heide\/author\/evelinkartheuser\/\"}]}<\/script>\n<!-- \/ Yoast SEO plugin. -->","yoast_head_json":{"title":"R\u00f6beler Unternehmen setzt \u201cJunge Riesen\u201d in die W\u00e4lder - Naturpark Nossentiner\/Schwinzer Heide","robots":{"index":"index","follow":"follow","max-snippet":"max-snippet:-1","max-image-preview":"max-image-preview:large","max-video-preview":"max-video-preview:-1"},"canonical":"https:\/\/www.naturparkmagazin.de\/nossentiner-schwinzer-heide\/roebeler-unternehmen-setzt-junge-riesen-in-die-waelder\/","og_locale":"de_DE","og_type":"article","og_title":"R\u00f6beler Unternehmen setzt \u201cJunge Riesen\u201d in die W\u00e4lder - Naturpark Nossentiner\/Schwinzer Heide","og_description":"Der Naturpark Nossentiner\/Schwinzer Heide hat k\u00fcnftig einen starken Partner: optimal media GmbH aus R\u00f6bel startet jetzt das Projekt \u201cJunge Riesen f\u00fcr die n\u00e4chsten 100 Jahre\u201d. Dahinter steckt unter anderem die Umwandlung von monotonen Kieferw\u00e4ldern in Mischw\u00e4lder im Naturpark Nossentiner\/Schwinzer Heide.","og_url":"https:\/\/www.naturparkmagazin.de\/nossentiner-schwinzer-heide\/roebeler-unternehmen-setzt-junge-riesen-in-die-waelder\/","og_site_name":"Naturpark Nossentiner\/Schwinzer Heide","article_published_time":"2020-09-16T21:16:22+00:00","article_modified_time":"2020-09-29T10:38:37+00:00","og_image":[{"width":1000,"height":759,"url":"https:\/\/www.naturparkmagazin.de\/nossentiner-schwinzer-heide\/wp-content\/uploads\/sites\/28\/IMG_20200929_122304.jpg","type":"image\/jpeg"}],"author":"evelinkartheuser","twitter_misc":{"Verfasst von":"evelinkartheuser","Gesch\u00e4tzte Lesezeit":"3\u00a0Minuten"},"schema":{"@context":"https:\/\/schema.org","@graph":[{"@type":"WebPage","@id":"https:\/\/www.naturparkmagazin.de\/nossentiner-schwinzer-heide\/roebeler-unternehmen-setzt-junge-riesen-in-die-waelder\/","url":"https:\/\/www.naturparkmagazin.de\/nossentiner-schwinzer-heide\/roebeler-unternehmen-setzt-junge-riesen-in-die-waelder\/","name":"R\u00f6beler Unternehmen setzt \u201cJunge Riesen\u201d in die W\u00e4lder - Naturpark Nossentiner\/Schwinzer Heide","isPartOf":{"@id":"https:\/\/www.naturparkmagazin.de\/nossentiner-schwinzer-heide\/#website"},"datePublished":"2020-09-16T21:16:22+00:00","dateModified":"2020-09-29T10:38:37+00:00","author":{"@id":"https:\/\/www.naturparkmagazin.de\/nossentiner-schwinzer-heide\/#\/schema\/person\/6e5721221b13b6f827e696f29ff18008"},"breadcrumb":{"@id":"https:\/\/www.naturparkmagazin.de\/nossentiner-schwinzer-heide\/roebeler-unternehmen-setzt-junge-riesen-in-die-waelder\/#breadcrumb"},"inLanguage":"de","potentialAction":[{"@type":"ReadAction","target":["https:\/\/www.naturparkmagazin.de\/nossentiner-schwinzer-heide\/roebeler-unternehmen-setzt-junge-riesen-in-die-waelder\/"]}]},{"@type":"BreadcrumbList","@id":"https:\/\/www.naturparkmagazin.de\/nossentiner-schwinzer-heide\/roebeler-unternehmen-setzt-junge-riesen-in-die-waelder\/#breadcrumb","itemListElement":[{"@type":"ListItem","position":1,"name":"Home","item":"https:\/\/www.naturparkmagazin.de\/nossentiner-schwinzer-heide\/"},{"@type":"ListItem","position":2,"name":"R\u00f6beler Unternehmen setzt \u201cJunge Riesen\u201d in die W\u00e4lder"}]},{"@type":"WebSite","@id":"https:\/\/www.naturparkmagazin.de\/nossentiner-schwinzer-heide\/#website","url":"https:\/\/www.naturparkmagazin.de\/nossentiner-schwinzer-heide\/","name":"Naturpark Nossentiner\/Schwinzer Heide","description":"","potentialAction":[{"@type":"SearchAction","target":{"@type":"EntryPoint","urlTemplate":"https:\/\/www.naturparkmagazin.de\/nossentiner-schwinzer-heide\/?s={search_term_string}"},"query-input":"required name=search_term_string"}],"inLanguage":"de"},{"@type":"Person","@id":"https:\/\/www.naturparkmagazin.de\/nossentiner-schwinzer-heide\/#\/schema\/person\/6e5721221b13b6f827e696f29ff18008","name":"evelinkartheuser","url":"https:\/\/www.naturparkmagazin.de\/nossentiner-schwinzer-heide\/author\/evelinkartheuser\/"}]}},"_links":{"self":[{"href":"https:\/\/www.naturparkmagazin.de\/nossentiner-schwinzer-heide\/wp-json\/wp\/v2\/posts\/3060"}],"collection":[{"href":"https:\/\/www.naturparkmagazin.de\/nossentiner-schwinzer-heide\/wp-json\/wp\/v2\/posts"}],"about":[{"href":"https:\/\/www.naturparkmagazin.de\/nossentiner-schwinzer-heide\/wp-json\/wp\/v2\/types\/post"}],"author":[{"embeddable":true,"href":"https:\/\/www.naturparkmagazin.de\/nossentiner-schwinzer-heide\/wp-json\/wp\/v2\/users\/84"}],"replies":[{"embeddable":true,"href":"https:\/\/www.naturparkmagazin.de\/nossentiner-schwinzer-heide\/wp-json\/wp\/v2\/comments?post=3060"}],"version-history":[{"count":9,"href":"https:\/\/www.naturparkmagazin.de\/nossentiner-schwinzer-heide\/wp-json\/wp\/v2\/posts\/3060\/revisions"}],"predecessor-version":[{"id":3071,"href":"https:\/\/www.naturparkmagazin.de\/nossentiner-schwinzer-heide\/wp-json\/wp\/v2\/posts\/3060\/revisions\/3071"}],"wp:featuredmedia":[{"embeddable":true,"href":"https:\/\/www.naturparkmagazin.de\/nossentiner-schwinzer-heide\/wp-json\/wp\/v2\/media\/3069"}],"wp:attachment":[{"href":"https:\/\/www.naturparkmagazin.de\/nossentiner-schwinzer-heide\/wp-json\/wp\/v2\/media?parent=3060"}],"wp:term":[{"taxonomy":"category","embeddable":true,"href":"https:\/\/www.naturparkmagazin.de\/nossentiner-schwinzer-heide\/wp-json\/wp\/v2\/categories?post=3060"},{"taxonomy":"post_tag","embeddable":true,"href":"https:\/\/www.naturparkmagazin.de\/nossentiner-schwinzer-heide\/wp-json\/wp\/v2\/tags?post=3060"}],"curies":[{"name":"wp","href":"https:\/\/api.w.org\/{rel}","templated":true}]}}