{"id":3084,"date":"2020-10-16T11:35:33","date_gmt":"2020-10-16T09:35:33","guid":{"rendered":"https:\/\/www.naturparkmagazin.de\/nossentiner-schwinzer-heide\/?p=3084"},"modified":"2020-10-29T20:36:50","modified_gmt":"2020-10-29T19:36:50","slug":"samhain-fest-der-dunkelheit-loslassen-und-neubeginn","status":"publish","type":"post","link":"https:\/\/www.naturparkmagazin.de\/nossentiner-schwinzer-heide\/samhain-fest-der-dunkelheit-loslassen-und-neubeginn\/","title":{"rendered":"Samhain \u2013 Fest der Dunkelheit \u2013 Loslassen und Neubeginn"},"content":{"rendered":"<h4><span style=\"color: #ff0000\">Diese Veranstaltung ist leider ausgebucht.<\/span><\/h4>\n<h2>Ein Abend am Feuer, eine Reise zu unseren Wurzeln<\/h2>\n<h5>Eine Veranstaltungvon Anke Bayler (Manufaktur L\u00f6wenzahn aus Nossentiner H\u00fctte), Partnerin unseres F\u00f6rdervereins<\/h5>\n<p>Neu Poserin. Am Freitag, dem 30. Oktober 2020, 19 Uhr, l\u00e4dt Anke Bayler zum traditionellen Hexenneujahrsfest nach Wooster Teerofen ein. Im Schutze der Dunkelheit geht es auf eine spirituelle Reise zu den Ahnen, verspricht die Pflanzenkundlerin und langj\u00e4hrige Chefin der kleinen Manufaktur \u201eL\u00f6wenzahn\u201c in Nossentiner H\u00fctte. Sie erz\u00e4hlt \u00fcber \u201efreifliegende Hexen\u201c, alte Br\u00e4uche und Rituale und h\u00e4lt auch einen kleinen rituellen Schmaus bereit. Je nach Wetter bietet der Wooster Teerofen die M\u00f6glichkeit, drinnen oder drau\u00dfen am Feuer zu sitzen. Da die Teilnehmerzahl beschr\u00e4nkt ist, wird um eine Anmeldung unter 0387\/387 3900 gebeten. Der Teilnehmerbeitrag betr\u00e4gt 15 \u20ac.<\/p>\n<p><a href=\"https:\/\/www.naturparkmagazin.de\/nossentiner-schwinzer-heide\/wp-content\/uploads\/sites\/28\/Plakat_Samhain3.jpg\"><img decoding=\"async\" loading=\"lazy\" class=\"alignnone size-medium wp-image-3091\" src=\"https:\/\/www.naturparkmagazin.de\/nossentiner-schwinzer-heide\/wp-content\/uploads\/sites\/28\/Plakat_Samhain3-620x875.jpg\" alt=\"Plakat_Samhain3\" width=\"620\" height=\"875\" srcset=\"https:\/\/www.naturparkmagazin.de\/nossentiner-schwinzer-heide\/wp-content\/uploads\/sites\/28\/Plakat_Samhain3-620x875.jpg 620w, https:\/\/www.naturparkmagazin.de\/nossentiner-schwinzer-heide\/wp-content\/uploads\/sites\/28\/Plakat_Samhain3-300x423.jpg 300w, https:\/\/www.naturparkmagazin.de\/nossentiner-schwinzer-heide\/wp-content\/uploads\/sites\/28\/Plakat_Samhain3-940x1326.jpg 940w, https:\/\/www.naturparkmagazin.de\/nossentiner-schwinzer-heide\/wp-content\/uploads\/sites\/28\/Plakat_Samhain3-670x945.jpg 670w, https:\/\/www.naturparkmagazin.de\/nossentiner-schwinzer-heide\/wp-content\/uploads\/sites\/28\/Plakat_Samhain3-200x282.jpg 200w\" sizes=\"(max-width: 620px) 100vw, 620px\" \/><\/a><\/p>\n<p>&nbsp;<\/p>\n","protected":false},"excerpt":{"rendered":"<p>Diese Veranstaltung ist leider ausgebucht.<\/p>\n","protected":false},"author":84,"featured_media":3091,"comment_status":"open","ping_status":"open","sticky":false,"template":"","format":"standard","meta":[],"categories":[11],"tags":[],"yoast_head":"<!-- This site is optimized with the Yoast SEO plugin v19.10 - https:\/\/yoast.com\/wordpress\/plugins\/seo\/ -->\n<title>Samhain \u2013 Fest der Dunkelheit \u2013 Loslassen und Neubeginn - Naturpark Nossentiner\/Schwinzer Heide<\/title>\n<meta name=\"robots\" content=\"index, follow, max-snippet:-1, max-image-preview:large, max-video-preview:-1\" \/>\n<link rel=\"canonical\" href=\"https:\/\/www.naturparkmagazin.de\/nossentiner-schwinzer-heide\/samhain-fest-der-dunkelheit-loslassen-und-neubeginn\/\" \/>\n<meta property=\"og:locale\" content=\"de_DE\" \/>\n<meta property=\"og:type\" content=\"article\" \/>\n<meta property=\"og:title\" content=\"Samhain \u2013 Fest der Dunkelheit \u2013 Loslassen und Neubeginn - Naturpark Nossentiner\/Schwinzer Heide\" \/>\n<meta property=\"og:description\" content=\"Diese Veranstaltung ist leider ausgebucht.\" \/>\n<meta property=\"og:url\" content=\"https:\/\/www.naturparkmagazin.de\/nossentiner-schwinzer-heide\/samhain-fest-der-dunkelheit-loslassen-und-neubeginn\/\" \/>\n<meta property=\"og:site_name\" content=\"Naturpark Nossentiner\/Schwinzer Heide\" \/>\n<meta property=\"article:published_time\" content=\"2020-10-16T09:35:33+00:00\" \/>\n<meta property=\"article:modified_time\" content=\"2020-10-29T19:36:50+00:00\" \/>\n<meta property=\"og:image\" content=\"https:\/\/www.naturparkmagazin.de\/nossentiner-schwinzer-heide\/wp-content\/uploads\/sites\/28\/Plakat_Samhain3.jpg\" \/>\n\t<meta property=\"og:image:width\" content=\"2482\" \/>\n\t<meta property=\"og:image:height\" content=\"3502\" \/>\n\t<meta property=\"og:image:type\" content=\"image\/jpeg\" \/>\n<meta name=\"author\" content=\"evelinkartheuser\" \/>\n<meta name=\"twitter:label1\" content=\"Verfasst von\" \/>\n\t<meta name=\"twitter:data1\" content=\"evelinkartheuser\" \/>\n\t<meta name=\"twitter:label2\" content=\"Gesch\u00e4tzte Lesezeit\" \/>\n\t<meta name=\"twitter:data2\" content=\"1\u00a0Minute\" \/>\n<script type=\"application\/ld+json\" class=\"yoast-schema-graph\">{\"@context\":\"https:\/\/schema.org\",\"@graph\":[{\"@type\":\"WebPage\",\"@id\":\"https:\/\/www.naturparkmagazin.de\/nossentiner-schwinzer-heide\/samhain-fest-der-dunkelheit-loslassen-und-neubeginn\/\",\"url\":\"https:\/\/www.naturparkmagazin.de\/nossentiner-schwinzer-heide\/samhain-fest-der-dunkelheit-loslassen-und-neubeginn\/\",\"name\":\"Samhain \u2013 Fest der Dunkelheit \u2013 Loslassen und Neubeginn - Naturpark Nossentiner\/Schwinzer Heide\",\"isPartOf\":{\"@id\":\"https:\/\/www.naturparkmagazin.de\/nossentiner-schwinzer-heide\/#website\"},\"datePublished\":\"2020-10-16T09:35:33+00:00\",\"dateModified\":\"2020-10-29T19:36:50+00:00\",\"author\":{\"@id\":\"https:\/\/www.naturparkmagazin.de\/nossentiner-schwinzer-heide\/#\/schema\/person\/6e5721221b13b6f827e696f29ff18008\"},\"breadcrumb\":{\"@id\":\"https:\/\/www.naturparkmagazin.de\/nossentiner-schwinzer-heide\/samhain-fest-der-dunkelheit-loslassen-und-neubeginn\/#breadcrumb\"},\"inLanguage\":\"de\",\"potentialAction\":[{\"@type\":\"ReadAction\",\"target\":[\"https:\/\/www.naturparkmagazin.de\/nossentiner-schwinzer-heide\/samhain-fest-der-dunkelheit-loslassen-und-neubeginn\/\"]}]},{\"@type\":\"BreadcrumbList\",\"@id\":\"https:\/\/www.naturparkmagazin.de\/nossentiner-schwinzer-heide\/samhain-fest-der-dunkelheit-loslassen-und-neubeginn\/#breadcrumb\",\"itemListElement\":[{\"@type\":\"ListItem\",\"position\":1,\"name\":\"Home\",\"item\":\"https:\/\/www.naturparkmagazin.de\/nossentiner-schwinzer-heide\/\"},{\"@type\":\"ListItem\",\"position\":2,\"name\":\"Samhain \u2013 Fest der Dunkelheit \u2013 Loslassen und Neubeginn\"}]},{\"@type\":\"WebSite\",\"@id\":\"https:\/\/www.naturparkmagazin.de\/nossentiner-schwinzer-heide\/#website\",\"url\":\"https:\/\/www.naturparkmagazin.de\/nossentiner-schwinzer-heide\/\",\"name\":\"Naturpark Nossentiner\/Schwinzer Heide\",\"description\":\"\",\"potentialAction\":[{\"@type\":\"SearchAction\",\"target\":{\"@type\":\"EntryPoint\",\"urlTemplate\":\"https:\/\/www.naturparkmagazin.de\/nossentiner-schwinzer-heide\/?s={search_term_string}\"},\"query-input\":\"required name=search_term_string\"}],\"inLanguage\":\"de\"},{\"@type\":\"Person\",\"@id\":\"https:\/\/www.naturparkmagazin.de\/nossentiner-schwinzer-heide\/#\/schema\/person\/6e5721221b13b6f827e696f29ff18008\",\"name\":\"evelinkartheuser\",\"url\":\"https:\/\/www.naturparkmagazin.de\/nossentiner-schwinzer-heide\/author\/evelinkartheuser\/\"}]}<\/script>\n<!-- \/ Yoast SEO plugin. -->","yoast_head_json":{"title":"Samhain \u2013 Fest der Dunkelheit \u2013 Loslassen und Neubeginn - Naturpark Nossentiner\/Schwinzer Heide","robots":{"index":"index","follow":"follow","max-snippet":"max-snippet:-1","max-image-preview":"max-image-preview:large","max-video-preview":"max-video-preview:-1"},"canonical":"https:\/\/www.naturparkmagazin.de\/nossentiner-schwinzer-heide\/samhain-fest-der-dunkelheit-loslassen-und-neubeginn\/","og_locale":"de_DE","og_type":"article","og_title":"Samhain \u2013 Fest der Dunkelheit \u2013 Loslassen und Neubeginn - Naturpark Nossentiner\/Schwinzer Heide","og_description":"Diese Veranstaltung ist leider ausgebucht.","og_url":"https:\/\/www.naturparkmagazin.de\/nossentiner-schwinzer-heide\/samhain-fest-der-dunkelheit-loslassen-und-neubeginn\/","og_site_name":"Naturpark Nossentiner\/Schwinzer Heide","article_published_time":"2020-10-16T09:35:33+00:00","article_modified_time":"2020-10-29T19:36:50+00:00","og_image":[{"width":2482,"height":3502,"url":"https:\/\/www.naturparkmagazin.de\/nossentiner-schwinzer-heide\/wp-content\/uploads\/sites\/28\/Plakat_Samhain3.jpg","type":"image\/jpeg"}],"author":"evelinkartheuser","twitter_misc":{"Verfasst von":"evelinkartheuser","Gesch\u00e4tzte Lesezeit":"1\u00a0Minute"},"schema":{"@context":"https:\/\/schema.org","@graph":[{"@type":"WebPage","@id":"https:\/\/www.naturparkmagazin.de\/nossentiner-schwinzer-heide\/samhain-fest-der-dunkelheit-loslassen-und-neubeginn\/","url":"https:\/\/www.naturparkmagazin.de\/nossentiner-schwinzer-heide\/samhain-fest-der-dunkelheit-loslassen-und-neubeginn\/","name":"Samhain \u2013 Fest der Dunkelheit \u2013 Loslassen und Neubeginn - Naturpark Nossentiner\/Schwinzer Heide","isPartOf":{"@id":"https:\/\/www.naturparkmagazin.de\/nossentiner-schwinzer-heide\/#website"},"datePublished":"2020-10-16T09:35:33+00:00","dateModified":"2020-10-29T19:36:50+00:00","author":{"@id":"https:\/\/www.naturparkmagazin.de\/nossentiner-schwinzer-heide\/#\/schema\/person\/6e5721221b13b6f827e696f29ff18008"},"breadcrumb":{"@id":"https:\/\/www.naturparkmagazin.de\/nossentiner-schwinzer-heide\/samhain-fest-der-dunkelheit-loslassen-und-neubeginn\/#breadcrumb"},"inLanguage":"de","potentialAction":[{"@type":"ReadAction","target":["https:\/\/www.naturparkmagazin.de\/nossentiner-schwinzer-heide\/samhain-fest-der-dunkelheit-loslassen-und-neubeginn\/"]}]},{"@type":"BreadcrumbList","@id":"https:\/\/www.naturparkmagazin.de\/nossentiner-schwinzer-heide\/samhain-fest-der-dunkelheit-loslassen-und-neubeginn\/#breadcrumb","itemListElement":[{"@type":"ListItem","position":1,"name":"Home","item":"https:\/\/www.naturparkmagazin.de\/nossentiner-schwinzer-heide\/"},{"@type":"ListItem","position":2,"name":"Samhain \u2013 Fest der Dunkelheit \u2013 Loslassen und Neubeginn"}]},{"@type":"WebSite","@id":"https:\/\/www.naturparkmagazin.de\/nossentiner-schwinzer-heide\/#website","url":"https:\/\/www.naturparkmagazin.de\/nossentiner-schwinzer-heide\/","name":"Naturpark Nossentiner\/Schwinzer Heide","description":"","potentialAction":[{"@type":"SearchAction","target":{"@type":"EntryPoint","urlTemplate":"https:\/\/www.naturparkmagazin.de\/nossentiner-schwinzer-heide\/?s={search_term_string}"},"query-input":"required name=search_term_string"}],"inLanguage":"de"},{"@type":"Person","@id":"https:\/\/www.naturparkmagazin.de\/nossentiner-schwinzer-heide\/#\/schema\/person\/6e5721221b13b6f827e696f29ff18008","name":"evelinkartheuser","url":"https:\/\/www.naturparkmagazin.de\/nossentiner-schwinzer-heide\/author\/evelinkartheuser\/"}]}},"_links":{"self":[{"href":"https:\/\/www.naturparkmagazin.de\/nossentiner-schwinzer-heide\/wp-json\/wp\/v2\/posts\/3084"}],"collection":[{"href":"https:\/\/www.naturparkmagazin.de\/nossentiner-schwinzer-heide\/wp-json\/wp\/v2\/posts"}],"about":[{"href":"https:\/\/www.naturparkmagazin.de\/nossentiner-schwinzer-heide\/wp-json\/wp\/v2\/types\/post"}],"author":[{"embeddable":true,"href":"https:\/\/www.naturparkmagazin.de\/nossentiner-schwinzer-heide\/wp-json\/wp\/v2\/users\/84"}],"replies":[{"embeddable":true,"href":"https:\/\/www.naturparkmagazin.de\/nossentiner-schwinzer-heide\/wp-json\/wp\/v2\/comments?post=3084"}],"version-history":[{"count":6,"href":"https:\/\/www.naturparkmagazin.de\/nossentiner-schwinzer-heide\/wp-json\/wp\/v2\/posts\/3084\/revisions"}],"predecessor-version":[{"id":3099,"href":"https:\/\/www.naturparkmagazin.de\/nossentiner-schwinzer-heide\/wp-json\/wp\/v2\/posts\/3084\/revisions\/3099"}],"wp:featuredmedia":[{"embeddable":true,"href":"https:\/\/www.naturparkmagazin.de\/nossentiner-schwinzer-heide\/wp-json\/wp\/v2\/media\/3091"}],"wp:attachment":[{"href":"https:\/\/www.naturparkmagazin.de\/nossentiner-schwinzer-heide\/wp-json\/wp\/v2\/media?parent=3084"}],"wp:term":[{"taxonomy":"category","embeddable":true,"href":"https:\/\/www.naturparkmagazin.de\/nossentiner-schwinzer-heide\/wp-json\/wp\/v2\/categories?post=3084"},{"taxonomy":"post_tag","embeddable":true,"href":"https:\/\/www.naturparkmagazin.de\/nossentiner-schwinzer-heide\/wp-json\/wp\/v2\/tags?post=3084"}],"curies":[{"name":"wp","href":"https:\/\/api.w.org\/{rel}","templated":true}]}}