{"id":3145,"date":"2020-12-10T11:38:40","date_gmt":"2020-12-10T10:38:40","guid":{"rendered":"https:\/\/www.naturparkmagazin.de\/nossentiner-schwinzer-heide\/?p=3145"},"modified":"2021-04-07T16:45:27","modified_gmt":"2021-04-07T14:45:27","slug":"gruss-zum-neuen-jahr-4","status":"publish","type":"post","link":"https:\/\/www.naturparkmagazin.de\/nossentiner-schwinzer-heide\/gruss-zum-neuen-jahr-4\/","title":{"rendered":"Gru\u00df zum neuen Jahr"},"content":{"rendered":"<p><a href=\"https:\/\/www.naturparkmagazin.de\/nossentiner-schwinzer-heide\/wp-content\/uploads\/sites\/28\/Unbenannt.jpg\"><img decoding=\"async\" loading=\"lazy\" class=\"alignnone  wp-image-3146\" src=\"https:\/\/www.naturparkmagazin.de\/nossentiner-schwinzer-heide\/wp-content\/uploads\/sites\/28\/Unbenannt-620x477.jpg\" alt=\"Unbenannt\" width=\"637\" height=\"490\" srcset=\"https:\/\/www.naturparkmagazin.de\/nossentiner-schwinzer-heide\/wp-content\/uploads\/sites\/28\/Unbenannt-620x477.jpg 620w, https:\/\/www.naturparkmagazin.de\/nossentiner-schwinzer-heide\/wp-content\/uploads\/sites\/28\/Unbenannt-300x231.jpg 300w, https:\/\/www.naturparkmagazin.de\/nossentiner-schwinzer-heide\/wp-content\/uploads\/sites\/28\/Unbenannt-670x516.jpg 670w, https:\/\/www.naturparkmagazin.de\/nossentiner-schwinzer-heide\/wp-content\/uploads\/sites\/28\/Unbenannt-200x154.jpg 200w, https:\/\/www.naturparkmagazin.de\/nossentiner-schwinzer-heide\/wp-content\/uploads\/sites\/28\/Unbenannt.jpg 735w\" sizes=\"(max-width: 637px) 100vw, 637px\" \/><\/a><\/p>\n<p>Liebe Freunde und F\u00f6rderer des Naturparks Nossentiner\/Schwinzer Heide,<\/p>\n<p>2020 war in vieler Hinsicht ein besonderes Jahr. Es hat uns daran erinnert, dass wir f\u00fcr einander verantwortlich sind. Und dass Verantwortung manchmal Verzicht bedeutet.<\/p>\n<p>Doch in der R\u00fcckschau hatte es doch auch viele sch\u00f6ne Momente. Die Festwoche anl\u00e4sslich des 30-j\u00e4hrigen Bestehens des Naturparks, das Fledermauscamp, das Jugendworkcamp, das Herbstfest und viele andere gelungene Veranstaltungen haben uns und andere gl\u00fccklich gemacht.<\/p>\n<p>Wir sind dankbar, dass wir so viele motivierte und uns zugetane Menschen um uns haben, die uns auch durch dieses vergangene, seltsame Jahr begleitet haben.<\/p>\n<p><span style=\"color: #333399\">\u201eWenn die Zeichen \u00fcberall auf orange oder gar rot stehen, bieten uns Farben eine wunderbare Kehrseite. Blau und Gr\u00fcn stehen den Alarmfarben komplement\u00e4r gegen\u00fcber. Deshalb wirkt ein winterlicher Spaziergang im gr\u00fcnen Wald bei blauem Himmel Wunder. Gefolgt von s\u00fc\u00dfem Duft nach Gl\u00fchwein, Geb\u00e4ck und bei Kerzenlicht, erscheint die Welt nicht mehr so bedrohlich, wie man sie im vergangenen Jahr oft erlebt hat.\u201c<\/span><\/p>\n<p style=\"text-align: right\"><span style=\"color: #333399\">Aus einem Weihnachtsgru\u00df<\/span><\/p>\n<p>In diesem Sinn: Seien Sie unterwegs in unserer wunderbaren Landschaft. Lassen Sie uns auch 2021 den begonnenen Weg weiterverfolgen. Sch\u00f6pfen Sie Kraft aus den Gegens\u00e4tzen der Natur. Und vor allem &#8211; passen Sie auf sich auf und bleiben Sie gesund.<\/p>\n<p>Ihnen und Ihren Lieben besinnliche Weihnachtstage. Wir sehen uns im n\u00e4chsten Jahr.<\/p>\n<p>Das Team des Naturparkes Nossentiner\/Schwinzer Heide, des F\u00f6rdervereins Naturpark Nossentiner\/Schwinzer Heide und der Naturparkstiftung (Stiftung Reepsholt)<\/p>\n<p>&nbsp;<\/p>\n<p>Dez. 2020<\/p>\n<p>&nbsp;<\/p>\n<p>&nbsp;<\/p>\n","protected":false},"excerpt":{"rendered":"<p>   Liebe Freunde und F\u00f6rderer des Naturparks Nossentiner\/Schwinzer Heide,<\/p>\n","protected":false},"author":84,"featured_media":3146,"comment_status":"open","ping_status":"open","sticky":false,"template":"","format":"standard","meta":[],"categories":[7],"tags":[],"yoast_head":"<!-- This site is optimized with the Yoast SEO plugin v19.10 - https:\/\/yoast.com\/wordpress\/plugins\/seo\/ -->\n<title>Gru\u00df zum neuen Jahr - Naturpark Nossentiner\/Schwinzer Heide<\/title>\n<meta name=\"robots\" content=\"index, follow, max-snippet:-1, max-image-preview:large, max-video-preview:-1\" \/>\n<link rel=\"canonical\" href=\"https:\/\/www.naturparkmagazin.de\/nossentiner-schwinzer-heide\/gruss-zum-neuen-jahr-4\/\" \/>\n<meta property=\"og:locale\" content=\"de_DE\" \/>\n<meta property=\"og:type\" content=\"article\" \/>\n<meta property=\"og:title\" content=\"Gru\u00df zum neuen Jahr - Naturpark Nossentiner\/Schwinzer Heide\" \/>\n<meta property=\"og:description\" content=\"Liebe Freunde und F\u00f6rderer des Naturparks Nossentiner\/Schwinzer Heide,\" \/>\n<meta property=\"og:url\" content=\"https:\/\/www.naturparkmagazin.de\/nossentiner-schwinzer-heide\/gruss-zum-neuen-jahr-4\/\" \/>\n<meta property=\"og:site_name\" content=\"Naturpark Nossentiner\/Schwinzer Heide\" \/>\n<meta property=\"article:published_time\" content=\"2020-12-10T10:38:40+00:00\" \/>\n<meta property=\"article:modified_time\" content=\"2021-04-07T14:45:27+00:00\" \/>\n<meta property=\"og:image\" content=\"https:\/\/www.naturparkmagazin.de\/nossentiner-schwinzer-heide\/wp-content\/uploads\/sites\/28\/Unbenannt.jpg\" \/>\n\t<meta property=\"og:image:width\" content=\"735\" \/>\n\t<meta property=\"og:image:height\" content=\"566\" \/>\n\t<meta property=\"og:image:type\" content=\"image\/jpeg\" \/>\n<meta name=\"author\" content=\"evelinkartheuser\" \/>\n<meta name=\"twitter:label1\" content=\"Verfasst von\" \/>\n\t<meta name=\"twitter:data1\" content=\"evelinkartheuser\" \/>\n\t<meta name=\"twitter:label2\" content=\"Gesch\u00e4tzte Lesezeit\" \/>\n\t<meta name=\"twitter:data2\" content=\"1\u00a0Minute\" \/>\n<script type=\"application\/ld+json\" class=\"yoast-schema-graph\">{\"@context\":\"https:\/\/schema.org\",\"@graph\":[{\"@type\":\"WebPage\",\"@id\":\"https:\/\/www.naturparkmagazin.de\/nossentiner-schwinzer-heide\/gruss-zum-neuen-jahr-4\/\",\"url\":\"https:\/\/www.naturparkmagazin.de\/nossentiner-schwinzer-heide\/gruss-zum-neuen-jahr-4\/\",\"name\":\"Gru\u00df zum neuen Jahr - Naturpark Nossentiner\/Schwinzer Heide\",\"isPartOf\":{\"@id\":\"https:\/\/www.naturparkmagazin.de\/nossentiner-schwinzer-heide\/#website\"},\"datePublished\":\"2020-12-10T10:38:40+00:00\",\"dateModified\":\"2021-04-07T14:45:27+00:00\",\"author\":{\"@id\":\"https:\/\/www.naturparkmagazin.de\/nossentiner-schwinzer-heide\/#\/schema\/person\/6e5721221b13b6f827e696f29ff18008\"},\"breadcrumb\":{\"@id\":\"https:\/\/www.naturparkmagazin.de\/nossentiner-schwinzer-heide\/gruss-zum-neuen-jahr-4\/#breadcrumb\"},\"inLanguage\":\"de\",\"potentialAction\":[{\"@type\":\"ReadAction\",\"target\":[\"https:\/\/www.naturparkmagazin.de\/nossentiner-schwinzer-heide\/gruss-zum-neuen-jahr-4\/\"]}]},{\"@type\":\"BreadcrumbList\",\"@id\":\"https:\/\/www.naturparkmagazin.de\/nossentiner-schwinzer-heide\/gruss-zum-neuen-jahr-4\/#breadcrumb\",\"itemListElement\":[{\"@type\":\"ListItem\",\"position\":1,\"name\":\"Home\",\"item\":\"https:\/\/www.naturparkmagazin.de\/nossentiner-schwinzer-heide\/\"},{\"@type\":\"ListItem\",\"position\":2,\"name\":\"Gru\u00df zum neuen Jahr\"}]},{\"@type\":\"WebSite\",\"@id\":\"https:\/\/www.naturparkmagazin.de\/nossentiner-schwinzer-heide\/#website\",\"url\":\"https:\/\/www.naturparkmagazin.de\/nossentiner-schwinzer-heide\/\",\"name\":\"Naturpark Nossentiner\/Schwinzer Heide\",\"description\":\"\",\"potentialAction\":[{\"@type\":\"SearchAction\",\"target\":{\"@type\":\"EntryPoint\",\"urlTemplate\":\"https:\/\/www.naturparkmagazin.de\/nossentiner-schwinzer-heide\/?s={search_term_string}\"},\"query-input\":\"required name=search_term_string\"}],\"inLanguage\":\"de\"},{\"@type\":\"Person\",\"@id\":\"https:\/\/www.naturparkmagazin.de\/nossentiner-schwinzer-heide\/#\/schema\/person\/6e5721221b13b6f827e696f29ff18008\",\"name\":\"evelinkartheuser\",\"url\":\"https:\/\/www.naturparkmagazin.de\/nossentiner-schwinzer-heide\/author\/evelinkartheuser\/\"}]}<\/script>\n<!-- \/ Yoast SEO plugin. -->","yoast_head_json":{"title":"Gru\u00df zum neuen Jahr - Naturpark Nossentiner\/Schwinzer Heide","robots":{"index":"index","follow":"follow","max-snippet":"max-snippet:-1","max-image-preview":"max-image-preview:large","max-video-preview":"max-video-preview:-1"},"canonical":"https:\/\/www.naturparkmagazin.de\/nossentiner-schwinzer-heide\/gruss-zum-neuen-jahr-4\/","og_locale":"de_DE","og_type":"article","og_title":"Gru\u00df zum neuen Jahr - Naturpark Nossentiner\/Schwinzer Heide","og_description":"Liebe Freunde und F\u00f6rderer des Naturparks Nossentiner\/Schwinzer Heide,","og_url":"https:\/\/www.naturparkmagazin.de\/nossentiner-schwinzer-heide\/gruss-zum-neuen-jahr-4\/","og_site_name":"Naturpark Nossentiner\/Schwinzer Heide","article_published_time":"2020-12-10T10:38:40+00:00","article_modified_time":"2021-04-07T14:45:27+00:00","og_image":[{"width":735,"height":566,"url":"https:\/\/www.naturparkmagazin.de\/nossentiner-schwinzer-heide\/wp-content\/uploads\/sites\/28\/Unbenannt.jpg","type":"image\/jpeg"}],"author":"evelinkartheuser","twitter_misc":{"Verfasst von":"evelinkartheuser","Gesch\u00e4tzte Lesezeit":"1\u00a0Minute"},"schema":{"@context":"https:\/\/schema.org","@graph":[{"@type":"WebPage","@id":"https:\/\/www.naturparkmagazin.de\/nossentiner-schwinzer-heide\/gruss-zum-neuen-jahr-4\/","url":"https:\/\/www.naturparkmagazin.de\/nossentiner-schwinzer-heide\/gruss-zum-neuen-jahr-4\/","name":"Gru\u00df zum neuen Jahr - Naturpark Nossentiner\/Schwinzer Heide","isPartOf":{"@id":"https:\/\/www.naturparkmagazin.de\/nossentiner-schwinzer-heide\/#website"},"datePublished":"2020-12-10T10:38:40+00:00","dateModified":"2021-04-07T14:45:27+00:00","author":{"@id":"https:\/\/www.naturparkmagazin.de\/nossentiner-schwinzer-heide\/#\/schema\/person\/6e5721221b13b6f827e696f29ff18008"},"breadcrumb":{"@id":"https:\/\/www.naturparkmagazin.de\/nossentiner-schwinzer-heide\/gruss-zum-neuen-jahr-4\/#breadcrumb"},"inLanguage":"de","potentialAction":[{"@type":"ReadAction","target":["https:\/\/www.naturparkmagazin.de\/nossentiner-schwinzer-heide\/gruss-zum-neuen-jahr-4\/"]}]},{"@type":"BreadcrumbList","@id":"https:\/\/www.naturparkmagazin.de\/nossentiner-schwinzer-heide\/gruss-zum-neuen-jahr-4\/#breadcrumb","itemListElement":[{"@type":"ListItem","position":1,"name":"Home","item":"https:\/\/www.naturparkmagazin.de\/nossentiner-schwinzer-heide\/"},{"@type":"ListItem","position":2,"name":"Gru\u00df zum neuen Jahr"}]},{"@type":"WebSite","@id":"https:\/\/www.naturparkmagazin.de\/nossentiner-schwinzer-heide\/#website","url":"https:\/\/www.naturparkmagazin.de\/nossentiner-schwinzer-heide\/","name":"Naturpark Nossentiner\/Schwinzer Heide","description":"","potentialAction":[{"@type":"SearchAction","target":{"@type":"EntryPoint","urlTemplate":"https:\/\/www.naturparkmagazin.de\/nossentiner-schwinzer-heide\/?s={search_term_string}"},"query-input":"required name=search_term_string"}],"inLanguage":"de"},{"@type":"Person","@id":"https:\/\/www.naturparkmagazin.de\/nossentiner-schwinzer-heide\/#\/schema\/person\/6e5721221b13b6f827e696f29ff18008","name":"evelinkartheuser","url":"https:\/\/www.naturparkmagazin.de\/nossentiner-schwinzer-heide\/author\/evelinkartheuser\/"}]}},"_links":{"self":[{"href":"https:\/\/www.naturparkmagazin.de\/nossentiner-schwinzer-heide\/wp-json\/wp\/v2\/posts\/3145"}],"collection":[{"href":"https:\/\/www.naturparkmagazin.de\/nossentiner-schwinzer-heide\/wp-json\/wp\/v2\/posts"}],"about":[{"href":"https:\/\/www.naturparkmagazin.de\/nossentiner-schwinzer-heide\/wp-json\/wp\/v2\/types\/post"}],"author":[{"embeddable":true,"href":"https:\/\/www.naturparkmagazin.de\/nossentiner-schwinzer-heide\/wp-json\/wp\/v2\/users\/84"}],"replies":[{"embeddable":true,"href":"https:\/\/www.naturparkmagazin.de\/nossentiner-schwinzer-heide\/wp-json\/wp\/v2\/comments?post=3145"}],"version-history":[{"count":13,"href":"https:\/\/www.naturparkmagazin.de\/nossentiner-schwinzer-heide\/wp-json\/wp\/v2\/posts\/3145\/revisions"}],"predecessor-version":[{"id":3361,"href":"https:\/\/www.naturparkmagazin.de\/nossentiner-schwinzer-heide\/wp-json\/wp\/v2\/posts\/3145\/revisions\/3361"}],"wp:featuredmedia":[{"embeddable":true,"href":"https:\/\/www.naturparkmagazin.de\/nossentiner-schwinzer-heide\/wp-json\/wp\/v2\/media\/3146"}],"wp:attachment":[{"href":"https:\/\/www.naturparkmagazin.de\/nossentiner-schwinzer-heide\/wp-json\/wp\/v2\/media?parent=3145"}],"wp:term":[{"taxonomy":"category","embeddable":true,"href":"https:\/\/www.naturparkmagazin.de\/nossentiner-schwinzer-heide\/wp-json\/wp\/v2\/categories?post=3145"},{"taxonomy":"post_tag","embeddable":true,"href":"https:\/\/www.naturparkmagazin.de\/nossentiner-schwinzer-heide\/wp-json\/wp\/v2\/tags?post=3145"}],"curies":[{"name":"wp","href":"https:\/\/api.w.org\/{rel}","templated":true}]}}