{"id":3175,"date":"2020-12-09T20:50:01","date_gmt":"2020-12-09T19:50:01","guid":{"rendered":"https:\/\/www.naturparkmagazin.de\/nossentiner-schwinzer-heide\/?p=3175"},"modified":"2021-04-07T17:03:09","modified_gmt":"2021-04-07T15:03:09","slug":"fledermausforschung-trotz-corona-fortgefuehrt","status":"publish","type":"post","link":"https:\/\/www.naturparkmagazin.de\/nossentiner-schwinzer-heide\/fledermausforschung-trotz-corona-fortgefuehrt\/","title":{"rendered":"Fledermausforschung trotz Corona fortgef\u00fchrt"},"content":{"rendered":"<pre>Dezember 2020<\/pre>\n<p>Um die einheimischen Flederm\u00e4use vor dem Eintrag des Corona-Virus von uns Menschen auf die Wildtiere zu sch\u00fctzen, waren in diesem besonderen Jahr strengere Auflagen im Umgang mit den Tieren erforderlich. Trotzdem konnte das seit 1987 jedes Jahr laufende Forschungs- und Monitoringprogramm in der Naturschutzstation \u201eGerhard-Cornelssen-Haus\u201c in Wooster Teerofen erfolgreich durchlaufen werden. Die Gruppe um den Th\u00fcringer Fledermausspezialisten Christoph Tress und seine Partner hier im Naturpark und an der Uni in Greifswald absolvierten das volle Programm mit Fang-Wiederfang, Beringung der fast 800 Tiere, Transpondern der Fransenfledermaus, Ausflugsz\u00e4hlung und Winter-Quartiermonitoring.<\/p>\n<p><a href=\"https:\/\/www.naturparkmagazin.de\/nossentiner-schwinzer-heide\/wp-content\/uploads\/sites\/28\/ATT00010.jpg\"><img decoding=\"async\" loading=\"lazy\" class=\"alignnone size-medium wp-image-3176\" src=\"https:\/\/www.naturparkmagazin.de\/nossentiner-schwinzer-heide\/wp-content\/uploads\/sites\/28\/ATT00010-620x465.jpg\" alt=\"ATT00010\" width=\"620\" height=\"465\" srcset=\"https:\/\/www.naturparkmagazin.de\/nossentiner-schwinzer-heide\/wp-content\/uploads\/sites\/28\/ATT00010-620x465.jpg 620w, https:\/\/www.naturparkmagazin.de\/nossentiner-schwinzer-heide\/wp-content\/uploads\/sites\/28\/ATT00010-300x225.jpg 300w, https:\/\/www.naturparkmagazin.de\/nossentiner-schwinzer-heide\/wp-content\/uploads\/sites\/28\/ATT00010-940x705.jpg 940w, https:\/\/www.naturparkmagazin.de\/nossentiner-schwinzer-heide\/wp-content\/uploads\/sites\/28\/ATT00010-580x435.jpg 580w, https:\/\/www.naturparkmagazin.de\/nossentiner-schwinzer-heide\/wp-content\/uploads\/sites\/28\/ATT00010-420x315.jpg 420w, https:\/\/www.naturparkmagazin.de\/nossentiner-schwinzer-heide\/wp-content\/uploads\/sites\/28\/ATT00010-180x135.jpg 180w, https:\/\/www.naturparkmagazin.de\/nossentiner-schwinzer-heide\/wp-content\/uploads\/sites\/28\/ATT00010-95x71.jpg 95w, https:\/\/www.naturparkmagazin.de\/nossentiner-schwinzer-heide\/wp-content\/uploads\/sites\/28\/ATT00010-670x503.jpg 670w, https:\/\/www.naturparkmagazin.de\/nossentiner-schwinzer-heide\/wp-content\/uploads\/sites\/28\/ATT00010-200x150.jpg 200w, https:\/\/www.naturparkmagazin.de\/nossentiner-schwinzer-heide\/wp-content\/uploads\/sites\/28\/ATT00010.jpg 1280w\" sizes=\"(max-width: 620px) 100vw, 620px\" \/><\/a><\/p>\n<p>Auch die Forschungsaktivit\u00e4ten von Bianca Stapelfeld f\u00fcr ihre Promotion liefen weiter. Ein Dank an dieser Stelle an die namentlich genannten und dar\u00fcber hinaus an Prof. Gerald Kerth und Marcus Fritze von der Uni Greifswald, Andreas Breuer, Hanno Tress, Christina Burger und Martin Biedermann als ehrenamtliche Helfer und vor allem auch an den ehemaligen Leiter der Forschungsstation in Wooster Teerofen, Martin Post, welcher trotz vielf\u00e4ltiger anderer Aufgaben sich aktiv an den Fledermausaktivit\u00e4ten beteiligte.<\/p>\n<div id=\"attachment_3177\" style=\"width: 630px\" class=\"wp-caption alignnone\"><a href=\"https:\/\/www.naturparkmagazin.de\/nossentiner-schwinzer-heide\/wp-content\/uploads\/sites\/28\/Martin-Biedermann-und-Andreas-Breuer-bei-Beringung.jpg\"><img aria-describedby=\"caption-attachment-3177\" decoding=\"async\" loading=\"lazy\" class=\"wp-image-3177 size-medium\" src=\"https:\/\/www.naturparkmagazin.de\/nossentiner-schwinzer-heide\/wp-content\/uploads\/sites\/28\/Martin-Biedermann-und-Andreas-Breuer-bei-Beringung-620x465.jpg\" alt=\"Martin Biedermann und Andreas Breuer bei Beringung\" width=\"620\" height=\"465\" srcset=\"https:\/\/www.naturparkmagazin.de\/nossentiner-schwinzer-heide\/wp-content\/uploads\/sites\/28\/Martin-Biedermann-und-Andreas-Breuer-bei-Beringung-620x465.jpg 620w, https:\/\/www.naturparkmagazin.de\/nossentiner-schwinzer-heide\/wp-content\/uploads\/sites\/28\/Martin-Biedermann-und-Andreas-Breuer-bei-Beringung-300x225.jpg 300w, https:\/\/www.naturparkmagazin.de\/nossentiner-schwinzer-heide\/wp-content\/uploads\/sites\/28\/Martin-Biedermann-und-Andreas-Breuer-bei-Beringung-940x705.jpg 940w, https:\/\/www.naturparkmagazin.de\/nossentiner-schwinzer-heide\/wp-content\/uploads\/sites\/28\/Martin-Biedermann-und-Andreas-Breuer-bei-Beringung-580x435.jpg 580w, https:\/\/www.naturparkmagazin.de\/nossentiner-schwinzer-heide\/wp-content\/uploads\/sites\/28\/Martin-Biedermann-und-Andreas-Breuer-bei-Beringung-420x315.jpg 420w, https:\/\/www.naturparkmagazin.de\/nossentiner-schwinzer-heide\/wp-content\/uploads\/sites\/28\/Martin-Biedermann-und-Andreas-Breuer-bei-Beringung-180x135.jpg 180w, https:\/\/www.naturparkmagazin.de\/nossentiner-schwinzer-heide\/wp-content\/uploads\/sites\/28\/Martin-Biedermann-und-Andreas-Breuer-bei-Beringung-95x71.jpg 95w, https:\/\/www.naturparkmagazin.de\/nossentiner-schwinzer-heide\/wp-content\/uploads\/sites\/28\/Martin-Biedermann-und-Andreas-Breuer-bei-Beringung-670x503.jpg 670w, https:\/\/www.naturparkmagazin.de\/nossentiner-schwinzer-heide\/wp-content\/uploads\/sites\/28\/Martin-Biedermann-und-Andreas-Breuer-bei-Beringung-200x150.jpg 200w, https:\/\/www.naturparkmagazin.de\/nossentiner-schwinzer-heide\/wp-content\/uploads\/sites\/28\/Martin-Biedermann-und-Andreas-Breuer-bei-Beringung.jpg 1280w\" sizes=\"(max-width: 620px) 100vw, 620px\" \/><\/a><p id=\"caption-attachment-3177\" class=\"wp-caption-text\">Martin Biedermann und Andreas Breuer bei der Beringung der Flederm\u00e4use<\/p><\/div>\n<p>&nbsp;<\/p>\n","protected":false},"excerpt":{"rendered":"<p>Auch 2020 wurde das Fledermausmonitoring in Wooster Teerofen fortgef\u00fchrt. Um die einheimischen Flederm\u00e4use vor dem Corona-Virus zu sch\u00fctzen, waren in diesem Jahr strengere Auflagen im Umgang mit den Tieren erforderlich.<\/p>\n","protected":false},"author":84,"featured_media":3176,"comment_status":"open","ping_status":"open","sticky":false,"template":"","format":"standard","meta":[],"categories":[7],"tags":[],"yoast_head":"<!-- This site is optimized with the Yoast SEO plugin v19.10 - https:\/\/yoast.com\/wordpress\/plugins\/seo\/ -->\n<title>Fledermausforschung trotz Corona fortgef\u00fchrt - Naturpark Nossentiner\/Schwinzer Heide<\/title>\n<meta name=\"robots\" content=\"index, follow, max-snippet:-1, max-image-preview:large, max-video-preview:-1\" \/>\n<link rel=\"canonical\" href=\"https:\/\/www.naturparkmagazin.de\/nossentiner-schwinzer-heide\/fledermausforschung-trotz-corona-fortgefuehrt\/\" \/>\n<meta property=\"og:locale\" content=\"de_DE\" \/>\n<meta property=\"og:type\" content=\"article\" \/>\n<meta property=\"og:title\" content=\"Fledermausforschung trotz Corona fortgef\u00fchrt - Naturpark Nossentiner\/Schwinzer Heide\" \/>\n<meta property=\"og:description\" content=\"Auch 2020 wurde das Fledermausmonitoring in Wooster Teerofen fortgef\u00fchrt. Um die einheimischen Flederm\u00e4use vor dem Corona-Virus zu sch\u00fctzen, waren in diesem Jahr strengere Auflagen im Umgang mit den Tieren erforderlich.\" \/>\n<meta property=\"og:url\" content=\"https:\/\/www.naturparkmagazin.de\/nossentiner-schwinzer-heide\/fledermausforschung-trotz-corona-fortgefuehrt\/\" \/>\n<meta property=\"og:site_name\" content=\"Naturpark Nossentiner\/Schwinzer Heide\" \/>\n<meta property=\"article:published_time\" content=\"2020-12-09T19:50:01+00:00\" \/>\n<meta property=\"article:modified_time\" content=\"2021-04-07T15:03:09+00:00\" \/>\n<meta property=\"og:image\" content=\"https:\/\/www.naturparkmagazin.de\/nossentiner-schwinzer-heide\/wp-content\/uploads\/sites\/28\/ATT00010.jpg\" \/>\n\t<meta property=\"og:image:width\" content=\"1280\" \/>\n\t<meta property=\"og:image:height\" content=\"960\" \/>\n\t<meta property=\"og:image:type\" content=\"image\/jpeg\" \/>\n<meta name=\"author\" content=\"evelinkartheuser\" \/>\n<meta name=\"twitter:label1\" content=\"Verfasst von\" \/>\n\t<meta name=\"twitter:data1\" content=\"evelinkartheuser\" \/>\n\t<meta name=\"twitter:label2\" content=\"Gesch\u00e4tzte Lesezeit\" \/>\n\t<meta name=\"twitter:data2\" content=\"1\u00a0Minute\" \/>\n<script type=\"application\/ld+json\" class=\"yoast-schema-graph\">{\"@context\":\"https:\/\/schema.org\",\"@graph\":[{\"@type\":\"WebPage\",\"@id\":\"https:\/\/www.naturparkmagazin.de\/nossentiner-schwinzer-heide\/fledermausforschung-trotz-corona-fortgefuehrt\/\",\"url\":\"https:\/\/www.naturparkmagazin.de\/nossentiner-schwinzer-heide\/fledermausforschung-trotz-corona-fortgefuehrt\/\",\"name\":\"Fledermausforschung trotz Corona fortgef\u00fchrt - Naturpark Nossentiner\/Schwinzer Heide\",\"isPartOf\":{\"@id\":\"https:\/\/www.naturparkmagazin.de\/nossentiner-schwinzer-heide\/#website\"},\"datePublished\":\"2020-12-09T19:50:01+00:00\",\"dateModified\":\"2021-04-07T15:03:09+00:00\",\"author\":{\"@id\":\"https:\/\/www.naturparkmagazin.de\/nossentiner-schwinzer-heide\/#\/schema\/person\/6e5721221b13b6f827e696f29ff18008\"},\"breadcrumb\":{\"@id\":\"https:\/\/www.naturparkmagazin.de\/nossentiner-schwinzer-heide\/fledermausforschung-trotz-corona-fortgefuehrt\/#breadcrumb\"},\"inLanguage\":\"de\",\"potentialAction\":[{\"@type\":\"ReadAction\",\"target\":[\"https:\/\/www.naturparkmagazin.de\/nossentiner-schwinzer-heide\/fledermausforschung-trotz-corona-fortgefuehrt\/\"]}]},{\"@type\":\"BreadcrumbList\",\"@id\":\"https:\/\/www.naturparkmagazin.de\/nossentiner-schwinzer-heide\/fledermausforschung-trotz-corona-fortgefuehrt\/#breadcrumb\",\"itemListElement\":[{\"@type\":\"ListItem\",\"position\":1,\"name\":\"Home\",\"item\":\"https:\/\/www.naturparkmagazin.de\/nossentiner-schwinzer-heide\/\"},{\"@type\":\"ListItem\",\"position\":2,\"name\":\"Fledermausforschung trotz Corona fortgef\u00fchrt\"}]},{\"@type\":\"WebSite\",\"@id\":\"https:\/\/www.naturparkmagazin.de\/nossentiner-schwinzer-heide\/#website\",\"url\":\"https:\/\/www.naturparkmagazin.de\/nossentiner-schwinzer-heide\/\",\"name\":\"Naturpark Nossentiner\/Schwinzer Heide\",\"description\":\"\",\"potentialAction\":[{\"@type\":\"SearchAction\",\"target\":{\"@type\":\"EntryPoint\",\"urlTemplate\":\"https:\/\/www.naturparkmagazin.de\/nossentiner-schwinzer-heide\/?s={search_term_string}\"},\"query-input\":\"required name=search_term_string\"}],\"inLanguage\":\"de\"},{\"@type\":\"Person\",\"@id\":\"https:\/\/www.naturparkmagazin.de\/nossentiner-schwinzer-heide\/#\/schema\/person\/6e5721221b13b6f827e696f29ff18008\",\"name\":\"evelinkartheuser\",\"url\":\"https:\/\/www.naturparkmagazin.de\/nossentiner-schwinzer-heide\/author\/evelinkartheuser\/\"}]}<\/script>\n<!-- \/ Yoast SEO plugin. -->","yoast_head_json":{"title":"Fledermausforschung trotz Corona fortgef\u00fchrt - Naturpark Nossentiner\/Schwinzer Heide","robots":{"index":"index","follow":"follow","max-snippet":"max-snippet:-1","max-image-preview":"max-image-preview:large","max-video-preview":"max-video-preview:-1"},"canonical":"https:\/\/www.naturparkmagazin.de\/nossentiner-schwinzer-heide\/fledermausforschung-trotz-corona-fortgefuehrt\/","og_locale":"de_DE","og_type":"article","og_title":"Fledermausforschung trotz Corona fortgef\u00fchrt - Naturpark Nossentiner\/Schwinzer Heide","og_description":"Auch 2020 wurde das Fledermausmonitoring in Wooster Teerofen fortgef\u00fchrt. Um die einheimischen Flederm\u00e4use vor dem Corona-Virus zu sch\u00fctzen, waren in diesem Jahr strengere Auflagen im Umgang mit den Tieren erforderlich.","og_url":"https:\/\/www.naturparkmagazin.de\/nossentiner-schwinzer-heide\/fledermausforschung-trotz-corona-fortgefuehrt\/","og_site_name":"Naturpark Nossentiner\/Schwinzer Heide","article_published_time":"2020-12-09T19:50:01+00:00","article_modified_time":"2021-04-07T15:03:09+00:00","og_image":[{"width":1280,"height":960,"url":"https:\/\/www.naturparkmagazin.de\/nossentiner-schwinzer-heide\/wp-content\/uploads\/sites\/28\/ATT00010.jpg","type":"image\/jpeg"}],"author":"evelinkartheuser","twitter_misc":{"Verfasst von":"evelinkartheuser","Gesch\u00e4tzte Lesezeit":"1\u00a0Minute"},"schema":{"@context":"https:\/\/schema.org","@graph":[{"@type":"WebPage","@id":"https:\/\/www.naturparkmagazin.de\/nossentiner-schwinzer-heide\/fledermausforschung-trotz-corona-fortgefuehrt\/","url":"https:\/\/www.naturparkmagazin.de\/nossentiner-schwinzer-heide\/fledermausforschung-trotz-corona-fortgefuehrt\/","name":"Fledermausforschung trotz Corona fortgef\u00fchrt - Naturpark Nossentiner\/Schwinzer Heide","isPartOf":{"@id":"https:\/\/www.naturparkmagazin.de\/nossentiner-schwinzer-heide\/#website"},"datePublished":"2020-12-09T19:50:01+00:00","dateModified":"2021-04-07T15:03:09+00:00","author":{"@id":"https:\/\/www.naturparkmagazin.de\/nossentiner-schwinzer-heide\/#\/schema\/person\/6e5721221b13b6f827e696f29ff18008"},"breadcrumb":{"@id":"https:\/\/www.naturparkmagazin.de\/nossentiner-schwinzer-heide\/fledermausforschung-trotz-corona-fortgefuehrt\/#breadcrumb"},"inLanguage":"de","potentialAction":[{"@type":"ReadAction","target":["https:\/\/www.naturparkmagazin.de\/nossentiner-schwinzer-heide\/fledermausforschung-trotz-corona-fortgefuehrt\/"]}]},{"@type":"BreadcrumbList","@id":"https:\/\/www.naturparkmagazin.de\/nossentiner-schwinzer-heide\/fledermausforschung-trotz-corona-fortgefuehrt\/#breadcrumb","itemListElement":[{"@type":"ListItem","position":1,"name":"Home","item":"https:\/\/www.naturparkmagazin.de\/nossentiner-schwinzer-heide\/"},{"@type":"ListItem","position":2,"name":"Fledermausforschung trotz Corona fortgef\u00fchrt"}]},{"@type":"WebSite","@id":"https:\/\/www.naturparkmagazin.de\/nossentiner-schwinzer-heide\/#website","url":"https:\/\/www.naturparkmagazin.de\/nossentiner-schwinzer-heide\/","name":"Naturpark Nossentiner\/Schwinzer Heide","description":"","potentialAction":[{"@type":"SearchAction","target":{"@type":"EntryPoint","urlTemplate":"https:\/\/www.naturparkmagazin.de\/nossentiner-schwinzer-heide\/?s={search_term_string}"},"query-input":"required name=search_term_string"}],"inLanguage":"de"},{"@type":"Person","@id":"https:\/\/www.naturparkmagazin.de\/nossentiner-schwinzer-heide\/#\/schema\/person\/6e5721221b13b6f827e696f29ff18008","name":"evelinkartheuser","url":"https:\/\/www.naturparkmagazin.de\/nossentiner-schwinzer-heide\/author\/evelinkartheuser\/"}]}},"_links":{"self":[{"href":"https:\/\/www.naturparkmagazin.de\/nossentiner-schwinzer-heide\/wp-json\/wp\/v2\/posts\/3175"}],"collection":[{"href":"https:\/\/www.naturparkmagazin.de\/nossentiner-schwinzer-heide\/wp-json\/wp\/v2\/posts"}],"about":[{"href":"https:\/\/www.naturparkmagazin.de\/nossentiner-schwinzer-heide\/wp-json\/wp\/v2\/types\/post"}],"author":[{"embeddable":true,"href":"https:\/\/www.naturparkmagazin.de\/nossentiner-schwinzer-heide\/wp-json\/wp\/v2\/users\/84"}],"replies":[{"embeddable":true,"href":"https:\/\/www.naturparkmagazin.de\/nossentiner-schwinzer-heide\/wp-json\/wp\/v2\/comments?post=3175"}],"version-history":[{"count":5,"href":"https:\/\/www.naturparkmagazin.de\/nossentiner-schwinzer-heide\/wp-json\/wp\/v2\/posts\/3175\/revisions"}],"predecessor-version":[{"id":3364,"href":"https:\/\/www.naturparkmagazin.de\/nossentiner-schwinzer-heide\/wp-json\/wp\/v2\/posts\/3175\/revisions\/3364"}],"wp:featuredmedia":[{"embeddable":true,"href":"https:\/\/www.naturparkmagazin.de\/nossentiner-schwinzer-heide\/wp-json\/wp\/v2\/media\/3176"}],"wp:attachment":[{"href":"https:\/\/www.naturparkmagazin.de\/nossentiner-schwinzer-heide\/wp-json\/wp\/v2\/media?parent=3175"}],"wp:term":[{"taxonomy":"category","embeddable":true,"href":"https:\/\/www.naturparkmagazin.de\/nossentiner-schwinzer-heide\/wp-json\/wp\/v2\/categories?post=3175"},{"taxonomy":"post_tag","embeddable":true,"href":"https:\/\/www.naturparkmagazin.de\/nossentiner-schwinzer-heide\/wp-json\/wp\/v2\/tags?post=3175"}],"curies":[{"name":"wp","href":"https:\/\/api.w.org\/{rel}","templated":true}]}}