{"id":3182,"date":"2020-12-09T21:02:46","date_gmt":"2020-12-09T20:02:46","guid":{"rendered":"https:\/\/www.naturparkmagazin.de\/nossentiner-schwinzer-heide\/?p=3182"},"modified":"2021-04-07T16:53:05","modified_gmt":"2021-04-07T14:53:05","slug":"erstes-elektro-auto-in-der-naturparkverwaltung","status":"publish","type":"post","link":"https:\/\/www.naturparkmagazin.de\/nossentiner-schwinzer-heide\/erstes-elektro-auto-in-der-naturparkverwaltung\/","title":{"rendered":"Erstes Elektro-Auto in der Naturparkverwaltung"},"content":{"rendered":"<pre>Dezember 2020<\/pre>\n<p>Das erste rein elektrisch fahrende Fahrzeug in einem Naturpark in Mecklenburg-Vorpommern l\u00e4uft ab Dezember 2020 im Naturpark Nossentiner\/Schwinzer Heide. Der Naturpark bem\u00fcht sich seit mehreren Jahren um den Ausbau der Elektromobilit\u00e4t in der Region, insbesondere mit Unterst\u00fctzung von F\u00f6rderprogrammen wie LEADER und in Zusammenarbeit mit dem Naturpark Sternberger Seenlandschaft sowie aktiven Einzelpersonen wie Dr. Ernst Sch\u00fctzler und Dirk M\u00fcller vom Verein B\u00fctzower Land e.V. Es gibt nachweislich keine l\u00e4ndliche Region in Norddeutschland mit einem so dichten Netz an E-Ladestationen wie in unserer Region. Insofern war es folgerichtig, auch bei der Ersatzbeschaffung von Fahrzeugen f\u00fcr die Naturparkwacht auf Elektromobilit\u00e4t zu setzen. Mit starker Unterst\u00fctzung der Allgemeinen Abteilung des LUNG MV, namentlich Herrn v.Weyhe, wurde ein E-StreetScooter angeschafft. Mit einer Zuladung bis zu 1.175 kg und 20 m\u00b3 Ladevolumen ist der StreetScooter der Beste seiner Fahrzeugklasse: Er erreicht Geschwindigkeiten bis zu 90 km\/h bei einer Reichweite bis zu 180 km, was den t\u00e4glichen Erfordernissen des Einsatzes in der Naturparkwacht des Naturparks Rechnung tr\u00e4gt. Am Abend an die vorhandene E-Ladestation gesteckt, welche mit \u00d6kostrom betrieben wird, ist er am Morgen wieder voll einsatzbereit.<\/p>\n<p><a href=\"https:\/\/www.naturparkmagazin.de\/nossentiner-schwinzer-heide\/wp-content\/uploads\/sites\/28\/IMG_20201221_154134_BURST001_COVER.jpg\"><img decoding=\"async\" loading=\"lazy\" class=\"alignnone size-medium wp-image-3183\" src=\"https:\/\/www.naturparkmagazin.de\/nossentiner-schwinzer-heide\/wp-content\/uploads\/sites\/28\/IMG_20201221_154134_BURST001_COVER-620x465.jpg\" alt=\"IMG_20201221_154134_BURST001_COVER\" width=\"620\" height=\"465\" srcset=\"https:\/\/www.naturparkmagazin.de\/nossentiner-schwinzer-heide\/wp-content\/uploads\/sites\/28\/IMG_20201221_154134_BURST001_COVER-620x465.jpg 620w, https:\/\/www.naturparkmagazin.de\/nossentiner-schwinzer-heide\/wp-content\/uploads\/sites\/28\/IMG_20201221_154134_BURST001_COVER-300x225.jpg 300w, https:\/\/www.naturparkmagazin.de\/nossentiner-schwinzer-heide\/wp-content\/uploads\/sites\/28\/IMG_20201221_154134_BURST001_COVER-940x705.jpg 940w, https:\/\/www.naturparkmagazin.de\/nossentiner-schwinzer-heide\/wp-content\/uploads\/sites\/28\/IMG_20201221_154134_BURST001_COVER-580x435.jpg 580w, https:\/\/www.naturparkmagazin.de\/nossentiner-schwinzer-heide\/wp-content\/uploads\/sites\/28\/IMG_20201221_154134_BURST001_COVER-420x315.jpg 420w, https:\/\/www.naturparkmagazin.de\/nossentiner-schwinzer-heide\/wp-content\/uploads\/sites\/28\/IMG_20201221_154134_BURST001_COVER-180x135.jpg 180w, https:\/\/www.naturparkmagazin.de\/nossentiner-schwinzer-heide\/wp-content\/uploads\/sites\/28\/IMG_20201221_154134_BURST001_COVER-95x71.jpg 95w, https:\/\/www.naturparkmagazin.de\/nossentiner-schwinzer-heide\/wp-content\/uploads\/sites\/28\/IMG_20201221_154134_BURST001_COVER-670x503.jpg 670w, https:\/\/www.naturparkmagazin.de\/nossentiner-schwinzer-heide\/wp-content\/uploads\/sites\/28\/IMG_20201221_154134_BURST001_COVER-200x150.jpg 200w, https:\/\/www.naturparkmagazin.de\/nossentiner-schwinzer-heide\/wp-content\/uploads\/sites\/28\/IMG_20201221_154134_BURST001_COVER.jpg 1024w\" sizes=\"(max-width: 620px) 100vw, 620px\" \/><\/a><\/p>\n","protected":false},"excerpt":{"rendered":"<p>Das erste rein elektrisch fahrende Fahrzeug in einem Naturpark in Mecklenburg-Vorpommern l\u00e4uft ab Dezember 2020 im Naturpark Nossentiner\/Schwinzer Heide.<\/p>\n","protected":false},"author":84,"featured_media":3183,"comment_status":"open","ping_status":"open","sticky":false,"template":"","format":"standard","meta":[],"categories":[7],"tags":[],"yoast_head":"<!-- This site is optimized with the Yoast SEO plugin v19.10 - https:\/\/yoast.com\/wordpress\/plugins\/seo\/ -->\n<title>Erstes Elektro-Auto in der Naturparkverwaltung - Naturpark Nossentiner\/Schwinzer Heide<\/title>\n<meta name=\"robots\" content=\"index, follow, max-snippet:-1, max-image-preview:large, max-video-preview:-1\" \/>\n<link rel=\"canonical\" href=\"https:\/\/www.naturparkmagazin.de\/nossentiner-schwinzer-heide\/erstes-elektro-auto-in-der-naturparkverwaltung\/\" \/>\n<meta property=\"og:locale\" content=\"de_DE\" \/>\n<meta property=\"og:type\" content=\"article\" \/>\n<meta property=\"og:title\" content=\"Erstes Elektro-Auto in der Naturparkverwaltung - Naturpark Nossentiner\/Schwinzer Heide\" \/>\n<meta property=\"og:description\" content=\"Das erste rein elektrisch fahrende Fahrzeug in einem Naturpark in Mecklenburg-Vorpommern l\u00e4uft ab Dezember 2020 im Naturpark Nossentiner\/Schwinzer Heide.\" \/>\n<meta property=\"og:url\" content=\"https:\/\/www.naturparkmagazin.de\/nossentiner-schwinzer-heide\/erstes-elektro-auto-in-der-naturparkverwaltung\/\" \/>\n<meta property=\"og:site_name\" content=\"Naturpark Nossentiner\/Schwinzer Heide\" \/>\n<meta property=\"article:published_time\" content=\"2020-12-09T20:02:46+00:00\" \/>\n<meta property=\"article:modified_time\" content=\"2021-04-07T14:53:05+00:00\" \/>\n<meta property=\"og:image\" content=\"https:\/\/www.naturparkmagazin.de\/nossentiner-schwinzer-heide\/wp-content\/uploads\/sites\/28\/IMG_20201221_154134_BURST001_COVER.jpg\" \/>\n\t<meta property=\"og:image:width\" content=\"1024\" \/>\n\t<meta property=\"og:image:height\" content=\"768\" \/>\n\t<meta property=\"og:image:type\" content=\"image\/jpeg\" \/>\n<meta name=\"author\" content=\"evelinkartheuser\" \/>\n<meta name=\"twitter:label1\" content=\"Verfasst von\" \/>\n\t<meta name=\"twitter:data1\" content=\"evelinkartheuser\" \/>\n\t<meta name=\"twitter:label2\" content=\"Gesch\u00e4tzte Lesezeit\" \/>\n\t<meta name=\"twitter:data2\" content=\"1\u00a0Minute\" \/>\n<script type=\"application\/ld+json\" class=\"yoast-schema-graph\">{\"@context\":\"https:\/\/schema.org\",\"@graph\":[{\"@type\":\"WebPage\",\"@id\":\"https:\/\/www.naturparkmagazin.de\/nossentiner-schwinzer-heide\/erstes-elektro-auto-in-der-naturparkverwaltung\/\",\"url\":\"https:\/\/www.naturparkmagazin.de\/nossentiner-schwinzer-heide\/erstes-elektro-auto-in-der-naturparkverwaltung\/\",\"name\":\"Erstes Elektro-Auto in der Naturparkverwaltung - Naturpark Nossentiner\/Schwinzer Heide\",\"isPartOf\":{\"@id\":\"https:\/\/www.naturparkmagazin.de\/nossentiner-schwinzer-heide\/#website\"},\"datePublished\":\"2020-12-09T20:02:46+00:00\",\"dateModified\":\"2021-04-07T14:53:05+00:00\",\"author\":{\"@id\":\"https:\/\/www.naturparkmagazin.de\/nossentiner-schwinzer-heide\/#\/schema\/person\/6e5721221b13b6f827e696f29ff18008\"},\"breadcrumb\":{\"@id\":\"https:\/\/www.naturparkmagazin.de\/nossentiner-schwinzer-heide\/erstes-elektro-auto-in-der-naturparkverwaltung\/#breadcrumb\"},\"inLanguage\":\"de\",\"potentialAction\":[{\"@type\":\"ReadAction\",\"target\":[\"https:\/\/www.naturparkmagazin.de\/nossentiner-schwinzer-heide\/erstes-elektro-auto-in-der-naturparkverwaltung\/\"]}]},{\"@type\":\"BreadcrumbList\",\"@id\":\"https:\/\/www.naturparkmagazin.de\/nossentiner-schwinzer-heide\/erstes-elektro-auto-in-der-naturparkverwaltung\/#breadcrumb\",\"itemListElement\":[{\"@type\":\"ListItem\",\"position\":1,\"name\":\"Home\",\"item\":\"https:\/\/www.naturparkmagazin.de\/nossentiner-schwinzer-heide\/\"},{\"@type\":\"ListItem\",\"position\":2,\"name\":\"Erstes Elektro-Auto in der Naturparkverwaltung\"}]},{\"@type\":\"WebSite\",\"@id\":\"https:\/\/www.naturparkmagazin.de\/nossentiner-schwinzer-heide\/#website\",\"url\":\"https:\/\/www.naturparkmagazin.de\/nossentiner-schwinzer-heide\/\",\"name\":\"Naturpark Nossentiner\/Schwinzer Heide\",\"description\":\"\",\"potentialAction\":[{\"@type\":\"SearchAction\",\"target\":{\"@type\":\"EntryPoint\",\"urlTemplate\":\"https:\/\/www.naturparkmagazin.de\/nossentiner-schwinzer-heide\/?s={search_term_string}\"},\"query-input\":\"required name=search_term_string\"}],\"inLanguage\":\"de\"},{\"@type\":\"Person\",\"@id\":\"https:\/\/www.naturparkmagazin.de\/nossentiner-schwinzer-heide\/#\/schema\/person\/6e5721221b13b6f827e696f29ff18008\",\"name\":\"evelinkartheuser\",\"url\":\"https:\/\/www.naturparkmagazin.de\/nossentiner-schwinzer-heide\/author\/evelinkartheuser\/\"}]}<\/script>\n<!-- \/ Yoast SEO plugin. -->","yoast_head_json":{"title":"Erstes Elektro-Auto in der Naturparkverwaltung - Naturpark Nossentiner\/Schwinzer Heide","robots":{"index":"index","follow":"follow","max-snippet":"max-snippet:-1","max-image-preview":"max-image-preview:large","max-video-preview":"max-video-preview:-1"},"canonical":"https:\/\/www.naturparkmagazin.de\/nossentiner-schwinzer-heide\/erstes-elektro-auto-in-der-naturparkverwaltung\/","og_locale":"de_DE","og_type":"article","og_title":"Erstes Elektro-Auto in der Naturparkverwaltung - Naturpark Nossentiner\/Schwinzer Heide","og_description":"Das erste rein elektrisch fahrende Fahrzeug in einem Naturpark in Mecklenburg-Vorpommern l\u00e4uft ab Dezember 2020 im Naturpark Nossentiner\/Schwinzer Heide.","og_url":"https:\/\/www.naturparkmagazin.de\/nossentiner-schwinzer-heide\/erstes-elektro-auto-in-der-naturparkverwaltung\/","og_site_name":"Naturpark Nossentiner\/Schwinzer Heide","article_published_time":"2020-12-09T20:02:46+00:00","article_modified_time":"2021-04-07T14:53:05+00:00","og_image":[{"width":1024,"height":768,"url":"https:\/\/www.naturparkmagazin.de\/nossentiner-schwinzer-heide\/wp-content\/uploads\/sites\/28\/IMG_20201221_154134_BURST001_COVER.jpg","type":"image\/jpeg"}],"author":"evelinkartheuser","twitter_misc":{"Verfasst von":"evelinkartheuser","Gesch\u00e4tzte Lesezeit":"1\u00a0Minute"},"schema":{"@context":"https:\/\/schema.org","@graph":[{"@type":"WebPage","@id":"https:\/\/www.naturparkmagazin.de\/nossentiner-schwinzer-heide\/erstes-elektro-auto-in-der-naturparkverwaltung\/","url":"https:\/\/www.naturparkmagazin.de\/nossentiner-schwinzer-heide\/erstes-elektro-auto-in-der-naturparkverwaltung\/","name":"Erstes Elektro-Auto in der Naturparkverwaltung - Naturpark Nossentiner\/Schwinzer Heide","isPartOf":{"@id":"https:\/\/www.naturparkmagazin.de\/nossentiner-schwinzer-heide\/#website"},"datePublished":"2020-12-09T20:02:46+00:00","dateModified":"2021-04-07T14:53:05+00:00","author":{"@id":"https:\/\/www.naturparkmagazin.de\/nossentiner-schwinzer-heide\/#\/schema\/person\/6e5721221b13b6f827e696f29ff18008"},"breadcrumb":{"@id":"https:\/\/www.naturparkmagazin.de\/nossentiner-schwinzer-heide\/erstes-elektro-auto-in-der-naturparkverwaltung\/#breadcrumb"},"inLanguage":"de","potentialAction":[{"@type":"ReadAction","target":["https:\/\/www.naturparkmagazin.de\/nossentiner-schwinzer-heide\/erstes-elektro-auto-in-der-naturparkverwaltung\/"]}]},{"@type":"BreadcrumbList","@id":"https:\/\/www.naturparkmagazin.de\/nossentiner-schwinzer-heide\/erstes-elektro-auto-in-der-naturparkverwaltung\/#breadcrumb","itemListElement":[{"@type":"ListItem","position":1,"name":"Home","item":"https:\/\/www.naturparkmagazin.de\/nossentiner-schwinzer-heide\/"},{"@type":"ListItem","position":2,"name":"Erstes Elektro-Auto in der Naturparkverwaltung"}]},{"@type":"WebSite","@id":"https:\/\/www.naturparkmagazin.de\/nossentiner-schwinzer-heide\/#website","url":"https:\/\/www.naturparkmagazin.de\/nossentiner-schwinzer-heide\/","name":"Naturpark Nossentiner\/Schwinzer Heide","description":"","potentialAction":[{"@type":"SearchAction","target":{"@type":"EntryPoint","urlTemplate":"https:\/\/www.naturparkmagazin.de\/nossentiner-schwinzer-heide\/?s={search_term_string}"},"query-input":"required name=search_term_string"}],"inLanguage":"de"},{"@type":"Person","@id":"https:\/\/www.naturparkmagazin.de\/nossentiner-schwinzer-heide\/#\/schema\/person\/6e5721221b13b6f827e696f29ff18008","name":"evelinkartheuser","url":"https:\/\/www.naturparkmagazin.de\/nossentiner-schwinzer-heide\/author\/evelinkartheuser\/"}]}},"_links":{"self":[{"href":"https:\/\/www.naturparkmagazin.de\/nossentiner-schwinzer-heide\/wp-json\/wp\/v2\/posts\/3182"}],"collection":[{"href":"https:\/\/www.naturparkmagazin.de\/nossentiner-schwinzer-heide\/wp-json\/wp\/v2\/posts"}],"about":[{"href":"https:\/\/www.naturparkmagazin.de\/nossentiner-schwinzer-heide\/wp-json\/wp\/v2\/types\/post"}],"author":[{"embeddable":true,"href":"https:\/\/www.naturparkmagazin.de\/nossentiner-schwinzer-heide\/wp-json\/wp\/v2\/users\/84"}],"replies":[{"embeddable":true,"href":"https:\/\/www.naturparkmagazin.de\/nossentiner-schwinzer-heide\/wp-json\/wp\/v2\/comments?post=3182"}],"version-history":[{"count":2,"href":"https:\/\/www.naturparkmagazin.de\/nossentiner-schwinzer-heide\/wp-json\/wp\/v2\/posts\/3182\/revisions"}],"predecessor-version":[{"id":3363,"href":"https:\/\/www.naturparkmagazin.de\/nossentiner-schwinzer-heide\/wp-json\/wp\/v2\/posts\/3182\/revisions\/3363"}],"wp:featuredmedia":[{"embeddable":true,"href":"https:\/\/www.naturparkmagazin.de\/nossentiner-schwinzer-heide\/wp-json\/wp\/v2\/media\/3183"}],"wp:attachment":[{"href":"https:\/\/www.naturparkmagazin.de\/nossentiner-schwinzer-heide\/wp-json\/wp\/v2\/media?parent=3182"}],"wp:term":[{"taxonomy":"category","embeddable":true,"href":"https:\/\/www.naturparkmagazin.de\/nossentiner-schwinzer-heide\/wp-json\/wp\/v2\/categories?post=3182"},{"taxonomy":"post_tag","embeddable":true,"href":"https:\/\/www.naturparkmagazin.de\/nossentiner-schwinzer-heide\/wp-json\/wp\/v2\/tags?post=3182"}],"curies":[{"name":"wp","href":"https:\/\/api.w.org\/{rel}","templated":true}]}}