{"id":3195,"date":"2021-01-20T12:40:53","date_gmt":"2021-01-20T11:40:53","guid":{"rendered":"https:\/\/www.naturparkmagazin.de\/nossentiner-schwinzer-heide\/?p=3195"},"modified":"2021-01-20T12:47:17","modified_gmt":"2021-01-20T11:47:17","slug":"schietwetter-wanderung-am-17-2-und-vortrag-am-24-2-muessen-leider-ausfallen","status":"publish","type":"post","link":"https:\/\/www.naturparkmagazin.de\/nossentiner-schwinzer-heide\/schietwetter-wanderung-am-17-2-und-vortrag-am-24-2-muessen-leider-ausfallen\/","title":{"rendered":"Schietwetter-Wanderung am 17.2. und Vortrag am 24.2. m\u00fcssen leider ausfallen"},"content":{"rendered":"<p>Leider d\u00fcrfen im Februar 2021 noch keine Pr\u00e4senz-Veranstaltungen im Naturpark stattfinden. Deshalb muss die f\u00fcr den 17.2.2021 geplante &#8222;Schietwetter-Wanderung&#8220; leider ausfallen.<\/p>\n<p>F\u00fcr den 24.2.2021 war auch noch der Vortrag &#8222;Slawische Burganlagen in in unserer Region\u201cvon Dr. Fred Ruchh\u00f6ft geplant. Auch dieser darf nicht wie gewohnt im Karower Meiler stattfinden. Ob es eine virtuelle Alternative geben wird, ist noch nicht entschieden.<\/p>\n","protected":false},"excerpt":{"rendered":"<p>Leider d\u00fcrfen im Februar 2021 noch keine Pr\u00e4senz-Veranstaltungen im Naturpark stattfinden. Deshalb muss die f\u00fcr den 17.2.2021 geplante &#8222;Schietwetter-Wanderung&#8220; leider ausfallen. Auch der Vortrag kann nicht im Meiler stattfinden.<\/p>\n","protected":false},"author":84,"featured_media":0,"comment_status":"open","ping_status":"open","sticky":false,"template":"","format":"standard","meta":[],"categories":[11],"tags":[],"yoast_head":"<!-- This site is optimized with the Yoast SEO plugin v19.10 - https:\/\/yoast.com\/wordpress\/plugins\/seo\/ -->\n<title>Schietwetter-Wanderung am 17.2. und Vortrag am 24.2. m\u00fcssen leider ausfallen - Naturpark Nossentiner\/Schwinzer Heide<\/title>\n<meta name=\"robots\" content=\"index, follow, max-snippet:-1, max-image-preview:large, max-video-preview:-1\" \/>\n<link rel=\"canonical\" href=\"https:\/\/www.naturparkmagazin.de\/nossentiner-schwinzer-heide\/schietwetter-wanderung-am-17-2-und-vortrag-am-24-2-muessen-leider-ausfallen\/\" \/>\n<meta property=\"og:locale\" content=\"de_DE\" \/>\n<meta property=\"og:type\" content=\"article\" \/>\n<meta property=\"og:title\" content=\"Schietwetter-Wanderung am 17.2. und Vortrag am 24.2. m\u00fcssen leider ausfallen - Naturpark Nossentiner\/Schwinzer Heide\" \/>\n<meta property=\"og:description\" content=\"Leider d\u00fcrfen im Februar 2021 noch keine Pr\u00e4senz-Veranstaltungen im Naturpark stattfinden. Deshalb muss die f\u00fcr den 17.2.2021 geplante &quot;Schietwetter-Wanderung&quot; leider ausfallen. Auch der Vortrag kann nicht im Meiler stattfinden.\" \/>\n<meta property=\"og:url\" content=\"https:\/\/www.naturparkmagazin.de\/nossentiner-schwinzer-heide\/schietwetter-wanderung-am-17-2-und-vortrag-am-24-2-muessen-leider-ausfallen\/\" \/>\n<meta property=\"og:site_name\" content=\"Naturpark Nossentiner\/Schwinzer Heide\" \/>\n<meta property=\"article:published_time\" content=\"2021-01-20T11:40:53+00:00\" \/>\n<meta property=\"article:modified_time\" content=\"2021-01-20T11:47:17+00:00\" \/>\n<meta name=\"author\" content=\"evelinkartheuser\" \/>\n<meta name=\"twitter:label1\" content=\"Verfasst von\" \/>\n\t<meta name=\"twitter:data1\" content=\"evelinkartheuser\" \/>\n<script type=\"application\/ld+json\" class=\"yoast-schema-graph\">{\"@context\":\"https:\/\/schema.org\",\"@graph\":[{\"@type\":\"WebPage\",\"@id\":\"https:\/\/www.naturparkmagazin.de\/nossentiner-schwinzer-heide\/schietwetter-wanderung-am-17-2-und-vortrag-am-24-2-muessen-leider-ausfallen\/\",\"url\":\"https:\/\/www.naturparkmagazin.de\/nossentiner-schwinzer-heide\/schietwetter-wanderung-am-17-2-und-vortrag-am-24-2-muessen-leider-ausfallen\/\",\"name\":\"Schietwetter-Wanderung am 17.2. und Vortrag am 24.2. m\u00fcssen leider ausfallen - Naturpark Nossentiner\/Schwinzer Heide\",\"isPartOf\":{\"@id\":\"https:\/\/www.naturparkmagazin.de\/nossentiner-schwinzer-heide\/#website\"},\"datePublished\":\"2021-01-20T11:40:53+00:00\",\"dateModified\":\"2021-01-20T11:47:17+00:00\",\"author\":{\"@id\":\"https:\/\/www.naturparkmagazin.de\/nossentiner-schwinzer-heide\/#\/schema\/person\/6e5721221b13b6f827e696f29ff18008\"},\"breadcrumb\":{\"@id\":\"https:\/\/www.naturparkmagazin.de\/nossentiner-schwinzer-heide\/schietwetter-wanderung-am-17-2-und-vortrag-am-24-2-muessen-leider-ausfallen\/#breadcrumb\"},\"inLanguage\":\"de\",\"potentialAction\":[{\"@type\":\"ReadAction\",\"target\":[\"https:\/\/www.naturparkmagazin.de\/nossentiner-schwinzer-heide\/schietwetter-wanderung-am-17-2-und-vortrag-am-24-2-muessen-leider-ausfallen\/\"]}]},{\"@type\":\"BreadcrumbList\",\"@id\":\"https:\/\/www.naturparkmagazin.de\/nossentiner-schwinzer-heide\/schietwetter-wanderung-am-17-2-und-vortrag-am-24-2-muessen-leider-ausfallen\/#breadcrumb\",\"itemListElement\":[{\"@type\":\"ListItem\",\"position\":1,\"name\":\"Home\",\"item\":\"https:\/\/www.naturparkmagazin.de\/nossentiner-schwinzer-heide\/\"},{\"@type\":\"ListItem\",\"position\":2,\"name\":\"Schietwetter-Wanderung am 17.2. und Vortrag am 24.2. m\u00fcssen leider ausfallen\"}]},{\"@type\":\"WebSite\",\"@id\":\"https:\/\/www.naturparkmagazin.de\/nossentiner-schwinzer-heide\/#website\",\"url\":\"https:\/\/www.naturparkmagazin.de\/nossentiner-schwinzer-heide\/\",\"name\":\"Naturpark Nossentiner\/Schwinzer Heide\",\"description\":\"\",\"potentialAction\":[{\"@type\":\"SearchAction\",\"target\":{\"@type\":\"EntryPoint\",\"urlTemplate\":\"https:\/\/www.naturparkmagazin.de\/nossentiner-schwinzer-heide\/?s={search_term_string}\"},\"query-input\":\"required name=search_term_string\"}],\"inLanguage\":\"de\"},{\"@type\":\"Person\",\"@id\":\"https:\/\/www.naturparkmagazin.de\/nossentiner-schwinzer-heide\/#\/schema\/person\/6e5721221b13b6f827e696f29ff18008\",\"name\":\"evelinkartheuser\",\"url\":\"https:\/\/www.naturparkmagazin.de\/nossentiner-schwinzer-heide\/author\/evelinkartheuser\/\"}]}<\/script>\n<!-- \/ Yoast SEO plugin. -->","yoast_head_json":{"title":"Schietwetter-Wanderung am 17.2. und Vortrag am 24.2. m\u00fcssen leider ausfallen - Naturpark Nossentiner\/Schwinzer Heide","robots":{"index":"index","follow":"follow","max-snippet":"max-snippet:-1","max-image-preview":"max-image-preview:large","max-video-preview":"max-video-preview:-1"},"canonical":"https:\/\/www.naturparkmagazin.de\/nossentiner-schwinzer-heide\/schietwetter-wanderung-am-17-2-und-vortrag-am-24-2-muessen-leider-ausfallen\/","og_locale":"de_DE","og_type":"article","og_title":"Schietwetter-Wanderung am 17.2. und Vortrag am 24.2. m\u00fcssen leider ausfallen - Naturpark Nossentiner\/Schwinzer Heide","og_description":"Leider d\u00fcrfen im Februar 2021 noch keine Pr\u00e4senz-Veranstaltungen im Naturpark stattfinden. Deshalb muss die f\u00fcr den 17.2.2021 geplante \"Schietwetter-Wanderung\" leider ausfallen. Auch der Vortrag kann nicht im Meiler stattfinden.","og_url":"https:\/\/www.naturparkmagazin.de\/nossentiner-schwinzer-heide\/schietwetter-wanderung-am-17-2-und-vortrag-am-24-2-muessen-leider-ausfallen\/","og_site_name":"Naturpark Nossentiner\/Schwinzer Heide","article_published_time":"2021-01-20T11:40:53+00:00","article_modified_time":"2021-01-20T11:47:17+00:00","author":"evelinkartheuser","twitter_misc":{"Verfasst von":"evelinkartheuser"},"schema":{"@context":"https:\/\/schema.org","@graph":[{"@type":"WebPage","@id":"https:\/\/www.naturparkmagazin.de\/nossentiner-schwinzer-heide\/schietwetter-wanderung-am-17-2-und-vortrag-am-24-2-muessen-leider-ausfallen\/","url":"https:\/\/www.naturparkmagazin.de\/nossentiner-schwinzer-heide\/schietwetter-wanderung-am-17-2-und-vortrag-am-24-2-muessen-leider-ausfallen\/","name":"Schietwetter-Wanderung am 17.2. und Vortrag am 24.2. m\u00fcssen leider ausfallen - Naturpark Nossentiner\/Schwinzer Heide","isPartOf":{"@id":"https:\/\/www.naturparkmagazin.de\/nossentiner-schwinzer-heide\/#website"},"datePublished":"2021-01-20T11:40:53+00:00","dateModified":"2021-01-20T11:47:17+00:00","author":{"@id":"https:\/\/www.naturparkmagazin.de\/nossentiner-schwinzer-heide\/#\/schema\/person\/6e5721221b13b6f827e696f29ff18008"},"breadcrumb":{"@id":"https:\/\/www.naturparkmagazin.de\/nossentiner-schwinzer-heide\/schietwetter-wanderung-am-17-2-und-vortrag-am-24-2-muessen-leider-ausfallen\/#breadcrumb"},"inLanguage":"de","potentialAction":[{"@type":"ReadAction","target":["https:\/\/www.naturparkmagazin.de\/nossentiner-schwinzer-heide\/schietwetter-wanderung-am-17-2-und-vortrag-am-24-2-muessen-leider-ausfallen\/"]}]},{"@type":"BreadcrumbList","@id":"https:\/\/www.naturparkmagazin.de\/nossentiner-schwinzer-heide\/schietwetter-wanderung-am-17-2-und-vortrag-am-24-2-muessen-leider-ausfallen\/#breadcrumb","itemListElement":[{"@type":"ListItem","position":1,"name":"Home","item":"https:\/\/www.naturparkmagazin.de\/nossentiner-schwinzer-heide\/"},{"@type":"ListItem","position":2,"name":"Schietwetter-Wanderung am 17.2. und Vortrag am 24.2. m\u00fcssen leider ausfallen"}]},{"@type":"WebSite","@id":"https:\/\/www.naturparkmagazin.de\/nossentiner-schwinzer-heide\/#website","url":"https:\/\/www.naturparkmagazin.de\/nossentiner-schwinzer-heide\/","name":"Naturpark Nossentiner\/Schwinzer Heide","description":"","potentialAction":[{"@type":"SearchAction","target":{"@type":"EntryPoint","urlTemplate":"https:\/\/www.naturparkmagazin.de\/nossentiner-schwinzer-heide\/?s={search_term_string}"},"query-input":"required name=search_term_string"}],"inLanguage":"de"},{"@type":"Person","@id":"https:\/\/www.naturparkmagazin.de\/nossentiner-schwinzer-heide\/#\/schema\/person\/6e5721221b13b6f827e696f29ff18008","name":"evelinkartheuser","url":"https:\/\/www.naturparkmagazin.de\/nossentiner-schwinzer-heide\/author\/evelinkartheuser\/"}]}},"_links":{"self":[{"href":"https:\/\/www.naturparkmagazin.de\/nossentiner-schwinzer-heide\/wp-json\/wp\/v2\/posts\/3195"}],"collection":[{"href":"https:\/\/www.naturparkmagazin.de\/nossentiner-schwinzer-heide\/wp-json\/wp\/v2\/posts"}],"about":[{"href":"https:\/\/www.naturparkmagazin.de\/nossentiner-schwinzer-heide\/wp-json\/wp\/v2\/types\/post"}],"author":[{"embeddable":true,"href":"https:\/\/www.naturparkmagazin.de\/nossentiner-schwinzer-heide\/wp-json\/wp\/v2\/users\/84"}],"replies":[{"embeddable":true,"href":"https:\/\/www.naturparkmagazin.de\/nossentiner-schwinzer-heide\/wp-json\/wp\/v2\/comments?post=3195"}],"version-history":[{"count":5,"href":"https:\/\/www.naturparkmagazin.de\/nossentiner-schwinzer-heide\/wp-json\/wp\/v2\/posts\/3195\/revisions"}],"predecessor-version":[{"id":3200,"href":"https:\/\/www.naturparkmagazin.de\/nossentiner-schwinzer-heide\/wp-json\/wp\/v2\/posts\/3195\/revisions\/3200"}],"wp:attachment":[{"href":"https:\/\/www.naturparkmagazin.de\/nossentiner-schwinzer-heide\/wp-json\/wp\/v2\/media?parent=3195"}],"wp:term":[{"taxonomy":"category","embeddable":true,"href":"https:\/\/www.naturparkmagazin.de\/nossentiner-schwinzer-heide\/wp-json\/wp\/v2\/categories?post=3195"},{"taxonomy":"post_tag","embeddable":true,"href":"https:\/\/www.naturparkmagazin.de\/nossentiner-schwinzer-heide\/wp-json\/wp\/v2\/tags?post=3195"}],"curies":[{"name":"wp","href":"https:\/\/api.w.org\/{rel}","templated":true}]}}