{"id":3220,"date":"2021-02-15T09:10:09","date_gmt":"2021-02-15T08:10:09","guid":{"rendered":"https:\/\/www.naturparkmagazin.de\/nossentiner-schwinzer-heide\/?p=3220"},"modified":"2021-02-26T09:10:22","modified_gmt":"2021-02-26T08:10:22","slug":"veranstaltungen-im-maerz-2021-muessen-leider-ausfallen","status":"publish","type":"post","link":"https:\/\/www.naturparkmagazin.de\/nossentiner-schwinzer-heide\/veranstaltungen-im-maerz-2021-muessen-leider-ausfallen\/","title":{"rendered":"Veranstaltungen im M\u00e4rz 2021 m\u00fcssen leider ausfallen"},"content":{"rendered":"<p>Leider d\u00fcrfen auch im M\u00e4rz 2021 noch keine Pr\u00e4senz-Veranstaltungen im Naturpark stattfinden. Deshalb m\u00fcssen folgende Veranstaltungen leider ausfallen:<\/p>\n<ul>\n<li>6. M\u00e4rz: Praxisseminar Obstbaumschnitt<\/li>\n<li>20. M\u00e4rz: Exkursion und Vortrag im Anschluss an die Mitgliederversammlung des F\u00f6rdervereins<\/li>\n<li>24. M\u00e4rz: Vortrag &#8222;Nestw\u00e4rme&#8220; von Dr. Ernst-Paul D\u00f6rfler<\/li>\n<li>25. M\u00e4rz: Mondnacht im Naturpark.<\/li>\n<\/ul>\n<p>Auch wenn unsere Veranstaltungen ausfallen m\u00fcssen: die Natur hat immer ge\u00f6ffnet. Wir laden Sie herzlich ein, den erwachenden Fr\u00fchling im Naturpark zu genie\u00dfen.<\/p>\n<div id=\"attachment_3222\" style=\"width: 630px\" class=\"wp-caption alignnone\"><a href=\"https:\/\/www.naturparkmagazin.de\/nossentiner-schwinzer-heide\/wp-content\/uploads\/sites\/28\/Moorfrosch_Kartheuser.jpg\"><img aria-describedby=\"caption-attachment-3222\" decoding=\"async\" loading=\"lazy\" class=\"wp-image-3222 size-medium\" src=\"https:\/\/www.naturparkmagazin.de\/nossentiner-schwinzer-heide\/wp-content\/uploads\/sites\/28\/Moorfrosch_Kartheuser-620x465.jpg\" alt=\"\" width=\"620\" height=\"465\" srcset=\"https:\/\/www.naturparkmagazin.de\/nossentiner-schwinzer-heide\/wp-content\/uploads\/sites\/28\/Moorfrosch_Kartheuser-620x465.jpg 620w, https:\/\/www.naturparkmagazin.de\/nossentiner-schwinzer-heide\/wp-content\/uploads\/sites\/28\/Moorfrosch_Kartheuser-300x225.jpg 300w, https:\/\/www.naturparkmagazin.de\/nossentiner-schwinzer-heide\/wp-content\/uploads\/sites\/28\/Moorfrosch_Kartheuser-940x705.jpg 940w, https:\/\/www.naturparkmagazin.de\/nossentiner-schwinzer-heide\/wp-content\/uploads\/sites\/28\/Moorfrosch_Kartheuser-580x435.jpg 580w, https:\/\/www.naturparkmagazin.de\/nossentiner-schwinzer-heide\/wp-content\/uploads\/sites\/28\/Moorfrosch_Kartheuser-420x315.jpg 420w, https:\/\/www.naturparkmagazin.de\/nossentiner-schwinzer-heide\/wp-content\/uploads\/sites\/28\/Moorfrosch_Kartheuser-180x135.jpg 180w, https:\/\/www.naturparkmagazin.de\/nossentiner-schwinzer-heide\/wp-content\/uploads\/sites\/28\/Moorfrosch_Kartheuser-95x71.jpg 95w, https:\/\/www.naturparkmagazin.de\/nossentiner-schwinzer-heide\/wp-content\/uploads\/sites\/28\/Moorfrosch_Kartheuser-670x503.jpg 670w, https:\/\/www.naturparkmagazin.de\/nossentiner-schwinzer-heide\/wp-content\/uploads\/sites\/28\/Moorfrosch_Kartheuser-200x150.jpg 200w, https:\/\/www.naturparkmagazin.de\/nossentiner-schwinzer-heide\/wp-content\/uploads\/sites\/28\/Moorfrosch_Kartheuser.jpg 1280w\" sizes=\"(max-width: 620px) 100vw, 620px\" \/><\/a><p id=\"caption-attachment-3222\" class=\"wp-caption-text\">Ende M\u00e4rz\/Anfang April feiern die Moorfr\u00f6sche Hochzeit. Dann f\u00e4rben sich die M\u00e4nnchen blau. Das finden die Moorfrosch-Weibchen unwiderstehlich&#8230; Die meisten Tiere verpaaren sich innerhalb von nur einer Woche. Wie auch der Grasfrosch z\u00e4hlt der Moorfrosch damit zu den sogenannten Fr\u00fch- und Explosivlaichern, die innerhalb weniger Tage bis zu 3000 Eier in gro\u00dfen Laichballen ablaichen.\u00a0\u00a0\u00a0\u00a0\u00a0\u00a0\u00a0\u00a0\u00a0\u00a0\u00a0\u00a0\u00a0\u00a0\u00a0\u00a0\u00a0\u00a0\u00a0\u00a0\u00a0\u00a0 Foto: E. Kartheuser<\/p><\/div>\n<p>&nbsp;<\/p>\n","protected":false},"excerpt":{"rendered":"<p>Leider d\u00fcrfen auch im M\u00e4rz 2021 noch keine Pr\u00e4senz-Veranstaltungen im Naturpark stattfinden.<\/p>\n","protected":false},"author":84,"featured_media":3222,"comment_status":"open","ping_status":"open","sticky":false,"template":"","format":"standard","meta":[],"categories":[11],"tags":[],"yoast_head":"<!-- This site is optimized with the Yoast SEO plugin v19.10 - https:\/\/yoast.com\/wordpress\/plugins\/seo\/ -->\n<title>Veranstaltungen im M\u00e4rz 2021 m\u00fcssen leider ausfallen - Naturpark Nossentiner\/Schwinzer Heide<\/title>\n<meta name=\"robots\" content=\"index, follow, max-snippet:-1, max-image-preview:large, max-video-preview:-1\" \/>\n<link rel=\"canonical\" href=\"https:\/\/www.naturparkmagazin.de\/nossentiner-schwinzer-heide\/veranstaltungen-im-maerz-2021-muessen-leider-ausfallen\/\" \/>\n<meta property=\"og:locale\" content=\"de_DE\" \/>\n<meta property=\"og:type\" content=\"article\" \/>\n<meta property=\"og:title\" content=\"Veranstaltungen im M\u00e4rz 2021 m\u00fcssen leider ausfallen - Naturpark Nossentiner\/Schwinzer Heide\" \/>\n<meta property=\"og:description\" content=\"Leider d\u00fcrfen auch im M\u00e4rz 2021 noch keine Pr\u00e4senz-Veranstaltungen im Naturpark stattfinden.\" \/>\n<meta property=\"og:url\" content=\"https:\/\/www.naturparkmagazin.de\/nossentiner-schwinzer-heide\/veranstaltungen-im-maerz-2021-muessen-leider-ausfallen\/\" \/>\n<meta property=\"og:site_name\" content=\"Naturpark Nossentiner\/Schwinzer Heide\" \/>\n<meta property=\"article:published_time\" content=\"2021-02-15T08:10:09+00:00\" \/>\n<meta property=\"article:modified_time\" content=\"2021-02-26T08:10:22+00:00\" \/>\n<meta property=\"og:image\" content=\"https:\/\/www.naturparkmagazin.de\/nossentiner-schwinzer-heide\/wp-content\/uploads\/sites\/28\/Moorfrosch_Kartheuser.jpg\" \/>\n\t<meta property=\"og:image:width\" content=\"1280\" \/>\n\t<meta property=\"og:image:height\" content=\"960\" \/>\n\t<meta property=\"og:image:type\" content=\"image\/jpeg\" \/>\n<meta name=\"author\" content=\"evelinkartheuser\" \/>\n<meta name=\"twitter:label1\" content=\"Verfasst von\" \/>\n\t<meta name=\"twitter:data1\" content=\"evelinkartheuser\" \/>\n\t<meta name=\"twitter:label2\" content=\"Gesch\u00e4tzte Lesezeit\" \/>\n\t<meta name=\"twitter:data2\" content=\"1\u00a0Minute\" \/>\n<script type=\"application\/ld+json\" class=\"yoast-schema-graph\">{\"@context\":\"https:\/\/schema.org\",\"@graph\":[{\"@type\":\"WebPage\",\"@id\":\"https:\/\/www.naturparkmagazin.de\/nossentiner-schwinzer-heide\/veranstaltungen-im-maerz-2021-muessen-leider-ausfallen\/\",\"url\":\"https:\/\/www.naturparkmagazin.de\/nossentiner-schwinzer-heide\/veranstaltungen-im-maerz-2021-muessen-leider-ausfallen\/\",\"name\":\"Veranstaltungen im M\u00e4rz 2021 m\u00fcssen leider ausfallen - Naturpark Nossentiner\/Schwinzer Heide\",\"isPartOf\":{\"@id\":\"https:\/\/www.naturparkmagazin.de\/nossentiner-schwinzer-heide\/#website\"},\"datePublished\":\"2021-02-15T08:10:09+00:00\",\"dateModified\":\"2021-02-26T08:10:22+00:00\",\"author\":{\"@id\":\"https:\/\/www.naturparkmagazin.de\/nossentiner-schwinzer-heide\/#\/schema\/person\/6e5721221b13b6f827e696f29ff18008\"},\"breadcrumb\":{\"@id\":\"https:\/\/www.naturparkmagazin.de\/nossentiner-schwinzer-heide\/veranstaltungen-im-maerz-2021-muessen-leider-ausfallen\/#breadcrumb\"},\"inLanguage\":\"de\",\"potentialAction\":[{\"@type\":\"ReadAction\",\"target\":[\"https:\/\/www.naturparkmagazin.de\/nossentiner-schwinzer-heide\/veranstaltungen-im-maerz-2021-muessen-leider-ausfallen\/\"]}]},{\"@type\":\"BreadcrumbList\",\"@id\":\"https:\/\/www.naturparkmagazin.de\/nossentiner-schwinzer-heide\/veranstaltungen-im-maerz-2021-muessen-leider-ausfallen\/#breadcrumb\",\"itemListElement\":[{\"@type\":\"ListItem\",\"position\":1,\"name\":\"Home\",\"item\":\"https:\/\/www.naturparkmagazin.de\/nossentiner-schwinzer-heide\/\"},{\"@type\":\"ListItem\",\"position\":2,\"name\":\"Veranstaltungen im M\u00e4rz 2021 m\u00fcssen leider ausfallen\"}]},{\"@type\":\"WebSite\",\"@id\":\"https:\/\/www.naturparkmagazin.de\/nossentiner-schwinzer-heide\/#website\",\"url\":\"https:\/\/www.naturparkmagazin.de\/nossentiner-schwinzer-heide\/\",\"name\":\"Naturpark Nossentiner\/Schwinzer Heide\",\"description\":\"\",\"potentialAction\":[{\"@type\":\"SearchAction\",\"target\":{\"@type\":\"EntryPoint\",\"urlTemplate\":\"https:\/\/www.naturparkmagazin.de\/nossentiner-schwinzer-heide\/?s={search_term_string}\"},\"query-input\":\"required name=search_term_string\"}],\"inLanguage\":\"de\"},{\"@type\":\"Person\",\"@id\":\"https:\/\/www.naturparkmagazin.de\/nossentiner-schwinzer-heide\/#\/schema\/person\/6e5721221b13b6f827e696f29ff18008\",\"name\":\"evelinkartheuser\",\"url\":\"https:\/\/www.naturparkmagazin.de\/nossentiner-schwinzer-heide\/author\/evelinkartheuser\/\"}]}<\/script>\n<!-- \/ Yoast SEO plugin. -->","yoast_head_json":{"title":"Veranstaltungen im M\u00e4rz 2021 m\u00fcssen leider ausfallen - Naturpark Nossentiner\/Schwinzer Heide","robots":{"index":"index","follow":"follow","max-snippet":"max-snippet:-1","max-image-preview":"max-image-preview:large","max-video-preview":"max-video-preview:-1"},"canonical":"https:\/\/www.naturparkmagazin.de\/nossentiner-schwinzer-heide\/veranstaltungen-im-maerz-2021-muessen-leider-ausfallen\/","og_locale":"de_DE","og_type":"article","og_title":"Veranstaltungen im M\u00e4rz 2021 m\u00fcssen leider ausfallen - Naturpark Nossentiner\/Schwinzer Heide","og_description":"Leider d\u00fcrfen auch im M\u00e4rz 2021 noch keine Pr\u00e4senz-Veranstaltungen im Naturpark stattfinden.","og_url":"https:\/\/www.naturparkmagazin.de\/nossentiner-schwinzer-heide\/veranstaltungen-im-maerz-2021-muessen-leider-ausfallen\/","og_site_name":"Naturpark Nossentiner\/Schwinzer Heide","article_published_time":"2021-02-15T08:10:09+00:00","article_modified_time":"2021-02-26T08:10:22+00:00","og_image":[{"width":1280,"height":960,"url":"https:\/\/www.naturparkmagazin.de\/nossentiner-schwinzer-heide\/wp-content\/uploads\/sites\/28\/Moorfrosch_Kartheuser.jpg","type":"image\/jpeg"}],"author":"evelinkartheuser","twitter_misc":{"Verfasst von":"evelinkartheuser","Gesch\u00e4tzte Lesezeit":"1\u00a0Minute"},"schema":{"@context":"https:\/\/schema.org","@graph":[{"@type":"WebPage","@id":"https:\/\/www.naturparkmagazin.de\/nossentiner-schwinzer-heide\/veranstaltungen-im-maerz-2021-muessen-leider-ausfallen\/","url":"https:\/\/www.naturparkmagazin.de\/nossentiner-schwinzer-heide\/veranstaltungen-im-maerz-2021-muessen-leider-ausfallen\/","name":"Veranstaltungen im M\u00e4rz 2021 m\u00fcssen leider ausfallen - Naturpark Nossentiner\/Schwinzer Heide","isPartOf":{"@id":"https:\/\/www.naturparkmagazin.de\/nossentiner-schwinzer-heide\/#website"},"datePublished":"2021-02-15T08:10:09+00:00","dateModified":"2021-02-26T08:10:22+00:00","author":{"@id":"https:\/\/www.naturparkmagazin.de\/nossentiner-schwinzer-heide\/#\/schema\/person\/6e5721221b13b6f827e696f29ff18008"},"breadcrumb":{"@id":"https:\/\/www.naturparkmagazin.de\/nossentiner-schwinzer-heide\/veranstaltungen-im-maerz-2021-muessen-leider-ausfallen\/#breadcrumb"},"inLanguage":"de","potentialAction":[{"@type":"ReadAction","target":["https:\/\/www.naturparkmagazin.de\/nossentiner-schwinzer-heide\/veranstaltungen-im-maerz-2021-muessen-leider-ausfallen\/"]}]},{"@type":"BreadcrumbList","@id":"https:\/\/www.naturparkmagazin.de\/nossentiner-schwinzer-heide\/veranstaltungen-im-maerz-2021-muessen-leider-ausfallen\/#breadcrumb","itemListElement":[{"@type":"ListItem","position":1,"name":"Home","item":"https:\/\/www.naturparkmagazin.de\/nossentiner-schwinzer-heide\/"},{"@type":"ListItem","position":2,"name":"Veranstaltungen im M\u00e4rz 2021 m\u00fcssen leider ausfallen"}]},{"@type":"WebSite","@id":"https:\/\/www.naturparkmagazin.de\/nossentiner-schwinzer-heide\/#website","url":"https:\/\/www.naturparkmagazin.de\/nossentiner-schwinzer-heide\/","name":"Naturpark Nossentiner\/Schwinzer Heide","description":"","potentialAction":[{"@type":"SearchAction","target":{"@type":"EntryPoint","urlTemplate":"https:\/\/www.naturparkmagazin.de\/nossentiner-schwinzer-heide\/?s={search_term_string}"},"query-input":"required name=search_term_string"}],"inLanguage":"de"},{"@type":"Person","@id":"https:\/\/www.naturparkmagazin.de\/nossentiner-schwinzer-heide\/#\/schema\/person\/6e5721221b13b6f827e696f29ff18008","name":"evelinkartheuser","url":"https:\/\/www.naturparkmagazin.de\/nossentiner-schwinzer-heide\/author\/evelinkartheuser\/"}]}},"_links":{"self":[{"href":"https:\/\/www.naturparkmagazin.de\/nossentiner-schwinzer-heide\/wp-json\/wp\/v2\/posts\/3220"}],"collection":[{"href":"https:\/\/www.naturparkmagazin.de\/nossentiner-schwinzer-heide\/wp-json\/wp\/v2\/posts"}],"about":[{"href":"https:\/\/www.naturparkmagazin.de\/nossentiner-schwinzer-heide\/wp-json\/wp\/v2\/types\/post"}],"author":[{"embeddable":true,"href":"https:\/\/www.naturparkmagazin.de\/nossentiner-schwinzer-heide\/wp-json\/wp\/v2\/users\/84"}],"replies":[{"embeddable":true,"href":"https:\/\/www.naturparkmagazin.de\/nossentiner-schwinzer-heide\/wp-json\/wp\/v2\/comments?post=3220"}],"version-history":[{"count":2,"href":"https:\/\/www.naturparkmagazin.de\/nossentiner-schwinzer-heide\/wp-json\/wp\/v2\/posts\/3220\/revisions"}],"predecessor-version":[{"id":3223,"href":"https:\/\/www.naturparkmagazin.de\/nossentiner-schwinzer-heide\/wp-json\/wp\/v2\/posts\/3220\/revisions\/3223"}],"wp:featuredmedia":[{"embeddable":true,"href":"https:\/\/www.naturparkmagazin.de\/nossentiner-schwinzer-heide\/wp-json\/wp\/v2\/media\/3222"}],"wp:attachment":[{"href":"https:\/\/www.naturparkmagazin.de\/nossentiner-schwinzer-heide\/wp-json\/wp\/v2\/media?parent=3220"}],"wp:term":[{"taxonomy":"category","embeddable":true,"href":"https:\/\/www.naturparkmagazin.de\/nossentiner-schwinzer-heide\/wp-json\/wp\/v2\/categories?post=3220"},{"taxonomy":"post_tag","embeddable":true,"href":"https:\/\/www.naturparkmagazin.de\/nossentiner-schwinzer-heide\/wp-json\/wp\/v2\/tags?post=3220"}],"curies":[{"name":"wp","href":"https:\/\/api.w.org\/{rel}","templated":true}]}}