{"id":3225,"date":"2021-02-15T09:20:37","date_gmt":"2021-02-15T08:20:37","guid":{"rendered":"https:\/\/www.naturparkmagazin.de\/nossentiner-schwinzer-heide\/?p=3225"},"modified":"2021-02-26T09:21:01","modified_gmt":"2021-02-26T08:21:01","slug":"filmcamp-fuer-jugendliche-zu-pfingsten-im-naturpark-nossentinerschwinzer-heide","status":"publish","type":"post","link":"https:\/\/www.naturparkmagazin.de\/nossentiner-schwinzer-heide\/filmcamp-fuer-jugendliche-zu-pfingsten-im-naturpark-nossentinerschwinzer-heide\/","title":{"rendered":"Filmcamp f\u00fcr Jugendliche zu Pfingsten im Naturpark Nossentiner\/Schwinzer Heide"},"content":{"rendered":"<p><a href=\"https:\/\/www.naturparkmagazin.de\/nossentiner-schwinzer-heide\/wp-content\/uploads\/sites\/28\/Pfingstcamp.jpg\"><img decoding=\"async\" loading=\"lazy\" class=\"alignnone size-medium wp-image-3226\" src=\"https:\/\/www.naturparkmagazin.de\/nossentiner-schwinzer-heide\/wp-content\/uploads\/sites\/28\/Pfingstcamp-620x868.jpg\" alt=\"Pfingstcamp\" width=\"620\" height=\"868\" srcset=\"https:\/\/www.naturparkmagazin.de\/nossentiner-schwinzer-heide\/wp-content\/uploads\/sites\/28\/Pfingstcamp-620x868.jpg 620w, https:\/\/www.naturparkmagazin.de\/nossentiner-schwinzer-heide\/wp-content\/uploads\/sites\/28\/Pfingstcamp-300x420.jpg 300w, https:\/\/www.naturparkmagazin.de\/nossentiner-schwinzer-heide\/wp-content\/uploads\/sites\/28\/Pfingstcamp-940x1316.jpg 940w, https:\/\/www.naturparkmagazin.de\/nossentiner-schwinzer-heide\/wp-content\/uploads\/sites\/28\/Pfingstcamp-670x938.jpg 670w, https:\/\/www.naturparkmagazin.de\/nossentiner-schwinzer-heide\/wp-content\/uploads\/sites\/28\/Pfingstcamp-200x280.jpg 200w\" sizes=\"(max-width: 620px) 100vw, 620px\" \/><\/a><\/p>\n<p>&nbsp;<\/p>\n<p>Tretet in die Fu\u00dfstapfen gro\u00dfer Filmemacher und Natursch\u00fctzer. Dreht Filme f\u00fcr und \u00fcber unsere Erde! Ihr produziert einen spannenden Film im Team mit anderen Jugendlichen in Mecklenburg-Vorpommerns wildester Natur. Mit Euren Ideen und Eurem Einsatz begeistert ihr andere junge Menschen f\u00fcr den Schutz unserer Umwelt.<\/p>\n<p>Gemeinsam mit Medienp\u00e4dagogen erstellt Ihr Euer erstes Drehbuch, lernt den Umgang mit Kamera und Ton und sammelt Eure ersten Schnitterfahrungen. Dabei erlebt ihr die einzigartige Natur hautnah. Ihr bewegt Euch zu Fu\u00df oder auf R\u00e4dern durch die Schutzgebiete und versucht bei Eurer Filmproduktion m\u00f6glichst wenig Spuren zu hinterlassen. Als Filmteam agiert Ihr gemeinsam und entwickelt Euren eigenen (Film-)Spirit!<\/p>\n<p>Die fertigen Filme werden sp\u00e4ter auf dem Dar\u00dfer NaturfilmFestival ihre Premieren feiern. Und mit etwas Gl\u00fcck gewinnt Ihr sogar Euren ersten Filmpreis. Ihr k\u00f6nnt Euren Film selbst auf der B\u00fchne pr\u00e4sentieren und dabei mit professionellen Filmemachern in Kontakt kommen.<\/p>\n<p>Betreut werdet ihr von ausgebildeten Medienp\u00e4dagogen der Medienwerkstatt im Filmb\u00fcro Mecklenburg-Vorpommern. Sie sind spezialisiert auf die Arbeit mit Kindern und Jugendlichen und leisten einen wichtigen Beitrag zur Medienbildung im Nordosten der Republik.<\/p>\n<p>Sie stellen f\u00fcr euch auch die notwendige Technik bereit, mit der ihr w\u00e4hrend des Camps arbeiten werdet. Kamera, Schnitt und Ton sind dabei nur einige Aspekte, die behandelt werden. Zu Beginn stehen zun\u00e4chst Ideenentwicklung und Drehbuchkonzeption im Fokus.<\/p>\n<p>Au\u00dferhalb der St\u00e4dte beginnt eine spannende Lebenswelt. Wir wollen euch die T\u00fcren zu dieser Welt \u00f6ffnen und machen sie gemeinsam mit euch zum Gegenstand spannender Filmbeitr\u00e4ge. Auf diese Weise schaffen wir beim Betrachter das Bewusstsein daf\u00fcr, dass es sich lohnt, unsere nat\u00fcrliche Umwelt zu sch\u00fctzen und zu erhalten.<\/p>\n<p>Alle Informationen und Anmeldung findet Ihr hier:<\/p>\n<p><a href=\"https:\/\/www.gruenstreifen-filmcamp.de\/\">www.gruenstreifen-filmcamp.de<\/a><\/p>\n<p>&nbsp;<\/p>\n<p>&nbsp;<\/p>\n<p>&nbsp;<\/p>\n","protected":false},"excerpt":{"rendered":"<p>&nbsp; Tretet in die Fu\u00dfstapfen gro\u00dfer Filmemacher und Natursch\u00fctzer. Dreht Filme f\u00fcr und \u00fcber unsere Erde! Ihr produziert einen spannenden Film im Team mit anderen Jugendlichen in Mecklenburg-Vorpommerns wildester Natur. Mit Euren Ideen und Eurem Einsatz begeistert ihr andere junge Menschen f\u00fcr den Schutz unserer Umwelt. Gemeinsam mit Medienp\u00e4dagogen erstellt Ihr Euer erstes Drehbuch, lernt<\/p>\n","protected":false},"author":84,"featured_media":3226,"comment_status":"open","ping_status":"open","sticky":false,"template":"","format":"standard","meta":[],"categories":[11],"tags":[],"yoast_head":"<!-- This site is optimized with the Yoast SEO plugin v19.10 - https:\/\/yoast.com\/wordpress\/plugins\/seo\/ -->\n<title>Filmcamp f\u00fcr Jugendliche zu Pfingsten im Naturpark Nossentiner\/Schwinzer Heide - Naturpark Nossentiner\/Schwinzer Heide<\/title>\n<meta name=\"robots\" content=\"index, follow, max-snippet:-1, max-image-preview:large, max-video-preview:-1\" \/>\n<link rel=\"canonical\" href=\"https:\/\/www.naturparkmagazin.de\/nossentiner-schwinzer-heide\/filmcamp-fuer-jugendliche-zu-pfingsten-im-naturpark-nossentinerschwinzer-heide\/\" \/>\n<meta property=\"og:locale\" content=\"de_DE\" \/>\n<meta property=\"og:type\" content=\"article\" \/>\n<meta property=\"og:title\" content=\"Filmcamp f\u00fcr Jugendliche zu Pfingsten im Naturpark Nossentiner\/Schwinzer Heide - Naturpark Nossentiner\/Schwinzer Heide\" \/>\n<meta property=\"og:description\" content=\"&nbsp; Tretet in die Fu\u00dfstapfen gro\u00dfer Filmemacher und Natursch\u00fctzer. Dreht Filme f\u00fcr und \u00fcber unsere Erde! Ihr produziert einen spannenden Film im Team mit anderen Jugendlichen in Mecklenburg-Vorpommerns wildester Natur. Mit Euren Ideen und Eurem Einsatz begeistert ihr andere junge Menschen f\u00fcr den Schutz unserer Umwelt. Gemeinsam mit Medienp\u00e4dagogen erstellt Ihr Euer erstes Drehbuch, lernt\" \/>\n<meta property=\"og:url\" content=\"https:\/\/www.naturparkmagazin.de\/nossentiner-schwinzer-heide\/filmcamp-fuer-jugendliche-zu-pfingsten-im-naturpark-nossentinerschwinzer-heide\/\" \/>\n<meta property=\"og:site_name\" content=\"Naturpark Nossentiner\/Schwinzer Heide\" \/>\n<meta property=\"article:published_time\" content=\"2021-02-15T08:20:37+00:00\" \/>\n<meta property=\"article:modified_time\" content=\"2021-02-26T08:21:01+00:00\" \/>\n<meta property=\"og:image\" content=\"https:\/\/www.naturparkmagazin.de\/nossentiner-schwinzer-heide\/wp-content\/uploads\/sites\/28\/Pfingstcamp.jpg\" \/>\n\t<meta property=\"og:image:width\" content=\"2482\" \/>\n\t<meta property=\"og:image:height\" content=\"3476\" \/>\n\t<meta property=\"og:image:type\" content=\"image\/jpeg\" \/>\n<meta name=\"author\" content=\"evelinkartheuser\" \/>\n<meta name=\"twitter:label1\" content=\"Verfasst von\" \/>\n\t<meta name=\"twitter:data1\" content=\"evelinkartheuser\" \/>\n\t<meta name=\"twitter:label2\" content=\"Gesch\u00e4tzte Lesezeit\" \/>\n\t<meta name=\"twitter:data2\" content=\"2\u00a0Minuten\" \/>\n<script type=\"application\/ld+json\" class=\"yoast-schema-graph\">{\"@context\":\"https:\/\/schema.org\",\"@graph\":[{\"@type\":\"WebPage\",\"@id\":\"https:\/\/www.naturparkmagazin.de\/nossentiner-schwinzer-heide\/filmcamp-fuer-jugendliche-zu-pfingsten-im-naturpark-nossentinerschwinzer-heide\/\",\"url\":\"https:\/\/www.naturparkmagazin.de\/nossentiner-schwinzer-heide\/filmcamp-fuer-jugendliche-zu-pfingsten-im-naturpark-nossentinerschwinzer-heide\/\",\"name\":\"Filmcamp f\u00fcr Jugendliche zu Pfingsten im Naturpark Nossentiner\/Schwinzer Heide - Naturpark Nossentiner\/Schwinzer Heide\",\"isPartOf\":{\"@id\":\"https:\/\/www.naturparkmagazin.de\/nossentiner-schwinzer-heide\/#website\"},\"datePublished\":\"2021-02-15T08:20:37+00:00\",\"dateModified\":\"2021-02-26T08:21:01+00:00\",\"author\":{\"@id\":\"https:\/\/www.naturparkmagazin.de\/nossentiner-schwinzer-heide\/#\/schema\/person\/6e5721221b13b6f827e696f29ff18008\"},\"breadcrumb\":{\"@id\":\"https:\/\/www.naturparkmagazin.de\/nossentiner-schwinzer-heide\/filmcamp-fuer-jugendliche-zu-pfingsten-im-naturpark-nossentinerschwinzer-heide\/#breadcrumb\"},\"inLanguage\":\"de\",\"potentialAction\":[{\"@type\":\"ReadAction\",\"target\":[\"https:\/\/www.naturparkmagazin.de\/nossentiner-schwinzer-heide\/filmcamp-fuer-jugendliche-zu-pfingsten-im-naturpark-nossentinerschwinzer-heide\/\"]}]},{\"@type\":\"BreadcrumbList\",\"@id\":\"https:\/\/www.naturparkmagazin.de\/nossentiner-schwinzer-heide\/filmcamp-fuer-jugendliche-zu-pfingsten-im-naturpark-nossentinerschwinzer-heide\/#breadcrumb\",\"itemListElement\":[{\"@type\":\"ListItem\",\"position\":1,\"name\":\"Home\",\"item\":\"https:\/\/www.naturparkmagazin.de\/nossentiner-schwinzer-heide\/\"},{\"@type\":\"ListItem\",\"position\":2,\"name\":\"Filmcamp f\u00fcr Jugendliche zu Pfingsten im Naturpark Nossentiner\/Schwinzer Heide\"}]},{\"@type\":\"WebSite\",\"@id\":\"https:\/\/www.naturparkmagazin.de\/nossentiner-schwinzer-heide\/#website\",\"url\":\"https:\/\/www.naturparkmagazin.de\/nossentiner-schwinzer-heide\/\",\"name\":\"Naturpark Nossentiner\/Schwinzer Heide\",\"description\":\"\",\"potentialAction\":[{\"@type\":\"SearchAction\",\"target\":{\"@type\":\"EntryPoint\",\"urlTemplate\":\"https:\/\/www.naturparkmagazin.de\/nossentiner-schwinzer-heide\/?s={search_term_string}\"},\"query-input\":\"required name=search_term_string\"}],\"inLanguage\":\"de\"},{\"@type\":\"Person\",\"@id\":\"https:\/\/www.naturparkmagazin.de\/nossentiner-schwinzer-heide\/#\/schema\/person\/6e5721221b13b6f827e696f29ff18008\",\"name\":\"evelinkartheuser\",\"url\":\"https:\/\/www.naturparkmagazin.de\/nossentiner-schwinzer-heide\/author\/evelinkartheuser\/\"}]}<\/script>\n<!-- \/ Yoast SEO plugin. -->","yoast_head_json":{"title":"Filmcamp f\u00fcr Jugendliche zu Pfingsten im Naturpark Nossentiner\/Schwinzer Heide - Naturpark Nossentiner\/Schwinzer Heide","robots":{"index":"index","follow":"follow","max-snippet":"max-snippet:-1","max-image-preview":"max-image-preview:large","max-video-preview":"max-video-preview:-1"},"canonical":"https:\/\/www.naturparkmagazin.de\/nossentiner-schwinzer-heide\/filmcamp-fuer-jugendliche-zu-pfingsten-im-naturpark-nossentinerschwinzer-heide\/","og_locale":"de_DE","og_type":"article","og_title":"Filmcamp f\u00fcr Jugendliche zu Pfingsten im Naturpark Nossentiner\/Schwinzer Heide - Naturpark Nossentiner\/Schwinzer Heide","og_description":"&nbsp; Tretet in die Fu\u00dfstapfen gro\u00dfer Filmemacher und Natursch\u00fctzer. Dreht Filme f\u00fcr und \u00fcber unsere Erde! Ihr produziert einen spannenden Film im Team mit anderen Jugendlichen in Mecklenburg-Vorpommerns wildester Natur. Mit Euren Ideen und Eurem Einsatz begeistert ihr andere junge Menschen f\u00fcr den Schutz unserer Umwelt. Gemeinsam mit Medienp\u00e4dagogen erstellt Ihr Euer erstes Drehbuch, lernt","og_url":"https:\/\/www.naturparkmagazin.de\/nossentiner-schwinzer-heide\/filmcamp-fuer-jugendliche-zu-pfingsten-im-naturpark-nossentinerschwinzer-heide\/","og_site_name":"Naturpark Nossentiner\/Schwinzer Heide","article_published_time":"2021-02-15T08:20:37+00:00","article_modified_time":"2021-02-26T08:21:01+00:00","og_image":[{"width":2482,"height":3476,"url":"https:\/\/www.naturparkmagazin.de\/nossentiner-schwinzer-heide\/wp-content\/uploads\/sites\/28\/Pfingstcamp.jpg","type":"image\/jpeg"}],"author":"evelinkartheuser","twitter_misc":{"Verfasst von":"evelinkartheuser","Gesch\u00e4tzte Lesezeit":"2\u00a0Minuten"},"schema":{"@context":"https:\/\/schema.org","@graph":[{"@type":"WebPage","@id":"https:\/\/www.naturparkmagazin.de\/nossentiner-schwinzer-heide\/filmcamp-fuer-jugendliche-zu-pfingsten-im-naturpark-nossentinerschwinzer-heide\/","url":"https:\/\/www.naturparkmagazin.de\/nossentiner-schwinzer-heide\/filmcamp-fuer-jugendliche-zu-pfingsten-im-naturpark-nossentinerschwinzer-heide\/","name":"Filmcamp f\u00fcr Jugendliche zu Pfingsten im Naturpark Nossentiner\/Schwinzer Heide - Naturpark Nossentiner\/Schwinzer Heide","isPartOf":{"@id":"https:\/\/www.naturparkmagazin.de\/nossentiner-schwinzer-heide\/#website"},"datePublished":"2021-02-15T08:20:37+00:00","dateModified":"2021-02-26T08:21:01+00:00","author":{"@id":"https:\/\/www.naturparkmagazin.de\/nossentiner-schwinzer-heide\/#\/schema\/person\/6e5721221b13b6f827e696f29ff18008"},"breadcrumb":{"@id":"https:\/\/www.naturparkmagazin.de\/nossentiner-schwinzer-heide\/filmcamp-fuer-jugendliche-zu-pfingsten-im-naturpark-nossentinerschwinzer-heide\/#breadcrumb"},"inLanguage":"de","potentialAction":[{"@type":"ReadAction","target":["https:\/\/www.naturparkmagazin.de\/nossentiner-schwinzer-heide\/filmcamp-fuer-jugendliche-zu-pfingsten-im-naturpark-nossentinerschwinzer-heide\/"]}]},{"@type":"BreadcrumbList","@id":"https:\/\/www.naturparkmagazin.de\/nossentiner-schwinzer-heide\/filmcamp-fuer-jugendliche-zu-pfingsten-im-naturpark-nossentinerschwinzer-heide\/#breadcrumb","itemListElement":[{"@type":"ListItem","position":1,"name":"Home","item":"https:\/\/www.naturparkmagazin.de\/nossentiner-schwinzer-heide\/"},{"@type":"ListItem","position":2,"name":"Filmcamp f\u00fcr Jugendliche zu Pfingsten im Naturpark Nossentiner\/Schwinzer Heide"}]},{"@type":"WebSite","@id":"https:\/\/www.naturparkmagazin.de\/nossentiner-schwinzer-heide\/#website","url":"https:\/\/www.naturparkmagazin.de\/nossentiner-schwinzer-heide\/","name":"Naturpark Nossentiner\/Schwinzer Heide","description":"","potentialAction":[{"@type":"SearchAction","target":{"@type":"EntryPoint","urlTemplate":"https:\/\/www.naturparkmagazin.de\/nossentiner-schwinzer-heide\/?s={search_term_string}"},"query-input":"required name=search_term_string"}],"inLanguage":"de"},{"@type":"Person","@id":"https:\/\/www.naturparkmagazin.de\/nossentiner-schwinzer-heide\/#\/schema\/person\/6e5721221b13b6f827e696f29ff18008","name":"evelinkartheuser","url":"https:\/\/www.naturparkmagazin.de\/nossentiner-schwinzer-heide\/author\/evelinkartheuser\/"}]}},"_links":{"self":[{"href":"https:\/\/www.naturparkmagazin.de\/nossentiner-schwinzer-heide\/wp-json\/wp\/v2\/posts\/3225"}],"collection":[{"href":"https:\/\/www.naturparkmagazin.de\/nossentiner-schwinzer-heide\/wp-json\/wp\/v2\/posts"}],"about":[{"href":"https:\/\/www.naturparkmagazin.de\/nossentiner-schwinzer-heide\/wp-json\/wp\/v2\/types\/post"}],"author":[{"embeddable":true,"href":"https:\/\/www.naturparkmagazin.de\/nossentiner-schwinzer-heide\/wp-json\/wp\/v2\/users\/84"}],"replies":[{"embeddable":true,"href":"https:\/\/www.naturparkmagazin.de\/nossentiner-schwinzer-heide\/wp-json\/wp\/v2\/comments?post=3225"}],"version-history":[{"count":2,"href":"https:\/\/www.naturparkmagazin.de\/nossentiner-schwinzer-heide\/wp-json\/wp\/v2\/posts\/3225\/revisions"}],"predecessor-version":[{"id":3228,"href":"https:\/\/www.naturparkmagazin.de\/nossentiner-schwinzer-heide\/wp-json\/wp\/v2\/posts\/3225\/revisions\/3228"}],"wp:featuredmedia":[{"embeddable":true,"href":"https:\/\/www.naturparkmagazin.de\/nossentiner-schwinzer-heide\/wp-json\/wp\/v2\/media\/3226"}],"wp:attachment":[{"href":"https:\/\/www.naturparkmagazin.de\/nossentiner-schwinzer-heide\/wp-json\/wp\/v2\/media?parent=3225"}],"wp:term":[{"taxonomy":"category","embeddable":true,"href":"https:\/\/www.naturparkmagazin.de\/nossentiner-schwinzer-heide\/wp-json\/wp\/v2\/categories?post=3225"},{"taxonomy":"post_tag","embeddable":true,"href":"https:\/\/www.naturparkmagazin.de\/nossentiner-schwinzer-heide\/wp-json\/wp\/v2\/tags?post=3225"}],"curies":[{"name":"wp","href":"https:\/\/api.w.org\/{rel}","templated":true}]}}