{"id":3234,"date":"2021-03-14T13:06:59","date_gmt":"2021-03-14T12:06:59","guid":{"rendered":"https:\/\/www.naturparkmagazin.de\/nossentiner-schwinzer-heide\/?p=3234"},"modified":"2021-04-07T15:38:52","modified_gmt":"2021-04-07T13:38:52","slug":"steinalte-fledermaus-im-naturpark-entdeckt","status":"publish","type":"post","link":"https:\/\/www.naturparkmagazin.de\/nossentiner-schwinzer-heide\/steinalte-fledermaus-im-naturpark-entdeckt\/","title":{"rendered":"&#8222;Steinalte&#8220; Fledermaus im Naturpark entdeckt"},"content":{"rendered":"<pre>M\u00e4rz 2021<\/pre>\n<p>Ein Beitrag von Bianca Stapelfeld<\/p>\n<p>&nbsp;<\/p>\n<h5>Wer m\u00f6chte nicht gern seine Ur-Ur-Ur-Ur-Ur-Enkelchen aufwachsen sehen? Eine Fledermaus aus dem Naturpark Nossentiner\/Schwinzer Heide kann das &#8211; zumindest theoretisch.<\/h5>\n<p>Das Streben nach einem langen Leben, in dem man seine Kinder und Enkelkinder aufwachsen sieht und sie hingabevoll gro\u00dfzieht, k\u00f6nnen wir im\u00a0Herzen der meisten Menschen finden. Entstammt diese romantische Vorstellung jedoch allein unserem menschlichen Wesen oder vielleicht doch einem biologischem Prinzip, welches tief in uns verwurzelt ist?<\/p>\n<p>In der Regel kann man beobachten, dass kleine S\u00e4ugetiere wie z.B. M\u00e4use oder Hamster nur eine kurze Lebensdauer haben und in dieser Zeit versuchen, m\u00f6glichst schnell viel Nachwuchs zu produzieren. Tiere mit dieser Fortpflanzungsstrategie z\u00e4hlen zu den r-Strategen (r von Reproduktionsrate). Gro\u00dfe S\u00e4ugetiere hingegen, wie z.B. B\u00e4ren oder auch Menschen, haben eine viel l\u00e4ngere Lebensdauer, produzieren weniger Nachkommen, stecken aber mehr Zeit und Energie in ihren Nachwuchs, um dessen \u00dcberlebenschancen zu verbessern. Tiere mit dieser Lebensweise sind sogenannte k-Strategen (k von Kapazit\u00e4t).<\/p>\n<p>Ausnahmen best\u00e4tigen aber bekannterweise die Regel &#8211; so gibt es auch bei dieser Regel wenige Ausnahmen. Eine Ausnahme ist die Artengruppe der Flederm\u00e4use. Flederm\u00e4use werden durch ihre geringe K\u00f6rpergr\u00f6\u00dfe und kryptische Lebensweise schnell untersch\u00e4tzt oder geraten aus dem Fokus. Als einzige S\u00e4ugetiere, die den aktiven Flug beherrschen, machen sie ca. 20% aller bekannten S\u00e4ugetierarten aus. Im Rahmen des Fledermausforschungsprojektes Wooster Teerofen, welches in den 80er Jahren von den Br\u00fcdern Christoph und Johannes Tre\u00df initiiert wurde, werden in den Waldgebieten um Wooster Teerofen seit \u00fcber 30 Jahren Flederm\u00e4use verschiedenster Arten beringt.<\/p>\n<p>&nbsp;<\/p>\n<h5>Erstaunliche Erkenntnisse aus der Forschung<\/h5>\n<p>K\u00fcrzliche Auswertungen dieser Daten konnten den Flederm\u00e4usen des Naturparks erstaunliche Geheimnisse entlocken. Unter den mittlerweile fast 3000 Fransenflederm\u00e4usen (Myotis nattereri), die im hier im Naturpark beringt wurden, konnten wir ein Weibchen entdecken, welches ein Alter von 20\u00a0Jahren erreichte! Das Weibchen mit der Ringnummer B20246 wurde 1998 als Jungtier am Paschensee beringt. Bis 2009 tauchte es unter, konnte aber seit 2010 bis 2018 regelm\u00e4\u00dfig wieder gefangen werden. Seit 2018 gibt es keine Spur mehr von\u00a0 B20246. Die gro\u00dfe Zeitspanne, in der das Weibchen nach seiner Beringung nicht gesichtet wurde, gibt aber Hoffnung, dass wir das Weibchen vielleicht doch nochmal wieder sehen. Neben B20246 sind noch viele weitere altersstarke Fransenflederm\u00e4use mit einem nachweislichen Alter bis mindestens 15 Jahren in den W\u00e4ldern des Naturparks unterwegs. Das h\u00f6chste Alter, das bei einer Fledermaus bisher beobachtet wurde, waren mindestens 41 Jahre.<\/p>\n<p>&nbsp;<\/p>\n<h5>19 Generationen<\/h5>\n<p>Eine gro\u00dfe Lebensspanne im Verh\u00e4ltnis zur K\u00f6rpergr\u00f6\u00dfe ist eines von vielen au\u00dfergew\u00f6hnlichen Merkmalen der Flederm\u00e4use. Die meisten Fledermausarten Deutschlands bekommen nur ein Jungtier pro Jahr. Junge Flederm\u00e4use k\u00f6nnen nach ihrem ersten Winter im Alter von einem Jahr ihr erstes Jungtier bekommen.\u00a0H\u00e4ufig wird aber beobachtet, dass junge Weibchen sich erst nach ihrem zweiten Winter vermehren. Dann sind sie \u00e4lter und erfahrener, um ihre \u00dcberlebenschancen und die ihres des Jungtieres zu verbessern. Bei einer solch langen Generationsdauer ist eine ebenfalls lange Lebensdauer \u00e4u\u00dferst wichtig, um f\u00fcr gen\u00fcgend Nachkommen zu sorgen und die Population damit stabil zu halten. Unsere Fransenfledermaus B20246 k\u00f6nnte theoretisch 19 Nachkommen und somit 19 Generationen gezeugt haben!<\/p>\n<p>Bei Fransenflederm\u00e4usen bleiben Gro\u00dfm\u00fctter, M\u00fctter und T\u00f6chter oft ein Leben lang in enger Beziehung. Bricht eine Fledermauspopulation ein, dauert es sehr lange, bis sie sich erholt. Deshalb ist es wichtig, die nat\u00fcrlichen Fledermaus-Quartiere zu erhalten. Im Wald sind das besonders alte B\u00e4ume mit Spechth\u00f6hlen und Rissen. Dagegen sind gro\u00dffl\u00e4chige, junge Monokulturen im Wald eher\u00a0ung\u00fcnstig als Lebensraum. Auch Geb\u00e4udesanierungen sind oft der Grund f\u00fcr den Wegfall eines Fledermausquartiers. Dabei stellen Flederm\u00e4use, die sich z.B. in der Hausfassade einquartiert haben, normalerweise keine Bedrohung f\u00fcr Gesundheit oder Haus dar. Man kann diese faszinierenden Tiere auch unterst\u00fctzen, indem man spezielle Fledermausk\u00e4sten am Haus oder im Garten aufh\u00e4ngt &#8211; hoch genug, dass die Flederm\u00e4use nicht von Katzen abgefangen werden k\u00f6nnen.<\/p>\n<div id=\"attachment_3235\" style=\"width: 630px\" class=\"wp-caption alignnone\"><a href=\"https:\/\/www.naturparkmagazin.de\/nossentiner-schwinzer-heide\/wp-content\/uploads\/sites\/28\/image0016.jpg\"><img aria-describedby=\"caption-attachment-3235\" decoding=\"async\" loading=\"lazy\" class=\"wp-image-3235 size-medium\" src=\"https:\/\/www.naturparkmagazin.de\/nossentiner-schwinzer-heide\/wp-content\/uploads\/sites\/28\/image0016-620x413.jpg\" alt=\"image001\" width=\"620\" height=\"413\" srcset=\"https:\/\/www.naturparkmagazin.de\/nossentiner-schwinzer-heide\/wp-content\/uploads\/sites\/28\/image0016-620x413.jpg 620w, https:\/\/www.naturparkmagazin.de\/nossentiner-schwinzer-heide\/wp-content\/uploads\/sites\/28\/image0016-300x200.jpg 300w, https:\/\/www.naturparkmagazin.de\/nossentiner-schwinzer-heide\/wp-content\/uploads\/sites\/28\/image0016-940x626.jpg 940w, https:\/\/www.naturparkmagazin.de\/nossentiner-schwinzer-heide\/wp-content\/uploads\/sites\/28\/image0016-670x446.jpg 670w, https:\/\/www.naturparkmagazin.de\/nossentiner-schwinzer-heide\/wp-content\/uploads\/sites\/28\/image0016-200x133.jpg 200w, https:\/\/www.naturparkmagazin.de\/nossentiner-schwinzer-heide\/wp-content\/uploads\/sites\/28\/image0016.jpg 1387w\" sizes=\"(max-width: 620px) 100vw, 620px\" \/><\/a><p id=\"caption-attachment-3235\" class=\"wp-caption-text\">Bei vielen Flederm\u00e4usen nicht ganz einfach, die Art zu erkennen. In den besonderen Momenten, in denen man zwei Arten so dicht beieinander beobachten kann, werden die Unterschiede jedoch deutlicher. Erkennungsmerkmale k\u00f6nnen z.B. die Gr\u00f6\u00dfe und Form der Ohren oder die Fellf\u00e4rbung sein, wie bei diesen beiden im Naturpark heimischen Arten: Fransenfledermaus (Myotis nattereri, oben) und Wasserfledermaus (Myotis daubentonii, unten).\u00a0\u00a0\u00a0\u00a0\u00a0\u00a0\u00a0\u00a0\u00a0\u00a0\u00a0\u00a0\u00a0\u00a0\u00a0\u00a0\u00a0\u00a0\u00a0\u00a0\u00a0\u00a0\u00a0\u00a0 Bild: Bianca Stapelfeld<\/p><\/div>\n<p>&nbsp;<\/p>\n<p>&nbsp;<\/p>\n<p>&nbsp;<\/p>\n","protected":false},"excerpt":{"rendered":"<p>Wer m\u00f6chte nicht gern seine Ur-Ur-Ur-Ur-Ur-Enkelchen aufwachsen sehen? Eine Fledermaus aus dem Naturpark Nossentiner\/Schwinzer Heide kann das &#8211; zumindest theoretisch.<\/p>\n","protected":false},"author":84,"featured_media":3235,"comment_status":"open","ping_status":"open","sticky":false,"template":"","format":"standard","meta":[],"categories":[7],"tags":[],"yoast_head":"<!-- This site is optimized with the Yoast SEO plugin v19.10 - https:\/\/yoast.com\/wordpress\/plugins\/seo\/ -->\n<title>&quot;Steinalte&quot; Fledermaus im Naturpark entdeckt - Naturpark Nossentiner\/Schwinzer Heide<\/title>\n<meta name=\"robots\" content=\"index, follow, max-snippet:-1, max-image-preview:large, max-video-preview:-1\" \/>\n<link rel=\"canonical\" href=\"https:\/\/www.naturparkmagazin.de\/nossentiner-schwinzer-heide\/steinalte-fledermaus-im-naturpark-entdeckt\/\" \/>\n<meta property=\"og:locale\" content=\"de_DE\" \/>\n<meta property=\"og:type\" content=\"article\" \/>\n<meta property=\"og:title\" content=\"&quot;Steinalte&quot; Fledermaus im Naturpark entdeckt - Naturpark Nossentiner\/Schwinzer Heide\" \/>\n<meta property=\"og:description\" content=\"Wer m\u00f6chte nicht gern seine Ur-Ur-Ur-Ur-Ur-Enkelchen aufwachsen sehen? Eine Fledermaus aus dem Naturpark Nossentiner\/Schwinzer Heide kann das - zumindest theoretisch.\" \/>\n<meta property=\"og:url\" content=\"https:\/\/www.naturparkmagazin.de\/nossentiner-schwinzer-heide\/steinalte-fledermaus-im-naturpark-entdeckt\/\" \/>\n<meta property=\"og:site_name\" content=\"Naturpark Nossentiner\/Schwinzer Heide\" \/>\n<meta property=\"article:published_time\" content=\"2021-03-14T12:06:59+00:00\" \/>\n<meta property=\"article:modified_time\" content=\"2021-04-07T13:38:52+00:00\" \/>\n<meta property=\"og:image\" content=\"https:\/\/www.naturparkmagazin.de\/nossentiner-schwinzer-heide\/wp-content\/uploads\/sites\/28\/image0016.jpg\" \/>\n\t<meta property=\"og:image:width\" content=\"1387\" \/>\n\t<meta property=\"og:image:height\" content=\"924\" \/>\n\t<meta property=\"og:image:type\" content=\"image\/jpeg\" \/>\n<meta name=\"author\" content=\"evelinkartheuser\" \/>\n<meta name=\"twitter:label1\" content=\"Verfasst von\" \/>\n\t<meta name=\"twitter:data1\" content=\"evelinkartheuser\" \/>\n\t<meta name=\"twitter:label2\" content=\"Gesch\u00e4tzte Lesezeit\" \/>\n\t<meta name=\"twitter:data2\" content=\"4\u00a0Minuten\" \/>\n<script type=\"application\/ld+json\" class=\"yoast-schema-graph\">{\"@context\":\"https:\/\/schema.org\",\"@graph\":[{\"@type\":\"WebPage\",\"@id\":\"https:\/\/www.naturparkmagazin.de\/nossentiner-schwinzer-heide\/steinalte-fledermaus-im-naturpark-entdeckt\/\",\"url\":\"https:\/\/www.naturparkmagazin.de\/nossentiner-schwinzer-heide\/steinalte-fledermaus-im-naturpark-entdeckt\/\",\"name\":\"\\\"Steinalte\\\" Fledermaus im Naturpark entdeckt - Naturpark Nossentiner\/Schwinzer Heide\",\"isPartOf\":{\"@id\":\"https:\/\/www.naturparkmagazin.de\/nossentiner-schwinzer-heide\/#website\"},\"datePublished\":\"2021-03-14T12:06:59+00:00\",\"dateModified\":\"2021-04-07T13:38:52+00:00\",\"author\":{\"@id\":\"https:\/\/www.naturparkmagazin.de\/nossentiner-schwinzer-heide\/#\/schema\/person\/6e5721221b13b6f827e696f29ff18008\"},\"breadcrumb\":{\"@id\":\"https:\/\/www.naturparkmagazin.de\/nossentiner-schwinzer-heide\/steinalte-fledermaus-im-naturpark-entdeckt\/#breadcrumb\"},\"inLanguage\":\"de\",\"potentialAction\":[{\"@type\":\"ReadAction\",\"target\":[\"https:\/\/www.naturparkmagazin.de\/nossentiner-schwinzer-heide\/steinalte-fledermaus-im-naturpark-entdeckt\/\"]}]},{\"@type\":\"BreadcrumbList\",\"@id\":\"https:\/\/www.naturparkmagazin.de\/nossentiner-schwinzer-heide\/steinalte-fledermaus-im-naturpark-entdeckt\/#breadcrumb\",\"itemListElement\":[{\"@type\":\"ListItem\",\"position\":1,\"name\":\"Home\",\"item\":\"https:\/\/www.naturparkmagazin.de\/nossentiner-schwinzer-heide\/\"},{\"@type\":\"ListItem\",\"position\":2,\"name\":\"&#8222;Steinalte&#8220; Fledermaus im Naturpark entdeckt\"}]},{\"@type\":\"WebSite\",\"@id\":\"https:\/\/www.naturparkmagazin.de\/nossentiner-schwinzer-heide\/#website\",\"url\":\"https:\/\/www.naturparkmagazin.de\/nossentiner-schwinzer-heide\/\",\"name\":\"Naturpark Nossentiner\/Schwinzer Heide\",\"description\":\"\",\"potentialAction\":[{\"@type\":\"SearchAction\",\"target\":{\"@type\":\"EntryPoint\",\"urlTemplate\":\"https:\/\/www.naturparkmagazin.de\/nossentiner-schwinzer-heide\/?s={search_term_string}\"},\"query-input\":\"required name=search_term_string\"}],\"inLanguage\":\"de\"},{\"@type\":\"Person\",\"@id\":\"https:\/\/www.naturparkmagazin.de\/nossentiner-schwinzer-heide\/#\/schema\/person\/6e5721221b13b6f827e696f29ff18008\",\"name\":\"evelinkartheuser\",\"url\":\"https:\/\/www.naturparkmagazin.de\/nossentiner-schwinzer-heide\/author\/evelinkartheuser\/\"}]}<\/script>\n<!-- \/ Yoast SEO plugin. -->","yoast_head_json":{"title":"\"Steinalte\" Fledermaus im Naturpark entdeckt - Naturpark Nossentiner\/Schwinzer Heide","robots":{"index":"index","follow":"follow","max-snippet":"max-snippet:-1","max-image-preview":"max-image-preview:large","max-video-preview":"max-video-preview:-1"},"canonical":"https:\/\/www.naturparkmagazin.de\/nossentiner-schwinzer-heide\/steinalte-fledermaus-im-naturpark-entdeckt\/","og_locale":"de_DE","og_type":"article","og_title":"\"Steinalte\" Fledermaus im Naturpark entdeckt - Naturpark Nossentiner\/Schwinzer Heide","og_description":"Wer m\u00f6chte nicht gern seine Ur-Ur-Ur-Ur-Ur-Enkelchen aufwachsen sehen? Eine Fledermaus aus dem Naturpark Nossentiner\/Schwinzer Heide kann das - zumindest theoretisch.","og_url":"https:\/\/www.naturparkmagazin.de\/nossentiner-schwinzer-heide\/steinalte-fledermaus-im-naturpark-entdeckt\/","og_site_name":"Naturpark Nossentiner\/Schwinzer Heide","article_published_time":"2021-03-14T12:06:59+00:00","article_modified_time":"2021-04-07T13:38:52+00:00","og_image":[{"width":1387,"height":924,"url":"https:\/\/www.naturparkmagazin.de\/nossentiner-schwinzer-heide\/wp-content\/uploads\/sites\/28\/image0016.jpg","type":"image\/jpeg"}],"author":"evelinkartheuser","twitter_misc":{"Verfasst von":"evelinkartheuser","Gesch\u00e4tzte Lesezeit":"4\u00a0Minuten"},"schema":{"@context":"https:\/\/schema.org","@graph":[{"@type":"WebPage","@id":"https:\/\/www.naturparkmagazin.de\/nossentiner-schwinzer-heide\/steinalte-fledermaus-im-naturpark-entdeckt\/","url":"https:\/\/www.naturparkmagazin.de\/nossentiner-schwinzer-heide\/steinalte-fledermaus-im-naturpark-entdeckt\/","name":"\"Steinalte\" Fledermaus im Naturpark entdeckt - Naturpark Nossentiner\/Schwinzer Heide","isPartOf":{"@id":"https:\/\/www.naturparkmagazin.de\/nossentiner-schwinzer-heide\/#website"},"datePublished":"2021-03-14T12:06:59+00:00","dateModified":"2021-04-07T13:38:52+00:00","author":{"@id":"https:\/\/www.naturparkmagazin.de\/nossentiner-schwinzer-heide\/#\/schema\/person\/6e5721221b13b6f827e696f29ff18008"},"breadcrumb":{"@id":"https:\/\/www.naturparkmagazin.de\/nossentiner-schwinzer-heide\/steinalte-fledermaus-im-naturpark-entdeckt\/#breadcrumb"},"inLanguage":"de","potentialAction":[{"@type":"ReadAction","target":["https:\/\/www.naturparkmagazin.de\/nossentiner-schwinzer-heide\/steinalte-fledermaus-im-naturpark-entdeckt\/"]}]},{"@type":"BreadcrumbList","@id":"https:\/\/www.naturparkmagazin.de\/nossentiner-schwinzer-heide\/steinalte-fledermaus-im-naturpark-entdeckt\/#breadcrumb","itemListElement":[{"@type":"ListItem","position":1,"name":"Home","item":"https:\/\/www.naturparkmagazin.de\/nossentiner-schwinzer-heide\/"},{"@type":"ListItem","position":2,"name":"&#8222;Steinalte&#8220; Fledermaus im Naturpark entdeckt"}]},{"@type":"WebSite","@id":"https:\/\/www.naturparkmagazin.de\/nossentiner-schwinzer-heide\/#website","url":"https:\/\/www.naturparkmagazin.de\/nossentiner-schwinzer-heide\/","name":"Naturpark Nossentiner\/Schwinzer Heide","description":"","potentialAction":[{"@type":"SearchAction","target":{"@type":"EntryPoint","urlTemplate":"https:\/\/www.naturparkmagazin.de\/nossentiner-schwinzer-heide\/?s={search_term_string}"},"query-input":"required name=search_term_string"}],"inLanguage":"de"},{"@type":"Person","@id":"https:\/\/www.naturparkmagazin.de\/nossentiner-schwinzer-heide\/#\/schema\/person\/6e5721221b13b6f827e696f29ff18008","name":"evelinkartheuser","url":"https:\/\/www.naturparkmagazin.de\/nossentiner-schwinzer-heide\/author\/evelinkartheuser\/"}]}},"_links":{"self":[{"href":"https:\/\/www.naturparkmagazin.de\/nossentiner-schwinzer-heide\/wp-json\/wp\/v2\/posts\/3234"}],"collection":[{"href":"https:\/\/www.naturparkmagazin.de\/nossentiner-schwinzer-heide\/wp-json\/wp\/v2\/posts"}],"about":[{"href":"https:\/\/www.naturparkmagazin.de\/nossentiner-schwinzer-heide\/wp-json\/wp\/v2\/types\/post"}],"author":[{"embeddable":true,"href":"https:\/\/www.naturparkmagazin.de\/nossentiner-schwinzer-heide\/wp-json\/wp\/v2\/users\/84"}],"replies":[{"embeddable":true,"href":"https:\/\/www.naturparkmagazin.de\/nossentiner-schwinzer-heide\/wp-json\/wp\/v2\/comments?post=3234"}],"version-history":[{"count":18,"href":"https:\/\/www.naturparkmagazin.de\/nossentiner-schwinzer-heide\/wp-json\/wp\/v2\/posts\/3234\/revisions"}],"predecessor-version":[{"id":3356,"href":"https:\/\/www.naturparkmagazin.de\/nossentiner-schwinzer-heide\/wp-json\/wp\/v2\/posts\/3234\/revisions\/3356"}],"wp:featuredmedia":[{"embeddable":true,"href":"https:\/\/www.naturparkmagazin.de\/nossentiner-schwinzer-heide\/wp-json\/wp\/v2\/media\/3235"}],"wp:attachment":[{"href":"https:\/\/www.naturparkmagazin.de\/nossentiner-schwinzer-heide\/wp-json\/wp\/v2\/media?parent=3234"}],"wp:term":[{"taxonomy":"category","embeddable":true,"href":"https:\/\/www.naturparkmagazin.de\/nossentiner-schwinzer-heide\/wp-json\/wp\/v2\/categories?post=3234"},{"taxonomy":"post_tag","embeddable":true,"href":"https:\/\/www.naturparkmagazin.de\/nossentiner-schwinzer-heide\/wp-json\/wp\/v2\/tags?post=3234"}],"curies":[{"name":"wp","href":"https:\/\/api.w.org\/{rel}","templated":true}]}}