{"id":3253,"date":"2021-03-14T15:34:47","date_gmt":"2021-03-14T14:34:47","guid":{"rendered":"https:\/\/www.naturparkmagazin.de\/nossentiner-schwinzer-heide\/?p=3253"},"modified":"2021-04-07T15:37:54","modified_gmt":"2021-04-07T13:37:54","slug":"beginn-der-landschaftspflegearbeiten-in-den-mooren-des-naturparks","status":"publish","type":"post","link":"https:\/\/www.naturparkmagazin.de\/nossentiner-schwinzer-heide\/beginn-der-landschaftspflegearbeiten-in-den-mooren-des-naturparks\/","title":{"rendered":"Beginn der Landschaftspflegearbeiten in den Mooren des Naturparks"},"content":{"rendered":"<pre>M\u00e4rz 2021<\/pre>\n<p>Darauf haben die Naturparkverwaltung und der F\u00f6rderverein lange hingearbeitet. Seit nunmehr vier Jahren liefen die Vorbereitungen f\u00fcr das Projekt \u201eEntwicklung von Arten des Florenschutzkonzeptes MV sowie Pflanzenarten und Lebensraumtypen der Anh\u00e4nge I und II der FFH- Richtlinie \u2013 Naturpark und Naturparkregion Nossentiner\/Schwinzer Heide\u201c. \u00a0Die Umsetzung war zun\u00e4chst \u00fcber das Landesamt (LUNG) geplant. Dieser Weg hat sich aber als nicht gangbar erwiesen, so dass im vergangenen Jahr entschieden wurde, dass der F\u00f6rderverein des Naturparks in das Projekt einsteigt. Drei Staatliche \u00c4mter f\u00fcr Landwirtschaft und Umwelt sind mit unterschiedlichen Fl\u00e4chenanteilen beteiligt, dies bedeutete drei F\u00f6rderantr\u00e4ge, drei Bewilligungen, die Ausschreibung der Arbeiten in drei Losen. Ein gro\u00dfer Aufwand, den der Vorstand in ehrenamtlicher Arbeit zu bew\u00e4ltigen hatte. Seit Jahresbeginn wurden, mit wenigen Stunden pro Woche, zwei Projektmitarbeiter beim F\u00f6rderverein angestellt. Und noch immer l\u00e4uft nicht alles rund. Von den drei ausgeschriebenen Losen konnte erst eines beauftragt werden. Bei zwei Losen liegen die angebotenen Arbeiten leider deutlich au\u00dferhalb des finanziellen Rahmens, so dass die Ausschreibung mit einer \u00fcberarbeiteten Leistungsbeschreibung wiederholt werden muss.<\/p>\n<p>Aber immerhin, Dank der Ausnahmegenehmigung der UNB Ludwigslust-Parchim, werden die Geh\u00f6lzrodungsarbeiten in der n\u00e4chsten Woche auf sechs Fl\u00e4chen abgeschlossen sein. Betroffen sind das S\u00fcdwestufer des Goldberger Sees mit den sich anschlie\u00dfenden Fahlenwerderschen Wiesen, die H\u00f6llwiese gegen\u00fcber dem Hellberg, die Borgseewiese, die Gro\u00dfe Wiese am Schwarzen See und die J\u00e4gerwiese am Westufer des Dobbertiner Sees.<\/p>\n<p>Ziel ist es, auf den Fl\u00e4chen bestimmte Pflanzengesellschaften zu bevorteilen, welche ansonsten durch die fortschreitendeBewaldung (Sukzession) nicht mehr vorhanden waren oder sind. Allerdings wird geraume Zeit vergehen, bevor die Zust\u00e4ndeerreicht sind, die u.a. auch in den entsprechenden Managementpl\u00e4nen angestrebt werden. Nach der Geh\u00f6lzentnahme folgen nun mehrere Mahdg\u00e4nge um die Fl\u00e4chen auszuhagern. Ziel ist eine dauerhafte, extensive Nutzung dieser Kleinstfl\u00e4chen, im g\u00fcnstigsten Fall durch Landwirte im Rahmen einer Beweidung oder einer Mahd mit angepasster Technik.<\/p>\n<p><a href=\"https:\/\/www.naturparkmagazin.de\/nossentiner-schwinzer-heide\/wp-content\/uploads\/sites\/28\/image0034.jpg\"><img decoding=\"async\" loading=\"lazy\" class=\"alignnone size-medium wp-image-3255\" src=\"https:\/\/www.naturparkmagazin.de\/nossentiner-schwinzer-heide\/wp-content\/uploads\/sites\/28\/image0034-620x465.jpg\" alt=\"image003\" width=\"620\" height=\"465\" srcset=\"https:\/\/www.naturparkmagazin.de\/nossentiner-schwinzer-heide\/wp-content\/uploads\/sites\/28\/image0034-620x465.jpg 620w, https:\/\/www.naturparkmagazin.de\/nossentiner-schwinzer-heide\/wp-content\/uploads\/sites\/28\/image0034-300x225.jpg 300w, https:\/\/www.naturparkmagazin.de\/nossentiner-schwinzer-heide\/wp-content\/uploads\/sites\/28\/image0034-940x705.jpg 940w, https:\/\/www.naturparkmagazin.de\/nossentiner-schwinzer-heide\/wp-content\/uploads\/sites\/28\/image0034-580x435.jpg 580w, https:\/\/www.naturparkmagazin.de\/nossentiner-schwinzer-heide\/wp-content\/uploads\/sites\/28\/image0034-420x315.jpg 420w, https:\/\/www.naturparkmagazin.de\/nossentiner-schwinzer-heide\/wp-content\/uploads\/sites\/28\/image0034-180x135.jpg 180w, https:\/\/www.naturparkmagazin.de\/nossentiner-schwinzer-heide\/wp-content\/uploads\/sites\/28\/image0034-95x71.jpg 95w, https:\/\/www.naturparkmagazin.de\/nossentiner-schwinzer-heide\/wp-content\/uploads\/sites\/28\/image0034-670x502.jpg 670w, https:\/\/www.naturparkmagazin.de\/nossentiner-schwinzer-heide\/wp-content\/uploads\/sites\/28\/image0034-200x150.jpg 200w, https:\/\/www.naturparkmagazin.de\/nossentiner-schwinzer-heide\/wp-content\/uploads\/sites\/28\/image0034.jpg 1387w\" sizes=\"(max-width: 620px) 100vw, 620px\" \/><\/a><\/p>\n<p><a href=\"https:\/\/www.naturparkmagazin.de\/nossentiner-schwinzer-heide\/wp-content\/uploads\/sites\/28\/image0017.jpg\"><img decoding=\"async\" loading=\"lazy\" class=\"alignnone size-medium wp-image-3254\" src=\"https:\/\/www.naturparkmagazin.de\/nossentiner-schwinzer-heide\/wp-content\/uploads\/sites\/28\/image0017-620x465.jpg\" alt=\"image001\" width=\"620\" height=\"465\" srcset=\"https:\/\/www.naturparkmagazin.de\/nossentiner-schwinzer-heide\/wp-content\/uploads\/sites\/28\/image0017-620x465.jpg 620w, https:\/\/www.naturparkmagazin.de\/nossentiner-schwinzer-heide\/wp-content\/uploads\/sites\/28\/image0017-300x225.jpg 300w, https:\/\/www.naturparkmagazin.de\/nossentiner-schwinzer-heide\/wp-content\/uploads\/sites\/28\/image0017-940x705.jpg 940w, https:\/\/www.naturparkmagazin.de\/nossentiner-schwinzer-heide\/wp-content\/uploads\/sites\/28\/image0017-580x435.jpg 580w, https:\/\/www.naturparkmagazin.de\/nossentiner-schwinzer-heide\/wp-content\/uploads\/sites\/28\/image0017-420x315.jpg 420w, https:\/\/www.naturparkmagazin.de\/nossentiner-schwinzer-heide\/wp-content\/uploads\/sites\/28\/image0017-180x135.jpg 180w, https:\/\/www.naturparkmagazin.de\/nossentiner-schwinzer-heide\/wp-content\/uploads\/sites\/28\/image0017-95x71.jpg 95w, https:\/\/www.naturparkmagazin.de\/nossentiner-schwinzer-heide\/wp-content\/uploads\/sites\/28\/image0017-670x503.jpg 670w, https:\/\/www.naturparkmagazin.de\/nossentiner-schwinzer-heide\/wp-content\/uploads\/sites\/28\/image0017-200x150.jpg 200w, https:\/\/www.naturparkmagazin.de\/nossentiner-schwinzer-heide\/wp-content\/uploads\/sites\/28\/image0017.jpg 1386w\" sizes=\"(max-width: 620px) 100vw, 620px\" \/><\/a><\/p>\n<p>&nbsp;<\/p>\n<p>&nbsp;<\/p>\n","protected":false},"excerpt":{"rendered":"<p>Seit nunmehr vier Jahren liefen die Vorbereitungen f\u00fcr das Projekt &#8222;Landschaftspflege in den Mooren des Naturparks&#8220;. Nun konnte mit den ersten Arbeiten begonnen werden.<\/p>\n","protected":false},"author":84,"featured_media":3254,"comment_status":"open","ping_status":"open","sticky":false,"template":"","format":"standard","meta":[],"categories":[7],"tags":[],"yoast_head":"<!-- This site is optimized with the Yoast SEO plugin v19.10 - https:\/\/yoast.com\/wordpress\/plugins\/seo\/ -->\n<title>Beginn der Landschaftspflegearbeiten in den Mooren des Naturparks - Naturpark Nossentiner\/Schwinzer Heide<\/title>\n<meta name=\"robots\" content=\"index, follow, max-snippet:-1, max-image-preview:large, max-video-preview:-1\" \/>\n<link rel=\"canonical\" href=\"https:\/\/www.naturparkmagazin.de\/nossentiner-schwinzer-heide\/beginn-der-landschaftspflegearbeiten-in-den-mooren-des-naturparks\/\" \/>\n<meta property=\"og:locale\" content=\"de_DE\" \/>\n<meta property=\"og:type\" content=\"article\" \/>\n<meta property=\"og:title\" content=\"Beginn der Landschaftspflegearbeiten in den Mooren des Naturparks - Naturpark Nossentiner\/Schwinzer Heide\" \/>\n<meta property=\"og:description\" content=\"Seit nunmehr vier Jahren liefen die Vorbereitungen f\u00fcr das Projekt &quot;Landschaftspflege in den Mooren des Naturparks&quot;. Nun konnte mit den ersten Arbeiten begonnen werden.\" \/>\n<meta property=\"og:url\" content=\"https:\/\/www.naturparkmagazin.de\/nossentiner-schwinzer-heide\/beginn-der-landschaftspflegearbeiten-in-den-mooren-des-naturparks\/\" \/>\n<meta property=\"og:site_name\" content=\"Naturpark Nossentiner\/Schwinzer Heide\" \/>\n<meta property=\"article:published_time\" content=\"2021-03-14T14:34:47+00:00\" \/>\n<meta property=\"article:modified_time\" content=\"2021-04-07T13:37:54+00:00\" \/>\n<meta property=\"og:image\" content=\"https:\/\/www.naturparkmagazin.de\/nossentiner-schwinzer-heide\/wp-content\/uploads\/sites\/28\/image0017.jpg\" \/>\n\t<meta property=\"og:image:width\" content=\"1386\" \/>\n\t<meta property=\"og:image:height\" content=\"1040\" \/>\n\t<meta property=\"og:image:type\" content=\"image\/jpeg\" \/>\n<meta name=\"author\" content=\"evelinkartheuser\" \/>\n<meta name=\"twitter:label1\" content=\"Verfasst von\" \/>\n\t<meta name=\"twitter:data1\" content=\"evelinkartheuser\" \/>\n\t<meta name=\"twitter:label2\" content=\"Gesch\u00e4tzte Lesezeit\" \/>\n\t<meta name=\"twitter:data2\" content=\"2\u00a0Minuten\" \/>\n<script type=\"application\/ld+json\" class=\"yoast-schema-graph\">{\"@context\":\"https:\/\/schema.org\",\"@graph\":[{\"@type\":\"WebPage\",\"@id\":\"https:\/\/www.naturparkmagazin.de\/nossentiner-schwinzer-heide\/beginn-der-landschaftspflegearbeiten-in-den-mooren-des-naturparks\/\",\"url\":\"https:\/\/www.naturparkmagazin.de\/nossentiner-schwinzer-heide\/beginn-der-landschaftspflegearbeiten-in-den-mooren-des-naturparks\/\",\"name\":\"Beginn der Landschaftspflegearbeiten in den Mooren des Naturparks - Naturpark Nossentiner\/Schwinzer Heide\",\"isPartOf\":{\"@id\":\"https:\/\/www.naturparkmagazin.de\/nossentiner-schwinzer-heide\/#website\"},\"datePublished\":\"2021-03-14T14:34:47+00:00\",\"dateModified\":\"2021-04-07T13:37:54+00:00\",\"author\":{\"@id\":\"https:\/\/www.naturparkmagazin.de\/nossentiner-schwinzer-heide\/#\/schema\/person\/6e5721221b13b6f827e696f29ff18008\"},\"breadcrumb\":{\"@id\":\"https:\/\/www.naturparkmagazin.de\/nossentiner-schwinzer-heide\/beginn-der-landschaftspflegearbeiten-in-den-mooren-des-naturparks\/#breadcrumb\"},\"inLanguage\":\"de\",\"potentialAction\":[{\"@type\":\"ReadAction\",\"target\":[\"https:\/\/www.naturparkmagazin.de\/nossentiner-schwinzer-heide\/beginn-der-landschaftspflegearbeiten-in-den-mooren-des-naturparks\/\"]}]},{\"@type\":\"BreadcrumbList\",\"@id\":\"https:\/\/www.naturparkmagazin.de\/nossentiner-schwinzer-heide\/beginn-der-landschaftspflegearbeiten-in-den-mooren-des-naturparks\/#breadcrumb\",\"itemListElement\":[{\"@type\":\"ListItem\",\"position\":1,\"name\":\"Home\",\"item\":\"https:\/\/www.naturparkmagazin.de\/nossentiner-schwinzer-heide\/\"},{\"@type\":\"ListItem\",\"position\":2,\"name\":\"Beginn der Landschaftspflegearbeiten in den Mooren des Naturparks\"}]},{\"@type\":\"WebSite\",\"@id\":\"https:\/\/www.naturparkmagazin.de\/nossentiner-schwinzer-heide\/#website\",\"url\":\"https:\/\/www.naturparkmagazin.de\/nossentiner-schwinzer-heide\/\",\"name\":\"Naturpark Nossentiner\/Schwinzer Heide\",\"description\":\"\",\"potentialAction\":[{\"@type\":\"SearchAction\",\"target\":{\"@type\":\"EntryPoint\",\"urlTemplate\":\"https:\/\/www.naturparkmagazin.de\/nossentiner-schwinzer-heide\/?s={search_term_string}\"},\"query-input\":\"required name=search_term_string\"}],\"inLanguage\":\"de\"},{\"@type\":\"Person\",\"@id\":\"https:\/\/www.naturparkmagazin.de\/nossentiner-schwinzer-heide\/#\/schema\/person\/6e5721221b13b6f827e696f29ff18008\",\"name\":\"evelinkartheuser\",\"url\":\"https:\/\/www.naturparkmagazin.de\/nossentiner-schwinzer-heide\/author\/evelinkartheuser\/\"}]}<\/script>\n<!-- \/ Yoast SEO plugin. -->","yoast_head_json":{"title":"Beginn der Landschaftspflegearbeiten in den Mooren des Naturparks - Naturpark Nossentiner\/Schwinzer Heide","robots":{"index":"index","follow":"follow","max-snippet":"max-snippet:-1","max-image-preview":"max-image-preview:large","max-video-preview":"max-video-preview:-1"},"canonical":"https:\/\/www.naturparkmagazin.de\/nossentiner-schwinzer-heide\/beginn-der-landschaftspflegearbeiten-in-den-mooren-des-naturparks\/","og_locale":"de_DE","og_type":"article","og_title":"Beginn der Landschaftspflegearbeiten in den Mooren des Naturparks - Naturpark Nossentiner\/Schwinzer Heide","og_description":"Seit nunmehr vier Jahren liefen die Vorbereitungen f\u00fcr das Projekt \"Landschaftspflege in den Mooren des Naturparks\". Nun konnte mit den ersten Arbeiten begonnen werden.","og_url":"https:\/\/www.naturparkmagazin.de\/nossentiner-schwinzer-heide\/beginn-der-landschaftspflegearbeiten-in-den-mooren-des-naturparks\/","og_site_name":"Naturpark Nossentiner\/Schwinzer Heide","article_published_time":"2021-03-14T14:34:47+00:00","article_modified_time":"2021-04-07T13:37:54+00:00","og_image":[{"width":1386,"height":1040,"url":"https:\/\/www.naturparkmagazin.de\/nossentiner-schwinzer-heide\/wp-content\/uploads\/sites\/28\/image0017.jpg","type":"image\/jpeg"}],"author":"evelinkartheuser","twitter_misc":{"Verfasst von":"evelinkartheuser","Gesch\u00e4tzte Lesezeit":"2\u00a0Minuten"},"schema":{"@context":"https:\/\/schema.org","@graph":[{"@type":"WebPage","@id":"https:\/\/www.naturparkmagazin.de\/nossentiner-schwinzer-heide\/beginn-der-landschaftspflegearbeiten-in-den-mooren-des-naturparks\/","url":"https:\/\/www.naturparkmagazin.de\/nossentiner-schwinzer-heide\/beginn-der-landschaftspflegearbeiten-in-den-mooren-des-naturparks\/","name":"Beginn der Landschaftspflegearbeiten in den Mooren des Naturparks - Naturpark Nossentiner\/Schwinzer Heide","isPartOf":{"@id":"https:\/\/www.naturparkmagazin.de\/nossentiner-schwinzer-heide\/#website"},"datePublished":"2021-03-14T14:34:47+00:00","dateModified":"2021-04-07T13:37:54+00:00","author":{"@id":"https:\/\/www.naturparkmagazin.de\/nossentiner-schwinzer-heide\/#\/schema\/person\/6e5721221b13b6f827e696f29ff18008"},"breadcrumb":{"@id":"https:\/\/www.naturparkmagazin.de\/nossentiner-schwinzer-heide\/beginn-der-landschaftspflegearbeiten-in-den-mooren-des-naturparks\/#breadcrumb"},"inLanguage":"de","potentialAction":[{"@type":"ReadAction","target":["https:\/\/www.naturparkmagazin.de\/nossentiner-schwinzer-heide\/beginn-der-landschaftspflegearbeiten-in-den-mooren-des-naturparks\/"]}]},{"@type":"BreadcrumbList","@id":"https:\/\/www.naturparkmagazin.de\/nossentiner-schwinzer-heide\/beginn-der-landschaftspflegearbeiten-in-den-mooren-des-naturparks\/#breadcrumb","itemListElement":[{"@type":"ListItem","position":1,"name":"Home","item":"https:\/\/www.naturparkmagazin.de\/nossentiner-schwinzer-heide\/"},{"@type":"ListItem","position":2,"name":"Beginn der Landschaftspflegearbeiten in den Mooren des Naturparks"}]},{"@type":"WebSite","@id":"https:\/\/www.naturparkmagazin.de\/nossentiner-schwinzer-heide\/#website","url":"https:\/\/www.naturparkmagazin.de\/nossentiner-schwinzer-heide\/","name":"Naturpark Nossentiner\/Schwinzer Heide","description":"","potentialAction":[{"@type":"SearchAction","target":{"@type":"EntryPoint","urlTemplate":"https:\/\/www.naturparkmagazin.de\/nossentiner-schwinzer-heide\/?s={search_term_string}"},"query-input":"required name=search_term_string"}],"inLanguage":"de"},{"@type":"Person","@id":"https:\/\/www.naturparkmagazin.de\/nossentiner-schwinzer-heide\/#\/schema\/person\/6e5721221b13b6f827e696f29ff18008","name":"evelinkartheuser","url":"https:\/\/www.naturparkmagazin.de\/nossentiner-schwinzer-heide\/author\/evelinkartheuser\/"}]}},"_links":{"self":[{"href":"https:\/\/www.naturparkmagazin.de\/nossentiner-schwinzer-heide\/wp-json\/wp\/v2\/posts\/3253"}],"collection":[{"href":"https:\/\/www.naturparkmagazin.de\/nossentiner-schwinzer-heide\/wp-json\/wp\/v2\/posts"}],"about":[{"href":"https:\/\/www.naturparkmagazin.de\/nossentiner-schwinzer-heide\/wp-json\/wp\/v2\/types\/post"}],"author":[{"embeddable":true,"href":"https:\/\/www.naturparkmagazin.de\/nossentiner-schwinzer-heide\/wp-json\/wp\/v2\/users\/84"}],"replies":[{"embeddable":true,"href":"https:\/\/www.naturparkmagazin.de\/nossentiner-schwinzer-heide\/wp-json\/wp\/v2\/comments?post=3253"}],"version-history":[{"count":7,"href":"https:\/\/www.naturparkmagazin.de\/nossentiner-schwinzer-heide\/wp-json\/wp\/v2\/posts\/3253\/revisions"}],"predecessor-version":[{"id":3355,"href":"https:\/\/www.naturparkmagazin.de\/nossentiner-schwinzer-heide\/wp-json\/wp\/v2\/posts\/3253\/revisions\/3355"}],"wp:featuredmedia":[{"embeddable":true,"href":"https:\/\/www.naturparkmagazin.de\/nossentiner-schwinzer-heide\/wp-json\/wp\/v2\/media\/3254"}],"wp:attachment":[{"href":"https:\/\/www.naturparkmagazin.de\/nossentiner-schwinzer-heide\/wp-json\/wp\/v2\/media?parent=3253"}],"wp:term":[{"taxonomy":"category","embeddable":true,"href":"https:\/\/www.naturparkmagazin.de\/nossentiner-schwinzer-heide\/wp-json\/wp\/v2\/categories?post=3253"},{"taxonomy":"post_tag","embeddable":true,"href":"https:\/\/www.naturparkmagazin.de\/nossentiner-schwinzer-heide\/wp-json\/wp\/v2\/tags?post=3253"}],"curies":[{"name":"wp","href":"https:\/\/api.w.org\/{rel}","templated":true}]}}