{"id":3305,"date":"2021-04-06T10:26:28","date_gmt":"2021-04-06T08:26:28","guid":{"rendered":"https:\/\/www.naturparkmagazin.de\/nossentiner-schwinzer-heide\/?p=3305"},"modified":"2021-04-07T10:15:46","modified_gmt":"2021-04-07T08:15:46","slug":"kooperation-zwischen-optimal-media-und-dem-naturpark-nossentinerschwinzer-heide","status":"publish","type":"post","link":"https:\/\/www.naturparkmagazin.de\/nossentiner-schwinzer-heide\/kooperation-zwischen-optimal-media-und-dem-naturpark-nossentinerschwinzer-heide\/","title":{"rendered":"Kooperation zwischen optimal media und dem Naturpark Nossentiner\/Schwinzer Heide"},"content":{"rendered":"<pre style=\"padding-left: 30px\">M\u00e4rz 2021<\/pre>\n<h1>Die ersten 100 jungen Riesen sind gepflanzt<\/h1>\n<p>Seit dem vergangenen Jahr arbeitet optimal media mit dem Naturpark Nossentiner\/Schwinzer Heide zusammen und bietet seinen Kunden an, das regionale Naturschutzprojekt \u201eJunge Riesen f\u00fcr die n\u00e4chsten 100 Jahre\u201c zu unterst\u00fctzen. Im Rahmen dieser Kooperation werden durch das Pflanzen von jungen Laubb\u00e4umen monotone Kiefernw\u00e4lder in klimastabile Laubmischw\u00e4lder umgewandelt.<\/p>\n<p>Auch optimal media und die Edel SE &amp; Co. KGaA engagieren sich selbst f\u00fcr dieses Projekt und haben die Finanzierung f\u00fcr die Pflanzung der ersten 100 B\u00e4ume \u00fcbernommen.<\/p>\n<p>K\u00fcrzlich fand daf\u00fcr eine Pflanzaktion statt, an der Dr. Jonas Haentjes (CEO Edel SE &amp; Co. KgaA) und J\u00f6rg Hahn (Gesch\u00e4ftsf\u00fchrer optimal media) stellvertretend f\u00fcr alle Mitarbeiter*innen des Unternehmens teilnahmen.<\/p>\n<p>&nbsp;<\/p>\n<div id=\"attachment_3307\" style=\"width: 630px\" class=\"wp-caption alignnone\"><a href=\"https:\/\/www.naturparkmagazin.de\/nossentiner-schwinzer-heide\/wp-content\/uploads\/sites\/28\/OM_News_NSH_01.jpg\"><img aria-describedby=\"caption-attachment-3307\" decoding=\"async\" loading=\"lazy\" class=\"wp-image-3307 size-medium\" src=\"https:\/\/www.naturparkmagazin.de\/nossentiner-schwinzer-heide\/wp-content\/uploads\/sites\/28\/OM_News_NSH_01-620x413.jpg\" alt=\"OM_News_NSH_01\" width=\"620\" height=\"413\" srcset=\"https:\/\/www.naturparkmagazin.de\/nossentiner-schwinzer-heide\/wp-content\/uploads\/sites\/28\/OM_News_NSH_01-620x413.jpg 620w, https:\/\/www.naturparkmagazin.de\/nossentiner-schwinzer-heide\/wp-content\/uploads\/sites\/28\/OM_News_NSH_01-300x200.jpg 300w, https:\/\/www.naturparkmagazin.de\/nossentiner-schwinzer-heide\/wp-content\/uploads\/sites\/28\/OM_News_NSH_01-940x627.jpg 940w, https:\/\/www.naturparkmagazin.de\/nossentiner-schwinzer-heide\/wp-content\/uploads\/sites\/28\/OM_News_NSH_01-670x447.jpg 670w, https:\/\/www.naturparkmagazin.de\/nossentiner-schwinzer-heide\/wp-content\/uploads\/sites\/28\/OM_News_NSH_01-200x133.jpg 200w, https:\/\/www.naturparkmagazin.de\/nossentiner-schwinzer-heide\/wp-content\/uploads\/sites\/28\/OM_News_NSH_01.jpg 1920w\" sizes=\"(max-width: 620px) 100vw, 620px\" \/><\/a><p id=\"caption-attachment-3307\" class=\"wp-caption-text\">v.l. Dr. Jonas Haentjes (CEO Edel SE &amp; Co. KgaA), J\u00f6rg Hahn (Gesch\u00e4ftsf\u00fchrer optimal media) und Ralf Koch (Leiter Naturpark Nossentiner\/Schwinzer Heide)<\/p><\/div>\n<p>Ralf Koch (Leiter des Naturparks) erkl\u00e4rte im Rahmen der Aktion: \u201eWir haben hier ein Areal von mehr als 100 Hektar reinem, monotonen Kiefernwald und es ist sehr gut, dass wir dank unseres gemeinsamen Projektes nun einen Waldumbau erm\u00f6glichen k\u00f6nnen. Daf\u00fcr pflanzen wir viele verschiedene, in erster Linie schattenvertr\u00e4gliche, Baumarten, wie z. B. Rotbuche, Spitzahorn, Stieleiche, Sommerlinde und Birke. So wird \u00fcber die Jahre ein artenreicher Laub-Mischwald entstehen, der deutlich klimarelevanter sein und viel mehr CO<sub>2<\/sub> binden wird als ein reiner Laubwald. Es ist spannend, wie sich der Wald ver\u00e4ndern wird, aber wir k\u00f6nnen gewiss sein, dass wir auch in 100 Jahren hier noch einen Wald haben werden.\u201c<\/p>\n<p>&nbsp;<\/p>\n<div id=\"attachment_3308\" style=\"width: 630px\" class=\"wp-caption alignnone\"><a href=\"https:\/\/www.naturparkmagazin.de\/nossentiner-schwinzer-heide\/wp-content\/uploads\/sites\/28\/OM_News_NSH_02.jpg\"><img aria-describedby=\"caption-attachment-3308\" decoding=\"async\" loading=\"lazy\" class=\"wp-image-3308 size-medium\" src=\"https:\/\/www.naturparkmagazin.de\/nossentiner-schwinzer-heide\/wp-content\/uploads\/sites\/28\/OM_News_NSH_02-620x413.jpg\" alt=\"OM_News_NSH_02\" width=\"620\" height=\"413\" srcset=\"https:\/\/www.naturparkmagazin.de\/nossentiner-schwinzer-heide\/wp-content\/uploads\/sites\/28\/OM_News_NSH_02-620x413.jpg 620w, https:\/\/www.naturparkmagazin.de\/nossentiner-schwinzer-heide\/wp-content\/uploads\/sites\/28\/OM_News_NSH_02-300x200.jpg 300w, https:\/\/www.naturparkmagazin.de\/nossentiner-schwinzer-heide\/wp-content\/uploads\/sites\/28\/OM_News_NSH_02-940x627.jpg 940w, https:\/\/www.naturparkmagazin.de\/nossentiner-schwinzer-heide\/wp-content\/uploads\/sites\/28\/OM_News_NSH_02-670x447.jpg 670w, https:\/\/www.naturparkmagazin.de\/nossentiner-schwinzer-heide\/wp-content\/uploads\/sites\/28\/OM_News_NSH_02-200x133.jpg 200w, https:\/\/www.naturparkmagazin.de\/nossentiner-schwinzer-heide\/wp-content\/uploads\/sites\/28\/OM_News_NSH_02.jpg 1920w\" sizes=\"(max-width: 620px) 100vw, 620px\" \/><\/a><p id=\"caption-attachment-3308\" class=\"wp-caption-text\">Hier w\u00e4chst ein &#8222;junger Riese&#8220;<\/p><\/div>\n<p>\u201eWir als Unternehmen wollen unseren Teil zur Reduktion des industriellen CO<sub>2<\/sub> Aussto\u00dfes beitragen und dies auch unseren Kunden erm\u00f6glichen. Das CO<sub>2<\/sub> sto\u00dfen wir mitten in dieser naturbelassensten Landschaft Deutschlands an der Mecklenburgischen Seenplatte aus und daher lag es f\u00fcr uns am n\u00e4chsten, dieses auch hier vor Ort zu kompensieren. Wir sind sehr froh, dass wir zusammen mit dem Naturpark Nossentiner\/Schwinzer Heide am Drewitzer See einen klimastabilen Laubmischwald erschaffen d\u00fcrfen\u201c, bekr\u00e4ftigte Jonas Haentjes.<\/p>\n<p>Und J\u00f6rg Hahn erg\u00e4nzt: \u201eDie nachhaltige Produktion gewinnt auch bei optimal media immer mehr an Bedeutung. Sie r\u00fcckt bei den Konsumenten zunehmend in den Fokus und wird von unseren Kunden verst\u00e4rkt nachgefragt. Durch einen relativ geringen Aufpreis zum Auftragswert, der bei 2% f\u00fcr Print- und 5% f\u00fcr Datentr\u00e4gerproduktionen liegt, unterst\u00fctzen unsere Kunden ein regional nachhaltiges Naturprojekt und werden damit zum Partner das Naturparks Nossentiner\/Schwinzer Heide. Die so eingenommen Beitr\u00e4ge flie\u00dfen direkt und zu 100% in das Projekt Waldumbau. Mit eigens hierf\u00fcr im Naturpark gezogenen Baumsetzlingen werden Bauminseln angelegt, gegen Wildverbiss gesch\u00fctzt und in den ersten Jahren ihres Aufwuchses durch die Naturparkwarte gepflegt. Das Projekt ,Junge Riesen f\u00fcr die n\u00e4chsten 100 Jahre\u2018 wird inzwischen von vielen unserer Kunden unterst\u00fctzt, sehr zu unser aller Freude.\u201c<\/p>\n<p>&nbsp;<\/p>\n<div id=\"attachment_3310\" style=\"width: 630px\" class=\"wp-caption alignnone\"><a href=\"https:\/\/www.naturparkmagazin.de\/nossentiner-schwinzer-heide\/wp-content\/uploads\/sites\/28\/OM_News_NSH_04.jpg\"><img aria-describedby=\"caption-attachment-3310\" decoding=\"async\" loading=\"lazy\" class=\"wp-image-3310 size-medium\" src=\"https:\/\/www.naturparkmagazin.de\/nossentiner-schwinzer-heide\/wp-content\/uploads\/sites\/28\/OM_News_NSH_04-620x413.jpg\" alt=\"OM_News_NSH_04\" width=\"620\" height=\"413\" srcset=\"https:\/\/www.naturparkmagazin.de\/nossentiner-schwinzer-heide\/wp-content\/uploads\/sites\/28\/OM_News_NSH_04-620x413.jpg 620w, https:\/\/www.naturparkmagazin.de\/nossentiner-schwinzer-heide\/wp-content\/uploads\/sites\/28\/OM_News_NSH_04-300x200.jpg 300w, https:\/\/www.naturparkmagazin.de\/nossentiner-schwinzer-heide\/wp-content\/uploads\/sites\/28\/OM_News_NSH_04-940x627.jpg 940w, https:\/\/www.naturparkmagazin.de\/nossentiner-schwinzer-heide\/wp-content\/uploads\/sites\/28\/OM_News_NSH_04-670x447.jpg 670w, https:\/\/www.naturparkmagazin.de\/nossentiner-schwinzer-heide\/wp-content\/uploads\/sites\/28\/OM_News_NSH_04-200x133.jpg 200w, https:\/\/www.naturparkmagazin.de\/nossentiner-schwinzer-heide\/wp-content\/uploads\/sites\/28\/OM_News_NSH_04.jpg 1920w\" sizes=\"(max-width: 620px) 100vw, 620px\" \/><\/a><p id=\"caption-attachment-3310\" class=\"wp-caption-text\">J\u00f6rg Hahn (Gesch\u00e4ftsf\u00fchrer optimal media) bei der Pflanzaktion<\/p><\/div>\n<p>optimal media wird auch k\u00fcnftig das Projekt dokumentieren und dazu berichten. Ausf\u00fchrliche Informationen zu dem Projekt und zu allen Angeboten f\u00fcr eine nachhaltige Produktion findet man unter https:\/\/www.optimal-media.com\/nachhaltigkeit.<\/p>\n<p>&nbsp;<\/p>\n<div id=\"attachment_3311\" style=\"width: 630px\" class=\"wp-caption alignnone\"><a href=\"https:\/\/www.naturparkmagazin.de\/nossentiner-schwinzer-heide\/wp-content\/uploads\/sites\/28\/OM_News_NSH_05.jpg\"><img aria-describedby=\"caption-attachment-3311\" decoding=\"async\" loading=\"lazy\" class=\"wp-image-3311 size-medium\" src=\"https:\/\/www.naturparkmagazin.de\/nossentiner-schwinzer-heide\/wp-content\/uploads\/sites\/28\/OM_News_NSH_05-620x413.jpg\" alt=\"OM_News_NSH_05\" width=\"620\" height=\"413\" srcset=\"https:\/\/www.naturparkmagazin.de\/nossentiner-schwinzer-heide\/wp-content\/uploads\/sites\/28\/OM_News_NSH_05-620x413.jpg 620w, https:\/\/www.naturparkmagazin.de\/nossentiner-schwinzer-heide\/wp-content\/uploads\/sites\/28\/OM_News_NSH_05-300x200.jpg 300w, https:\/\/www.naturparkmagazin.de\/nossentiner-schwinzer-heide\/wp-content\/uploads\/sites\/28\/OM_News_NSH_05-940x627.jpg 940w, https:\/\/www.naturparkmagazin.de\/nossentiner-schwinzer-heide\/wp-content\/uploads\/sites\/28\/OM_News_NSH_05-670x447.jpg 670w, https:\/\/www.naturparkmagazin.de\/nossentiner-schwinzer-heide\/wp-content\/uploads\/sites\/28\/OM_News_NSH_05-200x133.jpg 200w, https:\/\/www.naturparkmagazin.de\/nossentiner-schwinzer-heide\/wp-content\/uploads\/sites\/28\/OM_News_NSH_05.jpg 1920w\" sizes=\"(max-width: 620px) 100vw, 620px\" \/><\/a><p id=\"caption-attachment-3311\" class=\"wp-caption-text\">Die neuen Bauminseln werden gegen Wildverbiss gesch\u00fctzt<\/p><\/div>\n<div id=\"attachment_3312\" style=\"width: 630px\" class=\"wp-caption alignnone\"><a href=\"https:\/\/www.naturparkmagazin.de\/nossentiner-schwinzer-heide\/wp-content\/uploads\/sites\/28\/OM_News_NSH_06.jpg\"><img aria-describedby=\"caption-attachment-3312\" decoding=\"async\" loading=\"lazy\" class=\"wp-image-3312 size-medium\" src=\"https:\/\/www.naturparkmagazin.de\/nossentiner-schwinzer-heide\/wp-content\/uploads\/sites\/28\/OM_News_NSH_06-620x413.jpg\" alt=\"OM_News_NSH_06\" width=\"620\" height=\"413\" srcset=\"https:\/\/www.naturparkmagazin.de\/nossentiner-schwinzer-heide\/wp-content\/uploads\/sites\/28\/OM_News_NSH_06-620x413.jpg 620w, https:\/\/www.naturparkmagazin.de\/nossentiner-schwinzer-heide\/wp-content\/uploads\/sites\/28\/OM_News_NSH_06-300x200.jpg 300w, https:\/\/www.naturparkmagazin.de\/nossentiner-schwinzer-heide\/wp-content\/uploads\/sites\/28\/OM_News_NSH_06-940x627.jpg 940w, https:\/\/www.naturparkmagazin.de\/nossentiner-schwinzer-heide\/wp-content\/uploads\/sites\/28\/OM_News_NSH_06-670x447.jpg 670w, https:\/\/www.naturparkmagazin.de\/nossentiner-schwinzer-heide\/wp-content\/uploads\/sites\/28\/OM_News_NSH_06-200x133.jpg 200w, https:\/\/www.naturparkmagazin.de\/nossentiner-schwinzer-heide\/wp-content\/uploads\/sites\/28\/OM_News_NSH_06.jpg 1920w\" sizes=\"(max-width: 620px) 100vw, 620px\" \/><\/a><p id=\"caption-attachment-3312\" class=\"wp-caption-text\">Monokultur Kiefernwald<\/p><\/div>\n<div id=\"attachment_3314\" style=\"width: 630px\" class=\"wp-caption alignnone\"><a href=\"https:\/\/www.naturparkmagazin.de\/nossentiner-schwinzer-heide\/wp-content\/uploads\/sites\/28\/OM_News_NSH_08.jpg\"><img aria-describedby=\"caption-attachment-3314\" decoding=\"async\" loading=\"lazy\" class=\"wp-image-3314 size-medium\" src=\"https:\/\/www.naturparkmagazin.de\/nossentiner-schwinzer-heide\/wp-content\/uploads\/sites\/28\/OM_News_NSH_08-620x413.jpg\" alt=\"OM_News_NSH_08\" width=\"620\" height=\"413\" srcset=\"https:\/\/www.naturparkmagazin.de\/nossentiner-schwinzer-heide\/wp-content\/uploads\/sites\/28\/OM_News_NSH_08-620x413.jpg 620w, https:\/\/www.naturparkmagazin.de\/nossentiner-schwinzer-heide\/wp-content\/uploads\/sites\/28\/OM_News_NSH_08-300x200.jpg 300w, https:\/\/www.naturparkmagazin.de\/nossentiner-schwinzer-heide\/wp-content\/uploads\/sites\/28\/OM_News_NSH_08-940x627.jpg 940w, https:\/\/www.naturparkmagazin.de\/nossentiner-schwinzer-heide\/wp-content\/uploads\/sites\/28\/OM_News_NSH_08-670x447.jpg 670w, https:\/\/www.naturparkmagazin.de\/nossentiner-schwinzer-heide\/wp-content\/uploads\/sites\/28\/OM_News_NSH_08-200x133.jpg 200w, https:\/\/www.naturparkmagazin.de\/nossentiner-schwinzer-heide\/wp-content\/uploads\/sites\/28\/OM_News_NSH_08.jpg 1920w\" sizes=\"(max-width: 620px) 100vw, 620px\" \/><\/a><p id=\"caption-attachment-3314\" class=\"wp-caption-text\">Blick auf den Naturpark Nossentiner\/Schwinzer Heide und den Drewitzer See<\/p><\/div>\n<p><strong>\u00a0<\/strong><\/p>\n<p><strong>Kontakt:<\/strong><\/p>\n<p>optimal media GmbH, Petra Funk, Tel. 039931\/56 516, Mail: petra.funk@optimal-media.com<\/p>\n<p>&nbsp;<\/p>\n","protected":false},"excerpt":{"rendered":"<p>Die ersten 100 jungen Riesen sind gepflanzt. <\/p>\n","protected":false},"author":84,"featured_media":3307,"comment_status":"open","ping_status":"open","sticky":false,"template":"","format":"standard","meta":[],"categories":[7],"tags":[],"yoast_head":"<!-- This site is optimized with the Yoast SEO plugin v19.10 - https:\/\/yoast.com\/wordpress\/plugins\/seo\/ -->\n<title>Kooperation zwischen optimal media und dem Naturpark Nossentiner\/Schwinzer Heide - Naturpark Nossentiner\/Schwinzer Heide<\/title>\n<meta name=\"robots\" content=\"index, follow, max-snippet:-1, max-image-preview:large, max-video-preview:-1\" \/>\n<link rel=\"canonical\" href=\"https:\/\/www.naturparkmagazin.de\/nossentiner-schwinzer-heide\/kooperation-zwischen-optimal-media-und-dem-naturpark-nossentinerschwinzer-heide\/\" \/>\n<meta property=\"og:locale\" content=\"de_DE\" \/>\n<meta property=\"og:type\" content=\"article\" \/>\n<meta property=\"og:title\" content=\"Kooperation zwischen optimal media und dem Naturpark Nossentiner\/Schwinzer Heide - Naturpark Nossentiner\/Schwinzer Heide\" \/>\n<meta property=\"og:description\" content=\"Die ersten 100 jungen Riesen sind gepflanzt.\" \/>\n<meta property=\"og:url\" content=\"https:\/\/www.naturparkmagazin.de\/nossentiner-schwinzer-heide\/kooperation-zwischen-optimal-media-und-dem-naturpark-nossentinerschwinzer-heide\/\" \/>\n<meta property=\"og:site_name\" content=\"Naturpark Nossentiner\/Schwinzer Heide\" \/>\n<meta property=\"article:published_time\" content=\"2021-04-06T08:26:28+00:00\" \/>\n<meta property=\"article:modified_time\" content=\"2021-04-07T08:15:46+00:00\" \/>\n<meta property=\"og:image\" content=\"https:\/\/www.naturparkmagazin.de\/nossentiner-schwinzer-heide\/wp-content\/uploads\/sites\/28\/OM_News_NSH_01.jpg\" \/>\n\t<meta property=\"og:image:width\" content=\"1920\" \/>\n\t<meta property=\"og:image:height\" content=\"1280\" \/>\n\t<meta property=\"og:image:type\" content=\"image\/jpeg\" \/>\n<meta name=\"author\" content=\"evelinkartheuser\" \/>\n<meta name=\"twitter:label1\" content=\"Verfasst von\" \/>\n\t<meta name=\"twitter:data1\" content=\"evelinkartheuser\" \/>\n\t<meta name=\"twitter:label2\" content=\"Gesch\u00e4tzte Lesezeit\" \/>\n\t<meta name=\"twitter:data2\" content=\"3\u00a0Minuten\" \/>\n<script type=\"application\/ld+json\" class=\"yoast-schema-graph\">{\"@context\":\"https:\/\/schema.org\",\"@graph\":[{\"@type\":\"WebPage\",\"@id\":\"https:\/\/www.naturparkmagazin.de\/nossentiner-schwinzer-heide\/kooperation-zwischen-optimal-media-und-dem-naturpark-nossentinerschwinzer-heide\/\",\"url\":\"https:\/\/www.naturparkmagazin.de\/nossentiner-schwinzer-heide\/kooperation-zwischen-optimal-media-und-dem-naturpark-nossentinerschwinzer-heide\/\",\"name\":\"Kooperation zwischen optimal media und dem Naturpark Nossentiner\/Schwinzer Heide - Naturpark Nossentiner\/Schwinzer Heide\",\"isPartOf\":{\"@id\":\"https:\/\/www.naturparkmagazin.de\/nossentiner-schwinzer-heide\/#website\"},\"datePublished\":\"2021-04-06T08:26:28+00:00\",\"dateModified\":\"2021-04-07T08:15:46+00:00\",\"author\":{\"@id\":\"https:\/\/www.naturparkmagazin.de\/nossentiner-schwinzer-heide\/#\/schema\/person\/6e5721221b13b6f827e696f29ff18008\"},\"breadcrumb\":{\"@id\":\"https:\/\/www.naturparkmagazin.de\/nossentiner-schwinzer-heide\/kooperation-zwischen-optimal-media-und-dem-naturpark-nossentinerschwinzer-heide\/#breadcrumb\"},\"inLanguage\":\"de\",\"potentialAction\":[{\"@type\":\"ReadAction\",\"target\":[\"https:\/\/www.naturparkmagazin.de\/nossentiner-schwinzer-heide\/kooperation-zwischen-optimal-media-und-dem-naturpark-nossentinerschwinzer-heide\/\"]}]},{\"@type\":\"BreadcrumbList\",\"@id\":\"https:\/\/www.naturparkmagazin.de\/nossentiner-schwinzer-heide\/kooperation-zwischen-optimal-media-und-dem-naturpark-nossentinerschwinzer-heide\/#breadcrumb\",\"itemListElement\":[{\"@type\":\"ListItem\",\"position\":1,\"name\":\"Home\",\"item\":\"https:\/\/www.naturparkmagazin.de\/nossentiner-schwinzer-heide\/\"},{\"@type\":\"ListItem\",\"position\":2,\"name\":\"Kooperation zwischen optimal media und dem Naturpark Nossentiner\/Schwinzer Heide\"}]},{\"@type\":\"WebSite\",\"@id\":\"https:\/\/www.naturparkmagazin.de\/nossentiner-schwinzer-heide\/#website\",\"url\":\"https:\/\/www.naturparkmagazin.de\/nossentiner-schwinzer-heide\/\",\"name\":\"Naturpark Nossentiner\/Schwinzer Heide\",\"description\":\"\",\"potentialAction\":[{\"@type\":\"SearchAction\",\"target\":{\"@type\":\"EntryPoint\",\"urlTemplate\":\"https:\/\/www.naturparkmagazin.de\/nossentiner-schwinzer-heide\/?s={search_term_string}\"},\"query-input\":\"required name=search_term_string\"}],\"inLanguage\":\"de\"},{\"@type\":\"Person\",\"@id\":\"https:\/\/www.naturparkmagazin.de\/nossentiner-schwinzer-heide\/#\/schema\/person\/6e5721221b13b6f827e696f29ff18008\",\"name\":\"evelinkartheuser\",\"url\":\"https:\/\/www.naturparkmagazin.de\/nossentiner-schwinzer-heide\/author\/evelinkartheuser\/\"}]}<\/script>\n<!-- \/ Yoast SEO plugin. -->","yoast_head_json":{"title":"Kooperation zwischen optimal media und dem Naturpark Nossentiner\/Schwinzer Heide - Naturpark Nossentiner\/Schwinzer Heide","robots":{"index":"index","follow":"follow","max-snippet":"max-snippet:-1","max-image-preview":"max-image-preview:large","max-video-preview":"max-video-preview:-1"},"canonical":"https:\/\/www.naturparkmagazin.de\/nossentiner-schwinzer-heide\/kooperation-zwischen-optimal-media-und-dem-naturpark-nossentinerschwinzer-heide\/","og_locale":"de_DE","og_type":"article","og_title":"Kooperation zwischen optimal media und dem Naturpark Nossentiner\/Schwinzer Heide - Naturpark Nossentiner\/Schwinzer Heide","og_description":"Die ersten 100 jungen Riesen sind gepflanzt.","og_url":"https:\/\/www.naturparkmagazin.de\/nossentiner-schwinzer-heide\/kooperation-zwischen-optimal-media-und-dem-naturpark-nossentinerschwinzer-heide\/","og_site_name":"Naturpark Nossentiner\/Schwinzer Heide","article_published_time":"2021-04-06T08:26:28+00:00","article_modified_time":"2021-04-07T08:15:46+00:00","og_image":[{"width":1920,"height":1280,"url":"https:\/\/www.naturparkmagazin.de\/nossentiner-schwinzer-heide\/wp-content\/uploads\/sites\/28\/OM_News_NSH_01.jpg","type":"image\/jpeg"}],"author":"evelinkartheuser","twitter_misc":{"Verfasst von":"evelinkartheuser","Gesch\u00e4tzte Lesezeit":"3\u00a0Minuten"},"schema":{"@context":"https:\/\/schema.org","@graph":[{"@type":"WebPage","@id":"https:\/\/www.naturparkmagazin.de\/nossentiner-schwinzer-heide\/kooperation-zwischen-optimal-media-und-dem-naturpark-nossentinerschwinzer-heide\/","url":"https:\/\/www.naturparkmagazin.de\/nossentiner-schwinzer-heide\/kooperation-zwischen-optimal-media-und-dem-naturpark-nossentinerschwinzer-heide\/","name":"Kooperation zwischen optimal media und dem Naturpark Nossentiner\/Schwinzer Heide - Naturpark Nossentiner\/Schwinzer Heide","isPartOf":{"@id":"https:\/\/www.naturparkmagazin.de\/nossentiner-schwinzer-heide\/#website"},"datePublished":"2021-04-06T08:26:28+00:00","dateModified":"2021-04-07T08:15:46+00:00","author":{"@id":"https:\/\/www.naturparkmagazin.de\/nossentiner-schwinzer-heide\/#\/schema\/person\/6e5721221b13b6f827e696f29ff18008"},"breadcrumb":{"@id":"https:\/\/www.naturparkmagazin.de\/nossentiner-schwinzer-heide\/kooperation-zwischen-optimal-media-und-dem-naturpark-nossentinerschwinzer-heide\/#breadcrumb"},"inLanguage":"de","potentialAction":[{"@type":"ReadAction","target":["https:\/\/www.naturparkmagazin.de\/nossentiner-schwinzer-heide\/kooperation-zwischen-optimal-media-und-dem-naturpark-nossentinerschwinzer-heide\/"]}]},{"@type":"BreadcrumbList","@id":"https:\/\/www.naturparkmagazin.de\/nossentiner-schwinzer-heide\/kooperation-zwischen-optimal-media-und-dem-naturpark-nossentinerschwinzer-heide\/#breadcrumb","itemListElement":[{"@type":"ListItem","position":1,"name":"Home","item":"https:\/\/www.naturparkmagazin.de\/nossentiner-schwinzer-heide\/"},{"@type":"ListItem","position":2,"name":"Kooperation zwischen optimal media und dem Naturpark Nossentiner\/Schwinzer Heide"}]},{"@type":"WebSite","@id":"https:\/\/www.naturparkmagazin.de\/nossentiner-schwinzer-heide\/#website","url":"https:\/\/www.naturparkmagazin.de\/nossentiner-schwinzer-heide\/","name":"Naturpark Nossentiner\/Schwinzer Heide","description":"","potentialAction":[{"@type":"SearchAction","target":{"@type":"EntryPoint","urlTemplate":"https:\/\/www.naturparkmagazin.de\/nossentiner-schwinzer-heide\/?s={search_term_string}"},"query-input":"required name=search_term_string"}],"inLanguage":"de"},{"@type":"Person","@id":"https:\/\/www.naturparkmagazin.de\/nossentiner-schwinzer-heide\/#\/schema\/person\/6e5721221b13b6f827e696f29ff18008","name":"evelinkartheuser","url":"https:\/\/www.naturparkmagazin.de\/nossentiner-schwinzer-heide\/author\/evelinkartheuser\/"}]}},"_links":{"self":[{"href":"https:\/\/www.naturparkmagazin.de\/nossentiner-schwinzer-heide\/wp-json\/wp\/v2\/posts\/3305"}],"collection":[{"href":"https:\/\/www.naturparkmagazin.de\/nossentiner-schwinzer-heide\/wp-json\/wp\/v2\/posts"}],"about":[{"href":"https:\/\/www.naturparkmagazin.de\/nossentiner-schwinzer-heide\/wp-json\/wp\/v2\/types\/post"}],"author":[{"embeddable":true,"href":"https:\/\/www.naturparkmagazin.de\/nossentiner-schwinzer-heide\/wp-json\/wp\/v2\/users\/84"}],"replies":[{"embeddable":true,"href":"https:\/\/www.naturparkmagazin.de\/nossentiner-schwinzer-heide\/wp-json\/wp\/v2\/comments?post=3305"}],"version-history":[{"count":7,"href":"https:\/\/www.naturparkmagazin.de\/nossentiner-schwinzer-heide\/wp-json\/wp\/v2\/posts\/3305\/revisions"}],"predecessor-version":[{"id":3347,"href":"https:\/\/www.naturparkmagazin.de\/nossentiner-schwinzer-heide\/wp-json\/wp\/v2\/posts\/3305\/revisions\/3347"}],"wp:featuredmedia":[{"embeddable":true,"href":"https:\/\/www.naturparkmagazin.de\/nossentiner-schwinzer-heide\/wp-json\/wp\/v2\/media\/3307"}],"wp:attachment":[{"href":"https:\/\/www.naturparkmagazin.de\/nossentiner-schwinzer-heide\/wp-json\/wp\/v2\/media?parent=3305"}],"wp:term":[{"taxonomy":"category","embeddable":true,"href":"https:\/\/www.naturparkmagazin.de\/nossentiner-schwinzer-heide\/wp-json\/wp\/v2\/categories?post=3305"},{"taxonomy":"post_tag","embeddable":true,"href":"https:\/\/www.naturparkmagazin.de\/nossentiner-schwinzer-heide\/wp-json\/wp\/v2\/tags?post=3305"}],"curies":[{"name":"wp","href":"https:\/\/api.w.org\/{rel}","templated":true}]}}