{"id":3337,"date":"2021-04-10T14:15:39","date_gmt":"2021-04-10T12:15:39","guid":{"rendered":"https:\/\/www.naturparkmagazin.de\/nossentiner-schwinzer-heide\/?p=3337"},"modified":"2021-04-19T15:03:59","modified_gmt":"2021-04-19T13:03:59","slug":"infotafeln-an-die-gemeinde-mestlin-uebergeben","status":"publish","type":"post","link":"https:\/\/www.naturparkmagazin.de\/nossentiner-schwinzer-heide\/infotafeln-an-die-gemeinde-mestlin-uebergeben\/","title":{"rendered":"Infotafeln an die Gemeinde Mestlin \u00fcbergeben"},"content":{"rendered":"<pre>April 2021\r\nEin Beitrag von Michael-G\u00fcnther B\u00f6lsche<\/pre>\n<p>Neue und \u00fcberarbeitete Infotafeln wurden am Mestliner Marx-Engels-Platz aufgestellt. Sie ersetzen die 15 Jahre alten und verwitterten Tafeln.<\/p>\n<p>Die lange Vorbereitungszeit hat sich gelohnt: Vier neue Informationstafeln wurden jetzt im Storchendorf Mestlin am Marx-Engels-Platz aufgestellt. Sie ersetzen die bisherigen, die vom Mai 2005 stammten. \u201eDiese waren bereits verwittert und au\u00dferdem enthielten sie kleine Fehler\u201c, erz\u00e4hlt B\u00fcrgermeister G\u00fcnter Philipowitz.<\/p>\n<p>\u00dcberarbeitet wurden die Tafeln im Naturpark Nossentiner\/Schwinzer Heide von Evelin Kartheuser, die sich auch mit Mestlinern im Vorfeld beriet und dadurch Fehler auf den alten Tafeln berichtigen konnte. So sind es nicht nur neue, sondern zugleich aktualisierte und berichtigte Tafeln.<\/p>\n<p>Gemeinsam mit den beiden Mitarbeitern des Naturparks Nossentiner\/Schwinzer Heide Evelin Kartheuser und Edgar Bartel sowie dem Gemeindearbeiter Ronny Sagurna und B\u00fcrgermeister G\u00fcnter Philipowitz wurden die Tafeln an den bestehenden Pf\u00e4hlen befestigt. Die Tafeln informieren \u00fcber die Geschichte vom Bauerndorf zum Gutsdorf und zum sozialistischen Musterdorf in der DDR-Zeit bis hin zur neueren Zeit. Eine Tafel ist auch der Region des Naturparks gewidmet.<\/p>\n<p>&nbsp;<\/p>\n<div id=\"attachment_3339\" style=\"width: 630px\" class=\"wp-caption alignnone\"><a href=\"https:\/\/www.naturparkmagazin.de\/nossentiner-schwinzer-heide\/wp-content\/uploads\/sites\/28\/01_Info-Tafel_2.jpg\"><img aria-describedby=\"caption-attachment-3339\" decoding=\"async\" loading=\"lazy\" class=\"wp-image-3339 size-medium\" src=\"https:\/\/www.naturparkmagazin.de\/nossentiner-schwinzer-heide\/wp-content\/uploads\/sites\/28\/01_Info-Tafel_2-620x413.jpg\" alt=\"01_Info-Tafel_2\" width=\"620\" height=\"413\" srcset=\"https:\/\/www.naturparkmagazin.de\/nossentiner-schwinzer-heide\/wp-content\/uploads\/sites\/28\/01_Info-Tafel_2-620x413.jpg 620w, https:\/\/www.naturparkmagazin.de\/nossentiner-schwinzer-heide\/wp-content\/uploads\/sites\/28\/01_Info-Tafel_2-300x200.jpg 300w, https:\/\/www.naturparkmagazin.de\/nossentiner-schwinzer-heide\/wp-content\/uploads\/sites\/28\/01_Info-Tafel_2-940x627.jpg 940w, https:\/\/www.naturparkmagazin.de\/nossentiner-schwinzer-heide\/wp-content\/uploads\/sites\/28\/01_Info-Tafel_2-670x447.jpg 670w, https:\/\/www.naturparkmagazin.de\/nossentiner-schwinzer-heide\/wp-content\/uploads\/sites\/28\/01_Info-Tafel_2-200x133.jpg 200w, https:\/\/www.naturparkmagazin.de\/nossentiner-schwinzer-heide\/wp-content\/uploads\/sites\/28\/01_Info-Tafel_2.jpg 1920w\" sizes=\"(max-width: 620px) 100vw, 620px\" \/><\/a><p id=\"caption-attachment-3339\" class=\"wp-caption-text\">Edgar Bartel und Evelin Kartheuser (beide vorn) \u00fcbergaben die fertigen Tafeln an die Gemeinde Mestlin, vertreten durch B\u00fcrgermeister G\u00fcnter Philipowitz und Ronny Sagurna. Bild: Michael-G\u00fcnther B\u00f6lsche<\/p><\/div>\n<p>&nbsp;<\/p>\n","protected":false},"excerpt":{"rendered":"<p>Neue und \u00fcberarbeitete Infotafeln wurden am Mestliner Marx-Engels-Platz aufgestellt. Sie ersetzen die 15 Jahre alten und verwitterten Tafeln.<\/p>\n","protected":false},"author":84,"featured_media":3339,"comment_status":"open","ping_status":"open","sticky":false,"template":"","format":"standard","meta":[],"categories":[7],"tags":[],"yoast_head":"<!-- This site is optimized with the Yoast SEO plugin v19.10 - https:\/\/yoast.com\/wordpress\/plugins\/seo\/ -->\n<title>Infotafeln an die Gemeinde Mestlin \u00fcbergeben - Naturpark Nossentiner\/Schwinzer Heide<\/title>\n<meta name=\"robots\" content=\"index, follow, max-snippet:-1, max-image-preview:large, max-video-preview:-1\" \/>\n<link rel=\"canonical\" href=\"https:\/\/www.naturparkmagazin.de\/nossentiner-schwinzer-heide\/infotafeln-an-die-gemeinde-mestlin-uebergeben\/\" \/>\n<meta property=\"og:locale\" content=\"de_DE\" \/>\n<meta property=\"og:type\" content=\"article\" \/>\n<meta property=\"og:title\" content=\"Infotafeln an die Gemeinde Mestlin \u00fcbergeben - Naturpark Nossentiner\/Schwinzer Heide\" \/>\n<meta property=\"og:description\" content=\"Neue und \u00fcberarbeitete Infotafeln wurden am Mestliner Marx-Engels-Platz aufgestellt. Sie ersetzen die 15 Jahre alten und verwitterten Tafeln.\" \/>\n<meta property=\"og:url\" content=\"https:\/\/www.naturparkmagazin.de\/nossentiner-schwinzer-heide\/infotafeln-an-die-gemeinde-mestlin-uebergeben\/\" \/>\n<meta property=\"og:site_name\" content=\"Naturpark Nossentiner\/Schwinzer Heide\" \/>\n<meta property=\"article:published_time\" content=\"2021-04-10T12:15:39+00:00\" \/>\n<meta property=\"article:modified_time\" content=\"2021-04-19T13:03:59+00:00\" \/>\n<meta property=\"og:image\" content=\"https:\/\/www.naturparkmagazin.de\/nossentiner-schwinzer-heide\/wp-content\/uploads\/sites\/28\/01_Info-Tafel_2.jpg\" \/>\n\t<meta property=\"og:image:width\" content=\"1920\" \/>\n\t<meta property=\"og:image:height\" content=\"1280\" \/>\n\t<meta property=\"og:image:type\" content=\"image\/jpeg\" \/>\n<meta name=\"author\" content=\"evelinkartheuser\" \/>\n<meta name=\"twitter:label1\" content=\"Verfasst von\" \/>\n\t<meta name=\"twitter:data1\" content=\"evelinkartheuser\" \/>\n\t<meta name=\"twitter:label2\" content=\"Gesch\u00e4tzte Lesezeit\" \/>\n\t<meta name=\"twitter:data2\" content=\"1\u00a0Minute\" \/>\n<script type=\"application\/ld+json\" class=\"yoast-schema-graph\">{\"@context\":\"https:\/\/schema.org\",\"@graph\":[{\"@type\":\"WebPage\",\"@id\":\"https:\/\/www.naturparkmagazin.de\/nossentiner-schwinzer-heide\/infotafeln-an-die-gemeinde-mestlin-uebergeben\/\",\"url\":\"https:\/\/www.naturparkmagazin.de\/nossentiner-schwinzer-heide\/infotafeln-an-die-gemeinde-mestlin-uebergeben\/\",\"name\":\"Infotafeln an die Gemeinde Mestlin \u00fcbergeben - Naturpark Nossentiner\/Schwinzer Heide\",\"isPartOf\":{\"@id\":\"https:\/\/www.naturparkmagazin.de\/nossentiner-schwinzer-heide\/#website\"},\"datePublished\":\"2021-04-10T12:15:39+00:00\",\"dateModified\":\"2021-04-19T13:03:59+00:00\",\"author\":{\"@id\":\"https:\/\/www.naturparkmagazin.de\/nossentiner-schwinzer-heide\/#\/schema\/person\/6e5721221b13b6f827e696f29ff18008\"},\"breadcrumb\":{\"@id\":\"https:\/\/www.naturparkmagazin.de\/nossentiner-schwinzer-heide\/infotafeln-an-die-gemeinde-mestlin-uebergeben\/#breadcrumb\"},\"inLanguage\":\"de\",\"potentialAction\":[{\"@type\":\"ReadAction\",\"target\":[\"https:\/\/www.naturparkmagazin.de\/nossentiner-schwinzer-heide\/infotafeln-an-die-gemeinde-mestlin-uebergeben\/\"]}]},{\"@type\":\"BreadcrumbList\",\"@id\":\"https:\/\/www.naturparkmagazin.de\/nossentiner-schwinzer-heide\/infotafeln-an-die-gemeinde-mestlin-uebergeben\/#breadcrumb\",\"itemListElement\":[{\"@type\":\"ListItem\",\"position\":1,\"name\":\"Home\",\"item\":\"https:\/\/www.naturparkmagazin.de\/nossentiner-schwinzer-heide\/\"},{\"@type\":\"ListItem\",\"position\":2,\"name\":\"Infotafeln an die Gemeinde Mestlin \u00fcbergeben\"}]},{\"@type\":\"WebSite\",\"@id\":\"https:\/\/www.naturparkmagazin.de\/nossentiner-schwinzer-heide\/#website\",\"url\":\"https:\/\/www.naturparkmagazin.de\/nossentiner-schwinzer-heide\/\",\"name\":\"Naturpark Nossentiner\/Schwinzer Heide\",\"description\":\"\",\"potentialAction\":[{\"@type\":\"SearchAction\",\"target\":{\"@type\":\"EntryPoint\",\"urlTemplate\":\"https:\/\/www.naturparkmagazin.de\/nossentiner-schwinzer-heide\/?s={search_term_string}\"},\"query-input\":\"required name=search_term_string\"}],\"inLanguage\":\"de\"},{\"@type\":\"Person\",\"@id\":\"https:\/\/www.naturparkmagazin.de\/nossentiner-schwinzer-heide\/#\/schema\/person\/6e5721221b13b6f827e696f29ff18008\",\"name\":\"evelinkartheuser\",\"url\":\"https:\/\/www.naturparkmagazin.de\/nossentiner-schwinzer-heide\/author\/evelinkartheuser\/\"}]}<\/script>\n<!-- \/ Yoast SEO plugin. -->","yoast_head_json":{"title":"Infotafeln an die Gemeinde Mestlin \u00fcbergeben - Naturpark Nossentiner\/Schwinzer Heide","robots":{"index":"index","follow":"follow","max-snippet":"max-snippet:-1","max-image-preview":"max-image-preview:large","max-video-preview":"max-video-preview:-1"},"canonical":"https:\/\/www.naturparkmagazin.de\/nossentiner-schwinzer-heide\/infotafeln-an-die-gemeinde-mestlin-uebergeben\/","og_locale":"de_DE","og_type":"article","og_title":"Infotafeln an die Gemeinde Mestlin \u00fcbergeben - Naturpark Nossentiner\/Schwinzer Heide","og_description":"Neue und \u00fcberarbeitete Infotafeln wurden am Mestliner Marx-Engels-Platz aufgestellt. Sie ersetzen die 15 Jahre alten und verwitterten Tafeln.","og_url":"https:\/\/www.naturparkmagazin.de\/nossentiner-schwinzer-heide\/infotafeln-an-die-gemeinde-mestlin-uebergeben\/","og_site_name":"Naturpark Nossentiner\/Schwinzer Heide","article_published_time":"2021-04-10T12:15:39+00:00","article_modified_time":"2021-04-19T13:03:59+00:00","og_image":[{"width":1920,"height":1280,"url":"https:\/\/www.naturparkmagazin.de\/nossentiner-schwinzer-heide\/wp-content\/uploads\/sites\/28\/01_Info-Tafel_2.jpg","type":"image\/jpeg"}],"author":"evelinkartheuser","twitter_misc":{"Verfasst von":"evelinkartheuser","Gesch\u00e4tzte Lesezeit":"1\u00a0Minute"},"schema":{"@context":"https:\/\/schema.org","@graph":[{"@type":"WebPage","@id":"https:\/\/www.naturparkmagazin.de\/nossentiner-schwinzer-heide\/infotafeln-an-die-gemeinde-mestlin-uebergeben\/","url":"https:\/\/www.naturparkmagazin.de\/nossentiner-schwinzer-heide\/infotafeln-an-die-gemeinde-mestlin-uebergeben\/","name":"Infotafeln an die Gemeinde Mestlin \u00fcbergeben - Naturpark Nossentiner\/Schwinzer Heide","isPartOf":{"@id":"https:\/\/www.naturparkmagazin.de\/nossentiner-schwinzer-heide\/#website"},"datePublished":"2021-04-10T12:15:39+00:00","dateModified":"2021-04-19T13:03:59+00:00","author":{"@id":"https:\/\/www.naturparkmagazin.de\/nossentiner-schwinzer-heide\/#\/schema\/person\/6e5721221b13b6f827e696f29ff18008"},"breadcrumb":{"@id":"https:\/\/www.naturparkmagazin.de\/nossentiner-schwinzer-heide\/infotafeln-an-die-gemeinde-mestlin-uebergeben\/#breadcrumb"},"inLanguage":"de","potentialAction":[{"@type":"ReadAction","target":["https:\/\/www.naturparkmagazin.de\/nossentiner-schwinzer-heide\/infotafeln-an-die-gemeinde-mestlin-uebergeben\/"]}]},{"@type":"BreadcrumbList","@id":"https:\/\/www.naturparkmagazin.de\/nossentiner-schwinzer-heide\/infotafeln-an-die-gemeinde-mestlin-uebergeben\/#breadcrumb","itemListElement":[{"@type":"ListItem","position":1,"name":"Home","item":"https:\/\/www.naturparkmagazin.de\/nossentiner-schwinzer-heide\/"},{"@type":"ListItem","position":2,"name":"Infotafeln an die Gemeinde Mestlin \u00fcbergeben"}]},{"@type":"WebSite","@id":"https:\/\/www.naturparkmagazin.de\/nossentiner-schwinzer-heide\/#website","url":"https:\/\/www.naturparkmagazin.de\/nossentiner-schwinzer-heide\/","name":"Naturpark Nossentiner\/Schwinzer Heide","description":"","potentialAction":[{"@type":"SearchAction","target":{"@type":"EntryPoint","urlTemplate":"https:\/\/www.naturparkmagazin.de\/nossentiner-schwinzer-heide\/?s={search_term_string}"},"query-input":"required name=search_term_string"}],"inLanguage":"de"},{"@type":"Person","@id":"https:\/\/www.naturparkmagazin.de\/nossentiner-schwinzer-heide\/#\/schema\/person\/6e5721221b13b6f827e696f29ff18008","name":"evelinkartheuser","url":"https:\/\/www.naturparkmagazin.de\/nossentiner-schwinzer-heide\/author\/evelinkartheuser\/"}]}},"_links":{"self":[{"href":"https:\/\/www.naturparkmagazin.de\/nossentiner-schwinzer-heide\/wp-json\/wp\/v2\/posts\/3337"}],"collection":[{"href":"https:\/\/www.naturparkmagazin.de\/nossentiner-schwinzer-heide\/wp-json\/wp\/v2\/posts"}],"about":[{"href":"https:\/\/www.naturparkmagazin.de\/nossentiner-schwinzer-heide\/wp-json\/wp\/v2\/types\/post"}],"author":[{"embeddable":true,"href":"https:\/\/www.naturparkmagazin.de\/nossentiner-schwinzer-heide\/wp-json\/wp\/v2\/users\/84"}],"replies":[{"embeddable":true,"href":"https:\/\/www.naturparkmagazin.de\/nossentiner-schwinzer-heide\/wp-json\/wp\/v2\/comments?post=3337"}],"version-history":[{"count":6,"href":"https:\/\/www.naturparkmagazin.de\/nossentiner-schwinzer-heide\/wp-json\/wp\/v2\/posts\/3337\/revisions"}],"predecessor-version":[{"id":3350,"href":"https:\/\/www.naturparkmagazin.de\/nossentiner-schwinzer-heide\/wp-json\/wp\/v2\/posts\/3337\/revisions\/3350"}],"wp:featuredmedia":[{"embeddable":true,"href":"https:\/\/www.naturparkmagazin.de\/nossentiner-schwinzer-heide\/wp-json\/wp\/v2\/media\/3339"}],"wp:attachment":[{"href":"https:\/\/www.naturparkmagazin.de\/nossentiner-schwinzer-heide\/wp-json\/wp\/v2\/media?parent=3337"}],"wp:term":[{"taxonomy":"category","embeddable":true,"href":"https:\/\/www.naturparkmagazin.de\/nossentiner-schwinzer-heide\/wp-json\/wp\/v2\/categories?post=3337"},{"taxonomy":"post_tag","embeddable":true,"href":"https:\/\/www.naturparkmagazin.de\/nossentiner-schwinzer-heide\/wp-json\/wp\/v2\/tags?post=3337"}],"curies":[{"name":"wp","href":"https:\/\/api.w.org\/{rel}","templated":true}]}}