{"id":34,"date":"2013-05-06T10:00:00","date_gmt":"2013-05-06T08:00:00","guid":{"rendered":"http:\/\/www.naturparkmagazin.de\/nossentiner-schwinzer-heide\/?p=34"},"modified":"2013-05-06T10:00:00","modified_gmt":"2013-05-06T08:00:00","slug":"grosser-wandertag-in-jabel","status":"publish","type":"post","link":"https:\/\/www.naturparkmagazin.de\/nossentiner-schwinzer-heide\/grosser-wandertag-in-jabel\/","title":{"rendered":"Gro\u00dfer Wandertag in Jabel"},"content":{"rendered":"<p><a href=\"https:\/\/www.naturparkmagazin.de\/nossentiner-schwinzer-heide\/wp-content\/uploads\/sites\/28\/Luftbild-Jabel-aus-NW-a.jpg\"><img decoding=\"async\" loading=\"lazy\" class=\"alignnone size-medium wp-image-38\" title=\"Jabel aus der Adlerperspektive\" alt=\"Luftbild Jabel aus NW a\" src=\"https:\/\/www.naturparkmagazin.de\/nossentiner-schwinzer-heide\/wp-content\/uploads\/sites\/28\/Luftbild-Jabel-aus-NW-a-620x401.jpg\" width=\"620\" height=\"401\" \/><\/a>Unter dem Slogan \u201eGemeinsam wandern \u2013 Deutschlands Vielfalt erleben!\u201c finden vom 11. Mai bis zum 21. Juli auf Initiative des Bundesministeriums f\u00fcr Umwelt, Naturschutz und Reaktorsicherheit und des Bundesamtes f\u00fcr Naturschutz in ganz Deutschland Wanderveranstaltungen statt. Sie sollen dazu beitragen, eine m\u00f6glichst breite \u00d6ffentlichkeit mit dem Begriff der biologischen Vielfalt vertraut zu machen. Deren Bedeutung f\u00fcr die Menschen, aber auch die Folgen ihres Verlustes sollen im Bewusstsein der Bev\u00f6lkerung einen festen Platz finden. Der Wandertag des Naturparks m\u00f6chte dazu einen Beitrag leisten. <i>\u201cAuf den drei Wanderrouten \u00fcber 5, 10 oder 20 km bzw. einer Radroute \u00fcber 40 km k\u00f6nnen die Wanderer die biologische Vielfalt hautnah erleben. Je nach gew\u00e4hlter Strecke werden ein oder zwei Naturschutzgebiete, ein FFH-Gebiet und ein Europ\u00e4isches Vogelschutzgebiet durchwandert. An den Kontrollstellen unterwegs geben Mitarbeiter der Naturwacht (Ranger) Hinweise zu Besonderheiten des Kraftwerks Wald, die Wasserspeicherung des Humusbodens, zu Pflanzen- und Tierarten,\u00a0 etc. \u2026\u201c, sagte Naturparkleiter J\u00f6rg Gast.<\/i><\/p>\n<p>Die selbst zu w\u00e4hlende Startzeit liegt zwischen 9 und 12 Uhr auf dem Sportplatz in Jabel bei Waren\/M\u00fcritz, denn jeder Teilnehmer wandert oder f\u00e4hrt selbst entsprechend seinen M\u00f6glichkeiten und seiner Leistungsf\u00e4higkeit. Es gibt keine Sollzeiten oder sonstigen Vorgaben. Einzig die Strecken sind zu bew\u00e4ltigen. Zielschluss ist um 16 Uhr.<\/p>\n<p>F\u00fcr der Witterung angepasste Kleidung ist selbst zu sorgen.\u00a0 Die erwanderten oder erradelten Kilometer werden nach den Richtlinien des Deutschen Volkssportverbandes (DVV) f\u00fcr das Volkssportabzeichen gewertet. Auch einige Krankenkassen erkennen die Aktivit\u00e4ten in ihren Bonussystemen zur Gesundheitsvorsorge an. Aus diesem Grund sind auf den Strecken Kontrollstellen eingerichtet, an denen sich die Wanderer oder Radfahrer die Teilnahme best\u00e4tigen lassen k\u00f6nnen und auch einen Tee zur Erfrischung erhalten. Ansonsten ist jeder selbst f\u00fcr sein Wanderproviant verantwortlich.Das Jugendwaldheim Loppin, an dem die 10 und 20 km Strecken vorbei f\u00fchren, \u00f6ffnet von 9 bis 16 Uhr zu einem Tag der offenen T\u00fcr und versorgt hier auch die Wanderer. Am Start und Ziel sorgen zwei dort ans\u00e4ssige Gastst\u00e4tten f\u00fcr die Versorgung. F\u00fcr Teilnehmer mit einer g\u00fcltigen Startkarte, die zum Preis von 1,50 \u20ac am Start erworben wird, besteht ein Versicherungsschutz auf den extra f\u00fcr diesen Tag markierten Strecken. Im Rahmen der bundesweiten Aktion ist auch ein \u201eWanderpass Biologische Vielfalt\u201c mit einem integrierten Gewinnspiel am Start und Ziel erh\u00e4ltlich.<\/p>\n<p>Alle Wander- und Naturinteressierte sind herzlich nach Jabel eingeladen.<\/p>\n<p>Weitere Informationen zur Veranstaltung unter 038738 \/ 70292 und unter <a href=\"http:\/\/www.wandertag.biologischevielfalt.de\/\">www.wandertag.biologischeVielfalt.de<\/a><\/p>\n","protected":false},"excerpt":{"rendered":"<p>Unter dem Slogan \u201eGemeinsam wandern \u2013 Deutschlands Vielfalt erleben!\u201c finden vom 11. Mai bis zum 21. Juli auf Initiative des Bundesministeriums f\u00fcr Umwelt, Naturschutz und Reaktorsicherheit und des Bundesamtes f\u00fcr Naturschutz in ganz Deutschland Wanderveranstaltungen statt. Sie sollen dazu beitragen, eine m\u00f6glichst breite \u00d6ffentlichkeit mit dem Begriff der biologischen Vielfalt vertraut zu machen. Deren Bedeutung<\/p>\n","protected":false},"author":28,"featured_media":0,"comment_status":"open","ping_status":"open","sticky":false,"template":"","format":"standard","meta":[],"categories":[11],"tags":[],"yoast_head":"<!-- This site is optimized with the Yoast SEO plugin v19.10 - https:\/\/yoast.com\/wordpress\/plugins\/seo\/ -->\n<title>Gro\u00dfer Wandertag in Jabel - Naturpark Nossentiner\/Schwinzer Heide<\/title>\n<meta name=\"robots\" content=\"index, follow, max-snippet:-1, max-image-preview:large, max-video-preview:-1\" \/>\n<link rel=\"canonical\" href=\"https:\/\/www.naturparkmagazin.de\/nossentiner-schwinzer-heide\/grosser-wandertag-in-jabel\/\" \/>\n<meta property=\"og:locale\" content=\"de_DE\" \/>\n<meta property=\"og:type\" content=\"article\" \/>\n<meta property=\"og:title\" content=\"Gro\u00dfer Wandertag in Jabel - Naturpark Nossentiner\/Schwinzer Heide\" \/>\n<meta property=\"og:description\" content=\"Unter dem Slogan \u201eGemeinsam wandern \u2013 Deutschlands Vielfalt erleben!\u201c finden vom 11. Mai bis zum 21. Juli auf Initiative des Bundesministeriums f\u00fcr Umwelt, Naturschutz und Reaktorsicherheit und des Bundesamtes f\u00fcr Naturschutz in ganz Deutschland Wanderveranstaltungen statt. Sie sollen dazu beitragen, eine m\u00f6glichst breite \u00d6ffentlichkeit mit dem Begriff der biologischen Vielfalt vertraut zu machen. Deren Bedeutung\" \/>\n<meta property=\"og:url\" content=\"https:\/\/www.naturparkmagazin.de\/nossentiner-schwinzer-heide\/grosser-wandertag-in-jabel\/\" \/>\n<meta property=\"og:site_name\" content=\"Naturpark Nossentiner\/Schwinzer Heide\" \/>\n<meta property=\"article:published_time\" content=\"2013-05-06T08:00:00+00:00\" \/>\n<meta property=\"og:image\" content=\"https:\/\/www.naturparkmagazin.de\/nossentiner-schwinzer-heide\/wp-content\/uploads\/sites\/28\/Luftbild-Jabel-aus-NW-a-620x401.jpg\" \/>\n<meta name=\"twitter:label1\" content=\"Verfasst von\" \/>\n\t<meta name=\"twitter:data1\" content=\"\" \/>\n\t<meta name=\"twitter:label2\" content=\"Gesch\u00e4tzte Lesezeit\" \/>\n\t<meta name=\"twitter:data2\" content=\"2\u00a0Minuten\" \/>\n<script type=\"application\/ld+json\" class=\"yoast-schema-graph\">{\"@context\":\"https:\/\/schema.org\",\"@graph\":[{\"@type\":\"WebPage\",\"@id\":\"https:\/\/www.naturparkmagazin.de\/nossentiner-schwinzer-heide\/grosser-wandertag-in-jabel\/\",\"url\":\"https:\/\/www.naturparkmagazin.de\/nossentiner-schwinzer-heide\/grosser-wandertag-in-jabel\/\",\"name\":\"Gro\u00dfer Wandertag in Jabel - Naturpark Nossentiner\/Schwinzer Heide\",\"isPartOf\":{\"@id\":\"https:\/\/www.naturparkmagazin.de\/nossentiner-schwinzer-heide\/#website\"},\"datePublished\":\"2013-05-06T08:00:00+00:00\",\"dateModified\":\"2013-05-06T08:00:00+00:00\",\"author\":{\"@id\":\"\"},\"breadcrumb\":{\"@id\":\"https:\/\/www.naturparkmagazin.de\/nossentiner-schwinzer-heide\/grosser-wandertag-in-jabel\/#breadcrumb\"},\"inLanguage\":\"de\",\"potentialAction\":[{\"@type\":\"ReadAction\",\"target\":[\"https:\/\/www.naturparkmagazin.de\/nossentiner-schwinzer-heide\/grosser-wandertag-in-jabel\/\"]}]},{\"@type\":\"BreadcrumbList\",\"@id\":\"https:\/\/www.naturparkmagazin.de\/nossentiner-schwinzer-heide\/grosser-wandertag-in-jabel\/#breadcrumb\",\"itemListElement\":[{\"@type\":\"ListItem\",\"position\":1,\"name\":\"Home\",\"item\":\"https:\/\/www.naturparkmagazin.de\/nossentiner-schwinzer-heide\/\"},{\"@type\":\"ListItem\",\"position\":2,\"name\":\"Gro\u00dfer Wandertag in Jabel\"}]},{\"@type\":\"WebSite\",\"@id\":\"https:\/\/www.naturparkmagazin.de\/nossentiner-schwinzer-heide\/#website\",\"url\":\"https:\/\/www.naturparkmagazin.de\/nossentiner-schwinzer-heide\/\",\"name\":\"Naturpark Nossentiner\/Schwinzer Heide\",\"description\":\"\",\"potentialAction\":[{\"@type\":\"SearchAction\",\"target\":{\"@type\":\"EntryPoint\",\"urlTemplate\":\"https:\/\/www.naturparkmagazin.de\/nossentiner-schwinzer-heide\/?s={search_term_string}\"},\"query-input\":\"required name=search_term_string\"}],\"inLanguage\":\"de\"},{\"@type\":\"Person\",\"@id\":\"\",\"url\":\"https:\/\/www.naturparkmagazin.de\/nossentiner-schwinzer-heide\/author\/\"}]}<\/script>\n<!-- \/ Yoast SEO plugin. -->","yoast_head_json":{"title":"Gro\u00dfer Wandertag in Jabel - Naturpark Nossentiner\/Schwinzer Heide","robots":{"index":"index","follow":"follow","max-snippet":"max-snippet:-1","max-image-preview":"max-image-preview:large","max-video-preview":"max-video-preview:-1"},"canonical":"https:\/\/www.naturparkmagazin.de\/nossentiner-schwinzer-heide\/grosser-wandertag-in-jabel\/","og_locale":"de_DE","og_type":"article","og_title":"Gro\u00dfer Wandertag in Jabel - Naturpark Nossentiner\/Schwinzer Heide","og_description":"Unter dem Slogan \u201eGemeinsam wandern \u2013 Deutschlands Vielfalt erleben!\u201c finden vom 11. Mai bis zum 21. Juli auf Initiative des Bundesministeriums f\u00fcr Umwelt, Naturschutz und Reaktorsicherheit und des Bundesamtes f\u00fcr Naturschutz in ganz Deutschland Wanderveranstaltungen statt. Sie sollen dazu beitragen, eine m\u00f6glichst breite \u00d6ffentlichkeit mit dem Begriff der biologischen Vielfalt vertraut zu machen. Deren Bedeutung","og_url":"https:\/\/www.naturparkmagazin.de\/nossentiner-schwinzer-heide\/grosser-wandertag-in-jabel\/","og_site_name":"Naturpark Nossentiner\/Schwinzer Heide","article_published_time":"2013-05-06T08:00:00+00:00","og_image":[{"url":"https:\/\/www.naturparkmagazin.de\/nossentiner-schwinzer-heide\/wp-content\/uploads\/sites\/28\/Luftbild-Jabel-aus-NW-a-620x401.jpg"}],"twitter_misc":{"Verfasst von":"","Gesch\u00e4tzte Lesezeit":"2\u00a0Minuten"},"schema":{"@context":"https:\/\/schema.org","@graph":[{"@type":"WebPage","@id":"https:\/\/www.naturparkmagazin.de\/nossentiner-schwinzer-heide\/grosser-wandertag-in-jabel\/","url":"https:\/\/www.naturparkmagazin.de\/nossentiner-schwinzer-heide\/grosser-wandertag-in-jabel\/","name":"Gro\u00dfer Wandertag in Jabel - Naturpark Nossentiner\/Schwinzer Heide","isPartOf":{"@id":"https:\/\/www.naturparkmagazin.de\/nossentiner-schwinzer-heide\/#website"},"datePublished":"2013-05-06T08:00:00+00:00","dateModified":"2013-05-06T08:00:00+00:00","author":{"@id":""},"breadcrumb":{"@id":"https:\/\/www.naturparkmagazin.de\/nossentiner-schwinzer-heide\/grosser-wandertag-in-jabel\/#breadcrumb"},"inLanguage":"de","potentialAction":[{"@type":"ReadAction","target":["https:\/\/www.naturparkmagazin.de\/nossentiner-schwinzer-heide\/grosser-wandertag-in-jabel\/"]}]},{"@type":"BreadcrumbList","@id":"https:\/\/www.naturparkmagazin.de\/nossentiner-schwinzer-heide\/grosser-wandertag-in-jabel\/#breadcrumb","itemListElement":[{"@type":"ListItem","position":1,"name":"Home","item":"https:\/\/www.naturparkmagazin.de\/nossentiner-schwinzer-heide\/"},{"@type":"ListItem","position":2,"name":"Gro\u00dfer Wandertag in Jabel"}]},{"@type":"WebSite","@id":"https:\/\/www.naturparkmagazin.de\/nossentiner-schwinzer-heide\/#website","url":"https:\/\/www.naturparkmagazin.de\/nossentiner-schwinzer-heide\/","name":"Naturpark Nossentiner\/Schwinzer Heide","description":"","potentialAction":[{"@type":"SearchAction","target":{"@type":"EntryPoint","urlTemplate":"https:\/\/www.naturparkmagazin.de\/nossentiner-schwinzer-heide\/?s={search_term_string}"},"query-input":"required name=search_term_string"}],"inLanguage":"de"},{"@type":"Person","@id":"","url":"https:\/\/www.naturparkmagazin.de\/nossentiner-schwinzer-heide\/author\/"}]}},"_links":{"self":[{"href":"https:\/\/www.naturparkmagazin.de\/nossentiner-schwinzer-heide\/wp-json\/wp\/v2\/posts\/34"}],"collection":[{"href":"https:\/\/www.naturparkmagazin.de\/nossentiner-schwinzer-heide\/wp-json\/wp\/v2\/posts"}],"about":[{"href":"https:\/\/www.naturparkmagazin.de\/nossentiner-schwinzer-heide\/wp-json\/wp\/v2\/types\/post"}],"author":[{"embeddable":true,"href":"https:\/\/www.naturparkmagazin.de\/nossentiner-schwinzer-heide\/wp-json\/wp\/v2\/users\/28"}],"replies":[{"embeddable":true,"href":"https:\/\/www.naturparkmagazin.de\/nossentiner-schwinzer-heide\/wp-json\/wp\/v2\/comments?post=34"}],"version-history":[{"count":8,"href":"https:\/\/www.naturparkmagazin.de\/nossentiner-schwinzer-heide\/wp-json\/wp\/v2\/posts\/34\/revisions"}],"predecessor-version":[{"id":66,"href":"https:\/\/www.naturparkmagazin.de\/nossentiner-schwinzer-heide\/wp-json\/wp\/v2\/posts\/34\/revisions\/66"}],"wp:attachment":[{"href":"https:\/\/www.naturparkmagazin.de\/nossentiner-schwinzer-heide\/wp-json\/wp\/v2\/media?parent=34"}],"wp:term":[{"taxonomy":"category","embeddable":true,"href":"https:\/\/www.naturparkmagazin.de\/nossentiner-schwinzer-heide\/wp-json\/wp\/v2\/categories?post=34"},{"taxonomy":"post_tag","embeddable":true,"href":"https:\/\/www.naturparkmagazin.de\/nossentiner-schwinzer-heide\/wp-json\/wp\/v2\/tags?post=34"}],"curies":[{"name":"wp","href":"https:\/\/api.w.org\/{rel}","templated":true}]}}