{"id":3430,"date":"2021-06-14T09:24:29","date_gmt":"2021-06-14T07:24:29","guid":{"rendered":"https:\/\/www.naturparkmagazin.de\/nossentiner-schwinzer-heide\/?p=3430"},"modified":"2021-06-24T11:43:58","modified_gmt":"2021-06-24T09:43:58","slug":"eine-art-zu-sehen-ausstellung-von-lothar-brockmoeller","status":"publish","type":"post","link":"https:\/\/www.naturparkmagazin.de\/nossentiner-schwinzer-heide\/eine-art-zu-sehen-ausstellung-von-lothar-brockmoeller\/","title":{"rendered":"EINE ART ZU SEHEN &#8211; Ausstellung von Lothar Brockm\u00f6ller"},"content":{"rendered":"<pre>Juli 2021<\/pre>\n<p>Sie kennen das vielleicht aus eigener Erfahrung: Man liegt an einem warmen Sommertag auf einer bl\u00fchenden Wiese und schaut zu den Wolken empor, die am Himmel vor\u00fcber ziehen. Pl\u00f6tzlich erkennt man dort Strukturen, die einem bekannt vorkommen. Dort zeigt sich ein Schaf, w\u00e4hrend an anderer Stelle ein Gesicht entsteht. In der neuen Ausstellung im Karower Meiler zeigt Lothar Brockm\u00f6ller nun solche Ph\u00e4nomene, die er mit seiner Kamera eingefangen hat. Es handelt sich bei den Fotos teilweise um Miniaturaufnahmen, z.B. von Fra\u00dfspuren in Bl\u00e4ttern, oder interessanten Strukturen in der Natur. \u201eMit dieser Ausstellung m\u00f6chte ich Sie an meinem Experiment visueller Strukturwahrnehmung teilhaben lassen\u201c, sagt der geb\u00fcrtige Mecklenburger. Schon seit 26 Jahren bereichert der studierte Physiker und Hobby-Fotograf Brockm\u00f6ller verschiedenste Ausstellungen und Kunstprojekte mit seinen Werken.<\/p>\n<p>Die aktuelle Ausstellung ist im Naturparkzentrum Karower Meiler noch bis Mitte Juli zu sehen, t\u00e4glich von 10-17 Uhr.<\/p>\n<p><a href=\"https:\/\/www.naturparkmagazin.de\/nossentiner-schwinzer-heide\/wp-content\/uploads\/sites\/28\/Plakat_Brockm\u00f6ller.jpg\"><img decoding=\"async\" loading=\"lazy\" class=\"alignnone size-medium wp-image-3431\" src=\"https:\/\/www.naturparkmagazin.de\/nossentiner-schwinzer-heide\/wp-content\/uploads\/sites\/28\/Plakat_Brockm\u00f6ller-620x878.jpg\" alt=\"Plakat_Brockm\u00f6ller\" width=\"620\" height=\"878\" srcset=\"https:\/\/www.naturparkmagazin.de\/nossentiner-schwinzer-heide\/wp-content\/uploads\/sites\/28\/Plakat_Brockm\u00f6ller-620x878.jpg 620w, https:\/\/www.naturparkmagazin.de\/nossentiner-schwinzer-heide\/wp-content\/uploads\/sites\/28\/Plakat_Brockm\u00f6ller-300x425.jpg 300w, https:\/\/www.naturparkmagazin.de\/nossentiner-schwinzer-heide\/wp-content\/uploads\/sites\/28\/Plakat_Brockm\u00f6ller-940x1332.jpg 940w, https:\/\/www.naturparkmagazin.de\/nossentiner-schwinzer-heide\/wp-content\/uploads\/sites\/28\/Plakat_Brockm\u00f6ller-670x949.jpg 670w, https:\/\/www.naturparkmagazin.de\/nossentiner-schwinzer-heide\/wp-content\/uploads\/sites\/28\/Plakat_Brockm\u00f6ller-200x283.jpg 200w\" sizes=\"(max-width: 620px) 100vw, 620px\" \/><\/a><\/p>\n<p>&nbsp;<\/p>\n","protected":false},"excerpt":{"rendered":"<p>Die Fotografien als Experiment visueller Strukturwahrnehmung von Lothar Brockm\u00f6ller sind noch bis Mitte Juli zu sehen.<\/p>\n","protected":false},"author":84,"featured_media":3431,"comment_status":"open","ping_status":"open","sticky":false,"template":"","format":"standard","meta":[],"categories":[11],"tags":[],"yoast_head":"<!-- This site is optimized with the Yoast SEO plugin v19.10 - https:\/\/yoast.com\/wordpress\/plugins\/seo\/ -->\n<title>EINE ART ZU SEHEN - Ausstellung von Lothar Brockm\u00f6ller - Naturpark Nossentiner\/Schwinzer Heide<\/title>\n<meta name=\"robots\" content=\"index, follow, max-snippet:-1, max-image-preview:large, max-video-preview:-1\" \/>\n<link rel=\"canonical\" href=\"https:\/\/www.naturparkmagazin.de\/nossentiner-schwinzer-heide\/eine-art-zu-sehen-ausstellung-von-lothar-brockmoeller\/\" \/>\n<meta property=\"og:locale\" content=\"de_DE\" \/>\n<meta property=\"og:type\" content=\"article\" \/>\n<meta property=\"og:title\" content=\"EINE ART ZU SEHEN - Ausstellung von Lothar Brockm\u00f6ller - Naturpark Nossentiner\/Schwinzer Heide\" \/>\n<meta property=\"og:description\" content=\"Die Fotografien als Experiment visueller Strukturwahrnehmung von Lothar Brockm\u00f6ller sind noch bis Mitte Juli zu sehen.\" \/>\n<meta property=\"og:url\" content=\"https:\/\/www.naturparkmagazin.de\/nossentiner-schwinzer-heide\/eine-art-zu-sehen-ausstellung-von-lothar-brockmoeller\/\" \/>\n<meta property=\"og:site_name\" content=\"Naturpark Nossentiner\/Schwinzer Heide\" \/>\n<meta property=\"article:published_time\" content=\"2021-06-14T07:24:29+00:00\" \/>\n<meta property=\"article:modified_time\" content=\"2021-06-24T09:43:58+00:00\" \/>\n<meta property=\"og:image\" content=\"https:\/\/www.naturparkmagazin.de\/nossentiner-schwinzer-heide\/wp-content\/uploads\/sites\/28\/Plakat_Brockm\u00f6ller.jpg\" \/>\n\t<meta property=\"og:image:width\" content=\"2483\" \/>\n\t<meta property=\"og:image:height\" content=\"3518\" \/>\n\t<meta property=\"og:image:type\" content=\"image\/jpeg\" \/>\n<meta name=\"author\" content=\"evelinkartheuser\" \/>\n<meta name=\"twitter:label1\" content=\"Verfasst von\" \/>\n\t<meta name=\"twitter:data1\" content=\"evelinkartheuser\" \/>\n\t<meta name=\"twitter:label2\" content=\"Gesch\u00e4tzte Lesezeit\" \/>\n\t<meta name=\"twitter:data2\" content=\"1\u00a0Minute\" \/>\n<script type=\"application\/ld+json\" class=\"yoast-schema-graph\">{\"@context\":\"https:\/\/schema.org\",\"@graph\":[{\"@type\":\"WebPage\",\"@id\":\"https:\/\/www.naturparkmagazin.de\/nossentiner-schwinzer-heide\/eine-art-zu-sehen-ausstellung-von-lothar-brockmoeller\/\",\"url\":\"https:\/\/www.naturparkmagazin.de\/nossentiner-schwinzer-heide\/eine-art-zu-sehen-ausstellung-von-lothar-brockmoeller\/\",\"name\":\"EINE ART ZU SEHEN - Ausstellung von Lothar Brockm\u00f6ller - Naturpark Nossentiner\/Schwinzer Heide\",\"isPartOf\":{\"@id\":\"https:\/\/www.naturparkmagazin.de\/nossentiner-schwinzer-heide\/#website\"},\"datePublished\":\"2021-06-14T07:24:29+00:00\",\"dateModified\":\"2021-06-24T09:43:58+00:00\",\"author\":{\"@id\":\"https:\/\/www.naturparkmagazin.de\/nossentiner-schwinzer-heide\/#\/schema\/person\/6e5721221b13b6f827e696f29ff18008\"},\"breadcrumb\":{\"@id\":\"https:\/\/www.naturparkmagazin.de\/nossentiner-schwinzer-heide\/eine-art-zu-sehen-ausstellung-von-lothar-brockmoeller\/#breadcrumb\"},\"inLanguage\":\"de\",\"potentialAction\":[{\"@type\":\"ReadAction\",\"target\":[\"https:\/\/www.naturparkmagazin.de\/nossentiner-schwinzer-heide\/eine-art-zu-sehen-ausstellung-von-lothar-brockmoeller\/\"]}]},{\"@type\":\"BreadcrumbList\",\"@id\":\"https:\/\/www.naturparkmagazin.de\/nossentiner-schwinzer-heide\/eine-art-zu-sehen-ausstellung-von-lothar-brockmoeller\/#breadcrumb\",\"itemListElement\":[{\"@type\":\"ListItem\",\"position\":1,\"name\":\"Home\",\"item\":\"https:\/\/www.naturparkmagazin.de\/nossentiner-schwinzer-heide\/\"},{\"@type\":\"ListItem\",\"position\":2,\"name\":\"EINE ART ZU SEHEN &#8211; Ausstellung von Lothar Brockm\u00f6ller\"}]},{\"@type\":\"WebSite\",\"@id\":\"https:\/\/www.naturparkmagazin.de\/nossentiner-schwinzer-heide\/#website\",\"url\":\"https:\/\/www.naturparkmagazin.de\/nossentiner-schwinzer-heide\/\",\"name\":\"Naturpark Nossentiner\/Schwinzer Heide\",\"description\":\"\",\"potentialAction\":[{\"@type\":\"SearchAction\",\"target\":{\"@type\":\"EntryPoint\",\"urlTemplate\":\"https:\/\/www.naturparkmagazin.de\/nossentiner-schwinzer-heide\/?s={search_term_string}\"},\"query-input\":\"required name=search_term_string\"}],\"inLanguage\":\"de\"},{\"@type\":\"Person\",\"@id\":\"https:\/\/www.naturparkmagazin.de\/nossentiner-schwinzer-heide\/#\/schema\/person\/6e5721221b13b6f827e696f29ff18008\",\"name\":\"evelinkartheuser\",\"url\":\"https:\/\/www.naturparkmagazin.de\/nossentiner-schwinzer-heide\/author\/evelinkartheuser\/\"}]}<\/script>\n<!-- \/ Yoast SEO plugin. -->","yoast_head_json":{"title":"EINE ART ZU SEHEN - Ausstellung von Lothar Brockm\u00f6ller - Naturpark Nossentiner\/Schwinzer Heide","robots":{"index":"index","follow":"follow","max-snippet":"max-snippet:-1","max-image-preview":"max-image-preview:large","max-video-preview":"max-video-preview:-1"},"canonical":"https:\/\/www.naturparkmagazin.de\/nossentiner-schwinzer-heide\/eine-art-zu-sehen-ausstellung-von-lothar-brockmoeller\/","og_locale":"de_DE","og_type":"article","og_title":"EINE ART ZU SEHEN - Ausstellung von Lothar Brockm\u00f6ller - Naturpark Nossentiner\/Schwinzer Heide","og_description":"Die Fotografien als Experiment visueller Strukturwahrnehmung von Lothar Brockm\u00f6ller sind noch bis Mitte Juli zu sehen.","og_url":"https:\/\/www.naturparkmagazin.de\/nossentiner-schwinzer-heide\/eine-art-zu-sehen-ausstellung-von-lothar-brockmoeller\/","og_site_name":"Naturpark Nossentiner\/Schwinzer Heide","article_published_time":"2021-06-14T07:24:29+00:00","article_modified_time":"2021-06-24T09:43:58+00:00","og_image":[{"width":2483,"height":3518,"url":"https:\/\/www.naturparkmagazin.de\/nossentiner-schwinzer-heide\/wp-content\/uploads\/sites\/28\/Plakat_Brockm\u00f6ller.jpg","type":"image\/jpeg"}],"author":"evelinkartheuser","twitter_misc":{"Verfasst von":"evelinkartheuser","Gesch\u00e4tzte Lesezeit":"1\u00a0Minute"},"schema":{"@context":"https:\/\/schema.org","@graph":[{"@type":"WebPage","@id":"https:\/\/www.naturparkmagazin.de\/nossentiner-schwinzer-heide\/eine-art-zu-sehen-ausstellung-von-lothar-brockmoeller\/","url":"https:\/\/www.naturparkmagazin.de\/nossentiner-schwinzer-heide\/eine-art-zu-sehen-ausstellung-von-lothar-brockmoeller\/","name":"EINE ART ZU SEHEN - Ausstellung von Lothar Brockm\u00f6ller - Naturpark Nossentiner\/Schwinzer Heide","isPartOf":{"@id":"https:\/\/www.naturparkmagazin.de\/nossentiner-schwinzer-heide\/#website"},"datePublished":"2021-06-14T07:24:29+00:00","dateModified":"2021-06-24T09:43:58+00:00","author":{"@id":"https:\/\/www.naturparkmagazin.de\/nossentiner-schwinzer-heide\/#\/schema\/person\/6e5721221b13b6f827e696f29ff18008"},"breadcrumb":{"@id":"https:\/\/www.naturparkmagazin.de\/nossentiner-schwinzer-heide\/eine-art-zu-sehen-ausstellung-von-lothar-brockmoeller\/#breadcrumb"},"inLanguage":"de","potentialAction":[{"@type":"ReadAction","target":["https:\/\/www.naturparkmagazin.de\/nossentiner-schwinzer-heide\/eine-art-zu-sehen-ausstellung-von-lothar-brockmoeller\/"]}]},{"@type":"BreadcrumbList","@id":"https:\/\/www.naturparkmagazin.de\/nossentiner-schwinzer-heide\/eine-art-zu-sehen-ausstellung-von-lothar-brockmoeller\/#breadcrumb","itemListElement":[{"@type":"ListItem","position":1,"name":"Home","item":"https:\/\/www.naturparkmagazin.de\/nossentiner-schwinzer-heide\/"},{"@type":"ListItem","position":2,"name":"EINE ART ZU SEHEN &#8211; Ausstellung von Lothar Brockm\u00f6ller"}]},{"@type":"WebSite","@id":"https:\/\/www.naturparkmagazin.de\/nossentiner-schwinzer-heide\/#website","url":"https:\/\/www.naturparkmagazin.de\/nossentiner-schwinzer-heide\/","name":"Naturpark Nossentiner\/Schwinzer Heide","description":"","potentialAction":[{"@type":"SearchAction","target":{"@type":"EntryPoint","urlTemplate":"https:\/\/www.naturparkmagazin.de\/nossentiner-schwinzer-heide\/?s={search_term_string}"},"query-input":"required name=search_term_string"}],"inLanguage":"de"},{"@type":"Person","@id":"https:\/\/www.naturparkmagazin.de\/nossentiner-schwinzer-heide\/#\/schema\/person\/6e5721221b13b6f827e696f29ff18008","name":"evelinkartheuser","url":"https:\/\/www.naturparkmagazin.de\/nossentiner-schwinzer-heide\/author\/evelinkartheuser\/"}]}},"_links":{"self":[{"href":"https:\/\/www.naturparkmagazin.de\/nossentiner-schwinzer-heide\/wp-json\/wp\/v2\/posts\/3430"}],"collection":[{"href":"https:\/\/www.naturparkmagazin.de\/nossentiner-schwinzer-heide\/wp-json\/wp\/v2\/posts"}],"about":[{"href":"https:\/\/www.naturparkmagazin.de\/nossentiner-schwinzer-heide\/wp-json\/wp\/v2\/types\/post"}],"author":[{"embeddable":true,"href":"https:\/\/www.naturparkmagazin.de\/nossentiner-schwinzer-heide\/wp-json\/wp\/v2\/users\/84"}],"replies":[{"embeddable":true,"href":"https:\/\/www.naturparkmagazin.de\/nossentiner-schwinzer-heide\/wp-json\/wp\/v2\/comments?post=3430"}],"version-history":[{"count":6,"href":"https:\/\/www.naturparkmagazin.de\/nossentiner-schwinzer-heide\/wp-json\/wp\/v2\/posts\/3430\/revisions"}],"predecessor-version":[{"id":3454,"href":"https:\/\/www.naturparkmagazin.de\/nossentiner-schwinzer-heide\/wp-json\/wp\/v2\/posts\/3430\/revisions\/3454"}],"wp:featuredmedia":[{"embeddable":true,"href":"https:\/\/www.naturparkmagazin.de\/nossentiner-schwinzer-heide\/wp-json\/wp\/v2\/media\/3431"}],"wp:attachment":[{"href":"https:\/\/www.naturparkmagazin.de\/nossentiner-schwinzer-heide\/wp-json\/wp\/v2\/media?parent=3430"}],"wp:term":[{"taxonomy":"category","embeddable":true,"href":"https:\/\/www.naturparkmagazin.de\/nossentiner-schwinzer-heide\/wp-json\/wp\/v2\/categories?post=3430"},{"taxonomy":"post_tag","embeddable":true,"href":"https:\/\/www.naturparkmagazin.de\/nossentiner-schwinzer-heide\/wp-json\/wp\/v2\/tags?post=3430"}],"curies":[{"name":"wp","href":"https:\/\/api.w.org\/{rel}","templated":true}]}}