{"id":3474,"date":"2021-07-15T16:22:03","date_gmt":"2021-07-15T14:22:03","guid":{"rendered":"https:\/\/www.naturparkmagazin.de\/nossentiner-schwinzer-heide\/?p=3474"},"modified":"2021-07-28T16:39:47","modified_gmt":"2021-07-28T14:39:47","slug":"perseiden-sternschnuppennacht-im-naturpark-2021","status":"publish","type":"post","link":"https:\/\/www.naturparkmagazin.de\/nossentiner-schwinzer-heide\/perseiden-sternschnuppennacht-im-naturpark-2021\/","title":{"rendered":"Perseiden &#8211; Sternschnuppennacht im Naturpark 2021"},"content":{"rendered":"<pre>August 2021<\/pre>\n<p>Auch in diesem Jahr l\u00e4dt der Naturpark Nossentiner\/Schwinzer Heide zu einer Sternschnuppennacht ein, jedoch nicht wie urspr\u00fcnglich geplant am 4., sondern am 11. August.<\/p>\n<div id=\"attachment_3482\" style=\"width: 630px\" class=\"wp-caption alignnone\"><a href=\"https:\/\/www.naturparkmagazin.de\/nossentiner-schwinzer-heide\/wp-content\/uploads\/sites\/28\/Langhagensee_01ss.jpg\"><img aria-describedby=\"caption-attachment-3482\" decoding=\"async\" loading=\"lazy\" class=\"wp-image-3482 size-medium\" src=\"https:\/\/www.naturparkmagazin.de\/nossentiner-schwinzer-heide\/wp-content\/uploads\/sites\/28\/Langhagensee_01ss-620x405.jpg\" alt=\"Langhagensee_01ss\" width=\"620\" height=\"405\" srcset=\"https:\/\/www.naturparkmagazin.de\/nossentiner-schwinzer-heide\/wp-content\/uploads\/sites\/28\/Langhagensee_01ss-620x405.jpg 620w, https:\/\/www.naturparkmagazin.de\/nossentiner-schwinzer-heide\/wp-content\/uploads\/sites\/28\/Langhagensee_01ss-300x196.jpg 300w, https:\/\/www.naturparkmagazin.de\/nossentiner-schwinzer-heide\/wp-content\/uploads\/sites\/28\/Langhagensee_01ss-940x614.jpg 940w, https:\/\/www.naturparkmagazin.de\/nossentiner-schwinzer-heide\/wp-content\/uploads\/sites\/28\/Langhagensee_01ss-670x438.jpg 670w, https:\/\/www.naturparkmagazin.de\/nossentiner-schwinzer-heide\/wp-content\/uploads\/sites\/28\/Langhagensee_01ss-200x131.jpg 200w, https:\/\/www.naturparkmagazin.de\/nossentiner-schwinzer-heide\/wp-content\/uploads\/sites\/28\/Langhagensee_01ss.jpg 1024w\" sizes=\"(max-width: 620px) 100vw, 620px\" \/><\/a><p id=\"caption-attachment-3482\" class=\"wp-caption-text\">Sternenbeobachtung im Naturpark. Bildmontage (TMV Kirchgessner\/Kartheuser)<\/p><\/div>\n<p>Im August werden die Tage wieder k\u00fcrzer. Doch dies hat auch sein Gutes: so kann man wieder Sternschnuppen beobachten. Sternschnuppen, wissenschaftlich als Meteore bezeichnet, sind Gesteins- und Staubteilchen, die in der Hochatmosph\u00e4re vergl\u00fchen. Der bekannteste Meteorstrom sind die Perseiden. Jedes Jahr um den 12. August kreuzt die Erde auf ihrem Weg um die Sonne die Umlaufbahn der Teilchen dieses Stroms. Aus diesem Anlass l\u00e4dt der Naturpark Nossentiner\/Schwinzer Heide am 11. August zu einer Nachtf\u00fchrung ein. Astronomielehrer und Sternenkenner Torsten Degen wird Wissenswertes zu den Perseiden und anderen Himmelsobjekten vermitteln. Auch ein Teleskop wird zur Verf\u00fcgung stehen.<\/p>\n<p>Treffpunkt ist um 20.30 Uhr am Dorfgemeinschaftshaus in Sandhof. Von dort aus geht es zum Aussichtsturm Rothirsch, wo ein Sternschnuppen-Umtrunk gereicht wird. Einige Beobachtungsliegen sind vorhanden. Interessierte sollten warme Kleidung, Taschenlampe und wenn m\u00f6glich eine Decke oder Isomatte mitbringen. Die Teilnehmergeb\u00fchr betr\u00e4gt 7 \u20ac (Kinder 3 \u20ac), die Veranstaltung endet gegen 23 Uhr. Bei Regen und bew\u00f6lktem Himmel gibt es einen Vortrag im Dorfgemeinschaftshaus.<\/p>\n<p><span style=\"color: #ff0000\">Eine Anmeldung ist erforderlich, da die Teilnehmerzahl begrenzt ist.<\/span><\/p>\n<p>Anmeldungen bitte bis <span style=\"color: #ff0000\">10.08.<\/span> unter <span style=\"color: #0000ff\">Tel. 0387387-3900<\/span> oder Email <span style=\"color: #0000ff\">info-nsh@lung.mv-regierung.de . <span style=\"color: #000000\">Wer sich<\/span><\/span> f\u00fcr Sternenfotografie interessiert, sollte sich den 11.09.2021 vormerken. Dann gibt es im Naturpark einen Workshop dazu.<\/p>\n<p><a href=\"https:\/\/www.naturparkmagazin.de\/nossentiner-schwinzer-heide\/wp-content\/uploads\/sites\/28\/Perseiden2021.jpg\">\u00a0<\/a><\/p>\n","protected":false},"excerpt":{"rendered":"<p>Auch in diesem Jahr l\u00e4dt der Naturpark Nossentiner\/Schwinzer Heide zu einer Sternschnuppennacht ein, jedoch nicht wie urspr\u00fcnglich geplant am 4., sondern am 11. August.<\/p>\n","protected":false},"author":84,"featured_media":3482,"comment_status":"open","ping_status":"open","sticky":false,"template":"","format":"standard","meta":[],"categories":[11],"tags":[],"yoast_head":"<!-- This site is optimized with the Yoast SEO plugin v19.10 - https:\/\/yoast.com\/wordpress\/plugins\/seo\/ -->\n<title>Perseiden - Sternschnuppennacht im Naturpark 2021 - Naturpark Nossentiner\/Schwinzer Heide<\/title>\n<meta name=\"robots\" content=\"index, follow, max-snippet:-1, max-image-preview:large, max-video-preview:-1\" \/>\n<link rel=\"canonical\" href=\"https:\/\/www.naturparkmagazin.de\/nossentiner-schwinzer-heide\/perseiden-sternschnuppennacht-im-naturpark-2021\/\" \/>\n<meta property=\"og:locale\" content=\"de_DE\" \/>\n<meta property=\"og:type\" content=\"article\" \/>\n<meta property=\"og:title\" content=\"Perseiden - Sternschnuppennacht im Naturpark 2021 - Naturpark Nossentiner\/Schwinzer Heide\" \/>\n<meta property=\"og:description\" content=\"Auch in diesem Jahr l\u00e4dt der Naturpark Nossentiner\/Schwinzer Heide zu einer Sternschnuppennacht ein, jedoch nicht wie urspr\u00fcnglich geplant am 4., sondern am 11. August.\" \/>\n<meta property=\"og:url\" content=\"https:\/\/www.naturparkmagazin.de\/nossentiner-schwinzer-heide\/perseiden-sternschnuppennacht-im-naturpark-2021\/\" \/>\n<meta property=\"og:site_name\" content=\"Naturpark Nossentiner\/Schwinzer Heide\" \/>\n<meta property=\"article:published_time\" content=\"2021-07-15T14:22:03+00:00\" \/>\n<meta property=\"article:modified_time\" content=\"2021-07-28T14:39:47+00:00\" \/>\n<meta property=\"og:image\" content=\"https:\/\/www.naturparkmagazin.de\/nossentiner-schwinzer-heide\/wp-content\/uploads\/sites\/28\/Langhagensee_01ss.jpg\" \/>\n\t<meta property=\"og:image:width\" content=\"1024\" \/>\n\t<meta property=\"og:image:height\" content=\"669\" \/>\n\t<meta property=\"og:image:type\" content=\"image\/jpeg\" \/>\n<meta name=\"author\" content=\"evelinkartheuser\" \/>\n<meta name=\"twitter:label1\" content=\"Verfasst von\" \/>\n\t<meta name=\"twitter:data1\" content=\"evelinkartheuser\" \/>\n\t<meta name=\"twitter:label2\" content=\"Gesch\u00e4tzte Lesezeit\" \/>\n\t<meta name=\"twitter:data2\" content=\"1\u00a0Minute\" \/>\n<script type=\"application\/ld+json\" class=\"yoast-schema-graph\">{\"@context\":\"https:\/\/schema.org\",\"@graph\":[{\"@type\":\"WebPage\",\"@id\":\"https:\/\/www.naturparkmagazin.de\/nossentiner-schwinzer-heide\/perseiden-sternschnuppennacht-im-naturpark-2021\/\",\"url\":\"https:\/\/www.naturparkmagazin.de\/nossentiner-schwinzer-heide\/perseiden-sternschnuppennacht-im-naturpark-2021\/\",\"name\":\"Perseiden - Sternschnuppennacht im Naturpark 2021 - Naturpark Nossentiner\/Schwinzer Heide\",\"isPartOf\":{\"@id\":\"https:\/\/www.naturparkmagazin.de\/nossentiner-schwinzer-heide\/#website\"},\"datePublished\":\"2021-07-15T14:22:03+00:00\",\"dateModified\":\"2021-07-28T14:39:47+00:00\",\"author\":{\"@id\":\"https:\/\/www.naturparkmagazin.de\/nossentiner-schwinzer-heide\/#\/schema\/person\/6e5721221b13b6f827e696f29ff18008\"},\"breadcrumb\":{\"@id\":\"https:\/\/www.naturparkmagazin.de\/nossentiner-schwinzer-heide\/perseiden-sternschnuppennacht-im-naturpark-2021\/#breadcrumb\"},\"inLanguage\":\"de\",\"potentialAction\":[{\"@type\":\"ReadAction\",\"target\":[\"https:\/\/www.naturparkmagazin.de\/nossentiner-schwinzer-heide\/perseiden-sternschnuppennacht-im-naturpark-2021\/\"]}]},{\"@type\":\"BreadcrumbList\",\"@id\":\"https:\/\/www.naturparkmagazin.de\/nossentiner-schwinzer-heide\/perseiden-sternschnuppennacht-im-naturpark-2021\/#breadcrumb\",\"itemListElement\":[{\"@type\":\"ListItem\",\"position\":1,\"name\":\"Home\",\"item\":\"https:\/\/www.naturparkmagazin.de\/nossentiner-schwinzer-heide\/\"},{\"@type\":\"ListItem\",\"position\":2,\"name\":\"Perseiden &#8211; Sternschnuppennacht im Naturpark 2021\"}]},{\"@type\":\"WebSite\",\"@id\":\"https:\/\/www.naturparkmagazin.de\/nossentiner-schwinzer-heide\/#website\",\"url\":\"https:\/\/www.naturparkmagazin.de\/nossentiner-schwinzer-heide\/\",\"name\":\"Naturpark Nossentiner\/Schwinzer Heide\",\"description\":\"\",\"potentialAction\":[{\"@type\":\"SearchAction\",\"target\":{\"@type\":\"EntryPoint\",\"urlTemplate\":\"https:\/\/www.naturparkmagazin.de\/nossentiner-schwinzer-heide\/?s={search_term_string}\"},\"query-input\":\"required name=search_term_string\"}],\"inLanguage\":\"de\"},{\"@type\":\"Person\",\"@id\":\"https:\/\/www.naturparkmagazin.de\/nossentiner-schwinzer-heide\/#\/schema\/person\/6e5721221b13b6f827e696f29ff18008\",\"name\":\"evelinkartheuser\",\"url\":\"https:\/\/www.naturparkmagazin.de\/nossentiner-schwinzer-heide\/author\/evelinkartheuser\/\"}]}<\/script>\n<!-- \/ Yoast SEO plugin. -->","yoast_head_json":{"title":"Perseiden - Sternschnuppennacht im Naturpark 2021 - Naturpark Nossentiner\/Schwinzer Heide","robots":{"index":"index","follow":"follow","max-snippet":"max-snippet:-1","max-image-preview":"max-image-preview:large","max-video-preview":"max-video-preview:-1"},"canonical":"https:\/\/www.naturparkmagazin.de\/nossentiner-schwinzer-heide\/perseiden-sternschnuppennacht-im-naturpark-2021\/","og_locale":"de_DE","og_type":"article","og_title":"Perseiden - Sternschnuppennacht im Naturpark 2021 - Naturpark Nossentiner\/Schwinzer Heide","og_description":"Auch in diesem Jahr l\u00e4dt der Naturpark Nossentiner\/Schwinzer Heide zu einer Sternschnuppennacht ein, jedoch nicht wie urspr\u00fcnglich geplant am 4., sondern am 11. August.","og_url":"https:\/\/www.naturparkmagazin.de\/nossentiner-schwinzer-heide\/perseiden-sternschnuppennacht-im-naturpark-2021\/","og_site_name":"Naturpark Nossentiner\/Schwinzer Heide","article_published_time":"2021-07-15T14:22:03+00:00","article_modified_time":"2021-07-28T14:39:47+00:00","og_image":[{"width":1024,"height":669,"url":"https:\/\/www.naturparkmagazin.de\/nossentiner-schwinzer-heide\/wp-content\/uploads\/sites\/28\/Langhagensee_01ss.jpg","type":"image\/jpeg"}],"author":"evelinkartheuser","twitter_misc":{"Verfasst von":"evelinkartheuser","Gesch\u00e4tzte Lesezeit":"1\u00a0Minute"},"schema":{"@context":"https:\/\/schema.org","@graph":[{"@type":"WebPage","@id":"https:\/\/www.naturparkmagazin.de\/nossentiner-schwinzer-heide\/perseiden-sternschnuppennacht-im-naturpark-2021\/","url":"https:\/\/www.naturparkmagazin.de\/nossentiner-schwinzer-heide\/perseiden-sternschnuppennacht-im-naturpark-2021\/","name":"Perseiden - Sternschnuppennacht im Naturpark 2021 - Naturpark Nossentiner\/Schwinzer Heide","isPartOf":{"@id":"https:\/\/www.naturparkmagazin.de\/nossentiner-schwinzer-heide\/#website"},"datePublished":"2021-07-15T14:22:03+00:00","dateModified":"2021-07-28T14:39:47+00:00","author":{"@id":"https:\/\/www.naturparkmagazin.de\/nossentiner-schwinzer-heide\/#\/schema\/person\/6e5721221b13b6f827e696f29ff18008"},"breadcrumb":{"@id":"https:\/\/www.naturparkmagazin.de\/nossentiner-schwinzer-heide\/perseiden-sternschnuppennacht-im-naturpark-2021\/#breadcrumb"},"inLanguage":"de","potentialAction":[{"@type":"ReadAction","target":["https:\/\/www.naturparkmagazin.de\/nossentiner-schwinzer-heide\/perseiden-sternschnuppennacht-im-naturpark-2021\/"]}]},{"@type":"BreadcrumbList","@id":"https:\/\/www.naturparkmagazin.de\/nossentiner-schwinzer-heide\/perseiden-sternschnuppennacht-im-naturpark-2021\/#breadcrumb","itemListElement":[{"@type":"ListItem","position":1,"name":"Home","item":"https:\/\/www.naturparkmagazin.de\/nossentiner-schwinzer-heide\/"},{"@type":"ListItem","position":2,"name":"Perseiden &#8211; Sternschnuppennacht im Naturpark 2021"}]},{"@type":"WebSite","@id":"https:\/\/www.naturparkmagazin.de\/nossentiner-schwinzer-heide\/#website","url":"https:\/\/www.naturparkmagazin.de\/nossentiner-schwinzer-heide\/","name":"Naturpark Nossentiner\/Schwinzer Heide","description":"","potentialAction":[{"@type":"SearchAction","target":{"@type":"EntryPoint","urlTemplate":"https:\/\/www.naturparkmagazin.de\/nossentiner-schwinzer-heide\/?s={search_term_string}"},"query-input":"required name=search_term_string"}],"inLanguage":"de"},{"@type":"Person","@id":"https:\/\/www.naturparkmagazin.de\/nossentiner-schwinzer-heide\/#\/schema\/person\/6e5721221b13b6f827e696f29ff18008","name":"evelinkartheuser","url":"https:\/\/www.naturparkmagazin.de\/nossentiner-schwinzer-heide\/author\/evelinkartheuser\/"}]}},"_links":{"self":[{"href":"https:\/\/www.naturparkmagazin.de\/nossentiner-schwinzer-heide\/wp-json\/wp\/v2\/posts\/3474"}],"collection":[{"href":"https:\/\/www.naturparkmagazin.de\/nossentiner-schwinzer-heide\/wp-json\/wp\/v2\/posts"}],"about":[{"href":"https:\/\/www.naturparkmagazin.de\/nossentiner-schwinzer-heide\/wp-json\/wp\/v2\/types\/post"}],"author":[{"embeddable":true,"href":"https:\/\/www.naturparkmagazin.de\/nossentiner-schwinzer-heide\/wp-json\/wp\/v2\/users\/84"}],"replies":[{"embeddable":true,"href":"https:\/\/www.naturparkmagazin.de\/nossentiner-schwinzer-heide\/wp-json\/wp\/v2\/comments?post=3474"}],"version-history":[{"count":7,"href":"https:\/\/www.naturparkmagazin.de\/nossentiner-schwinzer-heide\/wp-json\/wp\/v2\/posts\/3474\/revisions"}],"predecessor-version":[{"id":3484,"href":"https:\/\/www.naturparkmagazin.de\/nossentiner-schwinzer-heide\/wp-json\/wp\/v2\/posts\/3474\/revisions\/3484"}],"wp:featuredmedia":[{"embeddable":true,"href":"https:\/\/www.naturparkmagazin.de\/nossentiner-schwinzer-heide\/wp-json\/wp\/v2\/media\/3482"}],"wp:attachment":[{"href":"https:\/\/www.naturparkmagazin.de\/nossentiner-schwinzer-heide\/wp-json\/wp\/v2\/media?parent=3474"}],"wp:term":[{"taxonomy":"category","embeddable":true,"href":"https:\/\/www.naturparkmagazin.de\/nossentiner-schwinzer-heide\/wp-json\/wp\/v2\/categories?post=3474"},{"taxonomy":"post_tag","embeddable":true,"href":"https:\/\/www.naturparkmagazin.de\/nossentiner-schwinzer-heide\/wp-json\/wp\/v2\/tags?post=3474"}],"curies":[{"name":"wp","href":"https:\/\/api.w.org\/{rel}","templated":true}]}}