{"id":3532,"date":"2021-08-13T09:08:27","date_gmt":"2021-08-13T07:08:27","guid":{"rendered":"https:\/\/www.naturparkmagazin.de\/nossentiner-schwinzer-heide\/?p=3532"},"modified":"2021-09-08T13:19:38","modified_gmt":"2021-09-08T11:19:38","slug":"kranichland-mecklenburg-vorpommern-vortrag-von-dr-wolfgang-mewes","status":"publish","type":"post","link":"https:\/\/www.naturparkmagazin.de\/nossentiner-schwinzer-heide\/kranichland-mecklenburg-vorpommern-vortrag-von-dr-wolfgang-mewes\/","title":{"rendered":"Kranichland Mecklenburg-Vorpommern. Vortrag von Dr. Wolfgang Mewes"},"content":{"rendered":"<pre>September 2021<\/pre>\n<p>Mecklenburg-Vorpommern ist f\u00fcr den Kranich das wichtigste Bundesland in Deutschland. Es beherbergt mit fast 4.000 Paaren ann\u00e4hernd 50 % des deutschen Brutbestandes. Zur Zeit sammeln sich die einheimischen Kraniche. Besonders an ihren Schlafpl\u00e4tzen sind die majest\u00e4tischen V\u00f6gel gut zu beobachten \u2013 so auch in den Langenh\u00e4gener Seewiesen an der B 392 zwischen Goldberg und Mestlin am Rande des Naturparks Nossentiner\/Schwinzer Heide. Allabendlich fallen die V\u00f6gel dort mit beeindruckendem Trompeten ein. Passend dazu h\u00e4lt Dr. Wolfgang Mewes am Mittwoch, dem 15. September, um 17 Uhr im Naturparkzentrum Karower Meiler den Vortrag &#8222;Kranichland Mecklenburg-Vorpommern&#8220;. Anschlie\u00dfend geht es nach Langenhagen auf Exkursion, um das beeindruckende Naturschauspiel live zu beobachten.<\/p>\n<p>Zum Vortrag ist der 3G-Nachweis erforderlich (Zugang f\u00fcr Getestete, Geimpfte, Genesene). F\u00fcr die Exkursion ist ein eigener PKW erforderlich.<\/p>\n<p><a href=\"https:\/\/www.naturparkmagazin.de\/nossentiner-schwinzer-heide\/wp-content\/uploads\/sites\/28\/Plakat_Kraniche2021.jpg\"><img decoding=\"async\" loading=\"lazy\" class=\"alignnone size-medium wp-image-3571\" src=\"https:\/\/www.naturparkmagazin.de\/nossentiner-schwinzer-heide\/wp-content\/uploads\/sites\/28\/Plakat_Kraniche2021-620x875.jpg\" alt=\"Plakat_Kraniche2021\" width=\"620\" height=\"875\" srcset=\"https:\/\/www.naturparkmagazin.de\/nossentiner-schwinzer-heide\/wp-content\/uploads\/sites\/28\/Plakat_Kraniche2021-620x875.jpg 620w, https:\/\/www.naturparkmagazin.de\/nossentiner-schwinzer-heide\/wp-content\/uploads\/sites\/28\/Plakat_Kraniche2021-300x424.jpg 300w, https:\/\/www.naturparkmagazin.de\/nossentiner-schwinzer-heide\/wp-content\/uploads\/sites\/28\/Plakat_Kraniche2021-940x1327.jpg 940w, https:\/\/www.naturparkmagazin.de\/nossentiner-schwinzer-heide\/wp-content\/uploads\/sites\/28\/Plakat_Kraniche2021-670x946.jpg 670w, https:\/\/www.naturparkmagazin.de\/nossentiner-schwinzer-heide\/wp-content\/uploads\/sites\/28\/Plakat_Kraniche2021-200x282.jpg 200w\" sizes=\"(max-width: 620px) 100vw, 620px\" \/><\/a><\/p>\n<p>&nbsp;<\/p>\n","protected":false},"excerpt":{"rendered":"<p>Die allj\u00e4hrliche Sammlung der Kraniche vor dem Kranichzug beginnt im September. Passend dazu gibt es am 15. September einen Vortrag und eine Exkursion.<\/p>\n","protected":false},"author":84,"featured_media":3571,"comment_status":"open","ping_status":"open","sticky":false,"template":"","format":"standard","meta":[],"categories":[11],"tags":[],"yoast_head":"<!-- This site is optimized with the Yoast SEO plugin v19.10 - https:\/\/yoast.com\/wordpress\/plugins\/seo\/ -->\n<title>Kranichland Mecklenburg-Vorpommern. Vortrag von Dr. Wolfgang Mewes - Naturpark Nossentiner\/Schwinzer Heide<\/title>\n<meta name=\"robots\" content=\"index, follow, max-snippet:-1, max-image-preview:large, max-video-preview:-1\" \/>\n<link rel=\"canonical\" href=\"https:\/\/www.naturparkmagazin.de\/nossentiner-schwinzer-heide\/kranichland-mecklenburg-vorpommern-vortrag-von-dr-wolfgang-mewes\/\" \/>\n<meta property=\"og:locale\" content=\"de_DE\" \/>\n<meta property=\"og:type\" content=\"article\" \/>\n<meta property=\"og:title\" content=\"Kranichland Mecklenburg-Vorpommern. Vortrag von Dr. Wolfgang Mewes - Naturpark Nossentiner\/Schwinzer Heide\" \/>\n<meta property=\"og:description\" content=\"Die allj\u00e4hrliche Sammlung der Kraniche vor dem Kranichzug beginnt im September. Passend dazu gibt es am 15. September einen Vortrag und eine Exkursion.\" \/>\n<meta property=\"og:url\" content=\"https:\/\/www.naturparkmagazin.de\/nossentiner-schwinzer-heide\/kranichland-mecklenburg-vorpommern-vortrag-von-dr-wolfgang-mewes\/\" \/>\n<meta property=\"og:site_name\" content=\"Naturpark Nossentiner\/Schwinzer Heide\" \/>\n<meta property=\"article:published_time\" content=\"2021-08-13T07:08:27+00:00\" \/>\n<meta property=\"article:modified_time\" content=\"2021-09-08T11:19:38+00:00\" \/>\n<meta property=\"og:image\" content=\"https:\/\/www.naturparkmagazin.de\/nossentiner-schwinzer-heide\/wp-content\/uploads\/sites\/28\/Plakat_Kraniche2021.jpg\" \/>\n\t<meta property=\"og:image:width\" content=\"2504\" \/>\n\t<meta property=\"og:image:height\" content=\"3535\" \/>\n\t<meta property=\"og:image:type\" content=\"image\/jpeg\" \/>\n<meta name=\"author\" content=\"evelinkartheuser\" \/>\n<meta name=\"twitter:label1\" content=\"Verfasst von\" \/>\n\t<meta name=\"twitter:data1\" content=\"evelinkartheuser\" \/>\n\t<meta name=\"twitter:label2\" content=\"Gesch\u00e4tzte Lesezeit\" \/>\n\t<meta name=\"twitter:data2\" content=\"1\u00a0Minute\" \/>\n<script type=\"application\/ld+json\" class=\"yoast-schema-graph\">{\"@context\":\"https:\/\/schema.org\",\"@graph\":[{\"@type\":\"WebPage\",\"@id\":\"https:\/\/www.naturparkmagazin.de\/nossentiner-schwinzer-heide\/kranichland-mecklenburg-vorpommern-vortrag-von-dr-wolfgang-mewes\/\",\"url\":\"https:\/\/www.naturparkmagazin.de\/nossentiner-schwinzer-heide\/kranichland-mecklenburg-vorpommern-vortrag-von-dr-wolfgang-mewes\/\",\"name\":\"Kranichland Mecklenburg-Vorpommern. Vortrag von Dr. Wolfgang Mewes - Naturpark Nossentiner\/Schwinzer Heide\",\"isPartOf\":{\"@id\":\"https:\/\/www.naturparkmagazin.de\/nossentiner-schwinzer-heide\/#website\"},\"datePublished\":\"2021-08-13T07:08:27+00:00\",\"dateModified\":\"2021-09-08T11:19:38+00:00\",\"author\":{\"@id\":\"https:\/\/www.naturparkmagazin.de\/nossentiner-schwinzer-heide\/#\/schema\/person\/6e5721221b13b6f827e696f29ff18008\"},\"breadcrumb\":{\"@id\":\"https:\/\/www.naturparkmagazin.de\/nossentiner-schwinzer-heide\/kranichland-mecklenburg-vorpommern-vortrag-von-dr-wolfgang-mewes\/#breadcrumb\"},\"inLanguage\":\"de\",\"potentialAction\":[{\"@type\":\"ReadAction\",\"target\":[\"https:\/\/www.naturparkmagazin.de\/nossentiner-schwinzer-heide\/kranichland-mecklenburg-vorpommern-vortrag-von-dr-wolfgang-mewes\/\"]}]},{\"@type\":\"BreadcrumbList\",\"@id\":\"https:\/\/www.naturparkmagazin.de\/nossentiner-schwinzer-heide\/kranichland-mecklenburg-vorpommern-vortrag-von-dr-wolfgang-mewes\/#breadcrumb\",\"itemListElement\":[{\"@type\":\"ListItem\",\"position\":1,\"name\":\"Home\",\"item\":\"https:\/\/www.naturparkmagazin.de\/nossentiner-schwinzer-heide\/\"},{\"@type\":\"ListItem\",\"position\":2,\"name\":\"Kranichland Mecklenburg-Vorpommern. Vortrag von Dr. Wolfgang Mewes\"}]},{\"@type\":\"WebSite\",\"@id\":\"https:\/\/www.naturparkmagazin.de\/nossentiner-schwinzer-heide\/#website\",\"url\":\"https:\/\/www.naturparkmagazin.de\/nossentiner-schwinzer-heide\/\",\"name\":\"Naturpark Nossentiner\/Schwinzer Heide\",\"description\":\"\",\"potentialAction\":[{\"@type\":\"SearchAction\",\"target\":{\"@type\":\"EntryPoint\",\"urlTemplate\":\"https:\/\/www.naturparkmagazin.de\/nossentiner-schwinzer-heide\/?s={search_term_string}\"},\"query-input\":\"required name=search_term_string\"}],\"inLanguage\":\"de\"},{\"@type\":\"Person\",\"@id\":\"https:\/\/www.naturparkmagazin.de\/nossentiner-schwinzer-heide\/#\/schema\/person\/6e5721221b13b6f827e696f29ff18008\",\"name\":\"evelinkartheuser\",\"url\":\"https:\/\/www.naturparkmagazin.de\/nossentiner-schwinzer-heide\/author\/evelinkartheuser\/\"}]}<\/script>\n<!-- \/ Yoast SEO plugin. -->","yoast_head_json":{"title":"Kranichland Mecklenburg-Vorpommern. Vortrag von Dr. Wolfgang Mewes - Naturpark Nossentiner\/Schwinzer Heide","robots":{"index":"index","follow":"follow","max-snippet":"max-snippet:-1","max-image-preview":"max-image-preview:large","max-video-preview":"max-video-preview:-1"},"canonical":"https:\/\/www.naturparkmagazin.de\/nossentiner-schwinzer-heide\/kranichland-mecklenburg-vorpommern-vortrag-von-dr-wolfgang-mewes\/","og_locale":"de_DE","og_type":"article","og_title":"Kranichland Mecklenburg-Vorpommern. Vortrag von Dr. Wolfgang Mewes - Naturpark Nossentiner\/Schwinzer Heide","og_description":"Die allj\u00e4hrliche Sammlung der Kraniche vor dem Kranichzug beginnt im September. Passend dazu gibt es am 15. September einen Vortrag und eine Exkursion.","og_url":"https:\/\/www.naturparkmagazin.de\/nossentiner-schwinzer-heide\/kranichland-mecklenburg-vorpommern-vortrag-von-dr-wolfgang-mewes\/","og_site_name":"Naturpark Nossentiner\/Schwinzer Heide","article_published_time":"2021-08-13T07:08:27+00:00","article_modified_time":"2021-09-08T11:19:38+00:00","og_image":[{"width":2504,"height":3535,"url":"https:\/\/www.naturparkmagazin.de\/nossentiner-schwinzer-heide\/wp-content\/uploads\/sites\/28\/Plakat_Kraniche2021.jpg","type":"image\/jpeg"}],"author":"evelinkartheuser","twitter_misc":{"Verfasst von":"evelinkartheuser","Gesch\u00e4tzte Lesezeit":"1\u00a0Minute"},"schema":{"@context":"https:\/\/schema.org","@graph":[{"@type":"WebPage","@id":"https:\/\/www.naturparkmagazin.de\/nossentiner-schwinzer-heide\/kranichland-mecklenburg-vorpommern-vortrag-von-dr-wolfgang-mewes\/","url":"https:\/\/www.naturparkmagazin.de\/nossentiner-schwinzer-heide\/kranichland-mecklenburg-vorpommern-vortrag-von-dr-wolfgang-mewes\/","name":"Kranichland Mecklenburg-Vorpommern. Vortrag von Dr. Wolfgang Mewes - Naturpark Nossentiner\/Schwinzer Heide","isPartOf":{"@id":"https:\/\/www.naturparkmagazin.de\/nossentiner-schwinzer-heide\/#website"},"datePublished":"2021-08-13T07:08:27+00:00","dateModified":"2021-09-08T11:19:38+00:00","author":{"@id":"https:\/\/www.naturparkmagazin.de\/nossentiner-schwinzer-heide\/#\/schema\/person\/6e5721221b13b6f827e696f29ff18008"},"breadcrumb":{"@id":"https:\/\/www.naturparkmagazin.de\/nossentiner-schwinzer-heide\/kranichland-mecklenburg-vorpommern-vortrag-von-dr-wolfgang-mewes\/#breadcrumb"},"inLanguage":"de","potentialAction":[{"@type":"ReadAction","target":["https:\/\/www.naturparkmagazin.de\/nossentiner-schwinzer-heide\/kranichland-mecklenburg-vorpommern-vortrag-von-dr-wolfgang-mewes\/"]}]},{"@type":"BreadcrumbList","@id":"https:\/\/www.naturparkmagazin.de\/nossentiner-schwinzer-heide\/kranichland-mecklenburg-vorpommern-vortrag-von-dr-wolfgang-mewes\/#breadcrumb","itemListElement":[{"@type":"ListItem","position":1,"name":"Home","item":"https:\/\/www.naturparkmagazin.de\/nossentiner-schwinzer-heide\/"},{"@type":"ListItem","position":2,"name":"Kranichland Mecklenburg-Vorpommern. Vortrag von Dr. Wolfgang Mewes"}]},{"@type":"WebSite","@id":"https:\/\/www.naturparkmagazin.de\/nossentiner-schwinzer-heide\/#website","url":"https:\/\/www.naturparkmagazin.de\/nossentiner-schwinzer-heide\/","name":"Naturpark Nossentiner\/Schwinzer Heide","description":"","potentialAction":[{"@type":"SearchAction","target":{"@type":"EntryPoint","urlTemplate":"https:\/\/www.naturparkmagazin.de\/nossentiner-schwinzer-heide\/?s={search_term_string}"},"query-input":"required name=search_term_string"}],"inLanguage":"de"},{"@type":"Person","@id":"https:\/\/www.naturparkmagazin.de\/nossentiner-schwinzer-heide\/#\/schema\/person\/6e5721221b13b6f827e696f29ff18008","name":"evelinkartheuser","url":"https:\/\/www.naturparkmagazin.de\/nossentiner-schwinzer-heide\/author\/evelinkartheuser\/"}]}},"_links":{"self":[{"href":"https:\/\/www.naturparkmagazin.de\/nossentiner-schwinzer-heide\/wp-json\/wp\/v2\/posts\/3532"}],"collection":[{"href":"https:\/\/www.naturparkmagazin.de\/nossentiner-schwinzer-heide\/wp-json\/wp\/v2\/posts"}],"about":[{"href":"https:\/\/www.naturparkmagazin.de\/nossentiner-schwinzer-heide\/wp-json\/wp\/v2\/types\/post"}],"author":[{"embeddable":true,"href":"https:\/\/www.naturparkmagazin.de\/nossentiner-schwinzer-heide\/wp-json\/wp\/v2\/users\/84"}],"replies":[{"embeddable":true,"href":"https:\/\/www.naturparkmagazin.de\/nossentiner-schwinzer-heide\/wp-json\/wp\/v2\/comments?post=3532"}],"version-history":[{"count":5,"href":"https:\/\/www.naturparkmagazin.de\/nossentiner-schwinzer-heide\/wp-json\/wp\/v2\/posts\/3532\/revisions"}],"predecessor-version":[{"id":3572,"href":"https:\/\/www.naturparkmagazin.de\/nossentiner-schwinzer-heide\/wp-json\/wp\/v2\/posts\/3532\/revisions\/3572"}],"wp:featuredmedia":[{"embeddable":true,"href":"https:\/\/www.naturparkmagazin.de\/nossentiner-schwinzer-heide\/wp-json\/wp\/v2\/media\/3571"}],"wp:attachment":[{"href":"https:\/\/www.naturparkmagazin.de\/nossentiner-schwinzer-heide\/wp-json\/wp\/v2\/media?parent=3532"}],"wp:term":[{"taxonomy":"category","embeddable":true,"href":"https:\/\/www.naturparkmagazin.de\/nossentiner-schwinzer-heide\/wp-json\/wp\/v2\/categories?post=3532"},{"taxonomy":"post_tag","embeddable":true,"href":"https:\/\/www.naturparkmagazin.de\/nossentiner-schwinzer-heide\/wp-json\/wp\/v2\/tags?post=3532"}],"curies":[{"name":"wp","href":"https:\/\/api.w.org\/{rel}","templated":true}]}}