{"id":359,"date":"2014-02-14T14:14:48","date_gmt":"2014-02-14T13:14:48","guid":{"rendered":"http:\/\/www.naturparkmagazin.de\/nossentiner-schwinzer-heide\/?p=359"},"modified":"2014-04-09T11:59:15","modified_gmt":"2014-04-09T09:59:15","slug":"staerkste-erlen-deutschlands","status":"publish","type":"post","link":"https:\/\/www.naturparkmagazin.de\/nossentiner-schwinzer-heide\/staerkste-erlen-deutschlands\/","title":{"rendered":"St\u00e4rkste Erlen Deutschlands"},"content":{"rendered":"<p>Auch wenn die Schwarz-Erle (<i>Alnus glutinosa<\/i>) nicht zu den Baumarten geh\u00f6rt die tausend Jahre werden kann, so gibt es auch unter dieser Baumart ungew\u00f6hnlich alte und bemerkenswerte Exemplare. Im Naturpark Nossentiner\/Schwinzer Heide stehen mindestens zwei davon, welche im bundesdeutschen Ma\u00dfstab ihres Gleichen suchen.<\/p>\n<div id=\"attachment_360\" style=\"width: 360px\" class=\"wp-caption alignnone\"><a href=\"https:\/\/www.naturparkmagazin.de\/nossentiner-schwinzer-heide\/wp-content\/uploads\/sites\/28\/Erle-b-Hahnenhorst-Nossentiner-Schwinzer-Heide-J\u00f6rg-Gast-2010.jpg\"><img aria-describedby=\"caption-attachment-360\" decoding=\"async\" loading=\"lazy\" class=\"size-full wp-image-360\" alt=\"Schwarzerle bei Hahnenhorst\" src=\"https:\/\/www.naturparkmagazin.de\/nossentiner-schwinzer-heide\/wp-content\/uploads\/sites\/28\/Erle-b-Hahnenhorst-Nossentiner-Schwinzer-Heide-J\u00f6rg-Gast-2010.jpg\" width=\"350\" height=\"500\" srcset=\"https:\/\/www.naturparkmagazin.de\/nossentiner-schwinzer-heide\/wp-content\/uploads\/sites\/28\/Erle-b-Hahnenhorst-Nossentiner-Schwinzer-Heide-J\u00f6rg-Gast-2010.jpg 350w, https:\/\/www.naturparkmagazin.de\/nossentiner-schwinzer-heide\/wp-content\/uploads\/sites\/28\/Erle-b-Hahnenhorst-Nossentiner-Schwinzer-Heide-J\u00f6rg-Gast-2010-300x429.jpg 300w, https:\/\/www.naturparkmagazin.de\/nossentiner-schwinzer-heide\/wp-content\/uploads\/sites\/28\/Erle-b-Hahnenhorst-Nossentiner-Schwinzer-Heide-J\u00f6rg-Gast-2010-200x286.jpg 200w\" sizes=\"(max-width: 350px) 100vw, 350px\" \/><\/a><p id=\"caption-attachment-360\" class=\"wp-caption-text\">Schwarzerle bei Hahnenhorst<\/p><\/div>\n<p>Die Schwarzerle bei Hahnenhorst, am Rande einer Moorniederung besitzt einen Stammumfang von \u00fcber 5 m und ist offiziell die st\u00e4rkste Schwarzerle von Deutschland. Der zweite sehenswerte Schwarz-Erlen-Riese steht unmittelbar am Rande der Mildenitz bei Dobbertin und weist einen Stammumfang von 4,8 m auf. Die Schwarz-Erlen sind B\u00e4ume, die insbesondere auf stark durchn\u00e4ssten und zeitweilig \u00fcberfluteten Standorten bei ausreichendem Licht eine hohe Konkurrenzf\u00e4higkeit gegen\u00fcber anderen Laubbaumarten besitzen. Durch das Bakterium <i>Frankia alni<\/i> ist die Schwarz-Erle in der Lage Stickstoff aus der Luft zu binden. Mit dem Projekt \u201eJunge Riesen\u201c werden im Naturpark Nossentiner\/Schwinzer Heide von solchen Baumriesen wie den beschriebenen Schwarzerlen, Nachkommen gezogen, die das Genpotential dieser B\u00e4ume erhalten sollen.<\/p>\n<div id=\"attachment_363\" style=\"width: 360px\" class=\"wp-caption alignnone\"><a href=\"https:\/\/www.naturparkmagazin.de\/nossentiner-schwinzer-heide\/wp-content\/uploads\/sites\/28\/Erle-b-Dobbertin-Nossentiner-Schwinzer-Heide-Ralf-Koch-2014.jpg\"><img aria-describedby=\"caption-attachment-363\" decoding=\"async\" loading=\"lazy\" class=\"size-full wp-image-363\" alt=\"Schwarzerle am Ufer der Mildenitz bei Dobbertin\" src=\"https:\/\/www.naturparkmagazin.de\/nossentiner-schwinzer-heide\/wp-content\/uploads\/sites\/28\/Erle-b-Dobbertin-Nossentiner-Schwinzer-Heide-Ralf-Koch-2014.jpg\" width=\"350\" height=\"500\" \/><\/a><p id=\"caption-attachment-363\" class=\"wp-caption-text\">Schwarzerle am Ufer der Mildenitz bei Dobbertin<\/p><\/div>\n<p>W\u00e4hrend die Erle bei Hahnenhorst ausgehend von Karow-Teerofen nach ca. 3 km Fu\u00dfweg gut erreichbar ist (die Waldwege d\u00fcrfen nicht mit PKW befahren werden, Hahnenhorst ist ausgeschildert) ist die Erle bei Dobbertin flussabw\u00e4rts in Richtung Dobbiner Plage schon etwas schwerer zu finden.<\/p>\n","protected":false},"excerpt":{"rendered":"<p>Zwei der st\u00e4rksten Schwarzerlen (Alnus glutinosa) Deutschlands mit rund 5 m Stammumfang befinden sich im Naturpark Nossentiner\/Schwinzer Heide. W\u00e4hrend die Erle bei Hahnenhorst ausgehend von Karow-Teerofen nach ca. 3 km Fu\u00dfweg gut erreichbar ist ist die Erle bei Dobbertin flussabw\u00e4rts in Richtung Dobbiner Plage schon schwerer zu finden. <\/p>\n","protected":false},"author":28,"featured_media":360,"comment_status":"open","ping_status":"open","sticky":false,"template":"","format":"standard","meta":[],"categories":[11],"tags":[],"yoast_head":"<!-- This site is optimized with the Yoast SEO plugin v19.10 - https:\/\/yoast.com\/wordpress\/plugins\/seo\/ -->\n<title>St\u00e4rkste Erlen Deutschlands - Naturpark Nossentiner\/Schwinzer Heide<\/title>\n<meta name=\"robots\" content=\"index, follow, max-snippet:-1, max-image-preview:large, max-video-preview:-1\" \/>\n<link rel=\"canonical\" href=\"https:\/\/www.naturparkmagazin.de\/nossentiner-schwinzer-heide\/staerkste-erlen-deutschlands\/\" \/>\n<meta property=\"og:locale\" content=\"de_DE\" \/>\n<meta property=\"og:type\" content=\"article\" \/>\n<meta property=\"og:title\" content=\"St\u00e4rkste Erlen Deutschlands - Naturpark Nossentiner\/Schwinzer Heide\" \/>\n<meta property=\"og:description\" content=\"Zwei der st\u00e4rksten Schwarzerlen (Alnus glutinosa) Deutschlands mit rund 5 m Stammumfang befinden sich im Naturpark Nossentiner\/Schwinzer Heide. W\u00e4hrend die Erle bei Hahnenhorst ausgehend von Karow-Teerofen nach ca. 3 km Fu\u00dfweg gut erreichbar ist ist die Erle bei Dobbertin flussabw\u00e4rts in Richtung Dobbiner Plage schon schwerer zu finden.\" \/>\n<meta property=\"og:url\" content=\"https:\/\/www.naturparkmagazin.de\/nossentiner-schwinzer-heide\/staerkste-erlen-deutschlands\/\" \/>\n<meta property=\"og:site_name\" content=\"Naturpark Nossentiner\/Schwinzer Heide\" \/>\n<meta property=\"article:published_time\" content=\"2014-02-14T13:14:48+00:00\" \/>\n<meta property=\"article:modified_time\" content=\"2014-04-09T09:59:15+00:00\" \/>\n<meta property=\"og:image\" content=\"https:\/\/www.naturparkmagazin.de\/nossentiner-schwinzer-heide\/wp-content\/uploads\/sites\/28\/Erle-b-Hahnenhorst-Nossentiner-Schwinzer-Heide-J\u00f6rg-Gast-2010.jpg\" \/>\n\t<meta property=\"og:image:width\" content=\"350\" \/>\n\t<meta property=\"og:image:height\" content=\"500\" \/>\n\t<meta property=\"og:image:type\" content=\"image\/jpeg\" \/>\n<meta name=\"twitter:label1\" content=\"Verfasst von\" \/>\n\t<meta name=\"twitter:data1\" content=\"\" \/>\n\t<meta name=\"twitter:label2\" content=\"Gesch\u00e4tzte Lesezeit\" \/>\n\t<meta name=\"twitter:data2\" content=\"1\u00a0Minute\" \/>\n<script type=\"application\/ld+json\" class=\"yoast-schema-graph\">{\"@context\":\"https:\/\/schema.org\",\"@graph\":[{\"@type\":\"WebPage\",\"@id\":\"https:\/\/www.naturparkmagazin.de\/nossentiner-schwinzer-heide\/staerkste-erlen-deutschlands\/\",\"url\":\"https:\/\/www.naturparkmagazin.de\/nossentiner-schwinzer-heide\/staerkste-erlen-deutschlands\/\",\"name\":\"St\u00e4rkste Erlen Deutschlands - Naturpark Nossentiner\/Schwinzer Heide\",\"isPartOf\":{\"@id\":\"https:\/\/www.naturparkmagazin.de\/nossentiner-schwinzer-heide\/#website\"},\"datePublished\":\"2014-02-14T13:14:48+00:00\",\"dateModified\":\"2014-04-09T09:59:15+00:00\",\"author\":{\"@id\":\"\"},\"breadcrumb\":{\"@id\":\"https:\/\/www.naturparkmagazin.de\/nossentiner-schwinzer-heide\/staerkste-erlen-deutschlands\/#breadcrumb\"},\"inLanguage\":\"de\",\"potentialAction\":[{\"@type\":\"ReadAction\",\"target\":[\"https:\/\/www.naturparkmagazin.de\/nossentiner-schwinzer-heide\/staerkste-erlen-deutschlands\/\"]}]},{\"@type\":\"BreadcrumbList\",\"@id\":\"https:\/\/www.naturparkmagazin.de\/nossentiner-schwinzer-heide\/staerkste-erlen-deutschlands\/#breadcrumb\",\"itemListElement\":[{\"@type\":\"ListItem\",\"position\":1,\"name\":\"Home\",\"item\":\"https:\/\/www.naturparkmagazin.de\/nossentiner-schwinzer-heide\/\"},{\"@type\":\"ListItem\",\"position\":2,\"name\":\"St\u00e4rkste Erlen Deutschlands\"}]},{\"@type\":\"WebSite\",\"@id\":\"https:\/\/www.naturparkmagazin.de\/nossentiner-schwinzer-heide\/#website\",\"url\":\"https:\/\/www.naturparkmagazin.de\/nossentiner-schwinzer-heide\/\",\"name\":\"Naturpark Nossentiner\/Schwinzer Heide\",\"description\":\"\",\"potentialAction\":[{\"@type\":\"SearchAction\",\"target\":{\"@type\":\"EntryPoint\",\"urlTemplate\":\"https:\/\/www.naturparkmagazin.de\/nossentiner-schwinzer-heide\/?s={search_term_string}\"},\"query-input\":\"required name=search_term_string\"}],\"inLanguage\":\"de\"},{\"@type\":\"Person\",\"@id\":\"\",\"url\":\"https:\/\/www.naturparkmagazin.de\/nossentiner-schwinzer-heide\/author\/\"}]}<\/script>\n<!-- \/ Yoast SEO plugin. -->","yoast_head_json":{"title":"St\u00e4rkste Erlen Deutschlands - Naturpark Nossentiner\/Schwinzer Heide","robots":{"index":"index","follow":"follow","max-snippet":"max-snippet:-1","max-image-preview":"max-image-preview:large","max-video-preview":"max-video-preview:-1"},"canonical":"https:\/\/www.naturparkmagazin.de\/nossentiner-schwinzer-heide\/staerkste-erlen-deutschlands\/","og_locale":"de_DE","og_type":"article","og_title":"St\u00e4rkste Erlen Deutschlands - Naturpark Nossentiner\/Schwinzer Heide","og_description":"Zwei der st\u00e4rksten Schwarzerlen (Alnus glutinosa) Deutschlands mit rund 5 m Stammumfang befinden sich im Naturpark Nossentiner\/Schwinzer Heide. W\u00e4hrend die Erle bei Hahnenhorst ausgehend von Karow-Teerofen nach ca. 3 km Fu\u00dfweg gut erreichbar ist ist die Erle bei Dobbertin flussabw\u00e4rts in Richtung Dobbiner Plage schon schwerer zu finden.","og_url":"https:\/\/www.naturparkmagazin.de\/nossentiner-schwinzer-heide\/staerkste-erlen-deutschlands\/","og_site_name":"Naturpark Nossentiner\/Schwinzer Heide","article_published_time":"2014-02-14T13:14:48+00:00","article_modified_time":"2014-04-09T09:59:15+00:00","og_image":[{"width":350,"height":500,"url":"https:\/\/www.naturparkmagazin.de\/nossentiner-schwinzer-heide\/wp-content\/uploads\/sites\/28\/Erle-b-Hahnenhorst-Nossentiner-Schwinzer-Heide-J\u00f6rg-Gast-2010.jpg","type":"image\/jpeg"}],"twitter_misc":{"Verfasst von":"","Gesch\u00e4tzte Lesezeit":"1\u00a0Minute"},"schema":{"@context":"https:\/\/schema.org","@graph":[{"@type":"WebPage","@id":"https:\/\/www.naturparkmagazin.de\/nossentiner-schwinzer-heide\/staerkste-erlen-deutschlands\/","url":"https:\/\/www.naturparkmagazin.de\/nossentiner-schwinzer-heide\/staerkste-erlen-deutschlands\/","name":"St\u00e4rkste Erlen Deutschlands - Naturpark Nossentiner\/Schwinzer Heide","isPartOf":{"@id":"https:\/\/www.naturparkmagazin.de\/nossentiner-schwinzer-heide\/#website"},"datePublished":"2014-02-14T13:14:48+00:00","dateModified":"2014-04-09T09:59:15+00:00","author":{"@id":""},"breadcrumb":{"@id":"https:\/\/www.naturparkmagazin.de\/nossentiner-schwinzer-heide\/staerkste-erlen-deutschlands\/#breadcrumb"},"inLanguage":"de","potentialAction":[{"@type":"ReadAction","target":["https:\/\/www.naturparkmagazin.de\/nossentiner-schwinzer-heide\/staerkste-erlen-deutschlands\/"]}]},{"@type":"BreadcrumbList","@id":"https:\/\/www.naturparkmagazin.de\/nossentiner-schwinzer-heide\/staerkste-erlen-deutschlands\/#breadcrumb","itemListElement":[{"@type":"ListItem","position":1,"name":"Home","item":"https:\/\/www.naturparkmagazin.de\/nossentiner-schwinzer-heide\/"},{"@type":"ListItem","position":2,"name":"St\u00e4rkste Erlen Deutschlands"}]},{"@type":"WebSite","@id":"https:\/\/www.naturparkmagazin.de\/nossentiner-schwinzer-heide\/#website","url":"https:\/\/www.naturparkmagazin.de\/nossentiner-schwinzer-heide\/","name":"Naturpark Nossentiner\/Schwinzer Heide","description":"","potentialAction":[{"@type":"SearchAction","target":{"@type":"EntryPoint","urlTemplate":"https:\/\/www.naturparkmagazin.de\/nossentiner-schwinzer-heide\/?s={search_term_string}"},"query-input":"required name=search_term_string"}],"inLanguage":"de"},{"@type":"Person","@id":"","url":"https:\/\/www.naturparkmagazin.de\/nossentiner-schwinzer-heide\/author\/"}]}},"_links":{"self":[{"href":"https:\/\/www.naturparkmagazin.de\/nossentiner-schwinzer-heide\/wp-json\/wp\/v2\/posts\/359"}],"collection":[{"href":"https:\/\/www.naturparkmagazin.de\/nossentiner-schwinzer-heide\/wp-json\/wp\/v2\/posts"}],"about":[{"href":"https:\/\/www.naturparkmagazin.de\/nossentiner-schwinzer-heide\/wp-json\/wp\/v2\/types\/post"}],"author":[{"embeddable":true,"href":"https:\/\/www.naturparkmagazin.de\/nossentiner-schwinzer-heide\/wp-json\/wp\/v2\/users\/28"}],"replies":[{"embeddable":true,"href":"https:\/\/www.naturparkmagazin.de\/nossentiner-schwinzer-heide\/wp-json\/wp\/v2\/comments?post=359"}],"version-history":[{"count":3,"href":"https:\/\/www.naturparkmagazin.de\/nossentiner-schwinzer-heide\/wp-json\/wp\/v2\/posts\/359\/revisions"}],"predecessor-version":[{"id":364,"href":"https:\/\/www.naturparkmagazin.de\/nossentiner-schwinzer-heide\/wp-json\/wp\/v2\/posts\/359\/revisions\/364"}],"wp:featuredmedia":[{"embeddable":true,"href":"https:\/\/www.naturparkmagazin.de\/nossentiner-schwinzer-heide\/wp-json\/wp\/v2\/media\/360"}],"wp:attachment":[{"href":"https:\/\/www.naturparkmagazin.de\/nossentiner-schwinzer-heide\/wp-json\/wp\/v2\/media?parent=359"}],"wp:term":[{"taxonomy":"category","embeddable":true,"href":"https:\/\/www.naturparkmagazin.de\/nossentiner-schwinzer-heide\/wp-json\/wp\/v2\/categories?post=359"},{"taxonomy":"post_tag","embeddable":true,"href":"https:\/\/www.naturparkmagazin.de\/nossentiner-schwinzer-heide\/wp-json\/wp\/v2\/tags?post=359"}],"curies":[{"name":"wp","href":"https:\/\/api.w.org\/{rel}","templated":true}]}}