{"id":3642,"date":"2021-10-17T10:36:04","date_gmt":"2021-10-17T08:36:04","guid":{"rendered":"https:\/\/www.naturparkmagazin.de\/nossentiner-schwinzer-heide\/?p=3642"},"modified":"2021-11-05T09:26:17","modified_gmt":"2021-11-05T08:26:17","slug":"vortrag-licht-ins-dunkel-warum-wir-licht-und-dunkelheit-brauchen","status":"publish","type":"post","link":"https:\/\/www.naturparkmagazin.de\/nossentiner-schwinzer-heide\/vortrag-licht-ins-dunkel-warum-wir-licht-und-dunkelheit-brauchen\/","title":{"rendered":"Vortrag &#8222;Licht ins Dunkel: Warum wir Licht und Dunkelheit brauchen&#8220;"},"content":{"rendered":"<p>Karow. Licht ist ein Thema, das uns alle betrifft, da es in unserem Alltag allgegenw\u00e4rtig ist. Es ist Lebenselixier und kann gleichzeitig der Grund f\u00fcr Unwohlsein sein. Im Rahmen des Sternenpark-Projektes laden der Naturpark Nossentiner\/Schwinzer Heide und sein F\u00f6rderverein am kommenden Mittwoch, 10. November, zu einem interessanten Vortrag zu diesem Thema ein. Der Heilpraktiker Michael Brosemann aus Plau gibt einen \u00dcberblick \u00fcber die Auswirkungen von Licht und Dunkelheit auf die menschliche Gesundheit, unser Leben und unsere Umwelt. Die Besucher erfahren nicht nur, wie stark k\u00fcnstliches Licht unser t\u00e4gliches Leben beeinflusst, der Vortrag gibt auch Hinweise zur Auswahl und Gestaltung der Beleuchtung in der eigenen Umgebung. Au\u00dferdem werden Probleme beleuchtet, die durch Lichtverschmutzung und den dadurch entstehenden Verlust der Nacht entstehen.<\/p>\n<div id=\"attachment_3651\" style=\"width: 442px\" class=\"wp-caption alignnone\"><a href=\"https:\/\/www.naturparkmagazin.de\/nossentiner-schwinzer-heide\/wp-content\/uploads\/sites\/28\/Kloster-Dobbertin_Blendwirkung-auf-Gehweg_s2.jpg\"><img aria-describedby=\"caption-attachment-3651\" decoding=\"async\" loading=\"lazy\" class=\"wp-image-3651 size-full\" src=\"https:\/\/www.naturparkmagazin.de\/nossentiner-schwinzer-heide\/wp-content\/uploads\/sites\/28\/Kloster-Dobbertin_Blendwirkung-auf-Gehweg_s2.jpg\" alt=\"\" width=\"432\" height=\"608\" srcset=\"https:\/\/www.naturparkmagazin.de\/nossentiner-schwinzer-heide\/wp-content\/uploads\/sites\/28\/Kloster-Dobbertin_Blendwirkung-auf-Gehweg_s2.jpg 432w, https:\/\/www.naturparkmagazin.de\/nossentiner-schwinzer-heide\/wp-content\/uploads\/sites\/28\/Kloster-Dobbertin_Blendwirkung-auf-Gehweg_s2-300x422.jpg 300w, https:\/\/www.naturparkmagazin.de\/nossentiner-schwinzer-heide\/wp-content\/uploads\/sites\/28\/Kloster-Dobbertin_Blendwirkung-auf-Gehweg_s2-200x281.jpg 200w\" sizes=\"(max-width: 432px) 100vw, 432px\" \/><\/a><p id=\"caption-attachment-3651\" class=\"wp-caption-text\">Es bedarf einer guten Planung, damit Licht gut ausleuchtet und dabei nicht blendet. Foto: Archiv Naturpark Nossentiner\/Schwinzer Heide<\/p><\/div>\n<p>Michael Brosemann, geboren und aufgewachsen in Rostock, lebt seit 20 Jahren in Plau am See. Dadurch ist ihm sowohl der st\u00e4dtisch beleuchteten Nachthimmel vertraut, als auch die freie Sicht auf den Sternenhimmel im Naturpark und zuk\u00fcnftigen Sternenpark Nossentiner\/Schwinzer Heide. Der Physiotherapeut und Heilpraktiker ist einer der ersten Waldtherapeuten Deutschlands und gern und oft in der Natur unterwegs, kennt den Wald im Speziellen und die Natur im Allgemeinen, auch in der D\u00e4mmerung. Die Erkenntnis, dass ung\u00fcnstig oder \u00fcberfl\u00fcssig installierte Beleuchtung jegliche Nachtsicht verhindert, inspirierte ihn, sich mit dem Thema Dunkelheit, Lichtverschmutzung und sinnvoller Raum- und Stra\u00dfenbeleuchtung zu besch\u00e4ftigen.<\/p>\n<p>Der Vortrag findet am 10. November um 19 Uhr im Karower Meiler statt. Zutritt ist nach der 3-G-Regel m\u00f6glich (Zugang f\u00fcr Getestete, Geimpfte, Genesene), eine Anmeldung ist nicht erforderlich.<\/p>\n<div id=\"attachment_3656\" style=\"width: 586px\" class=\"wp-caption alignnone\"><a href=\"https:\/\/www.naturparkmagazin.de\/nossentiner-schwinzer-heide\/wp-content\/uploads\/sites\/28\/Kloster-Dobbertin_-gutes-Beispiel-ohne-Blendwirkung_s.jpg\"><img aria-describedby=\"caption-attachment-3656\" decoding=\"async\" loading=\"lazy\" class=\"wp-image-3656 size-full\" src=\"https:\/\/www.naturparkmagazin.de\/nossentiner-schwinzer-heide\/wp-content\/uploads\/sites\/28\/Kloster-Dobbertin_-gutes-Beispiel-ohne-Blendwirkung_s.jpg\" alt=\"Kloster Dobbertin_ gutes Beispiel ohne Blendwirkung_s\" width=\"576\" height=\"1024\" srcset=\"https:\/\/www.naturparkmagazin.de\/nossentiner-schwinzer-heide\/wp-content\/uploads\/sites\/28\/Kloster-Dobbertin_-gutes-Beispiel-ohne-Blendwirkung_s.jpg 576w, https:\/\/www.naturparkmagazin.de\/nossentiner-schwinzer-heide\/wp-content\/uploads\/sites\/28\/Kloster-Dobbertin_-gutes-Beispiel-ohne-Blendwirkung_s-300x533.jpg 300w, https:\/\/www.naturparkmagazin.de\/nossentiner-schwinzer-heide\/wp-content\/uploads\/sites\/28\/Kloster-Dobbertin_-gutes-Beispiel-ohne-Blendwirkung_s-200x356.jpg 200w\" sizes=\"(max-width: 576px) 100vw, 576px\" \/><\/a><p id=\"caption-attachment-3656\" class=\"wp-caption-text\">Durch geschickt eingesetzte Wegbeleuchtung wird eine Blendwirkung vermieden. Foto: Archiv Naturpark Nossentiner\/Schwinzer Heide<\/p><\/div>\n<p>&nbsp;<\/p>\n","protected":false},"excerpt":{"rendered":"<p>In einem Vortrag von Michael Brosemann am 10. November erhalten Sie einen ersten \u00dcberblick \u00fcber die Auswirkungen von Licht und Dunkelheit auf unser Leben, unsere Gesundheit und unsere Umwelt.<\/p>\n","protected":false},"author":84,"featured_media":3651,"comment_status":"open","ping_status":"open","sticky":false,"template":"","format":"standard","meta":[],"categories":[11],"tags":[],"yoast_head":"<!-- This site is optimized with the Yoast SEO plugin v19.10 - https:\/\/yoast.com\/wordpress\/plugins\/seo\/ -->\n<title>Vortrag &quot;Licht ins Dunkel: Warum wir Licht und Dunkelheit brauchen&quot; - Naturpark Nossentiner\/Schwinzer Heide<\/title>\n<meta name=\"robots\" content=\"index, follow, max-snippet:-1, max-image-preview:large, max-video-preview:-1\" \/>\n<link rel=\"canonical\" href=\"https:\/\/www.naturparkmagazin.de\/nossentiner-schwinzer-heide\/vortrag-licht-ins-dunkel-warum-wir-licht-und-dunkelheit-brauchen\/\" \/>\n<meta property=\"og:locale\" content=\"de_DE\" \/>\n<meta property=\"og:type\" content=\"article\" \/>\n<meta property=\"og:title\" content=\"Vortrag &quot;Licht ins Dunkel: Warum wir Licht und Dunkelheit brauchen&quot; - Naturpark Nossentiner\/Schwinzer Heide\" \/>\n<meta property=\"og:description\" content=\"In einem Vortrag von Michael Brosemann am 10. November erhalten Sie einen ersten \u00dcberblick \u00fcber die Auswirkungen von Licht und Dunkelheit auf unser Leben, unsere Gesundheit und unsere Umwelt.\" \/>\n<meta property=\"og:url\" content=\"https:\/\/www.naturparkmagazin.de\/nossentiner-schwinzer-heide\/vortrag-licht-ins-dunkel-warum-wir-licht-und-dunkelheit-brauchen\/\" \/>\n<meta property=\"og:site_name\" content=\"Naturpark Nossentiner\/Schwinzer Heide\" \/>\n<meta property=\"article:published_time\" content=\"2021-10-17T08:36:04+00:00\" \/>\n<meta property=\"article:modified_time\" content=\"2021-11-05T08:26:17+00:00\" \/>\n<meta property=\"og:image\" content=\"https:\/\/www.naturparkmagazin.de\/nossentiner-schwinzer-heide\/wp-content\/uploads\/sites\/28\/Kloster-Dobbertin_Blendwirkung-auf-Gehweg_s2.jpg\" \/>\n\t<meta property=\"og:image:width\" content=\"432\" \/>\n\t<meta property=\"og:image:height\" content=\"608\" \/>\n\t<meta property=\"og:image:type\" content=\"image\/jpeg\" \/>\n<meta name=\"author\" content=\"evelinkartheuser\" \/>\n<meta name=\"twitter:label1\" content=\"Verfasst von\" \/>\n\t<meta name=\"twitter:data1\" content=\"evelinkartheuser\" \/>\n\t<meta name=\"twitter:label2\" content=\"Gesch\u00e4tzte Lesezeit\" \/>\n\t<meta name=\"twitter:data2\" content=\"2\u00a0Minuten\" \/>\n<script type=\"application\/ld+json\" class=\"yoast-schema-graph\">{\"@context\":\"https:\/\/schema.org\",\"@graph\":[{\"@type\":\"WebPage\",\"@id\":\"https:\/\/www.naturparkmagazin.de\/nossentiner-schwinzer-heide\/vortrag-licht-ins-dunkel-warum-wir-licht-und-dunkelheit-brauchen\/\",\"url\":\"https:\/\/www.naturparkmagazin.de\/nossentiner-schwinzer-heide\/vortrag-licht-ins-dunkel-warum-wir-licht-und-dunkelheit-brauchen\/\",\"name\":\"Vortrag \\\"Licht ins Dunkel: Warum wir Licht und Dunkelheit brauchen\\\" - Naturpark Nossentiner\/Schwinzer Heide\",\"isPartOf\":{\"@id\":\"https:\/\/www.naturparkmagazin.de\/nossentiner-schwinzer-heide\/#website\"},\"datePublished\":\"2021-10-17T08:36:04+00:00\",\"dateModified\":\"2021-11-05T08:26:17+00:00\",\"author\":{\"@id\":\"https:\/\/www.naturparkmagazin.de\/nossentiner-schwinzer-heide\/#\/schema\/person\/6e5721221b13b6f827e696f29ff18008\"},\"breadcrumb\":{\"@id\":\"https:\/\/www.naturparkmagazin.de\/nossentiner-schwinzer-heide\/vortrag-licht-ins-dunkel-warum-wir-licht-und-dunkelheit-brauchen\/#breadcrumb\"},\"inLanguage\":\"de\",\"potentialAction\":[{\"@type\":\"ReadAction\",\"target\":[\"https:\/\/www.naturparkmagazin.de\/nossentiner-schwinzer-heide\/vortrag-licht-ins-dunkel-warum-wir-licht-und-dunkelheit-brauchen\/\"]}]},{\"@type\":\"BreadcrumbList\",\"@id\":\"https:\/\/www.naturparkmagazin.de\/nossentiner-schwinzer-heide\/vortrag-licht-ins-dunkel-warum-wir-licht-und-dunkelheit-brauchen\/#breadcrumb\",\"itemListElement\":[{\"@type\":\"ListItem\",\"position\":1,\"name\":\"Home\",\"item\":\"https:\/\/www.naturparkmagazin.de\/nossentiner-schwinzer-heide\/\"},{\"@type\":\"ListItem\",\"position\":2,\"name\":\"Vortrag &#8222;Licht ins Dunkel: Warum wir Licht und Dunkelheit brauchen&#8220;\"}]},{\"@type\":\"WebSite\",\"@id\":\"https:\/\/www.naturparkmagazin.de\/nossentiner-schwinzer-heide\/#website\",\"url\":\"https:\/\/www.naturparkmagazin.de\/nossentiner-schwinzer-heide\/\",\"name\":\"Naturpark Nossentiner\/Schwinzer Heide\",\"description\":\"\",\"potentialAction\":[{\"@type\":\"SearchAction\",\"target\":{\"@type\":\"EntryPoint\",\"urlTemplate\":\"https:\/\/www.naturparkmagazin.de\/nossentiner-schwinzer-heide\/?s={search_term_string}\"},\"query-input\":\"required name=search_term_string\"}],\"inLanguage\":\"de\"},{\"@type\":\"Person\",\"@id\":\"https:\/\/www.naturparkmagazin.de\/nossentiner-schwinzer-heide\/#\/schema\/person\/6e5721221b13b6f827e696f29ff18008\",\"name\":\"evelinkartheuser\",\"url\":\"https:\/\/www.naturparkmagazin.de\/nossentiner-schwinzer-heide\/author\/evelinkartheuser\/\"}]}<\/script>\n<!-- \/ Yoast SEO plugin. -->","yoast_head_json":{"title":"Vortrag \"Licht ins Dunkel: Warum wir Licht und Dunkelheit brauchen\" - Naturpark Nossentiner\/Schwinzer Heide","robots":{"index":"index","follow":"follow","max-snippet":"max-snippet:-1","max-image-preview":"max-image-preview:large","max-video-preview":"max-video-preview:-1"},"canonical":"https:\/\/www.naturparkmagazin.de\/nossentiner-schwinzer-heide\/vortrag-licht-ins-dunkel-warum-wir-licht-und-dunkelheit-brauchen\/","og_locale":"de_DE","og_type":"article","og_title":"Vortrag \"Licht ins Dunkel: Warum wir Licht und Dunkelheit brauchen\" - Naturpark Nossentiner\/Schwinzer Heide","og_description":"In einem Vortrag von Michael Brosemann am 10. November erhalten Sie einen ersten \u00dcberblick \u00fcber die Auswirkungen von Licht und Dunkelheit auf unser Leben, unsere Gesundheit und unsere Umwelt.","og_url":"https:\/\/www.naturparkmagazin.de\/nossentiner-schwinzer-heide\/vortrag-licht-ins-dunkel-warum-wir-licht-und-dunkelheit-brauchen\/","og_site_name":"Naturpark Nossentiner\/Schwinzer Heide","article_published_time":"2021-10-17T08:36:04+00:00","article_modified_time":"2021-11-05T08:26:17+00:00","og_image":[{"width":432,"height":608,"url":"https:\/\/www.naturparkmagazin.de\/nossentiner-schwinzer-heide\/wp-content\/uploads\/sites\/28\/Kloster-Dobbertin_Blendwirkung-auf-Gehweg_s2.jpg","type":"image\/jpeg"}],"author":"evelinkartheuser","twitter_misc":{"Verfasst von":"evelinkartheuser","Gesch\u00e4tzte Lesezeit":"2\u00a0Minuten"},"schema":{"@context":"https:\/\/schema.org","@graph":[{"@type":"WebPage","@id":"https:\/\/www.naturparkmagazin.de\/nossentiner-schwinzer-heide\/vortrag-licht-ins-dunkel-warum-wir-licht-und-dunkelheit-brauchen\/","url":"https:\/\/www.naturparkmagazin.de\/nossentiner-schwinzer-heide\/vortrag-licht-ins-dunkel-warum-wir-licht-und-dunkelheit-brauchen\/","name":"Vortrag \"Licht ins Dunkel: Warum wir Licht und Dunkelheit brauchen\" - Naturpark Nossentiner\/Schwinzer Heide","isPartOf":{"@id":"https:\/\/www.naturparkmagazin.de\/nossentiner-schwinzer-heide\/#website"},"datePublished":"2021-10-17T08:36:04+00:00","dateModified":"2021-11-05T08:26:17+00:00","author":{"@id":"https:\/\/www.naturparkmagazin.de\/nossentiner-schwinzer-heide\/#\/schema\/person\/6e5721221b13b6f827e696f29ff18008"},"breadcrumb":{"@id":"https:\/\/www.naturparkmagazin.de\/nossentiner-schwinzer-heide\/vortrag-licht-ins-dunkel-warum-wir-licht-und-dunkelheit-brauchen\/#breadcrumb"},"inLanguage":"de","potentialAction":[{"@type":"ReadAction","target":["https:\/\/www.naturparkmagazin.de\/nossentiner-schwinzer-heide\/vortrag-licht-ins-dunkel-warum-wir-licht-und-dunkelheit-brauchen\/"]}]},{"@type":"BreadcrumbList","@id":"https:\/\/www.naturparkmagazin.de\/nossentiner-schwinzer-heide\/vortrag-licht-ins-dunkel-warum-wir-licht-und-dunkelheit-brauchen\/#breadcrumb","itemListElement":[{"@type":"ListItem","position":1,"name":"Home","item":"https:\/\/www.naturparkmagazin.de\/nossentiner-schwinzer-heide\/"},{"@type":"ListItem","position":2,"name":"Vortrag &#8222;Licht ins Dunkel: Warum wir Licht und Dunkelheit brauchen&#8220;"}]},{"@type":"WebSite","@id":"https:\/\/www.naturparkmagazin.de\/nossentiner-schwinzer-heide\/#website","url":"https:\/\/www.naturparkmagazin.de\/nossentiner-schwinzer-heide\/","name":"Naturpark Nossentiner\/Schwinzer Heide","description":"","potentialAction":[{"@type":"SearchAction","target":{"@type":"EntryPoint","urlTemplate":"https:\/\/www.naturparkmagazin.de\/nossentiner-schwinzer-heide\/?s={search_term_string}"},"query-input":"required name=search_term_string"}],"inLanguage":"de"},{"@type":"Person","@id":"https:\/\/www.naturparkmagazin.de\/nossentiner-schwinzer-heide\/#\/schema\/person\/6e5721221b13b6f827e696f29ff18008","name":"evelinkartheuser","url":"https:\/\/www.naturparkmagazin.de\/nossentiner-schwinzer-heide\/author\/evelinkartheuser\/"}]}},"_links":{"self":[{"href":"https:\/\/www.naturparkmagazin.de\/nossentiner-schwinzer-heide\/wp-json\/wp\/v2\/posts\/3642"}],"collection":[{"href":"https:\/\/www.naturparkmagazin.de\/nossentiner-schwinzer-heide\/wp-json\/wp\/v2\/posts"}],"about":[{"href":"https:\/\/www.naturparkmagazin.de\/nossentiner-schwinzer-heide\/wp-json\/wp\/v2\/types\/post"}],"author":[{"embeddable":true,"href":"https:\/\/www.naturparkmagazin.de\/nossentiner-schwinzer-heide\/wp-json\/wp\/v2\/users\/84"}],"replies":[{"embeddable":true,"href":"https:\/\/www.naturparkmagazin.de\/nossentiner-schwinzer-heide\/wp-json\/wp\/v2\/comments?post=3642"}],"version-history":[{"count":6,"href":"https:\/\/www.naturparkmagazin.de\/nossentiner-schwinzer-heide\/wp-json\/wp\/v2\/posts\/3642\/revisions"}],"predecessor-version":[{"id":3657,"href":"https:\/\/www.naturparkmagazin.de\/nossentiner-schwinzer-heide\/wp-json\/wp\/v2\/posts\/3642\/revisions\/3657"}],"wp:featuredmedia":[{"embeddable":true,"href":"https:\/\/www.naturparkmagazin.de\/nossentiner-schwinzer-heide\/wp-json\/wp\/v2\/media\/3651"}],"wp:attachment":[{"href":"https:\/\/www.naturparkmagazin.de\/nossentiner-schwinzer-heide\/wp-json\/wp\/v2\/media?parent=3642"}],"wp:term":[{"taxonomy":"category","embeddable":true,"href":"https:\/\/www.naturparkmagazin.de\/nossentiner-schwinzer-heide\/wp-json\/wp\/v2\/categories?post=3642"},{"taxonomy":"post_tag","embeddable":true,"href":"https:\/\/www.naturparkmagazin.de\/nossentiner-schwinzer-heide\/wp-json\/wp\/v2\/tags?post=3642"}],"curies":[{"name":"wp","href":"https:\/\/api.w.org\/{rel}","templated":true}]}}