{"id":3683,"date":"2021-11-18T10:49:12","date_gmt":"2021-11-18T09:49:12","guid":{"rendered":"https:\/\/www.naturparkmagazin.de\/nossentiner-schwinzer-heide\/?p=3683"},"modified":"2021-11-29T11:24:28","modified_gmt":"2021-11-29T10:24:28","slug":"regionale-bioprodukte-am-karower-meiler-bald-jederzeit-verfuegbar","status":"publish","type":"post","link":"https:\/\/www.naturparkmagazin.de\/nossentiner-schwinzer-heide\/regionale-bioprodukte-am-karower-meiler-bald-jederzeit-verfuegbar\/","title":{"rendered":"Regionale Bioprodukte am Karower Meiler bald jederzeit verf\u00fcgbar"},"content":{"rendered":"<pre>Dezember 2021<\/pre>\n<p><strong>Karow<\/strong>. Der Karower Meiler als Kultur- und Informationszentrum des Naturparks Nossentiner\/Schwinzer Heide ist Anlaufpunkt f\u00fcr rund 1.000 Besucher im Jahr. Seit zwei Jahren verf\u00fcgt der Karower Meiler \u00fcber ein \u201eRegional-Regal\u201c, wo mittlerweile etwa 30 verschiedene Artikel von Erzeugern aus dem Naturpark und seinem Umfeld verkauft werden. Hier werden neben klassischen Produkten wie Marmeladen, Honig, Keramik, Kerzen auch Wurstwaren, Obst und S\u00e4fte angeboten. Die Nachfrage ist steigend. Zunehmend fragen auch Einwohner der Region nach frischen regionalen Produkten, von Fleisch, Wurst, K\u00e4se bis hin zu Eiern. Auch bei regionalen Bio-Produkten scheint der Bedarf gr\u00f6\u00dfer zu sein als das Angebot in den umliegenden gr\u00f6\u00dferen St\u00e4dten. Auf der anderen Seite gibt es mittlerweile auch eine Reihe von regionalen Anbietern von Bio-Produkten, die ihre Produkte gern direkt vermarkten m\u00f6chten. Der Karower Meiler kann hier eine Mittler-Rolle einnehmen, indem er Anbieter und Konsumenten zusammen bringt. Zudem ist er verkehrstechnisch g\u00fcnstig gelegen. Unweit der Kreuzung von zwei Bundesstra\u00dfen und direkt am Rundweg um den Plauer See liegt er sozusagen immer auf dem Weg.<\/p>\n<p>Noch im Dezember 2021 soll vor dem Karower Meiler ein Automat aufgestellt werden, an dem sich auch au\u00dferhalb der \u00d6ffnungszeiten des Karower Meilers G\u00e4ste und Einwohner mit regionalen Bio-Produkten versorgen k\u00f6nnen. Er soll in Form eines \u201eMini-Meilers\u201c gebaut werden. Die Stromversorgung zur K\u00fchlung erfolgt \u00fcber eine Photovoltaik-Solaranlage. Das Projekt wird \u00fcber die LEADER-Aktionsgruppe \u201eWarnow-Elde-Land\u201c gef\u00f6rdert.<\/p>\n<div id=\"attachment_3685\" style=\"width: 630px\" class=\"wp-caption alignnone\"><a href=\"https:\/\/www.naturparkmagazin.de\/nossentiner-schwinzer-heide\/wp-content\/uploads\/sites\/28\/IMG-20211129-WA0000.jpg\"><img aria-describedby=\"caption-attachment-3685\" decoding=\"async\" loading=\"lazy\" class=\"wp-image-3685 size-medium\" src=\"https:\/\/www.naturparkmagazin.de\/nossentiner-schwinzer-heide\/wp-content\/uploads\/sites\/28\/IMG-20211129-WA0000-620x465.jpg\" alt=\"IMG-20211129-WA0000\" width=\"620\" height=\"465\" srcset=\"https:\/\/www.naturparkmagazin.de\/nossentiner-schwinzer-heide\/wp-content\/uploads\/sites\/28\/IMG-20211129-WA0000-620x465.jpg 620w, https:\/\/www.naturparkmagazin.de\/nossentiner-schwinzer-heide\/wp-content\/uploads\/sites\/28\/IMG-20211129-WA0000-300x225.jpg 300w, https:\/\/www.naturparkmagazin.de\/nossentiner-schwinzer-heide\/wp-content\/uploads\/sites\/28\/IMG-20211129-WA0000-940x705.jpg 940w, https:\/\/www.naturparkmagazin.de\/nossentiner-schwinzer-heide\/wp-content\/uploads\/sites\/28\/IMG-20211129-WA0000-580x435.jpg 580w, https:\/\/www.naturparkmagazin.de\/nossentiner-schwinzer-heide\/wp-content\/uploads\/sites\/28\/IMG-20211129-WA0000-420x315.jpg 420w, https:\/\/www.naturparkmagazin.de\/nossentiner-schwinzer-heide\/wp-content\/uploads\/sites\/28\/IMG-20211129-WA0000-180x135.jpg 180w, https:\/\/www.naturparkmagazin.de\/nossentiner-schwinzer-heide\/wp-content\/uploads\/sites\/28\/IMG-20211129-WA0000-95x71.jpg 95w, https:\/\/www.naturparkmagazin.de\/nossentiner-schwinzer-heide\/wp-content\/uploads\/sites\/28\/IMG-20211129-WA0000-670x503.jpg 670w, https:\/\/www.naturparkmagazin.de\/nossentiner-schwinzer-heide\/wp-content\/uploads\/sites\/28\/IMG-20211129-WA0000-200x150.jpg 200w, https:\/\/www.naturparkmagazin.de\/nossentiner-schwinzer-heide\/wp-content\/uploads\/sites\/28\/IMG-20211129-WA0000.jpg 2048w\" sizes=\"(max-width: 620px) 100vw, 620px\" \/><\/a><p id=\"caption-attachment-3685\" class=\"wp-caption-text\">Hier vor dem Karower Meiler soll k\u00fcnftig der Verkaufsautomat aufgestellt werden. Foto: Naturpark Nossentiner\/Schwinzer Heide<\/p><\/div>\n","protected":false},"excerpt":{"rendered":"<p>Noch im Dezember 2021 soll vor dem Karower Meiler ein Automat aufgestellt werden, an dem sich auch au\u00dferhalb der \u00d6ffnungszeiten des Karower Meilers G\u00e4ste und Einwohner mit regionalen Bio-Produkten versorgen k\u00f6nnen.<\/p>\n","protected":false},"author":84,"featured_media":3685,"comment_status":"open","ping_status":"open","sticky":false,"template":"","format":"standard","meta":[],"categories":[7],"tags":[],"yoast_head":"<!-- This site is optimized with the Yoast SEO plugin v19.10 - https:\/\/yoast.com\/wordpress\/plugins\/seo\/ -->\n<title>Regionale Bioprodukte am Karower Meiler bald jederzeit verf\u00fcgbar - Naturpark Nossentiner\/Schwinzer Heide<\/title>\n<meta name=\"robots\" content=\"index, follow, max-snippet:-1, max-image-preview:large, max-video-preview:-1\" \/>\n<link rel=\"canonical\" href=\"https:\/\/www.naturparkmagazin.de\/nossentiner-schwinzer-heide\/regionale-bioprodukte-am-karower-meiler-bald-jederzeit-verfuegbar\/\" \/>\n<meta property=\"og:locale\" content=\"de_DE\" \/>\n<meta property=\"og:type\" content=\"article\" \/>\n<meta property=\"og:title\" content=\"Regionale Bioprodukte am Karower Meiler bald jederzeit verf\u00fcgbar - Naturpark Nossentiner\/Schwinzer Heide\" \/>\n<meta property=\"og:description\" content=\"Noch im Dezember 2021 soll vor dem Karower Meiler ein Automat aufgestellt werden, an dem sich auch au\u00dferhalb der \u00d6ffnungszeiten des Karower Meilers G\u00e4ste und Einwohner mit regionalen Bio-Produkten versorgen k\u00f6nnen.\" \/>\n<meta property=\"og:url\" content=\"https:\/\/www.naturparkmagazin.de\/nossentiner-schwinzer-heide\/regionale-bioprodukte-am-karower-meiler-bald-jederzeit-verfuegbar\/\" \/>\n<meta property=\"og:site_name\" content=\"Naturpark Nossentiner\/Schwinzer Heide\" \/>\n<meta property=\"article:published_time\" content=\"2021-11-18T09:49:12+00:00\" \/>\n<meta property=\"article:modified_time\" content=\"2021-11-29T10:24:28+00:00\" \/>\n<meta property=\"og:image\" content=\"https:\/\/www.naturparkmagazin.de\/nossentiner-schwinzer-heide\/wp-content\/uploads\/sites\/28\/IMG-20211129-WA0000.jpg\" \/>\n\t<meta property=\"og:image:width\" content=\"2048\" \/>\n\t<meta property=\"og:image:height\" content=\"1536\" \/>\n\t<meta property=\"og:image:type\" content=\"image\/jpeg\" \/>\n<meta name=\"author\" content=\"evelinkartheuser\" \/>\n<meta name=\"twitter:label1\" content=\"Verfasst von\" \/>\n\t<meta name=\"twitter:data1\" content=\"evelinkartheuser\" \/>\n\t<meta name=\"twitter:label2\" content=\"Gesch\u00e4tzte Lesezeit\" \/>\n\t<meta name=\"twitter:data2\" content=\"1\u00a0Minute\" \/>\n<script type=\"application\/ld+json\" class=\"yoast-schema-graph\">{\"@context\":\"https:\/\/schema.org\",\"@graph\":[{\"@type\":\"WebPage\",\"@id\":\"https:\/\/www.naturparkmagazin.de\/nossentiner-schwinzer-heide\/regionale-bioprodukte-am-karower-meiler-bald-jederzeit-verfuegbar\/\",\"url\":\"https:\/\/www.naturparkmagazin.de\/nossentiner-schwinzer-heide\/regionale-bioprodukte-am-karower-meiler-bald-jederzeit-verfuegbar\/\",\"name\":\"Regionale Bioprodukte am Karower Meiler bald jederzeit verf\u00fcgbar - Naturpark Nossentiner\/Schwinzer Heide\",\"isPartOf\":{\"@id\":\"https:\/\/www.naturparkmagazin.de\/nossentiner-schwinzer-heide\/#website\"},\"datePublished\":\"2021-11-18T09:49:12+00:00\",\"dateModified\":\"2021-11-29T10:24:28+00:00\",\"author\":{\"@id\":\"https:\/\/www.naturparkmagazin.de\/nossentiner-schwinzer-heide\/#\/schema\/person\/6e5721221b13b6f827e696f29ff18008\"},\"breadcrumb\":{\"@id\":\"https:\/\/www.naturparkmagazin.de\/nossentiner-schwinzer-heide\/regionale-bioprodukte-am-karower-meiler-bald-jederzeit-verfuegbar\/#breadcrumb\"},\"inLanguage\":\"de\",\"potentialAction\":[{\"@type\":\"ReadAction\",\"target\":[\"https:\/\/www.naturparkmagazin.de\/nossentiner-schwinzer-heide\/regionale-bioprodukte-am-karower-meiler-bald-jederzeit-verfuegbar\/\"]}]},{\"@type\":\"BreadcrumbList\",\"@id\":\"https:\/\/www.naturparkmagazin.de\/nossentiner-schwinzer-heide\/regionale-bioprodukte-am-karower-meiler-bald-jederzeit-verfuegbar\/#breadcrumb\",\"itemListElement\":[{\"@type\":\"ListItem\",\"position\":1,\"name\":\"Home\",\"item\":\"https:\/\/www.naturparkmagazin.de\/nossentiner-schwinzer-heide\/\"},{\"@type\":\"ListItem\",\"position\":2,\"name\":\"Regionale Bioprodukte am Karower Meiler bald jederzeit verf\u00fcgbar\"}]},{\"@type\":\"WebSite\",\"@id\":\"https:\/\/www.naturparkmagazin.de\/nossentiner-schwinzer-heide\/#website\",\"url\":\"https:\/\/www.naturparkmagazin.de\/nossentiner-schwinzer-heide\/\",\"name\":\"Naturpark Nossentiner\/Schwinzer Heide\",\"description\":\"\",\"potentialAction\":[{\"@type\":\"SearchAction\",\"target\":{\"@type\":\"EntryPoint\",\"urlTemplate\":\"https:\/\/www.naturparkmagazin.de\/nossentiner-schwinzer-heide\/?s={search_term_string}\"},\"query-input\":\"required name=search_term_string\"}],\"inLanguage\":\"de\"},{\"@type\":\"Person\",\"@id\":\"https:\/\/www.naturparkmagazin.de\/nossentiner-schwinzer-heide\/#\/schema\/person\/6e5721221b13b6f827e696f29ff18008\",\"name\":\"evelinkartheuser\",\"url\":\"https:\/\/www.naturparkmagazin.de\/nossentiner-schwinzer-heide\/author\/evelinkartheuser\/\"}]}<\/script>\n<!-- \/ Yoast SEO plugin. -->","yoast_head_json":{"title":"Regionale Bioprodukte am Karower Meiler bald jederzeit verf\u00fcgbar - Naturpark Nossentiner\/Schwinzer Heide","robots":{"index":"index","follow":"follow","max-snippet":"max-snippet:-1","max-image-preview":"max-image-preview:large","max-video-preview":"max-video-preview:-1"},"canonical":"https:\/\/www.naturparkmagazin.de\/nossentiner-schwinzer-heide\/regionale-bioprodukte-am-karower-meiler-bald-jederzeit-verfuegbar\/","og_locale":"de_DE","og_type":"article","og_title":"Regionale Bioprodukte am Karower Meiler bald jederzeit verf\u00fcgbar - Naturpark Nossentiner\/Schwinzer Heide","og_description":"Noch im Dezember 2021 soll vor dem Karower Meiler ein Automat aufgestellt werden, an dem sich auch au\u00dferhalb der \u00d6ffnungszeiten des Karower Meilers G\u00e4ste und Einwohner mit regionalen Bio-Produkten versorgen k\u00f6nnen.","og_url":"https:\/\/www.naturparkmagazin.de\/nossentiner-schwinzer-heide\/regionale-bioprodukte-am-karower-meiler-bald-jederzeit-verfuegbar\/","og_site_name":"Naturpark Nossentiner\/Schwinzer Heide","article_published_time":"2021-11-18T09:49:12+00:00","article_modified_time":"2021-11-29T10:24:28+00:00","og_image":[{"width":2048,"height":1536,"url":"https:\/\/www.naturparkmagazin.de\/nossentiner-schwinzer-heide\/wp-content\/uploads\/sites\/28\/IMG-20211129-WA0000.jpg","type":"image\/jpeg"}],"author":"evelinkartheuser","twitter_misc":{"Verfasst von":"evelinkartheuser","Gesch\u00e4tzte Lesezeit":"1\u00a0Minute"},"schema":{"@context":"https:\/\/schema.org","@graph":[{"@type":"WebPage","@id":"https:\/\/www.naturparkmagazin.de\/nossentiner-schwinzer-heide\/regionale-bioprodukte-am-karower-meiler-bald-jederzeit-verfuegbar\/","url":"https:\/\/www.naturparkmagazin.de\/nossentiner-schwinzer-heide\/regionale-bioprodukte-am-karower-meiler-bald-jederzeit-verfuegbar\/","name":"Regionale Bioprodukte am Karower Meiler bald jederzeit verf\u00fcgbar - Naturpark Nossentiner\/Schwinzer Heide","isPartOf":{"@id":"https:\/\/www.naturparkmagazin.de\/nossentiner-schwinzer-heide\/#website"},"datePublished":"2021-11-18T09:49:12+00:00","dateModified":"2021-11-29T10:24:28+00:00","author":{"@id":"https:\/\/www.naturparkmagazin.de\/nossentiner-schwinzer-heide\/#\/schema\/person\/6e5721221b13b6f827e696f29ff18008"},"breadcrumb":{"@id":"https:\/\/www.naturparkmagazin.de\/nossentiner-schwinzer-heide\/regionale-bioprodukte-am-karower-meiler-bald-jederzeit-verfuegbar\/#breadcrumb"},"inLanguage":"de","potentialAction":[{"@type":"ReadAction","target":["https:\/\/www.naturparkmagazin.de\/nossentiner-schwinzer-heide\/regionale-bioprodukte-am-karower-meiler-bald-jederzeit-verfuegbar\/"]}]},{"@type":"BreadcrumbList","@id":"https:\/\/www.naturparkmagazin.de\/nossentiner-schwinzer-heide\/regionale-bioprodukte-am-karower-meiler-bald-jederzeit-verfuegbar\/#breadcrumb","itemListElement":[{"@type":"ListItem","position":1,"name":"Home","item":"https:\/\/www.naturparkmagazin.de\/nossentiner-schwinzer-heide\/"},{"@type":"ListItem","position":2,"name":"Regionale Bioprodukte am Karower Meiler bald jederzeit verf\u00fcgbar"}]},{"@type":"WebSite","@id":"https:\/\/www.naturparkmagazin.de\/nossentiner-schwinzer-heide\/#website","url":"https:\/\/www.naturparkmagazin.de\/nossentiner-schwinzer-heide\/","name":"Naturpark Nossentiner\/Schwinzer Heide","description":"","potentialAction":[{"@type":"SearchAction","target":{"@type":"EntryPoint","urlTemplate":"https:\/\/www.naturparkmagazin.de\/nossentiner-schwinzer-heide\/?s={search_term_string}"},"query-input":"required name=search_term_string"}],"inLanguage":"de"},{"@type":"Person","@id":"https:\/\/www.naturparkmagazin.de\/nossentiner-schwinzer-heide\/#\/schema\/person\/6e5721221b13b6f827e696f29ff18008","name":"evelinkartheuser","url":"https:\/\/www.naturparkmagazin.de\/nossentiner-schwinzer-heide\/author\/evelinkartheuser\/"}]}},"_links":{"self":[{"href":"https:\/\/www.naturparkmagazin.de\/nossentiner-schwinzer-heide\/wp-json\/wp\/v2\/posts\/3683"}],"collection":[{"href":"https:\/\/www.naturparkmagazin.de\/nossentiner-schwinzer-heide\/wp-json\/wp\/v2\/posts"}],"about":[{"href":"https:\/\/www.naturparkmagazin.de\/nossentiner-schwinzer-heide\/wp-json\/wp\/v2\/types\/post"}],"author":[{"embeddable":true,"href":"https:\/\/www.naturparkmagazin.de\/nossentiner-schwinzer-heide\/wp-json\/wp\/v2\/users\/84"}],"replies":[{"embeddable":true,"href":"https:\/\/www.naturparkmagazin.de\/nossentiner-schwinzer-heide\/wp-json\/wp\/v2\/comments?post=3683"}],"version-history":[{"count":4,"href":"https:\/\/www.naturparkmagazin.de\/nossentiner-schwinzer-heide\/wp-json\/wp\/v2\/posts\/3683\/revisions"}],"predecessor-version":[{"id":3699,"href":"https:\/\/www.naturparkmagazin.de\/nossentiner-schwinzer-heide\/wp-json\/wp\/v2\/posts\/3683\/revisions\/3699"}],"wp:featuredmedia":[{"embeddable":true,"href":"https:\/\/www.naturparkmagazin.de\/nossentiner-schwinzer-heide\/wp-json\/wp\/v2\/media\/3685"}],"wp:attachment":[{"href":"https:\/\/www.naturparkmagazin.de\/nossentiner-schwinzer-heide\/wp-json\/wp\/v2\/media?parent=3683"}],"wp:term":[{"taxonomy":"category","embeddable":true,"href":"https:\/\/www.naturparkmagazin.de\/nossentiner-schwinzer-heide\/wp-json\/wp\/v2\/categories?post=3683"},{"taxonomy":"post_tag","embeddable":true,"href":"https:\/\/www.naturparkmagazin.de\/nossentiner-schwinzer-heide\/wp-json\/wp\/v2\/tags?post=3683"}],"curies":[{"name":"wp","href":"https:\/\/api.w.org\/{rel}","templated":true}]}}