{"id":3687,"date":"2021-11-17T11:16:45","date_gmt":"2021-11-17T10:16:45","guid":{"rendered":"https:\/\/www.naturparkmagazin.de\/nossentiner-schwinzer-heide\/?p=3687"},"modified":"2021-11-29T11:22:00","modified_gmt":"2021-11-29T10:22:00","slug":"bunkerumbau-und-sicherung-fuer-fledermaeuse","status":"publish","type":"post","link":"https:\/\/www.naturparkmagazin.de\/nossentiner-schwinzer-heide\/bunkerumbau-und-sicherung-fuer-fledermaeuse\/","title":{"rendered":"Bunkerumbau und Sicherung f\u00fcr Flederm\u00e4use"},"content":{"rendered":"<pre>Dezember 2021<\/pre>\n<p>In der ehemaligen milit\u00e4rischen F\u00fchrungsstelle der NVA der DDR in Bossow, welche sich seit 2016 im Besitz der Stiftung Reepsholt f\u00fcr Naturschutz und umweltgerechte Ressourcennutzung befindet, liegen 3 Mannschaftsbunker, eine Bunkerleitstelle und eine Kelleranlage des ehemaligen Sozialgeb\u00e4udes der F\u00fchrungsstelle.<\/p>\n<p>Durch den F\u00f6rderverein des Naturparks Nossentiner\/Schwinzer Heide wurde schon 2001 begonnen, die Bunker und die Kelleranlage von M\u00fcll zu ber\u00e4umen und f\u00fcr Flederm\u00e4use zu sichern. Leider waren zu der Zeit die Kenntnisse zu effektiven Ma\u00dfnahmen der Sicherung und auch die vorhandenen finanziellen Mittel des F\u00f6rdervereins relativ gering, so dass alle Bunker- und Kelleranlagen wieder aufgebrochen und die angebrachten Quartierm\u00f6glichkeiten f\u00fcr Flederm\u00e4use weitgehend zerst\u00f6rt wurden.<\/p>\n<p>Die Stiftung Reepsholt hat als Fl\u00e4cheneigent\u00fcmerin bereits 2019 die oberirdischen Teile des ehemaligen Sozialgeb\u00e4udes abgerissen und den Keller sowie die Bunker von M\u00fcll befreit.<\/p>\n<p>2021 bem\u00fchte sich die Stiftung abermals um einen Umbau der Anlagen. \u00dcber eine F\u00f6rderung durch das StALU Mittleres Mecklenburg \u00fcber die Naturschutzf\u00f6rderrichtlinie des Landes M-V konnte nun der 1. Bauabschnitt abgeschlossen werden. Die Bunkerleitstelle wurde baulich gesichert und f\u00fcr Flederm\u00e4use optimiert, eine zweite Kelleranlage wurde entkernt und mit Hangsteinen ausger\u00fcstet.<\/p>\n<p>&nbsp;<\/p>\n<div id=\"attachment_3689\" style=\"width: 630px\" class=\"wp-caption alignnone\"><a href=\"https:\/\/www.naturparkmagazin.de\/nossentiner-schwinzer-heide\/wp-content\/uploads\/sites\/28\/IMG-20211129-WA0002.jpg\"><img aria-describedby=\"caption-attachment-3689\" decoding=\"async\" loading=\"lazy\" class=\"wp-image-3689 size-medium\" src=\"https:\/\/www.naturparkmagazin.de\/nossentiner-schwinzer-heide\/wp-content\/uploads\/sites\/28\/IMG-20211129-WA0002-620x465.jpg\" alt=\"IMG-20211129-WA0002\" width=\"620\" height=\"465\" srcset=\"https:\/\/www.naturparkmagazin.de\/nossentiner-schwinzer-heide\/wp-content\/uploads\/sites\/28\/IMG-20211129-WA0002-620x465.jpg 620w, https:\/\/www.naturparkmagazin.de\/nossentiner-schwinzer-heide\/wp-content\/uploads\/sites\/28\/IMG-20211129-WA0002-300x225.jpg 300w, https:\/\/www.naturparkmagazin.de\/nossentiner-schwinzer-heide\/wp-content\/uploads\/sites\/28\/IMG-20211129-WA0002-940x705.jpg 940w, https:\/\/www.naturparkmagazin.de\/nossentiner-schwinzer-heide\/wp-content\/uploads\/sites\/28\/IMG-20211129-WA0002-580x435.jpg 580w, https:\/\/www.naturparkmagazin.de\/nossentiner-schwinzer-heide\/wp-content\/uploads\/sites\/28\/IMG-20211129-WA0002-420x315.jpg 420w, https:\/\/www.naturparkmagazin.de\/nossentiner-schwinzer-heide\/wp-content\/uploads\/sites\/28\/IMG-20211129-WA0002-180x135.jpg 180w, https:\/\/www.naturparkmagazin.de\/nossentiner-schwinzer-heide\/wp-content\/uploads\/sites\/28\/IMG-20211129-WA0002-95x71.jpg 95w, https:\/\/www.naturparkmagazin.de\/nossentiner-schwinzer-heide\/wp-content\/uploads\/sites\/28\/IMG-20211129-WA0002-670x503.jpg 670w, https:\/\/www.naturparkmagazin.de\/nossentiner-schwinzer-heide\/wp-content\/uploads\/sites\/28\/IMG-20211129-WA0002-200x150.jpg 200w, https:\/\/www.naturparkmagazin.de\/nossentiner-schwinzer-heide\/wp-content\/uploads\/sites\/28\/IMG-20211129-WA0002.jpg 2048w\" sizes=\"(max-width: 620px) 100vw, 620px\" \/><\/a><p id=\"caption-attachment-3689\" class=\"wp-caption-text\">Abnahme des 1. Bauabschnittes. Foto: Stiftung Reepsholt<\/p><\/div>\n<p>Derzeit \u00fcberwintern in den Bunkern und in der Kelleranlage ca. 40 Individuen (Flederm\u00e4use) von 8 Fledermausarten. Zusammen mit den Bunkeranlagen im ehemaligen Munitionslager Bossow geh\u00f6rt der Bunkerkomplex bereits jetzt zu den bedeutendsten Fledermauswinterquartieren in Mecklenburg-Vorpommern (Artendiversit\u00e4t und Individuenanzahl).<\/p>\n<p>Im Jahr 2022 wird es nach dem Winterschlaf der Flederm\u00e4use mit dem Umbau weitergehen.<\/p>\n<div id=\"attachment_3691\" style=\"width: 630px\" class=\"wp-caption alignnone\"><a href=\"https:\/\/www.naturparkmagazin.de\/nossentiner-schwinzer-heide\/wp-content\/uploads\/sites\/28\/IMG-20211129-WA0003.jpg\"><img aria-describedby=\"caption-attachment-3691\" decoding=\"async\" loading=\"lazy\" class=\"wp-image-3691 size-medium\" src=\"https:\/\/www.naturparkmagazin.de\/nossentiner-schwinzer-heide\/wp-content\/uploads\/sites\/28\/IMG-20211129-WA0003-620x465.jpg\" alt=\"IMG-20211129-WA0003\" width=\"620\" height=\"465\" srcset=\"https:\/\/www.naturparkmagazin.de\/nossentiner-schwinzer-heide\/wp-content\/uploads\/sites\/28\/IMG-20211129-WA0003-620x465.jpg 620w, https:\/\/www.naturparkmagazin.de\/nossentiner-schwinzer-heide\/wp-content\/uploads\/sites\/28\/IMG-20211129-WA0003-300x225.jpg 300w, https:\/\/www.naturparkmagazin.de\/nossentiner-schwinzer-heide\/wp-content\/uploads\/sites\/28\/IMG-20211129-WA0003-940x705.jpg 940w, https:\/\/www.naturparkmagazin.de\/nossentiner-schwinzer-heide\/wp-content\/uploads\/sites\/28\/IMG-20211129-WA0003-580x435.jpg 580w, https:\/\/www.naturparkmagazin.de\/nossentiner-schwinzer-heide\/wp-content\/uploads\/sites\/28\/IMG-20211129-WA0003-420x315.jpg 420w, https:\/\/www.naturparkmagazin.de\/nossentiner-schwinzer-heide\/wp-content\/uploads\/sites\/28\/IMG-20211129-WA0003-180x135.jpg 180w, https:\/\/www.naturparkmagazin.de\/nossentiner-schwinzer-heide\/wp-content\/uploads\/sites\/28\/IMG-20211129-WA0003-95x71.jpg 95w, https:\/\/www.naturparkmagazin.de\/nossentiner-schwinzer-heide\/wp-content\/uploads\/sites\/28\/IMG-20211129-WA0003-670x503.jpg 670w, https:\/\/www.naturparkmagazin.de\/nossentiner-schwinzer-heide\/wp-content\/uploads\/sites\/28\/IMG-20211129-WA0003-200x150.jpg 200w, https:\/\/www.naturparkmagazin.de\/nossentiner-schwinzer-heide\/wp-content\/uploads\/sites\/28\/IMG-20211129-WA0003.jpg 2048w\" sizes=\"(max-width: 620px) 100vw, 620px\" \/><\/a><p id=\"caption-attachment-3691\" class=\"wp-caption-text\">Blick in die Bunkeranlagen. Foto: Stiftung Reepsholt<\/p><\/div>\n","protected":false},"excerpt":{"rendered":"<p>2021 bem\u00fchte sich die Naturpark-Stiftung Reepsholt um den Umbau der ehemaligen NVA-Bunker in Bossow. Nun konnte der 1. Bauabschnitt abgeschlossen werden. <\/p>\n","protected":false},"author":84,"featured_media":3689,"comment_status":"open","ping_status":"open","sticky":false,"template":"","format":"standard","meta":[],"categories":[7],"tags":[1213],"yoast_head":"<!-- This site is optimized with the Yoast SEO plugin v19.10 - https:\/\/yoast.com\/wordpress\/plugins\/seo\/ -->\n<title>Bunkerumbau und Sicherung f\u00fcr Flederm\u00e4use - Naturpark Nossentiner\/Schwinzer Heide<\/title>\n<meta name=\"robots\" content=\"index, follow, max-snippet:-1, max-image-preview:large, max-video-preview:-1\" \/>\n<link rel=\"canonical\" href=\"https:\/\/www.naturparkmagazin.de\/nossentiner-schwinzer-heide\/bunkerumbau-und-sicherung-fuer-fledermaeuse\/\" \/>\n<meta property=\"og:locale\" content=\"de_DE\" \/>\n<meta property=\"og:type\" content=\"article\" \/>\n<meta property=\"og:title\" content=\"Bunkerumbau und Sicherung f\u00fcr Flederm\u00e4use - Naturpark Nossentiner\/Schwinzer Heide\" \/>\n<meta property=\"og:description\" content=\"2021 bem\u00fchte sich die Naturpark-Stiftung Reepsholt um den Umbau der ehemaligen NVA-Bunker in Bossow. Nun konnte der 1. Bauabschnitt abgeschlossen werden.\" \/>\n<meta property=\"og:url\" content=\"https:\/\/www.naturparkmagazin.de\/nossentiner-schwinzer-heide\/bunkerumbau-und-sicherung-fuer-fledermaeuse\/\" \/>\n<meta property=\"og:site_name\" content=\"Naturpark Nossentiner\/Schwinzer Heide\" \/>\n<meta property=\"article:published_time\" content=\"2021-11-17T10:16:45+00:00\" \/>\n<meta property=\"article:modified_time\" content=\"2021-11-29T10:22:00+00:00\" \/>\n<meta property=\"og:image\" content=\"https:\/\/www.naturparkmagazin.de\/nossentiner-schwinzer-heide\/wp-content\/uploads\/sites\/28\/IMG-20211129-WA0002.jpg\" \/>\n\t<meta property=\"og:image:width\" content=\"2048\" \/>\n\t<meta property=\"og:image:height\" content=\"1536\" \/>\n\t<meta property=\"og:image:type\" content=\"image\/jpeg\" \/>\n<meta name=\"author\" content=\"evelinkartheuser\" \/>\n<meta name=\"twitter:label1\" content=\"Verfasst von\" \/>\n\t<meta name=\"twitter:data1\" content=\"evelinkartheuser\" \/>\n\t<meta name=\"twitter:label2\" content=\"Gesch\u00e4tzte Lesezeit\" \/>\n\t<meta name=\"twitter:data2\" content=\"1\u00a0Minute\" \/>\n<script type=\"application\/ld+json\" class=\"yoast-schema-graph\">{\"@context\":\"https:\/\/schema.org\",\"@graph\":[{\"@type\":\"WebPage\",\"@id\":\"https:\/\/www.naturparkmagazin.de\/nossentiner-schwinzer-heide\/bunkerumbau-und-sicherung-fuer-fledermaeuse\/\",\"url\":\"https:\/\/www.naturparkmagazin.de\/nossentiner-schwinzer-heide\/bunkerumbau-und-sicherung-fuer-fledermaeuse\/\",\"name\":\"Bunkerumbau und Sicherung f\u00fcr Flederm\u00e4use - Naturpark Nossentiner\/Schwinzer Heide\",\"isPartOf\":{\"@id\":\"https:\/\/www.naturparkmagazin.de\/nossentiner-schwinzer-heide\/#website\"},\"datePublished\":\"2021-11-17T10:16:45+00:00\",\"dateModified\":\"2021-11-29T10:22:00+00:00\",\"author\":{\"@id\":\"https:\/\/www.naturparkmagazin.de\/nossentiner-schwinzer-heide\/#\/schema\/person\/6e5721221b13b6f827e696f29ff18008\"},\"breadcrumb\":{\"@id\":\"https:\/\/www.naturparkmagazin.de\/nossentiner-schwinzer-heide\/bunkerumbau-und-sicherung-fuer-fledermaeuse\/#breadcrumb\"},\"inLanguage\":\"de\",\"potentialAction\":[{\"@type\":\"ReadAction\",\"target\":[\"https:\/\/www.naturparkmagazin.de\/nossentiner-schwinzer-heide\/bunkerumbau-und-sicherung-fuer-fledermaeuse\/\"]}]},{\"@type\":\"BreadcrumbList\",\"@id\":\"https:\/\/www.naturparkmagazin.de\/nossentiner-schwinzer-heide\/bunkerumbau-und-sicherung-fuer-fledermaeuse\/#breadcrumb\",\"itemListElement\":[{\"@type\":\"ListItem\",\"position\":1,\"name\":\"Home\",\"item\":\"https:\/\/www.naturparkmagazin.de\/nossentiner-schwinzer-heide\/\"},{\"@type\":\"ListItem\",\"position\":2,\"name\":\"Bunkerumbau und Sicherung f\u00fcr Flederm\u00e4use\"}]},{\"@type\":\"WebSite\",\"@id\":\"https:\/\/www.naturparkmagazin.de\/nossentiner-schwinzer-heide\/#website\",\"url\":\"https:\/\/www.naturparkmagazin.de\/nossentiner-schwinzer-heide\/\",\"name\":\"Naturpark Nossentiner\/Schwinzer Heide\",\"description\":\"\",\"potentialAction\":[{\"@type\":\"SearchAction\",\"target\":{\"@type\":\"EntryPoint\",\"urlTemplate\":\"https:\/\/www.naturparkmagazin.de\/nossentiner-schwinzer-heide\/?s={search_term_string}\"},\"query-input\":\"required name=search_term_string\"}],\"inLanguage\":\"de\"},{\"@type\":\"Person\",\"@id\":\"https:\/\/www.naturparkmagazin.de\/nossentiner-schwinzer-heide\/#\/schema\/person\/6e5721221b13b6f827e696f29ff18008\",\"name\":\"evelinkartheuser\",\"url\":\"https:\/\/www.naturparkmagazin.de\/nossentiner-schwinzer-heide\/author\/evelinkartheuser\/\"}]}<\/script>\n<!-- \/ Yoast SEO plugin. -->","yoast_head_json":{"title":"Bunkerumbau und Sicherung f\u00fcr Flederm\u00e4use - Naturpark Nossentiner\/Schwinzer Heide","robots":{"index":"index","follow":"follow","max-snippet":"max-snippet:-1","max-image-preview":"max-image-preview:large","max-video-preview":"max-video-preview:-1"},"canonical":"https:\/\/www.naturparkmagazin.de\/nossentiner-schwinzer-heide\/bunkerumbau-und-sicherung-fuer-fledermaeuse\/","og_locale":"de_DE","og_type":"article","og_title":"Bunkerumbau und Sicherung f\u00fcr Flederm\u00e4use - Naturpark Nossentiner\/Schwinzer Heide","og_description":"2021 bem\u00fchte sich die Naturpark-Stiftung Reepsholt um den Umbau der ehemaligen NVA-Bunker in Bossow. Nun konnte der 1. Bauabschnitt abgeschlossen werden.","og_url":"https:\/\/www.naturparkmagazin.de\/nossentiner-schwinzer-heide\/bunkerumbau-und-sicherung-fuer-fledermaeuse\/","og_site_name":"Naturpark Nossentiner\/Schwinzer Heide","article_published_time":"2021-11-17T10:16:45+00:00","article_modified_time":"2021-11-29T10:22:00+00:00","og_image":[{"width":2048,"height":1536,"url":"https:\/\/www.naturparkmagazin.de\/nossentiner-schwinzer-heide\/wp-content\/uploads\/sites\/28\/IMG-20211129-WA0002.jpg","type":"image\/jpeg"}],"author":"evelinkartheuser","twitter_misc":{"Verfasst von":"evelinkartheuser","Gesch\u00e4tzte Lesezeit":"1\u00a0Minute"},"schema":{"@context":"https:\/\/schema.org","@graph":[{"@type":"WebPage","@id":"https:\/\/www.naturparkmagazin.de\/nossentiner-schwinzer-heide\/bunkerumbau-und-sicherung-fuer-fledermaeuse\/","url":"https:\/\/www.naturparkmagazin.de\/nossentiner-schwinzer-heide\/bunkerumbau-und-sicherung-fuer-fledermaeuse\/","name":"Bunkerumbau und Sicherung f\u00fcr Flederm\u00e4use - Naturpark Nossentiner\/Schwinzer Heide","isPartOf":{"@id":"https:\/\/www.naturparkmagazin.de\/nossentiner-schwinzer-heide\/#website"},"datePublished":"2021-11-17T10:16:45+00:00","dateModified":"2021-11-29T10:22:00+00:00","author":{"@id":"https:\/\/www.naturparkmagazin.de\/nossentiner-schwinzer-heide\/#\/schema\/person\/6e5721221b13b6f827e696f29ff18008"},"breadcrumb":{"@id":"https:\/\/www.naturparkmagazin.de\/nossentiner-schwinzer-heide\/bunkerumbau-und-sicherung-fuer-fledermaeuse\/#breadcrumb"},"inLanguage":"de","potentialAction":[{"@type":"ReadAction","target":["https:\/\/www.naturparkmagazin.de\/nossentiner-schwinzer-heide\/bunkerumbau-und-sicherung-fuer-fledermaeuse\/"]}]},{"@type":"BreadcrumbList","@id":"https:\/\/www.naturparkmagazin.de\/nossentiner-schwinzer-heide\/bunkerumbau-und-sicherung-fuer-fledermaeuse\/#breadcrumb","itemListElement":[{"@type":"ListItem","position":1,"name":"Home","item":"https:\/\/www.naturparkmagazin.de\/nossentiner-schwinzer-heide\/"},{"@type":"ListItem","position":2,"name":"Bunkerumbau und Sicherung f\u00fcr Flederm\u00e4use"}]},{"@type":"WebSite","@id":"https:\/\/www.naturparkmagazin.de\/nossentiner-schwinzer-heide\/#website","url":"https:\/\/www.naturparkmagazin.de\/nossentiner-schwinzer-heide\/","name":"Naturpark Nossentiner\/Schwinzer Heide","description":"","potentialAction":[{"@type":"SearchAction","target":{"@type":"EntryPoint","urlTemplate":"https:\/\/www.naturparkmagazin.de\/nossentiner-schwinzer-heide\/?s={search_term_string}"},"query-input":"required name=search_term_string"}],"inLanguage":"de"},{"@type":"Person","@id":"https:\/\/www.naturparkmagazin.de\/nossentiner-schwinzer-heide\/#\/schema\/person\/6e5721221b13b6f827e696f29ff18008","name":"evelinkartheuser","url":"https:\/\/www.naturparkmagazin.de\/nossentiner-schwinzer-heide\/author\/evelinkartheuser\/"}]}},"_links":{"self":[{"href":"https:\/\/www.naturparkmagazin.de\/nossentiner-schwinzer-heide\/wp-json\/wp\/v2\/posts\/3687"}],"collection":[{"href":"https:\/\/www.naturparkmagazin.de\/nossentiner-schwinzer-heide\/wp-json\/wp\/v2\/posts"}],"about":[{"href":"https:\/\/www.naturparkmagazin.de\/nossentiner-schwinzer-heide\/wp-json\/wp\/v2\/types\/post"}],"author":[{"embeddable":true,"href":"https:\/\/www.naturparkmagazin.de\/nossentiner-schwinzer-heide\/wp-json\/wp\/v2\/users\/84"}],"replies":[{"embeddable":true,"href":"https:\/\/www.naturparkmagazin.de\/nossentiner-schwinzer-heide\/wp-json\/wp\/v2\/comments?post=3687"}],"version-history":[{"count":8,"href":"https:\/\/www.naturparkmagazin.de\/nossentiner-schwinzer-heide\/wp-json\/wp\/v2\/posts\/3687\/revisions"}],"predecessor-version":[{"id":3697,"href":"https:\/\/www.naturparkmagazin.de\/nossentiner-schwinzer-heide\/wp-json\/wp\/v2\/posts\/3687\/revisions\/3697"}],"wp:featuredmedia":[{"embeddable":true,"href":"https:\/\/www.naturparkmagazin.de\/nossentiner-schwinzer-heide\/wp-json\/wp\/v2\/media\/3689"}],"wp:attachment":[{"href":"https:\/\/www.naturparkmagazin.de\/nossentiner-schwinzer-heide\/wp-json\/wp\/v2\/media?parent=3687"}],"wp:term":[{"taxonomy":"category","embeddable":true,"href":"https:\/\/www.naturparkmagazin.de\/nossentiner-schwinzer-heide\/wp-json\/wp\/v2\/categories?post=3687"},{"taxonomy":"post_tag","embeddable":true,"href":"https:\/\/www.naturparkmagazin.de\/nossentiner-schwinzer-heide\/wp-json\/wp\/v2\/tags?post=3687"}],"curies":[{"name":"wp","href":"https:\/\/api.w.org\/{rel}","templated":true}]}}