{"id":3709,"date":"2021-12-20T17:57:45","date_gmt":"2021-12-20T16:57:45","guid":{"rendered":"https:\/\/www.naturparkmagazin.de\/nossentiner-schwinzer-heide\/?p=3709"},"modified":"2021-12-21T17:55:18","modified_gmt":"2021-12-21T16:55:18","slug":"naturpark-wanderung-zwischen-den-jahren-2021-muss-leider-ausfallen","status":"publish","type":"post","link":"https:\/\/www.naturparkmagazin.de\/nossentiner-schwinzer-heide\/naturpark-wanderung-zwischen-den-jahren-2021-muss-leider-ausfallen\/","title":{"rendered":"\u201eNaturpark-Wanderung zwischen den Jahren\u201c 2021 muss leider ausfallen"},"content":{"rendered":"<pre>Dezember 2021<\/pre>\n<p><strong>Karow\/Plau am See<\/strong>. Aufgrund der Corona-Beschr\u00e4nkungen muss die f\u00fcr den 29. Dezember 2021 geplante gef\u00fchrte Tour \u201eNaturpark-Wanderung zwischen den Jahren\u201c leider ausfallen. Auch das Naturparkzentrum Karower Meiler ist noch bis Ende Januar geschlossen. F\u00fcr individuelle Wanderungen an der frischen Luft hat der Naturpark Nossentiner\/Schwinzer Heide aber immer ge\u00f6ffnet. Unser Informationssystem \u201eInfoDirekt\u201c ist an vielen interessanten Punkten mit Infotafeln vor Ort, so dass man sich auch ohne professionelle F\u00fchrung orientieren und informieren kann.<\/p>\n<p>&nbsp;<\/p>\n","protected":false},"excerpt":{"rendered":"<p>Aufgrund der Corona-Beschr\u00e4nkungen muss die f\u00fcr den 29. Dezember 2021 geplante gef\u00fchrte Tour \u201eNaturpark-Wanderung zwischen den Jahren\u201c leider ausfallen. <\/p>\n","protected":false},"author":84,"featured_media":0,"comment_status":"open","ping_status":"open","sticky":false,"template":"","format":"standard","meta":[],"categories":[7],"tags":[],"yoast_head":"<!-- This site is optimized with the Yoast SEO plugin v19.10 - https:\/\/yoast.com\/wordpress\/plugins\/seo\/ -->\n<title>\u201eNaturpark-Wanderung zwischen den Jahren\u201c 2021 muss leider ausfallen - Naturpark Nossentiner\/Schwinzer Heide<\/title>\n<meta name=\"robots\" content=\"index, follow, max-snippet:-1, max-image-preview:large, max-video-preview:-1\" \/>\n<link rel=\"canonical\" href=\"https:\/\/www.naturparkmagazin.de\/nossentiner-schwinzer-heide\/naturpark-wanderung-zwischen-den-jahren-2021-muss-leider-ausfallen\/\" \/>\n<meta property=\"og:locale\" content=\"de_DE\" \/>\n<meta property=\"og:type\" content=\"article\" \/>\n<meta property=\"og:title\" content=\"\u201eNaturpark-Wanderung zwischen den Jahren\u201c 2021 muss leider ausfallen - Naturpark Nossentiner\/Schwinzer Heide\" \/>\n<meta property=\"og:description\" content=\"Aufgrund der Corona-Beschr\u00e4nkungen muss die f\u00fcr den 29. Dezember 2021 geplante gef\u00fchrte Tour \u201eNaturpark-Wanderung zwischen den Jahren\u201c leider ausfallen.\" \/>\n<meta property=\"og:url\" content=\"https:\/\/www.naturparkmagazin.de\/nossentiner-schwinzer-heide\/naturpark-wanderung-zwischen-den-jahren-2021-muss-leider-ausfallen\/\" \/>\n<meta property=\"og:site_name\" content=\"Naturpark Nossentiner\/Schwinzer Heide\" \/>\n<meta property=\"article:published_time\" content=\"2021-12-20T16:57:45+00:00\" \/>\n<meta property=\"article:modified_time\" content=\"2021-12-21T16:55:18+00:00\" \/>\n<meta name=\"author\" content=\"evelinkartheuser\" \/>\n<meta name=\"twitter:label1\" content=\"Verfasst von\" \/>\n\t<meta name=\"twitter:data1\" content=\"evelinkartheuser\" \/>\n<script type=\"application\/ld+json\" class=\"yoast-schema-graph\">{\"@context\":\"https:\/\/schema.org\",\"@graph\":[{\"@type\":\"WebPage\",\"@id\":\"https:\/\/www.naturparkmagazin.de\/nossentiner-schwinzer-heide\/naturpark-wanderung-zwischen-den-jahren-2021-muss-leider-ausfallen\/\",\"url\":\"https:\/\/www.naturparkmagazin.de\/nossentiner-schwinzer-heide\/naturpark-wanderung-zwischen-den-jahren-2021-muss-leider-ausfallen\/\",\"name\":\"\u201eNaturpark-Wanderung zwischen den Jahren\u201c 2021 muss leider ausfallen - Naturpark Nossentiner\/Schwinzer Heide\",\"isPartOf\":{\"@id\":\"https:\/\/www.naturparkmagazin.de\/nossentiner-schwinzer-heide\/#website\"},\"datePublished\":\"2021-12-20T16:57:45+00:00\",\"dateModified\":\"2021-12-21T16:55:18+00:00\",\"author\":{\"@id\":\"https:\/\/www.naturparkmagazin.de\/nossentiner-schwinzer-heide\/#\/schema\/person\/6e5721221b13b6f827e696f29ff18008\"},\"breadcrumb\":{\"@id\":\"https:\/\/www.naturparkmagazin.de\/nossentiner-schwinzer-heide\/naturpark-wanderung-zwischen-den-jahren-2021-muss-leider-ausfallen\/#breadcrumb\"},\"inLanguage\":\"de\",\"potentialAction\":[{\"@type\":\"ReadAction\",\"target\":[\"https:\/\/www.naturparkmagazin.de\/nossentiner-schwinzer-heide\/naturpark-wanderung-zwischen-den-jahren-2021-muss-leider-ausfallen\/\"]}]},{\"@type\":\"BreadcrumbList\",\"@id\":\"https:\/\/www.naturparkmagazin.de\/nossentiner-schwinzer-heide\/naturpark-wanderung-zwischen-den-jahren-2021-muss-leider-ausfallen\/#breadcrumb\",\"itemListElement\":[{\"@type\":\"ListItem\",\"position\":1,\"name\":\"Home\",\"item\":\"https:\/\/www.naturparkmagazin.de\/nossentiner-schwinzer-heide\/\"},{\"@type\":\"ListItem\",\"position\":2,\"name\":\"\u201eNaturpark-Wanderung zwischen den Jahren\u201c 2021 muss leider ausfallen\"}]},{\"@type\":\"WebSite\",\"@id\":\"https:\/\/www.naturparkmagazin.de\/nossentiner-schwinzer-heide\/#website\",\"url\":\"https:\/\/www.naturparkmagazin.de\/nossentiner-schwinzer-heide\/\",\"name\":\"Naturpark Nossentiner\/Schwinzer Heide\",\"description\":\"\",\"potentialAction\":[{\"@type\":\"SearchAction\",\"target\":{\"@type\":\"EntryPoint\",\"urlTemplate\":\"https:\/\/www.naturparkmagazin.de\/nossentiner-schwinzer-heide\/?s={search_term_string}\"},\"query-input\":\"required name=search_term_string\"}],\"inLanguage\":\"de\"},{\"@type\":\"Person\",\"@id\":\"https:\/\/www.naturparkmagazin.de\/nossentiner-schwinzer-heide\/#\/schema\/person\/6e5721221b13b6f827e696f29ff18008\",\"name\":\"evelinkartheuser\",\"url\":\"https:\/\/www.naturparkmagazin.de\/nossentiner-schwinzer-heide\/author\/evelinkartheuser\/\"}]}<\/script>\n<!-- \/ Yoast SEO plugin. -->","yoast_head_json":{"title":"\u201eNaturpark-Wanderung zwischen den Jahren\u201c 2021 muss leider ausfallen - Naturpark Nossentiner\/Schwinzer Heide","robots":{"index":"index","follow":"follow","max-snippet":"max-snippet:-1","max-image-preview":"max-image-preview:large","max-video-preview":"max-video-preview:-1"},"canonical":"https:\/\/www.naturparkmagazin.de\/nossentiner-schwinzer-heide\/naturpark-wanderung-zwischen-den-jahren-2021-muss-leider-ausfallen\/","og_locale":"de_DE","og_type":"article","og_title":"\u201eNaturpark-Wanderung zwischen den Jahren\u201c 2021 muss leider ausfallen - Naturpark Nossentiner\/Schwinzer Heide","og_description":"Aufgrund der Corona-Beschr\u00e4nkungen muss die f\u00fcr den 29. Dezember 2021 geplante gef\u00fchrte Tour \u201eNaturpark-Wanderung zwischen den Jahren\u201c leider ausfallen.","og_url":"https:\/\/www.naturparkmagazin.de\/nossentiner-schwinzer-heide\/naturpark-wanderung-zwischen-den-jahren-2021-muss-leider-ausfallen\/","og_site_name":"Naturpark Nossentiner\/Schwinzer Heide","article_published_time":"2021-12-20T16:57:45+00:00","article_modified_time":"2021-12-21T16:55:18+00:00","author":"evelinkartheuser","twitter_misc":{"Verfasst von":"evelinkartheuser"},"schema":{"@context":"https:\/\/schema.org","@graph":[{"@type":"WebPage","@id":"https:\/\/www.naturparkmagazin.de\/nossentiner-schwinzer-heide\/naturpark-wanderung-zwischen-den-jahren-2021-muss-leider-ausfallen\/","url":"https:\/\/www.naturparkmagazin.de\/nossentiner-schwinzer-heide\/naturpark-wanderung-zwischen-den-jahren-2021-muss-leider-ausfallen\/","name":"\u201eNaturpark-Wanderung zwischen den Jahren\u201c 2021 muss leider ausfallen - Naturpark Nossentiner\/Schwinzer Heide","isPartOf":{"@id":"https:\/\/www.naturparkmagazin.de\/nossentiner-schwinzer-heide\/#website"},"datePublished":"2021-12-20T16:57:45+00:00","dateModified":"2021-12-21T16:55:18+00:00","author":{"@id":"https:\/\/www.naturparkmagazin.de\/nossentiner-schwinzer-heide\/#\/schema\/person\/6e5721221b13b6f827e696f29ff18008"},"breadcrumb":{"@id":"https:\/\/www.naturparkmagazin.de\/nossentiner-schwinzer-heide\/naturpark-wanderung-zwischen-den-jahren-2021-muss-leider-ausfallen\/#breadcrumb"},"inLanguage":"de","potentialAction":[{"@type":"ReadAction","target":["https:\/\/www.naturparkmagazin.de\/nossentiner-schwinzer-heide\/naturpark-wanderung-zwischen-den-jahren-2021-muss-leider-ausfallen\/"]}]},{"@type":"BreadcrumbList","@id":"https:\/\/www.naturparkmagazin.de\/nossentiner-schwinzer-heide\/naturpark-wanderung-zwischen-den-jahren-2021-muss-leider-ausfallen\/#breadcrumb","itemListElement":[{"@type":"ListItem","position":1,"name":"Home","item":"https:\/\/www.naturparkmagazin.de\/nossentiner-schwinzer-heide\/"},{"@type":"ListItem","position":2,"name":"\u201eNaturpark-Wanderung zwischen den Jahren\u201c 2021 muss leider ausfallen"}]},{"@type":"WebSite","@id":"https:\/\/www.naturparkmagazin.de\/nossentiner-schwinzer-heide\/#website","url":"https:\/\/www.naturparkmagazin.de\/nossentiner-schwinzer-heide\/","name":"Naturpark Nossentiner\/Schwinzer Heide","description":"","potentialAction":[{"@type":"SearchAction","target":{"@type":"EntryPoint","urlTemplate":"https:\/\/www.naturparkmagazin.de\/nossentiner-schwinzer-heide\/?s={search_term_string}"},"query-input":"required name=search_term_string"}],"inLanguage":"de"},{"@type":"Person","@id":"https:\/\/www.naturparkmagazin.de\/nossentiner-schwinzer-heide\/#\/schema\/person\/6e5721221b13b6f827e696f29ff18008","name":"evelinkartheuser","url":"https:\/\/www.naturparkmagazin.de\/nossentiner-schwinzer-heide\/author\/evelinkartheuser\/"}]}},"_links":{"self":[{"href":"https:\/\/www.naturparkmagazin.de\/nossentiner-schwinzer-heide\/wp-json\/wp\/v2\/posts\/3709"}],"collection":[{"href":"https:\/\/www.naturparkmagazin.de\/nossentiner-schwinzer-heide\/wp-json\/wp\/v2\/posts"}],"about":[{"href":"https:\/\/www.naturparkmagazin.de\/nossentiner-schwinzer-heide\/wp-json\/wp\/v2\/types\/post"}],"author":[{"embeddable":true,"href":"https:\/\/www.naturparkmagazin.de\/nossentiner-schwinzer-heide\/wp-json\/wp\/v2\/users\/84"}],"replies":[{"embeddable":true,"href":"https:\/\/www.naturparkmagazin.de\/nossentiner-schwinzer-heide\/wp-json\/wp\/v2\/comments?post=3709"}],"version-history":[{"count":3,"href":"https:\/\/www.naturparkmagazin.de\/nossentiner-schwinzer-heide\/wp-json\/wp\/v2\/posts\/3709\/revisions"}],"predecessor-version":[{"id":3810,"href":"https:\/\/www.naturparkmagazin.de\/nossentiner-schwinzer-heide\/wp-json\/wp\/v2\/posts\/3709\/revisions\/3810"}],"wp:attachment":[{"href":"https:\/\/www.naturparkmagazin.de\/nossentiner-schwinzer-heide\/wp-json\/wp\/v2\/media?parent=3709"}],"wp:term":[{"taxonomy":"category","embeddable":true,"href":"https:\/\/www.naturparkmagazin.de\/nossentiner-schwinzer-heide\/wp-json\/wp\/v2\/categories?post=3709"},{"taxonomy":"post_tag","embeddable":true,"href":"https:\/\/www.naturparkmagazin.de\/nossentiner-schwinzer-heide\/wp-json\/wp\/v2\/tags?post=3709"}],"curies":[{"name":"wp","href":"https:\/\/api.w.org\/{rel}","templated":true}]}}