{"id":3811,"date":"2021-12-21T19:22:02","date_gmt":"2021-12-21T18:22:02","guid":{"rendered":"https:\/\/www.naturparkmagazin.de\/nossentiner-schwinzer-heide\/?p=3811"},"modified":"2022-01-25T05:48:58","modified_gmt":"2022-01-25T04:48:58","slug":"veranstaltungen-2022-im-naturpark-nossentinerschwinzer-heide","status":"publish","type":"post","link":"https:\/\/www.naturparkmagazin.de\/nossentiner-schwinzer-heide\/veranstaltungen-2022-im-naturpark-nossentinerschwinzer-heide\/","title":{"rendered":"Veranstaltungen 2022 im Naturpark Nossentiner\/Schwinzer Heide"},"content":{"rendered":"<pre>Stand: 21.01.2022\r\n<span style=\"color: #ff0000\"><strong>Achtung: Leider muss die Veranstaltung am 15.2.2022 (Schietwetter-Wanderung) leider ausfallen. Wir bitten um Ihr Verst\u00e4ndnis.<\/strong><\/span><\/pre>\n<table width=\"749\">\n<tbody>\n<tr>\n<td width=\"149\"><strong>Datum \/\n<\/strong><strong>Tag \/\n<\/strong><strong>Uhrzeit<\/strong><\/td>\n<td width=\"600\"><strong>Titel \/\n<\/strong><strong>Kurzbeschreibung\/\n<\/strong><strong><em>Treffpunkt, Referent<\/em><\/strong><\/td>\n<\/tr>\n<tr>\n<td width=\"149\">08.<strong> Januar \/ <\/strong>Sa. 9.00 \u2013 11.00 Uhr<\/td>\n<td width=\"600\"><strong>Flederm\u00e4use im Winterquartier <\/strong>Exkursion, eigener Pkw erforderlich<strong><em>Plau am See, OT Karow, Karower Meiler; <\/em><\/strong><strong><em>Ralf Koch\n<\/em><\/strong><\/td>\n<\/tr>\n<tr>\n<td width=\"149\">08.<strong> Februar \/ <\/strong>Di. 9.30 &#8211; 18.00 Uhr<\/td>\n<td width=\"600\"><strong>Kinderwildnis-Wanderung \u201eAuf Spurensuche\u201c \/ <\/strong>Abenteuer-Tag f\u00fcr Kinder ab 8 J., 35 \u20ac p. Kind, Anm. bis 23.01. per Tel. 0174\/ 6806964,<a href=\"http:\/\/www.christina-blohm.de\/\">www.christina-blohm.de<\/a> \/<strong><em>Neu Poserin OT WoosterTeerofen, Parkplatz am Dorfende;\nWildnisp\u00e4gagogin Christina Blohm<\/em><\/strong><\/td>\n<\/tr>\n<tr>\n<td width=\"149\">15.<strong> Februar<\/strong> \/ Di. 10.00 &#8211; 12.00 Uhr<\/td>\n<td width=\"600\"><strong>\u201eSchietwetter\u201c-Wanderung <\/strong>Wanderung durch das Mildenitz-Durchbruchstal (ca. 5 km) \/ <strong><em>Parkplatz Alte M\u00fchle Kl\u00e4den; Naturpark-Ranger<\/em><\/strong><\/td>\n<\/tr>\n<tr>\n<td width=\"149\">04.<strong> M\u00e4rz \/ <\/strong>Fr. 14.00 &#8211; 17.00 Uhr<\/td>\n<td width=\"600\"><strong>Grundlagen der Obstgeh\u00f6lzpflege: Pflanzung, Jungbaumerziehung, Altbaumpflege \/ <\/strong>Anm. per E-Mail bis 1.3. an: info-nsh@lung.mv-regierung.de; 10 \u20ac p.P. \/ <strong><em>Plau am See, OT Karow, Karower Meiler; Edgar Bartel<\/em><\/strong><\/td>\n<\/tr>\n<tr>\n<td width=\"149\">26. <strong>M\u00e4rz<\/strong> \/ Sa. 13.00-18.00 Uhr<\/td>\n<td width=\"600\"><strong>Exkursion (13-16 Uhr) und Vortrag (17 Uhr) im Anschluss an die Mitgliederversammlung des F\u00f6rdervereins<\/strong><strong>\u00a0<\/strong><\/td>\n<\/tr>\n<tr>\n<td width=\"149\">30.<strong> M\u00e4rz \/ <\/strong>Mi. 18.30 Uhr<\/td>\n<td width=\"600\"><strong>Vortrag \u201eNestw\u00e4rme. Was wir von V\u00f6geln lernen k\u00f6nnen&#8220; <\/strong><strong>von Dr. Ernst-Paul D\u00f6rfler \/ <\/strong><strong><em>Waren (M\u00fcritz), M\u00fcritzeum<\/em><\/strong><\/td>\n<\/tr>\n<tr>\n<td width=\"149\">31.<strong> M\u00e4rz \/ <\/strong>Do. 18.30 Uhr<\/td>\n<td width=\"600\"><strong>Vortrag \u201eAufs Land: Wege aus Klimakrise, Monokultur und Konsumzwang&#8220; <\/strong><strong>von Dr. Ernst-Paul D\u00f6rfler \/ <\/strong><strong><em>Plau am See, OT Karow, Karower Meiler<\/em><\/strong><strong><em>\u00a0<\/em><\/strong><\/td>\n<\/tr>\n<tr>\n<td width=\"149\">02.<strong> April \/ <\/strong>Sa. 9.30-13.00 Uhr<\/td>\n<td width=\"600\"><strong>Workshop Obstbaumveredelung \/ <\/strong>Anmeldung per E-Mail bis 28.3.: info-nsh@lung.mv-regierung.de; 30 \u20ac p.P.<strong><em>Plau am See, OT Karow, Karower Meiler; Edgar Bartel, Evelin Kartheuser<\/em><\/strong><\/td>\n<\/tr>\n<tr>\n<td width=\"149\">05.<strong> April \/ <\/strong>Di. 8.00 &#8211; 10.00 Uhr<\/td>\n<td width=\"600\"><strong>Fr\u00fchling im Naturschutzgebiet Nordufer Plauer See\u00a0 <\/strong>Vogelbeobachtungen mit fachkundiger Erl\u00e4uterung\u00a0 \/ <strong><em>Alt Schwerin, OT Glash\u00fctte, Aussichtsturm Moorochse; Naturpark-Ranger<\/em><\/strong><\/td>\n<\/tr>\n<tr>\n<td width=\"149\">25.<strong> April \/ <\/strong>Mo. 10.00 &#8211; 13.00 Uhr<\/td>\n<td width=\"600\"><strong>Tag des Baumes<\/strong>Exkursion zu Baumriesen des Naturparkseigener Pkw erforderlich!<strong><em>Plau am See, OT Karow, Karower Meiler; Ralf Koch<\/em><\/strong><\/td>\n<\/tr>\n<tr>\n<td width=\"149\">26.<strong> April \/ <\/strong>Di.8.00 &#8211; 9.30 Uhr<\/td>\n<td width=\"600\"><strong>Ornithologische Schifffahrt\u00a0 <\/strong>Anmeldung per E-Mail an: <a href=\"mailto:ms-condor@dobbertin.de\">mscondor@dobbertin.de<\/a> oder per SMS an 0172\/3029315 (15 \u20ac p.P.)<strong><em>Dobbertin, Hafen; H.-J. M\u00fcller (ZNL)<\/em><\/strong><\/td>\n<\/tr>\n<tr>\n<td width=\"149\">03.<strong> Mai \/ <\/strong>Di. 10.00 &#8211; 15.00 Uhr<\/td>\n<td width=\"600\"><strong>Unterwegs im Land der Adler und Kraniche\u00a0 <\/strong>Radtour durch den Naturpark (40 km)<strong><em>Damerow, Parkplatz Wisent Gehege; Naturpark-Ranger<\/em><\/strong><\/td>\n<\/tr>\n<tr>\n<td width=\"149\">10. <strong>Mai \/ <\/strong>Di. 8.00 &#8211; 9.30 Uhr<\/td>\n<td width=\"600\"><strong>Ornithologische Schifffahrt\u00a0 <\/strong>Anmeldung per E-Mail an: <a href=\"mailto:ms-condor@dobbertin.de\">mscondor@dobbertin.de<\/a> oder per SMS an 0172\/3029315 (15 \u20ac p.P.) \/ <strong><em>Dobbertin, Hafen; H.-J. M\u00fcller (ZNL)<\/em><\/strong><\/td>\n<\/tr>\n<tr>\n<td width=\"149\">15. <strong>Mai \/ <\/strong>So. 10.00 \u201316.00 Uhr<\/td>\n<td width=\"600\"><strong>Museumsfest im Natur-Museum Goldberg, <\/strong><strong><em>19399 Goldberg, M\u00fcllerweg 2<\/em><\/strong><\/td>\n<\/tr>\n<tr>\n<td width=\"149\">17.<strong> Mai \/ <\/strong>Di. 8.00 &#8211; 10.00 Uhr<\/td>\n<td width=\"600\"><strong>Fr\u00fchling im Naturschutzgebiet Krakower Obersee \/ <\/strong>Vogelbeobachtungen mit fachkundiger Erl\u00e4uterung\/ <strong><em>Krakow am See, OT Glave, Aussichtsturm Seeadler; Naturpark-Ranger<\/em><\/strong><\/td>\n<\/tr>\n<tr>\n<td width=\"149\">24. <strong>Mai \/ <\/strong>Di. 10.00 \u2013 15.00 Uhr<\/td>\n<td width=\"600\"><strong>Tag der Parke: Radtour um den Krakower Obersee. \/ <\/strong>Radtour mit Vogelbeobachtungen (26 km) \/ <strong><em>Krakow am See, Alte Synagoge; Naturpark-Ranger<\/em><\/strong><\/td>\n<\/tr>\n<tr>\n<td width=\"149\">02. <strong>Juni \/ <\/strong>Do 11.00 \u2013 12.00<\/td>\n<td width=\"600\"><strong>Flo\u00df- und Reusentour mit Besichtigung der Fischerei Alt Schwerin \/<\/strong>ca. 1 h, Preise: 8 \u20ac p.P, Ki. 4 \u20ac, Ki. bis 6 J. gratis. \u00a0Anm. Tel.<strong> 039932 \/ 49905, <\/strong><a href=\"http:\/\/www.fischerei-alt-schwerin.de\">www.fischerei-alt-schwerin.de<\/a><strong><em> \/ 17214 Alt-Schwerin, Wendorf 4<\/em><\/strong><\/td>\n<\/tr>\n<tr>\n<td width=\"149\">10.-12. <strong>Juni \/ <\/strong>Fr 17.00 Uhr bisSo 13.00 Uhr<\/td>\n<td width=\"600\"><strong>Waldzeit intensiv &#8211; Festival f\u00fcr die Sinne. <\/strong>Ein Wochenende Kraft tanken im Wald mit Forstwissenschaftlerin Eva Klinke und Waldtherapeut Micheal Brosemann. Infos und Anmeldung unter <a href=\"http:\/\/sinnesfestival.de\">sinnesfestival.de<\/a> \/ <strong><em>Neu Poserin OT WoosterTeerofen, Naturschutzstation, K\u00f6hlerweg 12<\/em><\/strong><\/td>\n<\/tr>\n<tr>\n<td width=\"149\">14. <strong>Juni \/ <\/strong>Di. 8.00 &#8211; 9.30 Uhr<\/td>\n<td width=\"600\"><strong>Ornithologische Schifffahrt \/ <\/strong>Anmeldung per E-Mail an: <a href=\"mailto:ms-condor@dobbertin.de\">mscondor@dobbertin.de<\/a> oder per SMS an 0172\/3029315 (15 \u20ac p.P.) \/ <strong><em>Dobbertin, Hafen; H.-J. M\u00fcller (ZNL)<\/em><\/strong><\/td>\n<\/tr>\n<tr>\n<td width=\"149\">14.<strong> Juni \/ <\/strong>Di. 13.00 &#8211; 16.00 Uhr<\/td>\n<td width=\"600\"><strong>Gro\u00dfe Steine, Sand und See \/ <\/strong>Wanderung am Drewitzer See (6 km) \/ <strong><em>Sparow, Parkplatz am See; Naturpark-Ranger<\/em><\/strong><\/td>\n<\/tr>\n<tr>\n<td width=\"149\">21.<strong> Juni \/ <\/strong>Di. 8.00 &#8211; 10.00 Uhr<\/td>\n<td width=\"600\"><strong>Sommeranfang im Naturschutzgebiet Nordufer Plauer See \/ <\/strong>Vogelbeobachtungen mit fachkundiger Erl\u00e4uterung \/ <strong><em>Alt Schwerin, OT Glash\u00fctte, Aussichtsturm Moorochse; Naturpark-Ranger<\/em><\/strong><\/td>\n<\/tr>\n<tr>\n<td width=\"149\">25. <strong>Juni \/ <\/strong>Sa. 10.00 &#8211; 17.00 Uhr<\/td>\n<td width=\"600\"><strong>Steinzeit-Kinderfest im Naturpark Nossentiner\/Schwinzer Heide\u00a0\u00a0 <\/strong>rund um den Karower Meiler \/ <strong><em>Plau am See, OT Karow, Karower Meiler<\/em><\/strong><\/td>\n<\/tr>\n<tr>\n<td width=\"149\">28.<strong> Juni \/ <\/strong>Di. 10.00 &#8211; 13.00 Uhr<\/td>\n<td width=\"600\"><strong>Im Revier des Fischadlers.\u00a0 <\/strong>Wanderung um den Malkwitzer See (7 km) \/ <strong><em>Malkwitz, Parkplatz am Ortsanfang; Naturpark-Ranger<\/em><\/strong><\/td>\n<\/tr>\n<tr>\n<td width=\"149\">05.<strong> Juli \/ <\/strong>Di. 10.00 Uhr<\/td>\n<td width=\"600\"><strong>Seeadlerstunde \/ <\/strong><strong>Anm.<\/strong> (bis 1 Tag vorher) unter 038738 \/ 73900 oder per E-Mail: <a href=\"mailto:info-nsh@lung.mv-regierung.de\">info-nsh@lung.mv-regierung.de<\/a>, eigener Pkw erforderlich! \/ <strong><em>Plau am See, OT Karow, Karower Meiler; Naturpark-Ranger<\/em><\/strong><\/td>\n<\/tr>\n<tr>\n<td width=\"149\">07. <strong>Juli \/ <\/strong>Do 11.00 \u2013 12.00<\/td>\n<td width=\"600\"><strong>Flo\u00df- und Reusentour mit Besichtigung der Fischerei Alt Schwerin \/ <\/strong>ca. 1 h, Preise: 8 \u20ac p.P, Ki. 4 \u20ac, Ki. bis 6 J. gratis. \u00a0Anm. Tel.<strong> 039932 \/ 49905, <\/strong>www.fischerei-alt-schwerin.de \/ <strong><em>17214 Alt-Schwerin, Wendorf 4<\/em><\/strong><\/td>\n<\/tr>\n<tr>\n<td width=\"149\">11.-13. <strong>Juli<\/strong><\/td>\n<td width=\"600\"><strong>3 Tage Kinderwildnis-Wanderung <\/strong>Abenteuer-Tag f\u00fcr Kinder ab 8 Jahre. 3 Tage unterwegs sein, alles mittragen, was wir brauchen, Pausen an wundersch\u00f6nen Orten machen, Geschichten h\u00f6ren, Spiele spielen, abends kochen und unter freiem Himmel schlafen. 120 \u20ac p. Kind, Anm. bis 25.6. per Tel. 0174\/ 6806964, <a href=\"http:\/\/www.christina-blohm.de\/\">www.christina-blohm.de<\/a> \/ <strong><em>Neu Poserin OT WoosterTeerofen, Parkplatz am Dorfende; Wildnisp\u00e4gagogin Christina Blohm<\/em><\/strong><\/td>\n<\/tr>\n<tr>\n<td width=\"149\">12.<strong> Juli \/ <\/strong>Di. 10.00 &#8211; 13.00 Uhr<\/td>\n<td width=\"600\"><strong>Im Revier des Fischadlers \/ <\/strong>Wanderung um den Malkwitzer See (7 km) \/ <strong><em>Malkwitz, Parkplatz am Ortsanfang; Naturpark-Ranger<\/em><\/strong><\/td>\n<\/tr>\n<tr>\n<td width=\"149\">19. <strong>Juli \/<\/strong>Di. 8.00 &#8211; 9.30 Uhr<\/td>\n<td width=\"600\"><strong>Ornithologische Schifffahrt.\u00a0 <\/strong>Anmeldung per E-Mail an: <a href=\"mailto:ms-condor@dobbertin.de\">mscondor@dobbertin.de<\/a> oder per SMS an 0172\/3029315 (15 \u20ac p.P.) \/ <strong><em>Dobbertin, Hafen; H.-J. M\u00fcller (ZNL)<\/em><\/strong><\/td>\n<\/tr>\n<tr>\n<td width=\"149\">19.<strong> Juli \/ <\/strong>Di. 10.00 &#8211; 15.00 Uhr<\/td>\n<td width=\"600\"><strong>Glash\u00fcttentour <\/strong>\u2013 Auf den Spuren eines alten Handwerks. \/ Radtour zu ehemaligen Glash\u00fcttenstandorten (40 km) \/ <strong><em>Plau am See, OT Karow, Karower Meiler; Naturpark-Ranger<\/em><\/strong><\/td>\n<\/tr>\n<tr>\n<td width=\"149\">26.<strong> Juli \/ <\/strong>Di. 8.00 &#8211; 10.00 Uhr<\/td>\n<td width=\"600\"><strong>Sommer im Naturschutzgebiet Krakower Obersee \/ <\/strong>Vogelbeobachtungen mit fachkundiger Erl\u00e4uterung \/ <strong><em>Krakow am See, OT Glave, Aussichtsturm Seeadler; Naturpark-Ranger<\/em><\/strong><\/td>\n<\/tr>\n<tr>\n<td width=\"149\">28.<strong> Juli \/ <\/strong>Do. 10.00 &#8211; 14.00 Uhr<\/td>\n<td width=\"600\"><strong>Mildenitz-Kanu-Wanderung <\/strong>bis Borkow (8 km) inkl. Boot, Guide &amp; R\u00fccktransfer, 29 \u20ac p.P. (Kinder 15 \u20ac), <strong>Anm.<\/strong> (bis 1 Tag vorher) unter Tel. 0170 \/ 554 3553 \/ <strong><em>Kl\u00e4den, Alte M\u00fchle, WANDERER-Aktivtour<\/em><\/strong><\/td>\n<\/tr>\n<tr>\n<td width=\"149\">02.<strong> August \/ <\/strong>Di 10.00 Uhr<\/td>\n<td width=\"600\"><strong>Seeadlerstunde \/ <\/strong><strong>Anm. <\/strong>(bis 1 Tag vorher) unter 038738 \/ 73900 oder per E-Mail an: <a href=\"mailto:info-nsh@lung.mv-regierung.de\">info-nsh@lung.mv-regierung.de<\/a>, eigener Pkw erforderlich! \/ <strong><em>Plau am See, OT Karow, Karower Meiler; Naturpark-Ranger<\/em><\/strong><\/td>\n<\/tr>\n<tr>\n<td width=\"149\">09.<strong> August \/ <\/strong>Di. 10.00 &#8211; 13.00 Uhr<\/td>\n<td width=\"600\"><strong>Rad-Rundtour um den Drewitzer See \/ <\/strong>Moorochse, Wippsteert und andere Kuriosit\u00e4ten(ca. 24 km)<strong><em>Sparow, Parkplatz am Drewitzer See; Naturpark-Ranger<\/em><\/strong><\/td>\n<\/tr>\n<tr>\n<td width=\"149\">11. <strong>August \/ <\/strong>Do 11.00 \u2013 12.00<\/td>\n<td width=\"600\"><strong>Flo\u00df- und Reusentour mit Besichtigung der Fischerei Alt Schwerin \/ <\/strong>ca. 1 h, Preise: 8 \u20ac p.P, Ki. 4 \u20ac, Ki. bis 6 J. gratis. \u00a0Anm. Tel.<strong> 039932 \/ 49905, <\/strong>www.fischerei-alt-schwerin.de \/ <strong><em>17214 Alt-Schwerin, Wendorf 4<\/em><\/strong><\/td>\n<\/tr>\n<tr>\n<td width=\"149\">12.<strong> August \/ <\/strong>Fr. 21.00 Uhr<\/td>\n<td width=\"600\"><strong>Vollmondpirsch, <\/strong>auf leisen Sohlen gehen, horchen, beobachten von Sonnenuntergang bis in die Nacht; 2-8 Teilnehmer*innen, bitte Taschenlampe mitbringen, 10 \u20ac p.P., Anmeldung per E-Mail an: <a href=\"mailto:gina-koenig@gmx.net\">gina-koenig@gmx.net<\/a><strong><em> \/ 19399 Neu Poserin OT WoosterTeerofen, Parkplatz am Dorfende<\/em><\/strong><\/td>\n<\/tr>\n<tr>\n<td width=\"149\">16. <strong>August \/ <\/strong>Di. 8.00 &#8211; 9.30 Uhr<\/td>\n<td width=\"600\"><strong>Ornithologische Schifffahrt \/ <\/strong>Anmeldung per E-Mail an: <a href=\"mailto:ms-condor@dobbertin.de\">mscondor@dobbertin.de<\/a> oder per SMS an 0172\/3029315 (15 \u20ac p.P.) \/ <strong><em>Dobbertin, Hafen; H.-J. M\u00fcller (ZNL)<\/em><\/strong><\/td>\n<\/tr>\n<tr>\n<td width=\"149\">16.<strong> August \/ <\/strong>Di.10.00 Uhr<\/td>\n<td width=\"600\"><strong>Seeadlerstunde \/ <\/strong><strong>Anm. <\/strong>(bis 1 Tag vorher) unter 038738 \/ 73900 oder per E-Mail an: <a href=\"mailto:info-nsh@lung.mv-regierung.de\">info-nsh@lung.mv-regierung.de<\/a>, eigener Pkw erforderlich! \/ <strong><em>Plau am See, OT Karow, Karower Meiler; Naturpark-Ranger<\/em><\/strong><\/td>\n<\/tr>\n<tr>\n<td width=\"149\">16.<strong> August \/ <\/strong>Di. 20.30- 23.00 Uhr<\/td>\n<td width=\"600\"><strong>Sternschnuppen-Nacht <\/strong>Beobachtungen mit fachkundiger F\u00fchrung, 7 \u20ac p.P. (Kinder 3 \u20ac) \/ <strong><em>Goldberg, Sternenbeobachtungsplatz \/ Aussichtsturm Hellberg<\/em><\/strong><\/td>\n<\/tr>\n<tr>\n<td width=\"149\">23.<strong> August \/ <\/strong>Di. 8.00 &#8211; 10.00 Uhr<\/td>\n<td width=\"600\"><strong>Sommer im Naturschutzgebiet Nordufer Plauer See \/ <\/strong>Vogelbeobachtungen mit fachkundiger Erl\u00e4uterung \/ <strong><em>Alt Schwerin, OT Glash\u00fctte, Aussichtsturm Moorochse; Naturpark-Ranger<\/em><\/strong><\/td>\n<\/tr>\n<tr>\n<td width=\"149\">25.<strong> August \/ <\/strong>Do 10.00 &#8211; 14.00 Uhrca. 8 km<\/td>\n<td width=\"600\"><strong>Mildenitz-Kanu-Wanderung <\/strong>bis Borkow (8 km) inkl. Boot, Guide &amp; R\u00fccktransfer, 29 \u20ac p.P. (Kinder 15 \u20ac), <strong>Anm.<\/strong> (bis 1 Tag vorher) unter Tel. 0170 \/ 554 3553 \/ <strong><em>Kl\u00e4den, Alte M\u00fchle, WANDERER-Aktivtour<\/em><\/strong><\/td>\n<\/tr>\n<tr>\n<td width=\"149\">26.<strong> August \/ <\/strong>Fr. 18.00 &#8211; 22.00 Uhr<\/td>\n<td width=\"600\"><strong>Internationale Fledermausnacht \/ <\/strong>19 Uhr Vortrag und Exkursion, Basteln mit Kindern ab 18 Uhr \/ <strong><em>Krakow, Alte Synagoge; Naturpark-Ranger, Ralf Koch<\/em><\/strong><\/td>\n<\/tr>\n<tr>\n<td width=\"149\">30.<strong> August \/ <\/strong>Di. 13.00 &#8211; 15.00 Uhr<\/td>\n<td width=\"600\"><strong>Besenginster, Calluna und fleischfressende Pflanzen \/ <\/strong>Wanderung um den Langhagen-See (5 km)<strong><em>Wooster Teerofen, Parkplatz am Dorfende; Naturpark-Ranger<\/em><\/strong><\/td>\n<\/tr>\n<tr>\n<td width=\"149\">06.<strong> September \/ <\/strong>Di. 8.00 &#8211; 10.00 Uhr<\/td>\n<td width=\"600\"><strong>Sommer im Naturschutzgebiet Krakower Obersee \/ <\/strong>Vogelbeobachtungen mit fachkundiger Erl\u00e4uterung\u00a0 \/ <strong><em>Krakow am See, OT Glave, Aussichtsturm Seeadler; Naturpark-Ranger<\/em><\/strong><\/td>\n<\/tr>\n<tr>\n<td width=\"149\">08. <strong>September \/ <\/strong>Do 11.00 \u2013 12.00<\/td>\n<td width=\"600\"><strong>Flo\u00df- und Reusentour mit Besichtigung der Fischerei Alt Schwerin \/ <\/strong>ca. 1 h, Preise: 8 \u20ac p.P, Ki. 4 \u20ac, Ki. bis 6 J. gratis. \u00a0Anm. Tel.<strong> 039932 \/ 49905, <\/strong>www.fischerei-alt-schwerin.de \/ <strong><em>17214 Alt-Schwerin, Wendorf 4<\/em><\/strong><\/td>\n<\/tr>\n<tr>\n<td width=\"149\">11.<strong> September \/ <\/strong>So. 10.00 \u201316.00 Uhr<\/td>\n<td width=\"600\"><strong>Tag des offenen Denkmals im Natur-Museum Goldberg \/ <\/strong><strong><em>19399 Goldberg, M\u00fcllerweg 2<\/em><\/strong><\/td>\n<\/tr>\n<tr>\n<td width=\"149\">13.<strong> September \/ <\/strong>Di. 8.00 &#8211; 10.00 Uhr<\/td>\n<td width=\"600\"><strong>Herbst im Naturschutzgebiet Nordufer Plauer See \/ <\/strong>Vogelbeobachtungen mit fachkundiger Erl\u00e4uterung \/ <strong><em>Alt Schwerin, OT Glash\u00fctte, Aussichtsturm Moorochse; Naturpark-Ranger<\/em><\/strong><\/td>\n<\/tr>\n<tr>\n<td width=\"149\">14.<strong> September \/ <\/strong>Mi. 17.00-21.00 Uhr<strong>\u00a0<\/strong><\/td>\n<td width=\"600\"><strong>\u201eKranichland Mecklenburg-Vorpommern\u201c <\/strong>Vortrag von Dr. Wolfgang Mewes mit anschlie\u00dfender Exkursion zum Kranichschlafplatz (eigener Pkw erforderlich) \/ <strong><em>Plau am See, OT Karow, Karower Meiler<\/em><\/strong><\/td>\n<\/tr>\n<tr>\n<td width=\"149\">16.<strong> September \/ <\/strong>Fr. 17.00 &#8211; 20.00 Uhr<strong>\u00a0<\/strong><\/td>\n<td width=\"600\"><strong>Freitagabend-Wanderung <\/strong>um den Langhagensee (3h, 5 km, max. 8 Pers.)Anmeldung per E-Mail an:\u00a0<a href=\"mailto:gina-koenig@gmx.net\">gina-koenig@gmx.net<\/a><strong><em> \/ Wooster Teerofen, Parkplatz am Dorfende; Gina K\u00f6nig (ZNL)<\/em><\/strong><\/td>\n<\/tr>\n<tr>\n<td width=\"149\">18.<strong> September \/ <\/strong>So. 10.00 &#8211; 12.00 Uhr<\/td>\n<td width=\"600\"><strong>Tag des Geotops im Malchower Kreidebezirk: Kalkgrube Nossentin<\/strong> \/ F\u00fchrung mit fachkundiger Erl\u00e4uterung \/ <strong><em>Nossentin, Parkplatz am Gutshaus; Ralf Koch, Evelin Kartheuser<\/em><\/strong><\/td>\n<\/tr>\n<tr>\n<td width=\"149\">20.<strong>September \/ <\/strong>Di. 8.00 &#8211; 9.30 Uhr<\/td>\n<td width=\"600\"><strong>Ornithologische Schifffahrt \/ <\/strong>Anmeldung per E-Mail an: <a href=\"mailto:ms-condor@dobbertin.de\">mscondor@dobbertin.de<\/a> oder per SMS an 0172\/3029315 (15 \u20ac p.P.) \/ <strong><em>Dobbertin, Hafen; H.-J. M\u00fcller (ZNL)<\/em><\/strong><\/td>\n<\/tr>\n<tr>\n<td width=\"149\">23.<strong> September \/ <\/strong>Fr. 6.00 Uhr<strong>\u00a0<\/strong><\/td>\n<td width=\"600\"><strong>Hirschbrunft im Gro\u00dfen Serrahn \/ <\/strong>Beobachtungen und Lauschen vom Aussichtsturm (Fernglas mitbringen, max. 10 P., keine Hunde), Anm. per E-Mail an: <a href=\"mailto:gina-koenig@gmx.net\">gina-koenig@gmx.net<\/a> \/ <strong><em>Sandhof, Parkplatz am Beobachtungsturm \u201eRothirsch\u201c; Gina K\u00f6nig (ZNL)<\/em><\/strong><\/td>\n<\/tr>\n<tr>\n<td width=\"149\">24.<strong> September \/ <\/strong>Sa. 10.00 &#8211; 16.00 Uhr<\/td>\n<td width=\"600\"><strong>Herbstfest rund um den Karower Meiler <\/strong>mit Feldbrand eines Ziegelmeilers, Pilzwanderung ab 9 Uhr \/ <strong><em>Plau am See, OT Karow, Karower Meiler<\/em><\/strong><\/td>\n<\/tr>\n<tr>\n<td width=\"149\">25.<strong> September \/ <\/strong>So\u00a0 18.00 Uhr<strong>\u00a0<\/strong><\/td>\n<td width=\"600\"><strong>Hirschbrunft im Gro\u00dfen Serrahn \/ <\/strong>Beobachtungen und Lauschen vom Aussichtsturm (Fernglas mitbringen, max. 10 P., keine Hunde), Anm. per E-Mail an: <a href=\"mailto:gina-koenig@gmx.net\">gina-koenig@gmx.net<\/a> \/ <strong><em>Sandhof, Parkplatz am Beobachtungsturm \u201eRothirsch\u201c; Gina K\u00f6nig (ZNL)<\/em><\/strong><\/td>\n<\/tr>\n<tr>\n<td width=\"149\">19.<strong> Oktober \/ <\/strong>Mi. 18.30 Uhr<\/td>\n<td width=\"600\"><strong>Vortrag \u201eDas Naturschutzgebiet Marienflie\u00df<\/strong>: Vom Truppen\u00fcbungsplatz zum Schutzgebiet europ\u00e4ischen Ranges\u201c <strong>von Udo Steinh\u00e4user \/ <\/strong><strong><em>Plau am See, OT Karow, Karower Meiler<\/em><\/strong><\/td>\n<\/tr>\n<tr>\n<td width=\"149\">25.<strong> Oktober<\/strong> \/ Di. 10.00 &#8211; 13.00 Uhr<\/td>\n<td width=\"600\"><strong>Was vom Jahr bleibt \/ <\/strong>Wanderung um den Malkwitzer See (6 km) \/ <strong><em>Malkwitz, Parkplatzam Ortsanfang; Naturpark-Ranger<\/em><\/strong><\/td>\n<\/tr>\n<tr>\n<td width=\"149\">04.<strong> November \/ <\/strong>Fr. 19.00 Uhr<\/td>\n<td width=\"600\"><strong>Mondnacht im Naturpark: Mond und Jupiter treffen sich \/ <\/strong>Vortrag und Beobachtungen (findet nur bei gutem Wetter statt) \/ <strong><em>Plau am See, OT Karow, Karower Meiler<\/em><\/strong><\/td>\n<\/tr>\n<tr>\n<td width=\"149\">16.<strong> November \/ <\/strong>Mi. 18.30 Uhr<\/td>\n<td width=\"600\"><strong>Vortrag \u201eSlawische Burganlagen in unserer Region\u201c <\/strong><strong>von Dr. Fred Ruchh\u00f6ft \/ <\/strong><strong><em>Plau am See, OT Karow, Karower Meiler<\/em><\/strong><\/td>\n<\/tr>\n<tr>\n<td width=\"149\">29.<strong> Dezember \/ <\/strong>Do 10.00 &#8211; 13.30 Uhr<\/td>\n<td width=\"600\"><strong>Naturpark-Wanderung zwischen den Jahren \/ <\/strong>Ziel wird kurzfristig festgelegt \/ <strong><em>Plau am See, OT Karow, Karower Meiler; Kerstin Breuer<\/em><\/strong><\/td>\n<\/tr>\n<\/tbody>\n<\/table>\n<p>&nbsp;<\/p>\n<h2>Fledermaus-Touren auf dem Fledermaus-Lehrpfad Bossow<\/h2>\n<p><a href=\"https:\/\/www.naturparkmagazin.de\/nossentiner-schwinzer-heide\/wp-content\/uploads\/sites\/28\/Fledermaus_Icon_Copyright_Kartheuser_s.jpg\"><img decoding=\"async\" loading=\"lazy\" class=\"  wp-image-3818 alignleft\" src=\"https:\/\/www.naturparkmagazin.de\/nossentiner-schwinzer-heide\/wp-content\/uploads\/sites\/28\/Fledermaus_Icon_Copyright_Kartheuser_s.jpg\" alt=\"Fledermaus_Icon_Copyright_Kartheuser_s\" width=\"277\" height=\"105\" srcset=\"https:\/\/www.naturparkmagazin.de\/nossentiner-schwinzer-heide\/wp-content\/uploads\/sites\/28\/Fledermaus_Icon_Copyright_Kartheuser_s.jpg 530w, https:\/\/www.naturparkmagazin.de\/nossentiner-schwinzer-heide\/wp-content\/uploads\/sites\/28\/Fledermaus_Icon_Copyright_Kartheuser_s-300x114.jpg 300w, https:\/\/www.naturparkmagazin.de\/nossentiner-schwinzer-heide\/wp-content\/uploads\/sites\/28\/Fledermaus_Icon_Copyright_Kartheuser_s-200x76.jpg 200w\" sizes=\"(max-width: 277px) 100vw, 277px\" \/><\/a>An 12 Stationen das Leben und das Verhalten der Flederm\u00e4use kennenlernen. Immer freitags mit unseren Zertifizierten Natur- und Landschaftsf\u00fchrern (ZNL). Beginn 10 Uhr, Dauer ca. 2 Std., ab 3 Personen, 15 \u20ac p.P. oder Gruppenpreis 120 \u20ac, Anmeldung bis 3 Tage vorher. Weitere Termine auf Anfrage.<\/p>\n<p>Bossow, an der Stra\u00dfe nach Schwinz, ca. 400 m nach Bahn\u00fcbergang links<\/p>\n<p>Termine:<\/p>\n<ul>\n<li>06. Mai\nAndreas Breuer, Tel. 0171 \/ 8095261<\/li>\n<li>20. Mai\nAndreas Breuer, Tel. 0171 \/ 8095261<\/li>\n<li>03. Juni\nAndreas Breuer, Tel. 0171 \/ 8095261<\/li>\n<li>17. Juni\nAndreas Breuer, Tel. 0171 \/ 8095261<\/li>\n<li>01. Juli\nAndreas Breuer, Tel. 0171 \/ 8095261<\/li>\n<li>15. Juli\nAndreas Breuer, Tel. 0171 \/ 8095261<\/li>\n<li>29. Juli\nAndreas Breuer, Tel. 0171 \/ 8095261<\/li>\n<li>12. August\nGina K\u00f6nig, gina-koenig@gmx.net<\/li>\n<li>26. August\nAndreas Breuer, Tel. 0171 \/ 8095261<\/li>\n<li>09. September\nAndreas Breuer, Tel. 0171 \/ 8095261<\/li>\n<li>16. September\nGina K\u00f6nig, gina-koenig@gmx.net<\/li>\n<li>23. September\nAndreas Breuer, Tel. 0171 \/ 8095261<\/li>\n<li>07. Oktober\nAndreas Breuer, Tel. 0171 \/ 8095261<\/li>\n<li>21. Oktober\nAndreas Breuer, Tel. 0171 \/ 8095261<\/li>\n<\/ul>\n<p>&nbsp;<\/p>\n<h2>Weitere F\u00fchrungsangebote<\/h2>\n<h3>Radtour durch den Naturpark<\/h3>\n<p>Tourenwahl je nach Wetter und Gruppenzusammensetzung. Mind. 8 Teilnehmer, pro Pers. 14,00 \u20ac, Anmeldung erforderlich bis 3 Tage vorher unter info@natuerlich-bauen.de oder Tel. 0171 \/ 8095261. Treffpunkt Karower Meiler.<\/p>\n<p>Andreas Breuer, Zertifizierter Natur- und Landschaftsf\u00fchrer<\/p>\n<p>Termine: immer Montag 10-15 Uhr an folgenden Tagen:<\/p>\n<p>2. Mai\n27. Juni\n08. August\n19. September\n16. Mai\n11. Juli\n22. August\n03. Oktober\n30. Mai\n25. Juli\n05. September\n17. Oktober\n13. Juni<\/p>\n<h3>Natur wahrnehmen und genie\u00dfen<\/h3>\n<p>Ganzj\u00e4hrig nach Vereinbarung montags, dienstags oder freitags: Wanderungen, Fahrrad- oder Autotouren zu Besonderheiten im Naturpark. Auf gef\u00fchrtem Rundkurs, der Ihren W\u00fcnschen zeitlich angepasst ist, entdecken Sie Sch\u00f6nheiten unserer unber\u00fchrt anmutenden Natur mit vielen Informationen. Mit etwas Gl\u00fcck k\u00f6nnen Sie Tiere, wie z.B. Seeadler oder Kraniche in ihrer nat\u00fcrlichen Umgebung beobachten und genie\u00dfen. Anmeldung erforderlich bis 3 Tage vorher unter Tel. 0171 \/ 8095261. Mind. 3 Teilnehmer*innen, 15 \u20ac p.P., ab 10 Uhr, mind. 3 Std., Treffpunkt: Karower Meiler.<\/p>\n<p>Andreas Breuer, Zertifizierter Natur- und Landschaftsf\u00fchrer<\/p>\n<p>&nbsp;<\/p>\n<p>&nbsp;<\/p>\n<p>&nbsp;<\/p>\n<h3>\u201eDer Baumgarten der Nonnen\u201c\u2013 Wanderung durch den Engelschen Garten des Klosters Malchow<\/h3>\n<p>Pflanzenwuchs und Geschichte des Ortes. Ganzj\u00e4hrig nach Vereinbarung: Termine nach Absprache per Email an SabineSchoebel@gmx.de<\/p>\n<p>Malchow, Kloster am Malchower See<\/p>\n<p>Sabine Sch\u00f6bel, Zertifizierte Natur- und Landschaftsf\u00fchrerin<\/p>\n<p>&nbsp;<\/p>\n<p>&nbsp;<\/p>\n<h3>Naturcoaching \u2013 Wegbegleitung<\/h3>\n<p>in der Mecklenburgischen Seenplatte und im Naturpark Nossentiner\/Schwinzer Heide<\/p>\n<p>Hilfe bei der Verarbeitung von emotionalen oder seelischen Prozessen, Kl\u00e4rung und Begleitung in Krisen oder Visionssuche mit Gespr\u00e4ch und Naturaufgaben. Es ist auch eine Begleitung \u00fcber mehrere Tage m\u00f6glich. Mit systemischer Prozessbegleiterin und Wildnisp\u00e4dagogin Christina Blohm. Auf Anfrage: 0174 \/ 6806964, www.christina-blohm.de<\/p>\n<p>&nbsp;<\/p>\n<h3>Familienwildnistag<\/h3>\n<p>Zusammen mit der Familie einen spannenden Tag in der Wildnis erleben, Spuren suchen, Feuer ohne Streichh\u00f6lzer und Feuerzeug machen, Schalen brennen, am Feuer kochen, anschleichen, Wildkr\u00e4uter sammeln und Geschichten lauschen mit Wildnisp\u00e4gagogin Christina Blohm. In der Mecklenburgischen Seenplatte und im Naturpark Nossentiner\/Schwinzer Heide, vorzugsweise in Satow H\u00fctte.<\/p>\n<p>Auf Anfrage: 0174\/ 6806964, www.christina-blohm.de<\/p>\n<p>&nbsp;<\/p>\n<p>&nbsp;<\/p>\n<h2>Informationen zum Naturpark<\/h2>\n<p>Landesamt f\u00fcr Umwelt, Naturschutz und Geologie Mecklenburg-Vorpommern<\/p>\n<h5>Naturpark Nossentiner\/Schwinzer Heide<\/h5>\n<p>Ziegenhorn 1<\/p>\n<p>19395 Plau am See, OT Karow<\/p>\n<p>Tel. 038738 \/ 7390-0, Fax 038738\/7390-21<\/p>\n<p>info-nsh@lung.mv-regierung.de<\/p>\n<p>Der F\u00f6rderverein ist unter der gleichen Anschrift und Telefonnummer erreichbar.<\/p>\n<p>&nbsp;<\/p>\n<p>www.naturpark-nossentiner-schwinzer-heide.de<\/p>\n<p>Naturparkmagazin: www.naturparkmagazin.de\/nossentiner-schwinzer-heide<\/p>\n<p>&nbsp;<\/p>\n<p>&nbsp;<\/p>\n<h3>Kultur- und Informationszentrum Karower Meiler<\/h3>\n<p>Tel. 038738\/7390-20<\/p>\n<p>\u00d6ffnungszeiten:<\/p>\n<p>Mai bis September: t\u00e4glich 10.00- 17.00 Uhr<\/p>\n<p>April: t\u00e4glich 10.00- 16.00 Uhr<\/p>\n<p>Februar, M\u00e4rz, Oktober und November: Mo &#8211; Fr 10.00- 16.00 Uhr<\/p>\n<p>Januar und Dezember geschlossen, f\u00fcr Gruppen nach Vereinbarung<\/p>\n<p>&nbsp;<\/p>\n<p>&nbsp;<\/p>\n<p>&nbsp;<\/p>\n<h2>Sonderausstellungen im Karower Meiler<\/h2>\n<ul>\n<li>Feb &#8211; M\u00e4rz: \u00a0\u00a0 \u00a0\u00a0\u00a0\u00a0\u00a0\u00a0\u00a0\u00a0\u00a0\u00a0\u00a0 \u00a0\u00a0\u00a0\u00a0\u00a0\u00a0\u00a0\u00a0\u00a0\u00a0\u00a0\u00a0\u00a0\u00a0\u00a0\u00a0\u00a0\u00a0\u00a0\u00a0\u00a0\u00a0\u00a0 \u201eDer kaukasische Hangm\u00fcmmler \u2013 Fake News oder Wahrheit\u201c<\/li>\n<li>April: \u00a0\u00a0\u00a0\u00a0\u00a0\u00a0\u00a0\u00a0\u00a0\u00a0\u00a0\u00a0 \u00a0\u00a0\u00a0\u00a0\u00a0\u00a0\u00a0\u00a0\u00a0\u00a0\u00a0\u00a0\u00a0\u00a0\u00a0\u00a0\u00a0\u00a0\u00a0\u00a0\u00a0\u00a0\u00a0\u00a0\u00a0\u00a0\u00a0\u00a0\u00a0\u00a0\u00a0\u00a0\u00a0\u00a0 Erlebnisreich Bienenstra\u00dfe on Tour \u2013 Ein Bienenjahr<\/li>\n<li>Anfang Mai &#8211; Mitte Juni:\u00a0\u00a0\u00a0\u00a0\u00a0\u00a0\u00a0\u00a0\u00a0\u00a0\u00a0\u00a0\u00a0\u00a0 Wildlife-Aquarelle von Hanka und Frank Koebsch (Sanitz)<\/li>\n<li>Ende Juni &#8211; Ende August:\u00a0\u00a0\u00a0\u00a0\u00a0\u00a0\u00a0\u00a0\u00a0\u00a0\u00a0\u00a0 Flechtwerke von Ralf Eggert, Charlotte Sell und \u00a0Wolf Schr\u00f6ter<\/li>\n<li>Ende Juni &#8211; Ende August:\u00a0\u00a0\u00a0\u00a0\u00a0\u00a0\u00a0\u00a0\u00a0\u00a0\u00a0\u00a0 Astro- und Sternenfotografie im Naturpark Nossentiner\/Schwinzer Heide<\/li>\n<li>Anfang September \u2013 Ende Okt.:\u00a0 \u201eWeite W\u00e4lder \u2013 stille Seen\u201c Foto-Ausstellung der Fotogruppe Monika Lawrenz<\/li>\n<li>November-Februar.: \u00a0\u00a0\u00a0\u00a0\u00a0\u00a0\u00a0\u00a0\u00a0 \u00a0\u00a0\u00a0\u00a0\u00a0\u00a0\u00a0\u00a0\u00a0\u00a0\u00a0 Foto-Ausstellung Landschaftsentwicklung im Naturpark Nossentiner\/Schwinzer Heide<\/li>\n<\/ul>\n<p>&nbsp;<\/p>\n<h3><\/h3>\n<h2>Angebote f\u00fcr Gruppen<\/h2>\n<p>Zus\u00e4tzlich zu den o.g. Angeboten besteht f\u00fcr Gruppen die M\u00f6glichkeit, F\u00fchrungen im Gel\u00e4nde oder im Kultur- und Informationszentrum Karower Meiler bzw. auch Vortr\u00e4ge zu verschiedenen Themen zu buchen.<\/p>\n<p>&nbsp;<\/p>\n<p>&nbsp;<\/p>\n<h2>Informationen und Buchung von \u00dcbernachtungen<\/h2>\n<p>Natur-Museum und Touristinformation Goldberg, 19399 Goldberg\nM\u00fcllerweg 2, Tel. 038736 40443<\/p>\n<p>Touristeninformation Krakow am See, 18292 Krakow am See\nMarkt 21, Tel. 038457\/22258<\/p>\n<p>Touristinformation G\u00fcstrow, 18273 G\u00fcstrow\nFranz-Parr-Platz 10, Tel. 03843\/681023<\/p>\n<p>Touristinformation Inselstadt Malchow, 17213 Malchow\nKirchstra\u00dfe 11, Tel. 039932\/83186<\/p>\n<p>Tourist Info Plau am See, 19395 Plau am See\n\u201eHaus des Gastes\u201c, Burgplatz 2, Tel. 038735\/ 45678<\/p>\n<p>Touristinformation Waren\/ M\u00fcritz, 17192 Waren\/M\u00fcritz\n\u201eHaus des Gastes\u201c, Neuer Markt 21, Tel. 03991\/ 747790<\/p>\n<p>Touristinformation R\u00f6bel\/ M\u00fcritz, 17207 R\u00f6bel\/M\u00fcritz\n\u201eHaus des Gastes\u201c, Str. der Deutschen Einheit 7, Tel. 039931\/80-113\/-114<\/p>\n<p>Touristinformation G\u00f6hren-Lebbin, 17213 G\u00f6hren-Lebbin<\/p>\n<p>Marktplatz 3, Tel.039932\/ 82186<\/p>\n<p>&nbsp;<\/p>\n<p>&nbsp;<\/p>\n<p>&nbsp;<\/p>\n<p>&nbsp;<\/p>\n","protected":false},"excerpt":{"rendered":"<p>Alle Veranstaltungen auf einen Blick<\/p>\n","protected":false},"author":84,"featured_media":3816,"comment_status":"open","ping_status":"open","sticky":false,"template":"","format":"standard","meta":[],"categories":[11],"tags":[],"yoast_head":"<!-- This site is optimized with the Yoast SEO plugin v19.10 - https:\/\/yoast.com\/wordpress\/plugins\/seo\/ -->\n<title>Veranstaltungen 2022 im Naturpark Nossentiner\/Schwinzer Heide - Naturpark Nossentiner\/Schwinzer Heide<\/title>\n<meta name=\"robots\" content=\"index, follow, max-snippet:-1, max-image-preview:large, max-video-preview:-1\" \/>\n<link rel=\"canonical\" href=\"https:\/\/www.naturparkmagazin.de\/nossentiner-schwinzer-heide\/veranstaltungen-2022-im-naturpark-nossentinerschwinzer-heide\/\" \/>\n<meta property=\"og:locale\" content=\"de_DE\" \/>\n<meta property=\"og:type\" content=\"article\" \/>\n<meta property=\"og:title\" content=\"Veranstaltungen 2022 im Naturpark Nossentiner\/Schwinzer Heide - Naturpark Nossentiner\/Schwinzer Heide\" \/>\n<meta property=\"og:description\" content=\"Alle Veranstaltungen auf einen Blick\" \/>\n<meta property=\"og:url\" content=\"https:\/\/www.naturparkmagazin.de\/nossentiner-schwinzer-heide\/veranstaltungen-2022-im-naturpark-nossentinerschwinzer-heide\/\" \/>\n<meta property=\"og:site_name\" content=\"Naturpark Nossentiner\/Schwinzer Heide\" \/>\n<meta property=\"article:published_time\" content=\"2021-12-21T18:22:02+00:00\" \/>\n<meta property=\"article:modified_time\" content=\"2022-01-25T04:48:58+00:00\" \/>\n<meta property=\"og:image\" content=\"https:\/\/www.naturparkmagazin.de\/nossentiner-schwinzer-heide\/wp-content\/uploads\/sites\/28\/IMG_20211113_1325591.jpg\" \/>\n\t<meta property=\"og:image:width\" content=\"1000\" \/>\n\t<meta property=\"og:image:height\" content=\"461\" \/>\n\t<meta property=\"og:image:type\" content=\"image\/jpeg\" \/>\n<meta name=\"author\" content=\"evelinkartheuser\" \/>\n<meta name=\"twitter:label1\" content=\"Verfasst von\" \/>\n\t<meta name=\"twitter:data1\" content=\"evelinkartheuser\" \/>\n\t<meta name=\"twitter:label2\" content=\"Gesch\u00e4tzte Lesezeit\" \/>\n\t<meta name=\"twitter:data2\" content=\"11\u00a0Minuten\" \/>\n<script type=\"application\/ld+json\" class=\"yoast-schema-graph\">{\"@context\":\"https:\/\/schema.org\",\"@graph\":[{\"@type\":\"WebPage\",\"@id\":\"https:\/\/www.naturparkmagazin.de\/nossentiner-schwinzer-heide\/veranstaltungen-2022-im-naturpark-nossentinerschwinzer-heide\/\",\"url\":\"https:\/\/www.naturparkmagazin.de\/nossentiner-schwinzer-heide\/veranstaltungen-2022-im-naturpark-nossentinerschwinzer-heide\/\",\"name\":\"Veranstaltungen 2022 im Naturpark Nossentiner\/Schwinzer Heide - Naturpark Nossentiner\/Schwinzer Heide\",\"isPartOf\":{\"@id\":\"https:\/\/www.naturparkmagazin.de\/nossentiner-schwinzer-heide\/#website\"},\"datePublished\":\"2021-12-21T18:22:02+00:00\",\"dateModified\":\"2022-01-25T04:48:58+00:00\",\"author\":{\"@id\":\"https:\/\/www.naturparkmagazin.de\/nossentiner-schwinzer-heide\/#\/schema\/person\/6e5721221b13b6f827e696f29ff18008\"},\"breadcrumb\":{\"@id\":\"https:\/\/www.naturparkmagazin.de\/nossentiner-schwinzer-heide\/veranstaltungen-2022-im-naturpark-nossentinerschwinzer-heide\/#breadcrumb\"},\"inLanguage\":\"de\",\"potentialAction\":[{\"@type\":\"ReadAction\",\"target\":[\"https:\/\/www.naturparkmagazin.de\/nossentiner-schwinzer-heide\/veranstaltungen-2022-im-naturpark-nossentinerschwinzer-heide\/\"]}]},{\"@type\":\"BreadcrumbList\",\"@id\":\"https:\/\/www.naturparkmagazin.de\/nossentiner-schwinzer-heide\/veranstaltungen-2022-im-naturpark-nossentinerschwinzer-heide\/#breadcrumb\",\"itemListElement\":[{\"@type\":\"ListItem\",\"position\":1,\"name\":\"Home\",\"item\":\"https:\/\/www.naturparkmagazin.de\/nossentiner-schwinzer-heide\/\"},{\"@type\":\"ListItem\",\"position\":2,\"name\":\"Veranstaltungen 2022 im Naturpark Nossentiner\/Schwinzer Heide\"}]},{\"@type\":\"WebSite\",\"@id\":\"https:\/\/www.naturparkmagazin.de\/nossentiner-schwinzer-heide\/#website\",\"url\":\"https:\/\/www.naturparkmagazin.de\/nossentiner-schwinzer-heide\/\",\"name\":\"Naturpark Nossentiner\/Schwinzer Heide\",\"description\":\"\",\"potentialAction\":[{\"@type\":\"SearchAction\",\"target\":{\"@type\":\"EntryPoint\",\"urlTemplate\":\"https:\/\/www.naturparkmagazin.de\/nossentiner-schwinzer-heide\/?s={search_term_string}\"},\"query-input\":\"required name=search_term_string\"}],\"inLanguage\":\"de\"},{\"@type\":\"Person\",\"@id\":\"https:\/\/www.naturparkmagazin.de\/nossentiner-schwinzer-heide\/#\/schema\/person\/6e5721221b13b6f827e696f29ff18008\",\"name\":\"evelinkartheuser\",\"url\":\"https:\/\/www.naturparkmagazin.de\/nossentiner-schwinzer-heide\/author\/evelinkartheuser\/\"}]}<\/script>\n<!-- \/ Yoast SEO plugin. -->","yoast_head_json":{"title":"Veranstaltungen 2022 im Naturpark Nossentiner\/Schwinzer Heide - Naturpark Nossentiner\/Schwinzer Heide","robots":{"index":"index","follow":"follow","max-snippet":"max-snippet:-1","max-image-preview":"max-image-preview:large","max-video-preview":"max-video-preview:-1"},"canonical":"https:\/\/www.naturparkmagazin.de\/nossentiner-schwinzer-heide\/veranstaltungen-2022-im-naturpark-nossentinerschwinzer-heide\/","og_locale":"de_DE","og_type":"article","og_title":"Veranstaltungen 2022 im Naturpark Nossentiner\/Schwinzer Heide - Naturpark Nossentiner\/Schwinzer Heide","og_description":"Alle Veranstaltungen auf einen Blick","og_url":"https:\/\/www.naturparkmagazin.de\/nossentiner-schwinzer-heide\/veranstaltungen-2022-im-naturpark-nossentinerschwinzer-heide\/","og_site_name":"Naturpark Nossentiner\/Schwinzer Heide","article_published_time":"2021-12-21T18:22:02+00:00","article_modified_time":"2022-01-25T04:48:58+00:00","og_image":[{"width":1000,"height":461,"url":"https:\/\/www.naturparkmagazin.de\/nossentiner-schwinzer-heide\/wp-content\/uploads\/sites\/28\/IMG_20211113_1325591.jpg","type":"image\/jpeg"}],"author":"evelinkartheuser","twitter_misc":{"Verfasst von":"evelinkartheuser","Gesch\u00e4tzte Lesezeit":"11\u00a0Minuten"},"schema":{"@context":"https:\/\/schema.org","@graph":[{"@type":"WebPage","@id":"https:\/\/www.naturparkmagazin.de\/nossentiner-schwinzer-heide\/veranstaltungen-2022-im-naturpark-nossentinerschwinzer-heide\/","url":"https:\/\/www.naturparkmagazin.de\/nossentiner-schwinzer-heide\/veranstaltungen-2022-im-naturpark-nossentinerschwinzer-heide\/","name":"Veranstaltungen 2022 im Naturpark Nossentiner\/Schwinzer Heide - Naturpark Nossentiner\/Schwinzer Heide","isPartOf":{"@id":"https:\/\/www.naturparkmagazin.de\/nossentiner-schwinzer-heide\/#website"},"datePublished":"2021-12-21T18:22:02+00:00","dateModified":"2022-01-25T04:48:58+00:00","author":{"@id":"https:\/\/www.naturparkmagazin.de\/nossentiner-schwinzer-heide\/#\/schema\/person\/6e5721221b13b6f827e696f29ff18008"},"breadcrumb":{"@id":"https:\/\/www.naturparkmagazin.de\/nossentiner-schwinzer-heide\/veranstaltungen-2022-im-naturpark-nossentinerschwinzer-heide\/#breadcrumb"},"inLanguage":"de","potentialAction":[{"@type":"ReadAction","target":["https:\/\/www.naturparkmagazin.de\/nossentiner-schwinzer-heide\/veranstaltungen-2022-im-naturpark-nossentinerschwinzer-heide\/"]}]},{"@type":"BreadcrumbList","@id":"https:\/\/www.naturparkmagazin.de\/nossentiner-schwinzer-heide\/veranstaltungen-2022-im-naturpark-nossentinerschwinzer-heide\/#breadcrumb","itemListElement":[{"@type":"ListItem","position":1,"name":"Home","item":"https:\/\/www.naturparkmagazin.de\/nossentiner-schwinzer-heide\/"},{"@type":"ListItem","position":2,"name":"Veranstaltungen 2022 im Naturpark Nossentiner\/Schwinzer Heide"}]},{"@type":"WebSite","@id":"https:\/\/www.naturparkmagazin.de\/nossentiner-schwinzer-heide\/#website","url":"https:\/\/www.naturparkmagazin.de\/nossentiner-schwinzer-heide\/","name":"Naturpark Nossentiner\/Schwinzer Heide","description":"","potentialAction":[{"@type":"SearchAction","target":{"@type":"EntryPoint","urlTemplate":"https:\/\/www.naturparkmagazin.de\/nossentiner-schwinzer-heide\/?s={search_term_string}"},"query-input":"required name=search_term_string"}],"inLanguage":"de"},{"@type":"Person","@id":"https:\/\/www.naturparkmagazin.de\/nossentiner-schwinzer-heide\/#\/schema\/person\/6e5721221b13b6f827e696f29ff18008","name":"evelinkartheuser","url":"https:\/\/www.naturparkmagazin.de\/nossentiner-schwinzer-heide\/author\/evelinkartheuser\/"}]}},"_links":{"self":[{"href":"https:\/\/www.naturparkmagazin.de\/nossentiner-schwinzer-heide\/wp-json\/wp\/v2\/posts\/3811"}],"collection":[{"href":"https:\/\/www.naturparkmagazin.de\/nossentiner-schwinzer-heide\/wp-json\/wp\/v2\/posts"}],"about":[{"href":"https:\/\/www.naturparkmagazin.de\/nossentiner-schwinzer-heide\/wp-json\/wp\/v2\/types\/post"}],"author":[{"embeddable":true,"href":"https:\/\/www.naturparkmagazin.de\/nossentiner-schwinzer-heide\/wp-json\/wp\/v2\/users\/84"}],"replies":[{"embeddable":true,"href":"https:\/\/www.naturparkmagazin.de\/nossentiner-schwinzer-heide\/wp-json\/wp\/v2\/comments?post=3811"}],"version-history":[{"count":9,"href":"https:\/\/www.naturparkmagazin.de\/nossentiner-schwinzer-heide\/wp-json\/wp\/v2\/posts\/3811\/revisions"}],"predecessor-version":[{"id":3832,"href":"https:\/\/www.naturparkmagazin.de\/nossentiner-schwinzer-heide\/wp-json\/wp\/v2\/posts\/3811\/revisions\/3832"}],"wp:featuredmedia":[{"embeddable":true,"href":"https:\/\/www.naturparkmagazin.de\/nossentiner-schwinzer-heide\/wp-json\/wp\/v2\/media\/3816"}],"wp:attachment":[{"href":"https:\/\/www.naturparkmagazin.de\/nossentiner-schwinzer-heide\/wp-json\/wp\/v2\/media?parent=3811"}],"wp:term":[{"taxonomy":"category","embeddable":true,"href":"https:\/\/www.naturparkmagazin.de\/nossentiner-schwinzer-heide\/wp-json\/wp\/v2\/categories?post=3811"},{"taxonomy":"post_tag","embeddable":true,"href":"https:\/\/www.naturparkmagazin.de\/nossentiner-schwinzer-heide\/wp-json\/wp\/v2\/tags?post=3811"}],"curies":[{"name":"wp","href":"https:\/\/api.w.org\/{rel}","templated":true}]}}