{"id":3887,"date":"2022-02-19T08:32:21","date_gmt":"2022-02-19T07:32:21","guid":{"rendered":"https:\/\/www.naturparkmagazin.de\/nossentiner-schwinzer-heide\/?p=3887"},"modified":"2022-02-25T08:44:55","modified_gmt":"2022-02-25T07:44:55","slug":"auf-einem-guten-weg-landschaftspflege-fuer-artenschutz","status":"publish","type":"post","link":"https:\/\/www.naturparkmagazin.de\/nossentiner-schwinzer-heide\/auf-einem-guten-weg-landschaftspflege-fuer-artenschutz\/","title":{"rendered":"Auf einem guten Weg &#8211; Landschaftspflege f\u00fcr Artenschutz"},"content":{"rendered":"<p>M\u00e4rz 2022<\/p>\n<p><strong>Karow.<\/strong> Im Rahmen des Vorhabens \u201eEntwicklung von Arten des Florenschutzkonzeptes MV sowie von Pflanzenarten und Lebensraumtypen der Anh\u00e4nge I und II der FFH- Richtlinie im Naturpark und der Naturparkregion Nossentiner\/Schwinzer Heide\u201c konnten in den vergangenen Wochen auf den noch ausstehenden Fl\u00e4chen die Geh\u00f6lze entfernt werden. Wo dies bereits geschehen war, wurden Stubben gerodet, und auf ausgew\u00e4hlten Fl\u00e4chen erfolgte eine Wintermahd. Diese hat zum Ziel, organisches Material, welches als potentieller N\u00e4hrstofflieferant in Frage kommen w\u00fcrde, von den Fl\u00e4chen zu entfernen.<\/p>\n<div id=\"attachment_3888\" style=\"width: 311px\" class=\"wp-caption alignnone\"><a href=\"https:\/\/www.naturparkmagazin.de\/nossentiner-schwinzer-heide\/wp-content\/uploads\/sites\/28\/image0025.jpg\"><img aria-describedby=\"caption-attachment-3888\" decoding=\"async\" loading=\"lazy\" class=\"wp-image-3888 size-full\" src=\"https:\/\/www.naturparkmagazin.de\/nossentiner-schwinzer-heide\/wp-content\/uploads\/sites\/28\/image0025.jpg\" alt=\"image002\" width=\"301\" height=\"402\" srcset=\"https:\/\/www.naturparkmagazin.de\/nossentiner-schwinzer-heide\/wp-content\/uploads\/sites\/28\/image0025.jpg 301w, https:\/\/www.naturparkmagazin.de\/nossentiner-schwinzer-heide\/wp-content\/uploads\/sites\/28\/image0025-300x401.jpg 300w, https:\/\/www.naturparkmagazin.de\/nossentiner-schwinzer-heide\/wp-content\/uploads\/sites\/28\/image0025-135x180.jpg 135w, https:\/\/www.naturparkmagazin.de\/nossentiner-schwinzer-heide\/wp-content\/uploads\/sites\/28\/image0025-53x71.jpg 53w, https:\/\/www.naturparkmagazin.de\/nossentiner-schwinzer-heide\/wp-content\/uploads\/sites\/28\/image0025-200x267.jpg 200w\" sizes=\"(max-width: 301px) 100vw, 301px\" \/><\/a><p id=\"caption-attachment-3888\" class=\"wp-caption-text\">Das Foto erweckt nicht den Eindruck, als w\u00e4re der eingeschlagene Weg gut, dennoch verh\u00e4lt es sich genau so. (Foto: Naturpark)<\/p><\/div>\n<p>Die beauftragten Firmen mussten \u201eschwere\u201c Technik einsetzen, um im tiefen Boden der letzten Wochen arbeiten zu k\u00f6nnen. Dennoch ist \u201eschwer\u201c relativ, gibt es doch die Vorgabe, dass nur Technik mit nachweislich geringem Bodendruck gearbeitet werden darf. Der Anblick der bearbeiteten Fl\u00e4chen hat offensichtlich auch au\u00dfenstehende Beobachter beunruhigt. In mehreren \u00c4mtern kam es zu Meldungen \u00fcber gef\u00e4llte B\u00e4ume in Schutzgebieten oder Hinweise zu Arbeiten in diesen Arealen. F\u00fcr uns ein gutes Zeichen daf\u00fcr, dass sich Menschen f\u00fcr ihr Umfeld verantwortlich f\u00fchlen. Auf die Bilder des Sommers d\u00fcrfen wir gespannt sein.<\/p>\n<div id=\"attachment_3889\" style=\"width: 615px\" class=\"wp-caption alignnone\"><a href=\"https:\/\/www.naturparkmagazin.de\/nossentiner-schwinzer-heide\/wp-content\/uploads\/sites\/28\/image0044.jpg\"><img aria-describedby=\"caption-attachment-3889\" decoding=\"async\" loading=\"lazy\" class=\"wp-image-3889 size-full\" src=\"https:\/\/www.naturparkmagazin.de\/nossentiner-schwinzer-heide\/wp-content\/uploads\/sites\/28\/image0044.jpg\" alt=\"image004\" width=\"605\" height=\"454\" srcset=\"https:\/\/www.naturparkmagazin.de\/nossentiner-schwinzer-heide\/wp-content\/uploads\/sites\/28\/image0044.jpg 605w, https:\/\/www.naturparkmagazin.de\/nossentiner-schwinzer-heide\/wp-content\/uploads\/sites\/28\/image0044-300x225.jpg 300w, https:\/\/www.naturparkmagazin.de\/nossentiner-schwinzer-heide\/wp-content\/uploads\/sites\/28\/image0044-580x435.jpg 580w, https:\/\/www.naturparkmagazin.de\/nossentiner-schwinzer-heide\/wp-content\/uploads\/sites\/28\/image0044-420x315.jpg 420w, https:\/\/www.naturparkmagazin.de\/nossentiner-schwinzer-heide\/wp-content\/uploads\/sites\/28\/image0044-180x135.jpg 180w, https:\/\/www.naturparkmagazin.de\/nossentiner-schwinzer-heide\/wp-content\/uploads\/sites\/28\/image0044-95x71.jpg 95w, https:\/\/www.naturparkmagazin.de\/nossentiner-schwinzer-heide\/wp-content\/uploads\/sites\/28\/image0044-200x150.jpg 200w\" sizes=\"(max-width: 605px) 100vw, 605px\" \/><\/a><p id=\"caption-attachment-3889\" class=\"wp-caption-text\">Fl\u00e4che am Bornbruch, Krakow am See<\/p><\/div>\n<div id=\"attachment_3890\" style=\"width: 299px\" class=\"wp-caption alignnone\"><a href=\"https:\/\/www.naturparkmagazin.de\/nossentiner-schwinzer-heide\/wp-content\/uploads\/sites\/28\/image0065.jpg\"><img aria-describedby=\"caption-attachment-3890\" decoding=\"async\" loading=\"lazy\" class=\"wp-image-3890 size-full\" src=\"https:\/\/www.naturparkmagazin.de\/nossentiner-schwinzer-heide\/wp-content\/uploads\/sites\/28\/image0065.jpg\" alt=\"image006\" width=\"289\" height=\"385\" srcset=\"https:\/\/www.naturparkmagazin.de\/nossentiner-schwinzer-heide\/wp-content\/uploads\/sites\/28\/image0065.jpg 289w, https:\/\/www.naturparkmagazin.de\/nossentiner-schwinzer-heide\/wp-content\/uploads\/sites\/28\/image0065-135x180.jpg 135w, https:\/\/www.naturparkmagazin.de\/nossentiner-schwinzer-heide\/wp-content\/uploads\/sites\/28\/image0065-53x71.jpg 53w, https:\/\/www.naturparkmagazin.de\/nossentiner-schwinzer-heide\/wp-content\/uploads\/sites\/28\/image0065-200x266.jpg 200w\" sizes=\"(max-width: 289px) 100vw, 289px\" \/><\/a><p id=\"caption-attachment-3890\" class=\"wp-caption-text\">Auf dem Ortkrug, Alt Schwerin<\/p><\/div>\n<p>&nbsp;<\/p>\n","protected":false},"excerpt":{"rendered":"<p>Das Foto erweckt nicht den Eindruck, als w\u00e4re der eingeschlagene Weg gut, dennoch verh\u00e4lt es sich genau so<\/p>\n","protected":false},"author":84,"featured_media":3890,"comment_status":"open","ping_status":"open","sticky":false,"template":"","format":"standard","meta":[],"categories":[7],"tags":[1382],"yoast_head":"<!-- This site is optimized with the Yoast SEO plugin v19.10 - https:\/\/yoast.com\/wordpress\/plugins\/seo\/ -->\n<title>Auf einem guten Weg - Landschaftspflege f\u00fcr Artenschutz - Naturpark Nossentiner\/Schwinzer Heide<\/title>\n<meta name=\"robots\" content=\"index, follow, max-snippet:-1, max-image-preview:large, max-video-preview:-1\" \/>\n<link rel=\"canonical\" href=\"https:\/\/www.naturparkmagazin.de\/nossentiner-schwinzer-heide\/auf-einem-guten-weg-landschaftspflege-fuer-artenschutz\/\" \/>\n<meta property=\"og:locale\" content=\"de_DE\" \/>\n<meta property=\"og:type\" content=\"article\" \/>\n<meta property=\"og:title\" content=\"Auf einem guten Weg - Landschaftspflege f\u00fcr Artenschutz - Naturpark Nossentiner\/Schwinzer Heide\" \/>\n<meta property=\"og:description\" content=\"Das Foto erweckt nicht den Eindruck, als w\u00e4re der eingeschlagene Weg gut, dennoch verh\u00e4lt es sich genau so\" \/>\n<meta property=\"og:url\" content=\"https:\/\/www.naturparkmagazin.de\/nossentiner-schwinzer-heide\/auf-einem-guten-weg-landschaftspflege-fuer-artenschutz\/\" \/>\n<meta property=\"og:site_name\" content=\"Naturpark Nossentiner\/Schwinzer Heide\" \/>\n<meta property=\"article:published_time\" content=\"2022-02-19T07:32:21+00:00\" \/>\n<meta property=\"article:modified_time\" content=\"2022-02-25T07:44:55+00:00\" \/>\n<meta property=\"og:image\" content=\"https:\/\/www.naturparkmagazin.de\/nossentiner-schwinzer-heide\/wp-content\/uploads\/sites\/28\/image0065.jpg\" \/>\n\t<meta property=\"og:image:width\" content=\"289\" \/>\n\t<meta property=\"og:image:height\" content=\"385\" \/>\n\t<meta property=\"og:image:type\" content=\"image\/jpeg\" \/>\n<meta name=\"author\" content=\"evelinkartheuser\" \/>\n<meta name=\"twitter:label1\" content=\"Verfasst von\" \/>\n\t<meta name=\"twitter:data1\" content=\"evelinkartheuser\" \/>\n\t<meta name=\"twitter:label2\" content=\"Gesch\u00e4tzte Lesezeit\" \/>\n\t<meta name=\"twitter:data2\" content=\"1\u00a0Minute\" \/>\n<script type=\"application\/ld+json\" class=\"yoast-schema-graph\">{\"@context\":\"https:\/\/schema.org\",\"@graph\":[{\"@type\":\"WebPage\",\"@id\":\"https:\/\/www.naturparkmagazin.de\/nossentiner-schwinzer-heide\/auf-einem-guten-weg-landschaftspflege-fuer-artenschutz\/\",\"url\":\"https:\/\/www.naturparkmagazin.de\/nossentiner-schwinzer-heide\/auf-einem-guten-weg-landschaftspflege-fuer-artenschutz\/\",\"name\":\"Auf einem guten Weg - Landschaftspflege f\u00fcr Artenschutz - Naturpark Nossentiner\/Schwinzer Heide\",\"isPartOf\":{\"@id\":\"https:\/\/www.naturparkmagazin.de\/nossentiner-schwinzer-heide\/#website\"},\"datePublished\":\"2022-02-19T07:32:21+00:00\",\"dateModified\":\"2022-02-25T07:44:55+00:00\",\"author\":{\"@id\":\"https:\/\/www.naturparkmagazin.de\/nossentiner-schwinzer-heide\/#\/schema\/person\/6e5721221b13b6f827e696f29ff18008\"},\"breadcrumb\":{\"@id\":\"https:\/\/www.naturparkmagazin.de\/nossentiner-schwinzer-heide\/auf-einem-guten-weg-landschaftspflege-fuer-artenschutz\/#breadcrumb\"},\"inLanguage\":\"de\",\"potentialAction\":[{\"@type\":\"ReadAction\",\"target\":[\"https:\/\/www.naturparkmagazin.de\/nossentiner-schwinzer-heide\/auf-einem-guten-weg-landschaftspflege-fuer-artenschutz\/\"]}]},{\"@type\":\"BreadcrumbList\",\"@id\":\"https:\/\/www.naturparkmagazin.de\/nossentiner-schwinzer-heide\/auf-einem-guten-weg-landschaftspflege-fuer-artenschutz\/#breadcrumb\",\"itemListElement\":[{\"@type\":\"ListItem\",\"position\":1,\"name\":\"Home\",\"item\":\"https:\/\/www.naturparkmagazin.de\/nossentiner-schwinzer-heide\/\"},{\"@type\":\"ListItem\",\"position\":2,\"name\":\"Auf einem guten Weg &#8211; Landschaftspflege f\u00fcr Artenschutz\"}]},{\"@type\":\"WebSite\",\"@id\":\"https:\/\/www.naturparkmagazin.de\/nossentiner-schwinzer-heide\/#website\",\"url\":\"https:\/\/www.naturparkmagazin.de\/nossentiner-schwinzer-heide\/\",\"name\":\"Naturpark Nossentiner\/Schwinzer Heide\",\"description\":\"\",\"potentialAction\":[{\"@type\":\"SearchAction\",\"target\":{\"@type\":\"EntryPoint\",\"urlTemplate\":\"https:\/\/www.naturparkmagazin.de\/nossentiner-schwinzer-heide\/?s={search_term_string}\"},\"query-input\":\"required name=search_term_string\"}],\"inLanguage\":\"de\"},{\"@type\":\"Person\",\"@id\":\"https:\/\/www.naturparkmagazin.de\/nossentiner-schwinzer-heide\/#\/schema\/person\/6e5721221b13b6f827e696f29ff18008\",\"name\":\"evelinkartheuser\",\"url\":\"https:\/\/www.naturparkmagazin.de\/nossentiner-schwinzer-heide\/author\/evelinkartheuser\/\"}]}<\/script>\n<!-- \/ Yoast SEO plugin. -->","yoast_head_json":{"title":"Auf einem guten Weg - Landschaftspflege f\u00fcr Artenschutz - Naturpark Nossentiner\/Schwinzer Heide","robots":{"index":"index","follow":"follow","max-snippet":"max-snippet:-1","max-image-preview":"max-image-preview:large","max-video-preview":"max-video-preview:-1"},"canonical":"https:\/\/www.naturparkmagazin.de\/nossentiner-schwinzer-heide\/auf-einem-guten-weg-landschaftspflege-fuer-artenschutz\/","og_locale":"de_DE","og_type":"article","og_title":"Auf einem guten Weg - Landschaftspflege f\u00fcr Artenschutz - Naturpark Nossentiner\/Schwinzer Heide","og_description":"Das Foto erweckt nicht den Eindruck, als w\u00e4re der eingeschlagene Weg gut, dennoch verh\u00e4lt es sich genau so","og_url":"https:\/\/www.naturparkmagazin.de\/nossentiner-schwinzer-heide\/auf-einem-guten-weg-landschaftspflege-fuer-artenschutz\/","og_site_name":"Naturpark Nossentiner\/Schwinzer Heide","article_published_time":"2022-02-19T07:32:21+00:00","article_modified_time":"2022-02-25T07:44:55+00:00","og_image":[{"width":289,"height":385,"url":"https:\/\/www.naturparkmagazin.de\/nossentiner-schwinzer-heide\/wp-content\/uploads\/sites\/28\/image0065.jpg","type":"image\/jpeg"}],"author":"evelinkartheuser","twitter_misc":{"Verfasst von":"evelinkartheuser","Gesch\u00e4tzte Lesezeit":"1\u00a0Minute"},"schema":{"@context":"https:\/\/schema.org","@graph":[{"@type":"WebPage","@id":"https:\/\/www.naturparkmagazin.de\/nossentiner-schwinzer-heide\/auf-einem-guten-weg-landschaftspflege-fuer-artenschutz\/","url":"https:\/\/www.naturparkmagazin.de\/nossentiner-schwinzer-heide\/auf-einem-guten-weg-landschaftspflege-fuer-artenschutz\/","name":"Auf einem guten Weg - Landschaftspflege f\u00fcr Artenschutz - Naturpark Nossentiner\/Schwinzer Heide","isPartOf":{"@id":"https:\/\/www.naturparkmagazin.de\/nossentiner-schwinzer-heide\/#website"},"datePublished":"2022-02-19T07:32:21+00:00","dateModified":"2022-02-25T07:44:55+00:00","author":{"@id":"https:\/\/www.naturparkmagazin.de\/nossentiner-schwinzer-heide\/#\/schema\/person\/6e5721221b13b6f827e696f29ff18008"},"breadcrumb":{"@id":"https:\/\/www.naturparkmagazin.de\/nossentiner-schwinzer-heide\/auf-einem-guten-weg-landschaftspflege-fuer-artenschutz\/#breadcrumb"},"inLanguage":"de","potentialAction":[{"@type":"ReadAction","target":["https:\/\/www.naturparkmagazin.de\/nossentiner-schwinzer-heide\/auf-einem-guten-weg-landschaftspflege-fuer-artenschutz\/"]}]},{"@type":"BreadcrumbList","@id":"https:\/\/www.naturparkmagazin.de\/nossentiner-schwinzer-heide\/auf-einem-guten-weg-landschaftspflege-fuer-artenschutz\/#breadcrumb","itemListElement":[{"@type":"ListItem","position":1,"name":"Home","item":"https:\/\/www.naturparkmagazin.de\/nossentiner-schwinzer-heide\/"},{"@type":"ListItem","position":2,"name":"Auf einem guten Weg &#8211; Landschaftspflege f\u00fcr Artenschutz"}]},{"@type":"WebSite","@id":"https:\/\/www.naturparkmagazin.de\/nossentiner-schwinzer-heide\/#website","url":"https:\/\/www.naturparkmagazin.de\/nossentiner-schwinzer-heide\/","name":"Naturpark Nossentiner\/Schwinzer Heide","description":"","potentialAction":[{"@type":"SearchAction","target":{"@type":"EntryPoint","urlTemplate":"https:\/\/www.naturparkmagazin.de\/nossentiner-schwinzer-heide\/?s={search_term_string}"},"query-input":"required name=search_term_string"}],"inLanguage":"de"},{"@type":"Person","@id":"https:\/\/www.naturparkmagazin.de\/nossentiner-schwinzer-heide\/#\/schema\/person\/6e5721221b13b6f827e696f29ff18008","name":"evelinkartheuser","url":"https:\/\/www.naturparkmagazin.de\/nossentiner-schwinzer-heide\/author\/evelinkartheuser\/"}]}},"_links":{"self":[{"href":"https:\/\/www.naturparkmagazin.de\/nossentiner-schwinzer-heide\/wp-json\/wp\/v2\/posts\/3887"}],"collection":[{"href":"https:\/\/www.naturparkmagazin.de\/nossentiner-schwinzer-heide\/wp-json\/wp\/v2\/posts"}],"about":[{"href":"https:\/\/www.naturparkmagazin.de\/nossentiner-schwinzer-heide\/wp-json\/wp\/v2\/types\/post"}],"author":[{"embeddable":true,"href":"https:\/\/www.naturparkmagazin.de\/nossentiner-schwinzer-heide\/wp-json\/wp\/v2\/users\/84"}],"replies":[{"embeddable":true,"href":"https:\/\/www.naturparkmagazin.de\/nossentiner-schwinzer-heide\/wp-json\/wp\/v2\/comments?post=3887"}],"version-history":[{"count":3,"href":"https:\/\/www.naturparkmagazin.de\/nossentiner-schwinzer-heide\/wp-json\/wp\/v2\/posts\/3887\/revisions"}],"predecessor-version":[{"id":3899,"href":"https:\/\/www.naturparkmagazin.de\/nossentiner-schwinzer-heide\/wp-json\/wp\/v2\/posts\/3887\/revisions\/3899"}],"wp:featuredmedia":[{"embeddable":true,"href":"https:\/\/www.naturparkmagazin.de\/nossentiner-schwinzer-heide\/wp-json\/wp\/v2\/media\/3890"}],"wp:attachment":[{"href":"https:\/\/www.naturparkmagazin.de\/nossentiner-schwinzer-heide\/wp-json\/wp\/v2\/media?parent=3887"}],"wp:term":[{"taxonomy":"category","embeddable":true,"href":"https:\/\/www.naturparkmagazin.de\/nossentiner-schwinzer-heide\/wp-json\/wp\/v2\/categories?post=3887"},{"taxonomy":"post_tag","embeddable":true,"href":"https:\/\/www.naturparkmagazin.de\/nossentiner-schwinzer-heide\/wp-json\/wp\/v2\/tags?post=3887"}],"curies":[{"name":"wp","href":"https:\/\/api.w.org\/{rel}","templated":true}]}}