{"id":389,"date":"2014-03-19T13:53:04","date_gmt":"2014-03-19T12:53:04","guid":{"rendered":"http:\/\/www.naturparkmagazin.de\/nossentiner-schwinzer-heide\/?p=389"},"modified":"2014-03-28T11:02:56","modified_gmt":"2014-03-28T10:02:56","slug":"ihre-meinung-ist-gefragt","status":"publish","type":"post","link":"https:\/\/www.naturparkmagazin.de\/nossentiner-schwinzer-heide\/ihre-meinung-ist-gefragt\/","title":{"rendered":"Ihre Meinung ist gefragt"},"content":{"rendered":"<div id=\"attachment_412\" style=\"width: 510px\" class=\"wp-caption aligncenter\"><a href=\"https:\/\/www.naturparkmagazin.de\/nossentiner-schwinzer-heide\/wp-content\/uploads\/sites\/28\/wald.jpg\"><img aria-describedby=\"caption-attachment-412\" decoding=\"async\" loading=\"lazy\" class=\"size-full wp-image-412 \" title=\"Copyright: VDN\/Reiner Werner\" alt=\"Copyright: VDN\/Reiner Werner\" src=\"https:\/\/www.naturparkmagazin.de\/nossentiner-schwinzer-heide\/wp-content\/uploads\/sites\/28\/wald.jpg\" width=\"500\" height=\"300\" srcset=\"https:\/\/www.naturparkmagazin.de\/nossentiner-schwinzer-heide\/wp-content\/uploads\/sites\/28\/wald.jpg 500w, https:\/\/www.naturparkmagazin.de\/nossentiner-schwinzer-heide\/wp-content\/uploads\/sites\/28\/wald-300x180.jpg 300w, https:\/\/www.naturparkmagazin.de\/nossentiner-schwinzer-heide\/wp-content\/uploads\/sites\/28\/wald-200x120.jpg 200w\" sizes=\"(max-width: 500px) 100vw, 500px\" \/><\/a><p id=\"caption-attachment-412\" class=\"wp-caption-text\">Copyright: VDN\/Reiner Werner<\/p><\/div>\n<p>Das Landesamt f\u00fcr Umwelt, Naturschutz und Geologie hat gem\u00e4\u00df \u00a7 3 Nr. 4 des Naturschutzausf\u00fchrungsgesetzes (NatSchAG M-V) zusammen mit den Landkreisen Ludwigslust-Parchim, Rostock und Mecklenburgische Seenplatte und den regionalen Planungsverb\u00e4nden Westmecklenburg, Region Rostock und Mecklenburgische Seenplatte den Naturparkplan Nossentiner\/Schwinzer Heide erstellt.<\/p>\n<p>Der Naturparkplan ist ein inhaltlich \u00fcbergreifendes integratives Entwicklungskonzept f\u00fcr den Naturpark zur F\u00f6rderung einer eigenst\u00e4ndigen und nachhaltigen Regionalentwicklung. Im Naturparkplan werden die jeweiligen raumbedeutsamen Belange (Landnutzungen, Tourismus und Erholung etc.) unter Ber\u00fccksichtigung des Natur- und Landschaftsschutzes aufeinander abgestimmt und mit entsprechenden Handlungshinweisen dargestellt.<\/p>\n<p>Hauptergebnis des Naturparkplanes sind umsetzungsorientierte Projektvorschl\u00e4ge, die innerhalb von zwei Jahren unter der intensiven Beteiligung der regionalen Akteure im Rahmen von zwei \u00fcbergeordneten Arbeitsgruppen mit insgesamt 7 Schwerpunktgruppen erarbeitet wurden.<\/p>\n<p>Der Naturparkplan ist zwar rechtlich nicht verbindlich, stellt aber einen regionalen Konsens dar und dient der Orientierung zur Beurteilung von Vorhaben und anderen Planungen in der Naturparkregion. Der Naturparkplan mit seinen drei B\u00e4nden \u201eLeitbild und Ziele\u201c, \u201eDaten und Fakten\u201c sowie \u201eProjekte\u201c und den dazugeh\u00f6rigen Karten im Ma\u00dfstab 1:50.000 wird <b>freiwillig<\/b> einer T\u00d6B-Beteiligung unterzogen.<\/p>\n<p>Gem\u00e4\u00df \u00a7\u00a04 Abs. 3 Satz 1 Nr. 1 in Verbindung mit Anlage 3 Nr. 1.1 des Gesetzes \u00fcber die Umweltvertr\u00e4glichkeitspr\u00fcfung in Mecklenburg-Vorpommern (Landes-UVP-Gesetz &#8211; LUVPG M-V), m\u00fcssen Naturparkpl\u00e4ne nach \u00a7\u00a03 Nr.\u00a04 des Naturschutzausf\u00fchrungsgesetzes (NatSchAG M\u2011V) einer Strategischen Umweltpr\u00fcfung (SUP) unterzogen werden. Im Rahmen dieser Umweltpr\u00fcfung werden im Naturparkplan die dargestellten Ziele und Projekte hinsichtlich ihrer Umwelterheblichkeit untersucht. Die Ergebnisse werden in einem Umweltbericht dokumentiert.<\/p>\n<p>Gem\u00e4\u00df \u00a7\u00a05 Abs.\u00a01 LUVPG M-V richten sich die Anforderungen an eine Umweltpr\u00fcfung sowie das anzuwendende Verfahren, einschlie\u00dflich der Beteiligung der Beh\u00f6rden und der \u00d6ffentlichkeit, nach dem Gesetz \u00fcber die Umweltvertr\u00e4glichkeitspr\u00fcfung (UVPG) in der Fassung der Bekanntmachung vom 24.\u00a0Februar 2010 (BGBl.\u00a0I, S.\u00a094).<\/p>\n<p><b>Der Naturparkplan Nossentiner\/Schwinzer Heide und die Dokumentation der Strategischen Umweltpr\u00fcfung werden der \u00d6ffentlichkeit gem\u00e4\u00df \u00a7\u00a014i UVPG zug\u00e4nglich gemacht, um ihr Gelegenheit zur Stellungnahme zu geben<\/b>.<\/p>\n<p>Der Naturparkplan Nossentiner\/Schwinzer Heide und der Umweltbericht zur Strategischen Umweltpr\u00fcfung k\u00f6nnen in der Zeit vom<\/p>\n<p><strong>14. April 2014 bis 16. Mai 2014<\/strong><\/p>\n<p>w\u00e4hrend der Sprechzeiten in den Amtsverwaltungen der \u00c4mter<\/p>\n<p>\u201eGoldberg-Mildenitz\u201c, \u201ePlau am See\u201c, \u201eMalchow\u201c, \u201eSeenlandschaft-Waren\u201c, \u201eG\u00fcstrow-Land\u201c, \u201eKrakow am See\u201c eingesehen werden.<\/p>\n<p>Weiterhin besteht die M\u00f6glichkeit der Einsichtnahme in den Landrats\u00e4mtern der Landkreise <span style=\"text-decoration: underline\">Ludwigslust-Parchim<\/span>, <span style=\"text-decoration: underline\">Rostock<\/span> und <span style=\"text-decoration: underline\">Mecklenburgische Seenplatte,<\/span><\/p>\n<p>sowie in der Naturparkstation des Naturparks Nossentiner\/Schwinzer Heide, Ziegenhorn 1, 19395 Plau am See, OT Karow ,Tel.: 038738\/70292 oder73840.<\/p>\n<p>Zus\u00e4tzlich besteht die M\u00f6glichkeit, \u00fcber das Internet unter <a href=\"http:\/\/www.naturpark-nossentiner-schwinzer-heide.de\">www.naturpark-nossentiner-schwinzer-heide.de<\/a> die Unterlagen zu sichten und herunterzuladen.<\/p>\n<p>Schriftliche Stellungnahmen zum Naturparkplan Nossentiner\/Schwinzer Heide und dem Umweltbericht zur Strategischen Umweltpr\u00fcfung k\u00f6nnen bis zum<\/p>\n<p>30. Mai 2014<\/p>\n<p>an den<\/p>\n<p>Naturpark Nossentiner\/Schwinzer Heide, Ziegenhorn 1, 19395 Plau am See, OT Karow (oder per E- mail an <a href=\"mailto:info-nsh@lung.mv-regierung.de\">info-nsh@lung.mv-regierung.de<\/a> gerichtet werden.<\/p>\n","protected":false},"excerpt":{"rendered":"<p>Im Zuge der Beteiligung von Tr\u00e4gern \u00f6ffentlicher Belange wird der Entwurf des Naturparkplanes in den drei am Naturpark beteiligten Landkreisen, in den sechs kommunalen \u00c4mtern und in der Naturparkverwaltung f\u00fcr vier Wochen \u00f6ffentlich ausgelegt. <\/p>\n","protected":false},"author":28,"featured_media":412,"comment_status":"open","ping_status":"open","sticky":false,"template":"","format":"standard","meta":[],"categories":[7],"tags":[],"yoast_head":"<!-- This site is optimized with the Yoast SEO plugin v19.10 - https:\/\/yoast.com\/wordpress\/plugins\/seo\/ -->\n<title>Ihre Meinung ist gefragt - Naturpark Nossentiner\/Schwinzer Heide<\/title>\n<meta name=\"robots\" content=\"index, follow, max-snippet:-1, max-image-preview:large, max-video-preview:-1\" \/>\n<link rel=\"canonical\" href=\"https:\/\/www.naturparkmagazin.de\/nossentiner-schwinzer-heide\/ihre-meinung-ist-gefragt\/\" \/>\n<meta property=\"og:locale\" content=\"de_DE\" \/>\n<meta property=\"og:type\" content=\"article\" \/>\n<meta property=\"og:title\" content=\"Ihre Meinung ist gefragt - Naturpark Nossentiner\/Schwinzer Heide\" \/>\n<meta property=\"og:description\" content=\"Im Zuge der Beteiligung von Tr\u00e4gern \u00f6ffentlicher Belange wird der Entwurf des Naturparkplanes in den drei am Naturpark beteiligten Landkreisen, in den sechs kommunalen \u00c4mtern und in der Naturparkverwaltung f\u00fcr vier Wochen \u00f6ffentlich ausgelegt.\" \/>\n<meta property=\"og:url\" content=\"https:\/\/www.naturparkmagazin.de\/nossentiner-schwinzer-heide\/ihre-meinung-ist-gefragt\/\" \/>\n<meta property=\"og:site_name\" content=\"Naturpark Nossentiner\/Schwinzer Heide\" \/>\n<meta property=\"article:published_time\" content=\"2014-03-19T12:53:04+00:00\" \/>\n<meta property=\"article:modified_time\" content=\"2014-03-28T10:02:56+00:00\" \/>\n<meta property=\"og:image\" content=\"https:\/\/www.naturparkmagazin.de\/nossentiner-schwinzer-heide\/wp-content\/uploads\/sites\/28\/wald.jpg\" \/>\n\t<meta property=\"og:image:width\" content=\"500\" \/>\n\t<meta property=\"og:image:height\" content=\"300\" \/>\n\t<meta property=\"og:image:type\" content=\"image\/jpeg\" \/>\n<meta name=\"twitter:label1\" content=\"Verfasst von\" \/>\n\t<meta name=\"twitter:data1\" content=\"\" \/>\n\t<meta name=\"twitter:label2\" content=\"Gesch\u00e4tzte Lesezeit\" \/>\n\t<meta name=\"twitter:data2\" content=\"2\u00a0Minuten\" \/>\n<script type=\"application\/ld+json\" class=\"yoast-schema-graph\">{\"@context\":\"https:\/\/schema.org\",\"@graph\":[{\"@type\":\"WebPage\",\"@id\":\"https:\/\/www.naturparkmagazin.de\/nossentiner-schwinzer-heide\/ihre-meinung-ist-gefragt\/\",\"url\":\"https:\/\/www.naturparkmagazin.de\/nossentiner-schwinzer-heide\/ihre-meinung-ist-gefragt\/\",\"name\":\"Ihre Meinung ist gefragt - Naturpark Nossentiner\/Schwinzer Heide\",\"isPartOf\":{\"@id\":\"https:\/\/www.naturparkmagazin.de\/nossentiner-schwinzer-heide\/#website\"},\"datePublished\":\"2014-03-19T12:53:04+00:00\",\"dateModified\":\"2014-03-28T10:02:56+00:00\",\"author\":{\"@id\":\"\"},\"breadcrumb\":{\"@id\":\"https:\/\/www.naturparkmagazin.de\/nossentiner-schwinzer-heide\/ihre-meinung-ist-gefragt\/#breadcrumb\"},\"inLanguage\":\"de\",\"potentialAction\":[{\"@type\":\"ReadAction\",\"target\":[\"https:\/\/www.naturparkmagazin.de\/nossentiner-schwinzer-heide\/ihre-meinung-ist-gefragt\/\"]}]},{\"@type\":\"BreadcrumbList\",\"@id\":\"https:\/\/www.naturparkmagazin.de\/nossentiner-schwinzer-heide\/ihre-meinung-ist-gefragt\/#breadcrumb\",\"itemListElement\":[{\"@type\":\"ListItem\",\"position\":1,\"name\":\"Home\",\"item\":\"https:\/\/www.naturparkmagazin.de\/nossentiner-schwinzer-heide\/\"},{\"@type\":\"ListItem\",\"position\":2,\"name\":\"Ihre Meinung ist gefragt\"}]},{\"@type\":\"WebSite\",\"@id\":\"https:\/\/www.naturparkmagazin.de\/nossentiner-schwinzer-heide\/#website\",\"url\":\"https:\/\/www.naturparkmagazin.de\/nossentiner-schwinzer-heide\/\",\"name\":\"Naturpark Nossentiner\/Schwinzer Heide\",\"description\":\"\",\"potentialAction\":[{\"@type\":\"SearchAction\",\"target\":{\"@type\":\"EntryPoint\",\"urlTemplate\":\"https:\/\/www.naturparkmagazin.de\/nossentiner-schwinzer-heide\/?s={search_term_string}\"},\"query-input\":\"required name=search_term_string\"}],\"inLanguage\":\"de\"},{\"@type\":\"Person\",\"@id\":\"\",\"url\":\"https:\/\/www.naturparkmagazin.de\/nossentiner-schwinzer-heide\/author\/\"}]}<\/script>\n<!-- \/ Yoast SEO plugin. -->","yoast_head_json":{"title":"Ihre Meinung ist gefragt - Naturpark Nossentiner\/Schwinzer Heide","robots":{"index":"index","follow":"follow","max-snippet":"max-snippet:-1","max-image-preview":"max-image-preview:large","max-video-preview":"max-video-preview:-1"},"canonical":"https:\/\/www.naturparkmagazin.de\/nossentiner-schwinzer-heide\/ihre-meinung-ist-gefragt\/","og_locale":"de_DE","og_type":"article","og_title":"Ihre Meinung ist gefragt - Naturpark Nossentiner\/Schwinzer Heide","og_description":"Im Zuge der Beteiligung von Tr\u00e4gern \u00f6ffentlicher Belange wird der Entwurf des Naturparkplanes in den drei am Naturpark beteiligten Landkreisen, in den sechs kommunalen \u00c4mtern und in der Naturparkverwaltung f\u00fcr vier Wochen \u00f6ffentlich ausgelegt.","og_url":"https:\/\/www.naturparkmagazin.de\/nossentiner-schwinzer-heide\/ihre-meinung-ist-gefragt\/","og_site_name":"Naturpark Nossentiner\/Schwinzer Heide","article_published_time":"2014-03-19T12:53:04+00:00","article_modified_time":"2014-03-28T10:02:56+00:00","og_image":[{"width":500,"height":300,"url":"https:\/\/www.naturparkmagazin.de\/nossentiner-schwinzer-heide\/wp-content\/uploads\/sites\/28\/wald.jpg","type":"image\/jpeg"}],"twitter_misc":{"Verfasst von":"","Gesch\u00e4tzte Lesezeit":"2\u00a0Minuten"},"schema":{"@context":"https:\/\/schema.org","@graph":[{"@type":"WebPage","@id":"https:\/\/www.naturparkmagazin.de\/nossentiner-schwinzer-heide\/ihre-meinung-ist-gefragt\/","url":"https:\/\/www.naturparkmagazin.de\/nossentiner-schwinzer-heide\/ihre-meinung-ist-gefragt\/","name":"Ihre Meinung ist gefragt - Naturpark Nossentiner\/Schwinzer Heide","isPartOf":{"@id":"https:\/\/www.naturparkmagazin.de\/nossentiner-schwinzer-heide\/#website"},"datePublished":"2014-03-19T12:53:04+00:00","dateModified":"2014-03-28T10:02:56+00:00","author":{"@id":""},"breadcrumb":{"@id":"https:\/\/www.naturparkmagazin.de\/nossentiner-schwinzer-heide\/ihre-meinung-ist-gefragt\/#breadcrumb"},"inLanguage":"de","potentialAction":[{"@type":"ReadAction","target":["https:\/\/www.naturparkmagazin.de\/nossentiner-schwinzer-heide\/ihre-meinung-ist-gefragt\/"]}]},{"@type":"BreadcrumbList","@id":"https:\/\/www.naturparkmagazin.de\/nossentiner-schwinzer-heide\/ihre-meinung-ist-gefragt\/#breadcrumb","itemListElement":[{"@type":"ListItem","position":1,"name":"Home","item":"https:\/\/www.naturparkmagazin.de\/nossentiner-schwinzer-heide\/"},{"@type":"ListItem","position":2,"name":"Ihre Meinung ist gefragt"}]},{"@type":"WebSite","@id":"https:\/\/www.naturparkmagazin.de\/nossentiner-schwinzer-heide\/#website","url":"https:\/\/www.naturparkmagazin.de\/nossentiner-schwinzer-heide\/","name":"Naturpark Nossentiner\/Schwinzer Heide","description":"","potentialAction":[{"@type":"SearchAction","target":{"@type":"EntryPoint","urlTemplate":"https:\/\/www.naturparkmagazin.de\/nossentiner-schwinzer-heide\/?s={search_term_string}"},"query-input":"required name=search_term_string"}],"inLanguage":"de"},{"@type":"Person","@id":"","url":"https:\/\/www.naturparkmagazin.de\/nossentiner-schwinzer-heide\/author\/"}]}},"_links":{"self":[{"href":"https:\/\/www.naturparkmagazin.de\/nossentiner-schwinzer-heide\/wp-json\/wp\/v2\/posts\/389"}],"collection":[{"href":"https:\/\/www.naturparkmagazin.de\/nossentiner-schwinzer-heide\/wp-json\/wp\/v2\/posts"}],"about":[{"href":"https:\/\/www.naturparkmagazin.de\/nossentiner-schwinzer-heide\/wp-json\/wp\/v2\/types\/post"}],"author":[{"embeddable":true,"href":"https:\/\/www.naturparkmagazin.de\/nossentiner-schwinzer-heide\/wp-json\/wp\/v2\/users\/28"}],"replies":[{"embeddable":true,"href":"https:\/\/www.naturparkmagazin.de\/nossentiner-schwinzer-heide\/wp-json\/wp\/v2\/comments?post=389"}],"version-history":[{"count":4,"href":"https:\/\/www.naturparkmagazin.de\/nossentiner-schwinzer-heide\/wp-json\/wp\/v2\/posts\/389\/revisions"}],"predecessor-version":[{"id":411,"href":"https:\/\/www.naturparkmagazin.de\/nossentiner-schwinzer-heide\/wp-json\/wp\/v2\/posts\/389\/revisions\/411"}],"wp:featuredmedia":[{"embeddable":true,"href":"https:\/\/www.naturparkmagazin.de\/nossentiner-schwinzer-heide\/wp-json\/wp\/v2\/media\/412"}],"wp:attachment":[{"href":"https:\/\/www.naturparkmagazin.de\/nossentiner-schwinzer-heide\/wp-json\/wp\/v2\/media?parent=389"}],"wp:term":[{"taxonomy":"category","embeddable":true,"href":"https:\/\/www.naturparkmagazin.de\/nossentiner-schwinzer-heide\/wp-json\/wp\/v2\/categories?post=389"},{"taxonomy":"post_tag","embeddable":true,"href":"https:\/\/www.naturparkmagazin.de\/nossentiner-schwinzer-heide\/wp-json\/wp\/v2\/tags?post=389"}],"curies":[{"name":"wp","href":"https:\/\/api.w.org\/{rel}","templated":true}]}}