{"id":3908,"date":"2022-03-15T12:09:32","date_gmt":"2022-03-15T11:09:32","guid":{"rendered":"https:\/\/www.naturparkmagazin.de\/nossentiner-schwinzer-heide\/?p=3908"},"modified":"2022-03-29T13:12:41","modified_gmt":"2022-03-29T11:12:41","slug":"das-mausoleum-in-karow","status":"publish","type":"post","link":"https:\/\/www.naturparkmagazin.de\/nossentiner-schwinzer-heide\/das-mausoleum-in-karow\/","title":{"rendered":"Das Mausoleum in Karow"},"content":{"rendered":"<pre>April 2022<\/pre>\n<p>Das Mausoleum im Gutspark von Karow ist ein mystisches und spannendes Geb\u00e4ude. Es wurde 1916 nach Entw\u00fcrfen des Plauer Bildhauers Wilhelm Wandschneider (1866 \u2013 1942) als Grabmal f\u00fcr den Gutsbesitzer Johannes Schlutius errichtet und gilt als eines der bedeutendsten sp\u00e4twilhelminischen Grabbauten. Die Stiftung f\u00fcr Umwelt- und Naturschutz des Landes MV wurde im Jahre 2004 Eigent\u00fcmerin des Mausoleums und organisiert und finanziert die Sanierung dieses Kulturschatzes seit 2016.<\/p>\n<div id=\"attachment_3909\" style=\"width: 630px\" class=\"wp-caption alignnone\"><a href=\"https:\/\/www.naturparkmagazin.de\/nossentiner-schwinzer-heide\/wp-content\/uploads\/sites\/28\/Fledermauskontrolle_Mausoleum.jpg\"><img aria-describedby=\"caption-attachment-3909\" decoding=\"async\" loading=\"lazy\" class=\"wp-image-3909 size-medium\" src=\"https:\/\/www.naturparkmagazin.de\/nossentiner-schwinzer-heide\/wp-content\/uploads\/sites\/28\/Fledermauskontrolle_Mausoleum-620x465.jpg\" alt=\"Fledermauskontrolle_Mausoleum\" width=\"620\" height=\"465\" srcset=\"https:\/\/www.naturparkmagazin.de\/nossentiner-schwinzer-heide\/wp-content\/uploads\/sites\/28\/Fledermauskontrolle_Mausoleum-620x465.jpg 620w, https:\/\/www.naturparkmagazin.de\/nossentiner-schwinzer-heide\/wp-content\/uploads\/sites\/28\/Fledermauskontrolle_Mausoleum-300x225.jpg 300w, https:\/\/www.naturparkmagazin.de\/nossentiner-schwinzer-heide\/wp-content\/uploads\/sites\/28\/Fledermauskontrolle_Mausoleum-940x705.jpg 940w, https:\/\/www.naturparkmagazin.de\/nossentiner-schwinzer-heide\/wp-content\/uploads\/sites\/28\/Fledermauskontrolle_Mausoleum-580x435.jpg 580w, https:\/\/www.naturparkmagazin.de\/nossentiner-schwinzer-heide\/wp-content\/uploads\/sites\/28\/Fledermauskontrolle_Mausoleum-420x315.jpg 420w, https:\/\/www.naturparkmagazin.de\/nossentiner-schwinzer-heide\/wp-content\/uploads\/sites\/28\/Fledermauskontrolle_Mausoleum-180x135.jpg 180w, https:\/\/www.naturparkmagazin.de\/nossentiner-schwinzer-heide\/wp-content\/uploads\/sites\/28\/Fledermauskontrolle_Mausoleum-95x71.jpg 95w, https:\/\/www.naturparkmagazin.de\/nossentiner-schwinzer-heide\/wp-content\/uploads\/sites\/28\/Fledermauskontrolle_Mausoleum-670x503.jpg 670w, https:\/\/www.naturparkmagazin.de\/nossentiner-schwinzer-heide\/wp-content\/uploads\/sites\/28\/Fledermauskontrolle_Mausoleum-200x150.jpg 200w, https:\/\/www.naturparkmagazin.de\/nossentiner-schwinzer-heide\/wp-content\/uploads\/sites\/28\/Fledermauskontrolle_Mausoleum.jpg 2048w\" sizes=\"(max-width: 620px) 100vw, 620px\" \/><\/a><p id=\"caption-attachment-3909\" class=\"wp-caption-text\">Biologe Bjarne Riesbeck bei der Kontrolle der Flederm\u00e4use im Mausoleum. Foto: Ralf Koch<\/p><\/div>\n<p>Baulich ist das Kleinod inzwischen weitgehend gesichert. In den Bauphasen wurde auch an die Flederm\u00e4use gedacht. Die ehemalige Gruft und der Gang zur \u201eBewetterung\u201c des Geb\u00e4udes wurden mit sogenannten Hangsteinen ausger\u00fcstet, wo Flederm\u00e4use mit Bauch- und R\u00fcckenkontakt in den Spalten der Steine Winterschlaf halten k\u00f6nnen. Im Februar 2022 wurden nun erstmals nach der Sanierung die winterschlafenden Flederm\u00e4use gez\u00e4hlt und bestimmt. Immerhin haben schon 12 Tiere optimalen Bedingungen in der Gruft angenommen. Neben der Wasserfledermaus und der Fransenfledermaus haben sich auch mehrere Braune Langohren in den Hangsteinen befunden. Im umlaufenden Gang wurden bisher noch keine Flederm\u00e4use gefunden. Die <a href=\"https:\/\/www.naturparkmagazin.de\/nossentiner-schwinzer-heide\/mausoleum-in-karow-sucht-spender\/\">Sanierung des Mausoleums <\/a>soll weitergehen. Hier die M\u00f6glichkeit sich mit einer Spende daran zu beteiligen:<\/p>\n<p><a href=\"https:\/\/mausoleum-karow.de\/index.php?p=start\">https:\/\/mausoleum-karow.de\/index.php?p=start<\/a><\/p>\n<div id=\"attachment_3910\" style=\"width: 630px\" class=\"wp-caption alignnone\"><a href=\"https:\/\/www.naturparkmagazin.de\/nossentiner-schwinzer-heide\/wp-content\/uploads\/sites\/28\/wasser-rohr2_koch_klein.jpg\"><img aria-describedby=\"caption-attachment-3910\" decoding=\"async\" loading=\"lazy\" class=\"wp-image-3910 size-medium\" src=\"https:\/\/www.naturparkmagazin.de\/nossentiner-schwinzer-heide\/wp-content\/uploads\/sites\/28\/wasser-rohr2_koch_klein-620x499.jpg\" alt=\"wasser-rohr2_koch_klein\" width=\"620\" height=\"499\" srcset=\"https:\/\/www.naturparkmagazin.de\/nossentiner-schwinzer-heide\/wp-content\/uploads\/sites\/28\/wasser-rohr2_koch_klein-620x499.jpg 620w, https:\/\/www.naturparkmagazin.de\/nossentiner-schwinzer-heide\/wp-content\/uploads\/sites\/28\/wasser-rohr2_koch_klein-300x242.jpg 300w, https:\/\/www.naturparkmagazin.de\/nossentiner-schwinzer-heide\/wp-content\/uploads\/sites\/28\/wasser-rohr2_koch_klein-940x757.jpg 940w, https:\/\/www.naturparkmagazin.de\/nossentiner-schwinzer-heide\/wp-content\/uploads\/sites\/28\/wasser-rohr2_koch_klein-670x539.jpg 670w, https:\/\/www.naturparkmagazin.de\/nossentiner-schwinzer-heide\/wp-content\/uploads\/sites\/28\/wasser-rohr2_koch_klein-200x161.jpg 200w, https:\/\/www.naturparkmagazin.de\/nossentiner-schwinzer-heide\/wp-content\/uploads\/sites\/28\/wasser-rohr2_koch_klein.jpg 1272w\" sizes=\"(max-width: 620px) 100vw, 620px\" \/><\/a><p id=\"caption-attachment-3910\" class=\"wp-caption-text\">Diese kleine Wasserfledermaus hat den Winter im Mausoleum verbracht. Foto: Ralf Koch<\/p><\/div>\n","protected":false},"excerpt":{"rendered":"<p>Im Februar 2022 wurden erstmals nach der Sanierung des Mausoleums im Gutspark Karow die winterschlafenden Flederm\u00e4use gez\u00e4hlt und bestimmt.<\/p>\n","protected":false},"author":84,"featured_media":3909,"comment_status":"open","ping_status":"open","sticky":false,"template":"","format":"standard","meta":[],"categories":[7],"tags":[],"yoast_head":"<!-- This site is optimized with the Yoast SEO plugin v19.10 - https:\/\/yoast.com\/wordpress\/plugins\/seo\/ -->\n<title>Das Mausoleum in Karow - Naturpark Nossentiner\/Schwinzer Heide<\/title>\n<meta name=\"robots\" content=\"index, follow, max-snippet:-1, max-image-preview:large, max-video-preview:-1\" \/>\n<link rel=\"canonical\" href=\"https:\/\/www.naturparkmagazin.de\/nossentiner-schwinzer-heide\/das-mausoleum-in-karow\/\" \/>\n<meta property=\"og:locale\" content=\"de_DE\" \/>\n<meta property=\"og:type\" content=\"article\" \/>\n<meta property=\"og:title\" content=\"Das Mausoleum in Karow - Naturpark Nossentiner\/Schwinzer Heide\" \/>\n<meta property=\"og:description\" content=\"Im Februar 2022 wurden erstmals nach der Sanierung des Mausoleums im Gutspark Karow die winterschlafenden Flederm\u00e4use gez\u00e4hlt und bestimmt.\" \/>\n<meta property=\"og:url\" content=\"https:\/\/www.naturparkmagazin.de\/nossentiner-schwinzer-heide\/das-mausoleum-in-karow\/\" \/>\n<meta property=\"og:site_name\" content=\"Naturpark Nossentiner\/Schwinzer Heide\" \/>\n<meta property=\"article:published_time\" content=\"2022-03-15T11:09:32+00:00\" \/>\n<meta property=\"article:modified_time\" content=\"2022-03-29T11:12:41+00:00\" \/>\n<meta property=\"og:image\" content=\"https:\/\/www.naturparkmagazin.de\/nossentiner-schwinzer-heide\/wp-content\/uploads\/sites\/28\/Fledermauskontrolle_Mausoleum.jpg\" \/>\n\t<meta property=\"og:image:width\" content=\"2048\" \/>\n\t<meta property=\"og:image:height\" content=\"1536\" \/>\n\t<meta property=\"og:image:type\" content=\"image\/jpeg\" \/>\n<meta name=\"author\" content=\"evelinkartheuser\" \/>\n<meta name=\"twitter:label1\" content=\"Verfasst von\" \/>\n\t<meta name=\"twitter:data1\" content=\"evelinkartheuser\" \/>\n\t<meta name=\"twitter:label2\" content=\"Gesch\u00e4tzte Lesezeit\" \/>\n\t<meta name=\"twitter:data2\" content=\"1\u00a0Minute\" \/>\n<script type=\"application\/ld+json\" class=\"yoast-schema-graph\">{\"@context\":\"https:\/\/schema.org\",\"@graph\":[{\"@type\":\"WebPage\",\"@id\":\"https:\/\/www.naturparkmagazin.de\/nossentiner-schwinzer-heide\/das-mausoleum-in-karow\/\",\"url\":\"https:\/\/www.naturparkmagazin.de\/nossentiner-schwinzer-heide\/das-mausoleum-in-karow\/\",\"name\":\"Das Mausoleum in Karow - Naturpark Nossentiner\/Schwinzer Heide\",\"isPartOf\":{\"@id\":\"https:\/\/www.naturparkmagazin.de\/nossentiner-schwinzer-heide\/#website\"},\"datePublished\":\"2022-03-15T11:09:32+00:00\",\"dateModified\":\"2022-03-29T11:12:41+00:00\",\"author\":{\"@id\":\"https:\/\/www.naturparkmagazin.de\/nossentiner-schwinzer-heide\/#\/schema\/person\/6e5721221b13b6f827e696f29ff18008\"},\"breadcrumb\":{\"@id\":\"https:\/\/www.naturparkmagazin.de\/nossentiner-schwinzer-heide\/das-mausoleum-in-karow\/#breadcrumb\"},\"inLanguage\":\"de\",\"potentialAction\":[{\"@type\":\"ReadAction\",\"target\":[\"https:\/\/www.naturparkmagazin.de\/nossentiner-schwinzer-heide\/das-mausoleum-in-karow\/\"]}]},{\"@type\":\"BreadcrumbList\",\"@id\":\"https:\/\/www.naturparkmagazin.de\/nossentiner-schwinzer-heide\/das-mausoleum-in-karow\/#breadcrumb\",\"itemListElement\":[{\"@type\":\"ListItem\",\"position\":1,\"name\":\"Home\",\"item\":\"https:\/\/www.naturparkmagazin.de\/nossentiner-schwinzer-heide\/\"},{\"@type\":\"ListItem\",\"position\":2,\"name\":\"Das Mausoleum in Karow\"}]},{\"@type\":\"WebSite\",\"@id\":\"https:\/\/www.naturparkmagazin.de\/nossentiner-schwinzer-heide\/#website\",\"url\":\"https:\/\/www.naturparkmagazin.de\/nossentiner-schwinzer-heide\/\",\"name\":\"Naturpark Nossentiner\/Schwinzer Heide\",\"description\":\"\",\"potentialAction\":[{\"@type\":\"SearchAction\",\"target\":{\"@type\":\"EntryPoint\",\"urlTemplate\":\"https:\/\/www.naturparkmagazin.de\/nossentiner-schwinzer-heide\/?s={search_term_string}\"},\"query-input\":\"required name=search_term_string\"}],\"inLanguage\":\"de\"},{\"@type\":\"Person\",\"@id\":\"https:\/\/www.naturparkmagazin.de\/nossentiner-schwinzer-heide\/#\/schema\/person\/6e5721221b13b6f827e696f29ff18008\",\"name\":\"evelinkartheuser\",\"url\":\"https:\/\/www.naturparkmagazin.de\/nossentiner-schwinzer-heide\/author\/evelinkartheuser\/\"}]}<\/script>\n<!-- \/ Yoast SEO plugin. -->","yoast_head_json":{"title":"Das Mausoleum in Karow - Naturpark Nossentiner\/Schwinzer Heide","robots":{"index":"index","follow":"follow","max-snippet":"max-snippet:-1","max-image-preview":"max-image-preview:large","max-video-preview":"max-video-preview:-1"},"canonical":"https:\/\/www.naturparkmagazin.de\/nossentiner-schwinzer-heide\/das-mausoleum-in-karow\/","og_locale":"de_DE","og_type":"article","og_title":"Das Mausoleum in Karow - Naturpark Nossentiner\/Schwinzer Heide","og_description":"Im Februar 2022 wurden erstmals nach der Sanierung des Mausoleums im Gutspark Karow die winterschlafenden Flederm\u00e4use gez\u00e4hlt und bestimmt.","og_url":"https:\/\/www.naturparkmagazin.de\/nossentiner-schwinzer-heide\/das-mausoleum-in-karow\/","og_site_name":"Naturpark Nossentiner\/Schwinzer Heide","article_published_time":"2022-03-15T11:09:32+00:00","article_modified_time":"2022-03-29T11:12:41+00:00","og_image":[{"width":2048,"height":1536,"url":"https:\/\/www.naturparkmagazin.de\/nossentiner-schwinzer-heide\/wp-content\/uploads\/sites\/28\/Fledermauskontrolle_Mausoleum.jpg","type":"image\/jpeg"}],"author":"evelinkartheuser","twitter_misc":{"Verfasst von":"evelinkartheuser","Gesch\u00e4tzte Lesezeit":"1\u00a0Minute"},"schema":{"@context":"https:\/\/schema.org","@graph":[{"@type":"WebPage","@id":"https:\/\/www.naturparkmagazin.de\/nossentiner-schwinzer-heide\/das-mausoleum-in-karow\/","url":"https:\/\/www.naturparkmagazin.de\/nossentiner-schwinzer-heide\/das-mausoleum-in-karow\/","name":"Das Mausoleum in Karow - Naturpark Nossentiner\/Schwinzer Heide","isPartOf":{"@id":"https:\/\/www.naturparkmagazin.de\/nossentiner-schwinzer-heide\/#website"},"datePublished":"2022-03-15T11:09:32+00:00","dateModified":"2022-03-29T11:12:41+00:00","author":{"@id":"https:\/\/www.naturparkmagazin.de\/nossentiner-schwinzer-heide\/#\/schema\/person\/6e5721221b13b6f827e696f29ff18008"},"breadcrumb":{"@id":"https:\/\/www.naturparkmagazin.de\/nossentiner-schwinzer-heide\/das-mausoleum-in-karow\/#breadcrumb"},"inLanguage":"de","potentialAction":[{"@type":"ReadAction","target":["https:\/\/www.naturparkmagazin.de\/nossentiner-schwinzer-heide\/das-mausoleum-in-karow\/"]}]},{"@type":"BreadcrumbList","@id":"https:\/\/www.naturparkmagazin.de\/nossentiner-schwinzer-heide\/das-mausoleum-in-karow\/#breadcrumb","itemListElement":[{"@type":"ListItem","position":1,"name":"Home","item":"https:\/\/www.naturparkmagazin.de\/nossentiner-schwinzer-heide\/"},{"@type":"ListItem","position":2,"name":"Das Mausoleum in Karow"}]},{"@type":"WebSite","@id":"https:\/\/www.naturparkmagazin.de\/nossentiner-schwinzer-heide\/#website","url":"https:\/\/www.naturparkmagazin.de\/nossentiner-schwinzer-heide\/","name":"Naturpark Nossentiner\/Schwinzer Heide","description":"","potentialAction":[{"@type":"SearchAction","target":{"@type":"EntryPoint","urlTemplate":"https:\/\/www.naturparkmagazin.de\/nossentiner-schwinzer-heide\/?s={search_term_string}"},"query-input":"required name=search_term_string"}],"inLanguage":"de"},{"@type":"Person","@id":"https:\/\/www.naturparkmagazin.de\/nossentiner-schwinzer-heide\/#\/schema\/person\/6e5721221b13b6f827e696f29ff18008","name":"evelinkartheuser","url":"https:\/\/www.naturparkmagazin.de\/nossentiner-schwinzer-heide\/author\/evelinkartheuser\/"}]}},"_links":{"self":[{"href":"https:\/\/www.naturparkmagazin.de\/nossentiner-schwinzer-heide\/wp-json\/wp\/v2\/posts\/3908"}],"collection":[{"href":"https:\/\/www.naturparkmagazin.de\/nossentiner-schwinzer-heide\/wp-json\/wp\/v2\/posts"}],"about":[{"href":"https:\/\/www.naturparkmagazin.de\/nossentiner-schwinzer-heide\/wp-json\/wp\/v2\/types\/post"}],"author":[{"embeddable":true,"href":"https:\/\/www.naturparkmagazin.de\/nossentiner-schwinzer-heide\/wp-json\/wp\/v2\/users\/84"}],"replies":[{"embeddable":true,"href":"https:\/\/www.naturparkmagazin.de\/nossentiner-schwinzer-heide\/wp-json\/wp\/v2\/comments?post=3908"}],"version-history":[{"count":5,"href":"https:\/\/www.naturparkmagazin.de\/nossentiner-schwinzer-heide\/wp-json\/wp\/v2\/posts\/3908\/revisions"}],"predecessor-version":[{"id":3915,"href":"https:\/\/www.naturparkmagazin.de\/nossentiner-schwinzer-heide\/wp-json\/wp\/v2\/posts\/3908\/revisions\/3915"}],"wp:featuredmedia":[{"embeddable":true,"href":"https:\/\/www.naturparkmagazin.de\/nossentiner-schwinzer-heide\/wp-json\/wp\/v2\/media\/3909"}],"wp:attachment":[{"href":"https:\/\/www.naturparkmagazin.de\/nossentiner-schwinzer-heide\/wp-json\/wp\/v2\/media?parent=3908"}],"wp:term":[{"taxonomy":"category","embeddable":true,"href":"https:\/\/www.naturparkmagazin.de\/nossentiner-schwinzer-heide\/wp-json\/wp\/v2\/categories?post=3908"},{"taxonomy":"post_tag","embeddable":true,"href":"https:\/\/www.naturparkmagazin.de\/nossentiner-schwinzer-heide\/wp-json\/wp\/v2\/tags?post=3908"}],"curies":[{"name":"wp","href":"https:\/\/api.w.org\/{rel}","templated":true}]}}