{"id":3917,"date":"2022-03-28T13:17:06","date_gmt":"2022-03-28T11:17:06","guid":{"rendered":"https:\/\/www.naturparkmagazin.de\/nossentiner-schwinzer-heide\/?p=3917"},"modified":"2022-03-28T18:33:24","modified_gmt":"2022-03-28T16:33:24","slug":"foto-ausstellung-von-lucas-kamrath-im-karower-meiler","status":"publish","type":"post","link":"https:\/\/www.naturparkmagazin.de\/nossentiner-schwinzer-heide\/foto-ausstellung-von-lucas-kamrath-im-karower-meiler\/","title":{"rendered":"Foto-Ausstellung von Lucas Kamrath im Karower Meiler"},"content":{"rendered":"<pre>April 2022<\/pre>\n<h2>Schule auf? Schule zu! Und was machst du?<\/h2>\n<h3>Distanzunterricht + Wechselunterricht + Hybridunterricht + Pr\u00e4senz-Lernen + Zocken + Chatten + Serien + Schlafen<\/h3>\n<h3>Was f\u00e4ngt ein 15-J\u00e4hriger im Lockdown an?<\/h3>\n<p><strong>Ein Beitrag von Carola Henkelmann, Schulsozialarbeiterin\/Kunstlehrerin am Eldenburg-Gymnasium L\u00fcbz<\/strong><\/p>\n<p>&nbsp;<\/p>\n<div id=\"attachment_3923\" style=\"width: 630px\" class=\"wp-caption alignnone\"><a href=\"https:\/\/www.naturparkmagazin.de\/nossentiner-schwinzer-heide\/wp-content\/uploads\/sites\/28\/Seeadler_Copyright_LucasKamrath1.jpg\"><img aria-describedby=\"caption-attachment-3923\" decoding=\"async\" loading=\"lazy\" class=\"wp-image-3923 size-medium\" src=\"https:\/\/www.naturparkmagazin.de\/nossentiner-schwinzer-heide\/wp-content\/uploads\/sites\/28\/Seeadler_Copyright_LucasKamrath1-620x465.jpg\" alt=\"Seeadler_Copyright_LucasKamrath\" width=\"620\" height=\"465\" srcset=\"https:\/\/www.naturparkmagazin.de\/nossentiner-schwinzer-heide\/wp-content\/uploads\/sites\/28\/Seeadler_Copyright_LucasKamrath1-620x465.jpg 620w, https:\/\/www.naturparkmagazin.de\/nossentiner-schwinzer-heide\/wp-content\/uploads\/sites\/28\/Seeadler_Copyright_LucasKamrath1-300x225.jpg 300w, https:\/\/www.naturparkmagazin.de\/nossentiner-schwinzer-heide\/wp-content\/uploads\/sites\/28\/Seeadler_Copyright_LucasKamrath1-940x705.jpg 940w, https:\/\/www.naturparkmagazin.de\/nossentiner-schwinzer-heide\/wp-content\/uploads\/sites\/28\/Seeadler_Copyright_LucasKamrath1-580x435.jpg 580w, https:\/\/www.naturparkmagazin.de\/nossentiner-schwinzer-heide\/wp-content\/uploads\/sites\/28\/Seeadler_Copyright_LucasKamrath1-420x315.jpg 420w, https:\/\/www.naturparkmagazin.de\/nossentiner-schwinzer-heide\/wp-content\/uploads\/sites\/28\/Seeadler_Copyright_LucasKamrath1-180x135.jpg 180w, https:\/\/www.naturparkmagazin.de\/nossentiner-schwinzer-heide\/wp-content\/uploads\/sites\/28\/Seeadler_Copyright_LucasKamrath1-95x71.jpg 95w, https:\/\/www.naturparkmagazin.de\/nossentiner-schwinzer-heide\/wp-content\/uploads\/sites\/28\/Seeadler_Copyright_LucasKamrath1-670x503.jpg 670w, https:\/\/www.naturparkmagazin.de\/nossentiner-schwinzer-heide\/wp-content\/uploads\/sites\/28\/Seeadler_Copyright_LucasKamrath1-200x150.jpg 200w, https:\/\/www.naturparkmagazin.de\/nossentiner-schwinzer-heide\/wp-content\/uploads\/sites\/28\/Seeadler_Copyright_LucasKamrath1.jpg 1600w\" sizes=\"(max-width: 620px) 100vw, 620px\" \/><\/a><p id=\"caption-attachment-3923\" class=\"wp-caption-text\">Seeadler. Foto: Lucas Kamrath<\/p><\/div>\n<p>Denken wir mal ein paar Monate zur\u00fcck \u2013<\/p>\n<p>Aus den Pfaden im Umkreis des Wohnortes sind inzwischen Wege geworden. Multifunktionsjacke und Gummistiefel sind angeschafft. Es ist ein striktes Kontaktverbot erlassen, nur noch zwei Menschen d\u00fcrfen sich gemeinsam in der \u00d6ffentlichkeit treffen.<\/p>\n<p>So auch an einem Samstagmorgen im Fr\u00fchjahr 2021.<\/p>\n<p>Stampfend geht es hinauf zum Moorochsen, einem Aussichtsturm am Plauer See in der N\u00e4he des Karower Meilers.<\/p>\n<p>Hier liegt Lucas (15) auf der Lauer, schon seit Stunden. Er h\u00f6rt genau, er fokussiert, er beobachtet. An diesem Tag sind Fotos vom Eisvogel sein Ziel. Er erkl\u00e4rt: \u201eH\u00f6ren Sie, jetzt kommt er, dieses Fiepen, das ist er, er will dort unten zu dem Busch, es sind zwei.\u201c<\/p>\n<p>Leise werden. Stille? Nein! Die Ger\u00e4usche der Natur werden h\u00f6rbar. Es ist Krach. Und dann das Fiepen, aus Richtung See n\u00e4hert es sich.<\/p>\n<p>Augen auf, hinsehen! Da ist er, der Eisvogel! Tats\u00e4chlich dieses intensive Orange im Kontrast zu einem facettenreichen Petrolblau. Dieser kleine Vogel in so einer Farbenpracht, hier im Norden, wo sich auf den ersten Blick die Natur im Februar eher monochrom in Graut\u00f6nen darbietet.<\/p>\n<p><a href=\"https:\/\/www.naturparkmagazin.de\/nossentiner-schwinzer-heide\/wp-content\/uploads\/sites\/28\/Eisvogel_Copyright_LucasKamrath.jpg\"><img decoding=\"async\" loading=\"lazy\" class=\"alignnone size-medium wp-image-3926\" src=\"https:\/\/www.naturparkmagazin.de\/nossentiner-schwinzer-heide\/wp-content\/uploads\/sites\/28\/Eisvogel_Copyright_LucasKamrath-620x465.jpg\" alt=\"Eisvogel_Copyright_LucasKamrath\" width=\"620\" height=\"465\" srcset=\"https:\/\/www.naturparkmagazin.de\/nossentiner-schwinzer-heide\/wp-content\/uploads\/sites\/28\/Eisvogel_Copyright_LucasKamrath-620x465.jpg 620w, https:\/\/www.naturparkmagazin.de\/nossentiner-schwinzer-heide\/wp-content\/uploads\/sites\/28\/Eisvogel_Copyright_LucasKamrath-300x225.jpg 300w, https:\/\/www.naturparkmagazin.de\/nossentiner-schwinzer-heide\/wp-content\/uploads\/sites\/28\/Eisvogel_Copyright_LucasKamrath-940x704.jpg 940w, https:\/\/www.naturparkmagazin.de\/nossentiner-schwinzer-heide\/wp-content\/uploads\/sites\/28\/Eisvogel_Copyright_LucasKamrath-580x435.jpg 580w, https:\/\/www.naturparkmagazin.de\/nossentiner-schwinzer-heide\/wp-content\/uploads\/sites\/28\/Eisvogel_Copyright_LucasKamrath-420x315.jpg 420w, https:\/\/www.naturparkmagazin.de\/nossentiner-schwinzer-heide\/wp-content\/uploads\/sites\/28\/Eisvogel_Copyright_LucasKamrath-180x135.jpg 180w, https:\/\/www.naturparkmagazin.de\/nossentiner-schwinzer-heide\/wp-content\/uploads\/sites\/28\/Eisvogel_Copyright_LucasKamrath-95x71.jpg 95w, https:\/\/www.naturparkmagazin.de\/nossentiner-schwinzer-heide\/wp-content\/uploads\/sites\/28\/Eisvogel_Copyright_LucasKamrath-670x502.jpg 670w, https:\/\/www.naturparkmagazin.de\/nossentiner-schwinzer-heide\/wp-content\/uploads\/sites\/28\/Eisvogel_Copyright_LucasKamrath-200x150.jpg 200w, https:\/\/www.naturparkmagazin.de\/nossentiner-schwinzer-heide\/wp-content\/uploads\/sites\/28\/Eisvogel_Copyright_LucasKamrath.jpg 1280w\" sizes=\"(max-width: 620px) 100vw, 620px\" \/><\/a><\/p>\n<p>Ich erfahre, dass Lucas, der eigentlich die 9. Klasse des Eldenburg-Gymnasiums in L\u00fcbz besucht und dort seit Monaten tagein-tagaus online lernt, seine Freizeit ganz speziell plant und die Natur, besonders die Vogelwelt, rund um seine Heimatstadt Plau am See durch den Focus seiner Kamera entdeckt.<\/p>\n<p>Sehr pr\u00e4zise beobachtet er die Lebensweise seiner Motive, er kennt genau die Anflugrouten. \u201eWenn die Libelle sich so n\u00e4hert, dann setzt sie sich so an das Schilfrohr, weniger als eine Sekunde bleibt sie dann so, dass ich beide Fl\u00fcgel detailreich, silbrig und transparent vor die Linse bekomme \u2026\u201c.<\/p>\n<p>\u201eEs grenzt schon fast an Verhaltensforschung.\u201c, sagt Lucas, als er beschreibt, wie das Foto mit den beiden Haubentauchern entstand. Im M\u00e4rz beobachtet er, wie zwei Tiere immer wieder abtauchen und mit etwas aus dem See im Schnabel, oft sind es Algen, wieder auftauchen. Nur wenn beide \u201eGeschenke\u201c im Schnabel haben, dann tanzen sie, wackeln mit dem ganzen K\u00f6rper und prallen mit den nassen B\u00e4uchen voller Wucht kraftstrotzend aneinander. Ein Balztanz.<\/p>\n<p>Lucas fotografiert mit einer Bridge-Kamera. Seine erste Kamera bekam es zu Weihnachten 2020 von seinen Eltern. Schon wenige Monate sp\u00e4ter reichte sie leider nicht mehr aus und ein deutlich gr\u00f6\u00dferes Objektiv musste her.<\/p>\n<p>Inzwischen sind viele tolle Bilder zusammen gekommen. Vom 28. April bis zum 12. Mai werden sie im Karower Meiler als Sonderausstellung gezeigt.<\/p>\n<p>N\u00e4here Informationen:<\/p>\n<ul>\n<li>Lucas Kamrath &#8211; Eagels_and_more1211<\/li>\n<li>Karower Meiler, Frau Evelin Kartheuser<\/li>\n<li>Die Ausstellung wurde konzipiert durch die Schulsozialarbeiterin\/ Kunstlehrerin Carola Henkelmann, Eldenburg-Gymnasium L\u00fcbz und gef\u00f6rdert durch<\/li>\n<\/ul>\n<p><a href=\"https:\/\/www.naturparkmagazin.de\/nossentiner-schwinzer-heide\/wp-content\/uploads\/sites\/28\/image001.png\"><img decoding=\"async\" loading=\"lazy\" class=\"  wp-image-3920 alignleft\" src=\"https:\/\/www.naturparkmagazin.de\/nossentiner-schwinzer-heide\/wp-content\/uploads\/sites\/28\/image001.png\" alt=\"image001\" width=\"333\" height=\"80\" srcset=\"https:\/\/www.naturparkmagazin.de\/nossentiner-schwinzer-heide\/wp-content\/uploads\/sites\/28\/image001.png 395w, https:\/\/www.naturparkmagazin.de\/nossentiner-schwinzer-heide\/wp-content\/uploads\/sites\/28\/image001-300x72.png 300w, https:\/\/www.naturparkmagazin.de\/nossentiner-schwinzer-heide\/wp-content\/uploads\/sites\/28\/image001-200x48.png 200w\" sizes=\"(max-width: 333px) 100vw, 333px\" \/><\/a><a href=\"https:\/\/www.naturparkmagazin.de\/nossentiner-schwinzer-heide\/wp-content\/uploads\/sites\/28\/image0037.jpg\"><img decoding=\"async\" loading=\"lazy\" class=\"  wp-image-3921 alignleft\" src=\"https:\/\/www.naturparkmagazin.de\/nossentiner-schwinzer-heide\/wp-content\/uploads\/sites\/28\/image0037-620x210.jpg\" alt=\"image003\" width=\"268\" height=\"91\" srcset=\"https:\/\/www.naturparkmagazin.de\/nossentiner-schwinzer-heide\/wp-content\/uploads\/sites\/28\/image0037-620x210.jpg 620w, https:\/\/www.naturparkmagazin.de\/nossentiner-schwinzer-heide\/wp-content\/uploads\/sites\/28\/image0037-300x102.jpg 300w, https:\/\/www.naturparkmagazin.de\/nossentiner-schwinzer-heide\/wp-content\/uploads\/sites\/28\/image0037-670x227.jpg 670w, https:\/\/www.naturparkmagazin.de\/nossentiner-schwinzer-heide\/wp-content\/uploads\/sites\/28\/image0037-200x68.jpg 200w, https:\/\/www.naturparkmagazin.de\/nossentiner-schwinzer-heide\/wp-content\/uploads\/sites\/28\/image0037.jpg 691w\" sizes=\"(max-width: 268px) 100vw, 268px\" \/><\/a><\/p>\n<p>&nbsp;<\/p>\n<p>&nbsp;<\/p>\n<p>\u00d6ffnungszeiten des Karower Meilers:<\/p>\n<p>April: t\u00e4glich 10-16 Uhr<\/p>\n<p>Mai: t\u00e4glich 10-17 Uhr<\/p>\n","protected":false},"excerpt":{"rendered":"<p>Was f\u00e4ngt ein 15-J\u00e4hriger im Lockdown an? Carola Henkelmann erz\u00e4hlt eine ungew\u00f6hnliche Geschichte, zu der es Ende April 2022 eine Sonder-Ausstellung im Meiler gibt.<\/p>\n","protected":false},"author":84,"featured_media":3923,"comment_status":"open","ping_status":"open","sticky":false,"template":"","format":"standard","meta":[],"categories":[7],"tags":[],"yoast_head":"<!-- This site is optimized with the Yoast SEO plugin v19.10 - https:\/\/yoast.com\/wordpress\/plugins\/seo\/ -->\n<title>Foto-Ausstellung von Lucas Kamrath im Karower Meiler - Naturpark Nossentiner\/Schwinzer Heide<\/title>\n<meta name=\"robots\" content=\"index, follow, max-snippet:-1, max-image-preview:large, max-video-preview:-1\" \/>\n<link rel=\"canonical\" href=\"https:\/\/www.naturparkmagazin.de\/nossentiner-schwinzer-heide\/foto-ausstellung-von-lucas-kamrath-im-karower-meiler\/\" \/>\n<meta property=\"og:locale\" content=\"de_DE\" \/>\n<meta property=\"og:type\" content=\"article\" \/>\n<meta property=\"og:title\" content=\"Foto-Ausstellung von Lucas Kamrath im Karower Meiler - Naturpark Nossentiner\/Schwinzer Heide\" \/>\n<meta property=\"og:description\" content=\"Was f\u00e4ngt ein 15-J\u00e4hriger im Lockdown an? Carola Henkelmann erz\u00e4hlt eine ungew\u00f6hnliche Geschichte, zu der es Ende April 2022 eine Sonder-Ausstellung im Meiler gibt.\" \/>\n<meta property=\"og:url\" content=\"https:\/\/www.naturparkmagazin.de\/nossentiner-schwinzer-heide\/foto-ausstellung-von-lucas-kamrath-im-karower-meiler\/\" \/>\n<meta property=\"og:site_name\" content=\"Naturpark Nossentiner\/Schwinzer Heide\" \/>\n<meta property=\"article:published_time\" content=\"2022-03-28T11:17:06+00:00\" \/>\n<meta property=\"article:modified_time\" content=\"2022-03-28T16:33:24+00:00\" \/>\n<meta property=\"og:image\" content=\"https:\/\/www.naturparkmagazin.de\/nossentiner-schwinzer-heide\/wp-content\/uploads\/sites\/28\/Seeadler_Copyright_LucasKamrath1.jpg\" \/>\n\t<meta property=\"og:image:width\" content=\"1600\" \/>\n\t<meta property=\"og:image:height\" content=\"1200\" \/>\n\t<meta property=\"og:image:type\" content=\"image\/jpeg\" \/>\n<meta name=\"author\" content=\"evelinkartheuser\" \/>\n<meta name=\"twitter:label1\" content=\"Verfasst von\" \/>\n\t<meta name=\"twitter:data1\" content=\"evelinkartheuser\" \/>\n\t<meta name=\"twitter:label2\" content=\"Gesch\u00e4tzte Lesezeit\" \/>\n\t<meta name=\"twitter:data2\" content=\"3\u00a0Minuten\" \/>\n<script type=\"application\/ld+json\" class=\"yoast-schema-graph\">{\"@context\":\"https:\/\/schema.org\",\"@graph\":[{\"@type\":\"WebPage\",\"@id\":\"https:\/\/www.naturparkmagazin.de\/nossentiner-schwinzer-heide\/foto-ausstellung-von-lucas-kamrath-im-karower-meiler\/\",\"url\":\"https:\/\/www.naturparkmagazin.de\/nossentiner-schwinzer-heide\/foto-ausstellung-von-lucas-kamrath-im-karower-meiler\/\",\"name\":\"Foto-Ausstellung von Lucas Kamrath im Karower Meiler - Naturpark Nossentiner\/Schwinzer Heide\",\"isPartOf\":{\"@id\":\"https:\/\/www.naturparkmagazin.de\/nossentiner-schwinzer-heide\/#website\"},\"datePublished\":\"2022-03-28T11:17:06+00:00\",\"dateModified\":\"2022-03-28T16:33:24+00:00\",\"author\":{\"@id\":\"https:\/\/www.naturparkmagazin.de\/nossentiner-schwinzer-heide\/#\/schema\/person\/6e5721221b13b6f827e696f29ff18008\"},\"breadcrumb\":{\"@id\":\"https:\/\/www.naturparkmagazin.de\/nossentiner-schwinzer-heide\/foto-ausstellung-von-lucas-kamrath-im-karower-meiler\/#breadcrumb\"},\"inLanguage\":\"de\",\"potentialAction\":[{\"@type\":\"ReadAction\",\"target\":[\"https:\/\/www.naturparkmagazin.de\/nossentiner-schwinzer-heide\/foto-ausstellung-von-lucas-kamrath-im-karower-meiler\/\"]}]},{\"@type\":\"BreadcrumbList\",\"@id\":\"https:\/\/www.naturparkmagazin.de\/nossentiner-schwinzer-heide\/foto-ausstellung-von-lucas-kamrath-im-karower-meiler\/#breadcrumb\",\"itemListElement\":[{\"@type\":\"ListItem\",\"position\":1,\"name\":\"Home\",\"item\":\"https:\/\/www.naturparkmagazin.de\/nossentiner-schwinzer-heide\/\"},{\"@type\":\"ListItem\",\"position\":2,\"name\":\"Foto-Ausstellung von Lucas Kamrath im Karower Meiler\"}]},{\"@type\":\"WebSite\",\"@id\":\"https:\/\/www.naturparkmagazin.de\/nossentiner-schwinzer-heide\/#website\",\"url\":\"https:\/\/www.naturparkmagazin.de\/nossentiner-schwinzer-heide\/\",\"name\":\"Naturpark Nossentiner\/Schwinzer Heide\",\"description\":\"\",\"potentialAction\":[{\"@type\":\"SearchAction\",\"target\":{\"@type\":\"EntryPoint\",\"urlTemplate\":\"https:\/\/www.naturparkmagazin.de\/nossentiner-schwinzer-heide\/?s={search_term_string}\"},\"query-input\":\"required name=search_term_string\"}],\"inLanguage\":\"de\"},{\"@type\":\"Person\",\"@id\":\"https:\/\/www.naturparkmagazin.de\/nossentiner-schwinzer-heide\/#\/schema\/person\/6e5721221b13b6f827e696f29ff18008\",\"name\":\"evelinkartheuser\",\"url\":\"https:\/\/www.naturparkmagazin.de\/nossentiner-schwinzer-heide\/author\/evelinkartheuser\/\"}]}<\/script>\n<!-- \/ Yoast SEO plugin. -->","yoast_head_json":{"title":"Foto-Ausstellung von Lucas Kamrath im Karower Meiler - Naturpark Nossentiner\/Schwinzer Heide","robots":{"index":"index","follow":"follow","max-snippet":"max-snippet:-1","max-image-preview":"max-image-preview:large","max-video-preview":"max-video-preview:-1"},"canonical":"https:\/\/www.naturparkmagazin.de\/nossentiner-schwinzer-heide\/foto-ausstellung-von-lucas-kamrath-im-karower-meiler\/","og_locale":"de_DE","og_type":"article","og_title":"Foto-Ausstellung von Lucas Kamrath im Karower Meiler - Naturpark Nossentiner\/Schwinzer Heide","og_description":"Was f\u00e4ngt ein 15-J\u00e4hriger im Lockdown an? Carola Henkelmann erz\u00e4hlt eine ungew\u00f6hnliche Geschichte, zu der es Ende April 2022 eine Sonder-Ausstellung im Meiler gibt.","og_url":"https:\/\/www.naturparkmagazin.de\/nossentiner-schwinzer-heide\/foto-ausstellung-von-lucas-kamrath-im-karower-meiler\/","og_site_name":"Naturpark Nossentiner\/Schwinzer Heide","article_published_time":"2022-03-28T11:17:06+00:00","article_modified_time":"2022-03-28T16:33:24+00:00","og_image":[{"width":1600,"height":1200,"url":"https:\/\/www.naturparkmagazin.de\/nossentiner-schwinzer-heide\/wp-content\/uploads\/sites\/28\/Seeadler_Copyright_LucasKamrath1.jpg","type":"image\/jpeg"}],"author":"evelinkartheuser","twitter_misc":{"Verfasst von":"evelinkartheuser","Gesch\u00e4tzte Lesezeit":"3\u00a0Minuten"},"schema":{"@context":"https:\/\/schema.org","@graph":[{"@type":"WebPage","@id":"https:\/\/www.naturparkmagazin.de\/nossentiner-schwinzer-heide\/foto-ausstellung-von-lucas-kamrath-im-karower-meiler\/","url":"https:\/\/www.naturparkmagazin.de\/nossentiner-schwinzer-heide\/foto-ausstellung-von-lucas-kamrath-im-karower-meiler\/","name":"Foto-Ausstellung von Lucas Kamrath im Karower Meiler - Naturpark Nossentiner\/Schwinzer Heide","isPartOf":{"@id":"https:\/\/www.naturparkmagazin.de\/nossentiner-schwinzer-heide\/#website"},"datePublished":"2022-03-28T11:17:06+00:00","dateModified":"2022-03-28T16:33:24+00:00","author":{"@id":"https:\/\/www.naturparkmagazin.de\/nossentiner-schwinzer-heide\/#\/schema\/person\/6e5721221b13b6f827e696f29ff18008"},"breadcrumb":{"@id":"https:\/\/www.naturparkmagazin.de\/nossentiner-schwinzer-heide\/foto-ausstellung-von-lucas-kamrath-im-karower-meiler\/#breadcrumb"},"inLanguage":"de","potentialAction":[{"@type":"ReadAction","target":["https:\/\/www.naturparkmagazin.de\/nossentiner-schwinzer-heide\/foto-ausstellung-von-lucas-kamrath-im-karower-meiler\/"]}]},{"@type":"BreadcrumbList","@id":"https:\/\/www.naturparkmagazin.de\/nossentiner-schwinzer-heide\/foto-ausstellung-von-lucas-kamrath-im-karower-meiler\/#breadcrumb","itemListElement":[{"@type":"ListItem","position":1,"name":"Home","item":"https:\/\/www.naturparkmagazin.de\/nossentiner-schwinzer-heide\/"},{"@type":"ListItem","position":2,"name":"Foto-Ausstellung von Lucas Kamrath im Karower Meiler"}]},{"@type":"WebSite","@id":"https:\/\/www.naturparkmagazin.de\/nossentiner-schwinzer-heide\/#website","url":"https:\/\/www.naturparkmagazin.de\/nossentiner-schwinzer-heide\/","name":"Naturpark Nossentiner\/Schwinzer Heide","description":"","potentialAction":[{"@type":"SearchAction","target":{"@type":"EntryPoint","urlTemplate":"https:\/\/www.naturparkmagazin.de\/nossentiner-schwinzer-heide\/?s={search_term_string}"},"query-input":"required name=search_term_string"}],"inLanguage":"de"},{"@type":"Person","@id":"https:\/\/www.naturparkmagazin.de\/nossentiner-schwinzer-heide\/#\/schema\/person\/6e5721221b13b6f827e696f29ff18008","name":"evelinkartheuser","url":"https:\/\/www.naturparkmagazin.de\/nossentiner-schwinzer-heide\/author\/evelinkartheuser\/"}]}},"_links":{"self":[{"href":"https:\/\/www.naturparkmagazin.de\/nossentiner-schwinzer-heide\/wp-json\/wp\/v2\/posts\/3917"}],"collection":[{"href":"https:\/\/www.naturparkmagazin.de\/nossentiner-schwinzer-heide\/wp-json\/wp\/v2\/posts"}],"about":[{"href":"https:\/\/www.naturparkmagazin.de\/nossentiner-schwinzer-heide\/wp-json\/wp\/v2\/types\/post"}],"author":[{"embeddable":true,"href":"https:\/\/www.naturparkmagazin.de\/nossentiner-schwinzer-heide\/wp-json\/wp\/v2\/users\/84"}],"replies":[{"embeddable":true,"href":"https:\/\/www.naturparkmagazin.de\/nossentiner-schwinzer-heide\/wp-json\/wp\/v2\/comments?post=3917"}],"version-history":[{"count":20,"href":"https:\/\/www.naturparkmagazin.de\/nossentiner-schwinzer-heide\/wp-json\/wp\/v2\/posts\/3917\/revisions"}],"predecessor-version":[{"id":3957,"href":"https:\/\/www.naturparkmagazin.de\/nossentiner-schwinzer-heide\/wp-json\/wp\/v2\/posts\/3917\/revisions\/3957"}],"wp:featuredmedia":[{"embeddable":true,"href":"https:\/\/www.naturparkmagazin.de\/nossentiner-schwinzer-heide\/wp-json\/wp\/v2\/media\/3923"}],"wp:attachment":[{"href":"https:\/\/www.naturparkmagazin.de\/nossentiner-schwinzer-heide\/wp-json\/wp\/v2\/media?parent=3917"}],"wp:term":[{"taxonomy":"category","embeddable":true,"href":"https:\/\/www.naturparkmagazin.de\/nossentiner-schwinzer-heide\/wp-json\/wp\/v2\/categories?post=3917"},{"taxonomy":"post_tag","embeddable":true,"href":"https:\/\/www.naturparkmagazin.de\/nossentiner-schwinzer-heide\/wp-json\/wp\/v2\/tags?post=3917"}],"curies":[{"name":"wp","href":"https:\/\/api.w.org\/{rel}","templated":true}]}}