{"id":3942,"date":"2022-03-18T18:29:14","date_gmt":"2022-03-18T17:29:14","guid":{"rendered":"https:\/\/www.naturparkmagazin.de\/nossentiner-schwinzer-heide\/?p=3942"},"modified":"2022-03-28T18:39:35","modified_gmt":"2022-03-28T16:39:35","slug":"die-naechsten-jungen-riesen-wachsen","status":"publish","type":"post","link":"https:\/\/www.naturparkmagazin.de\/nossentiner-schwinzer-heide\/die-naechsten-jungen-riesen-wachsen\/","title":{"rendered":"Die n\u00e4chsten &#8222;Jungen Riesen&#8220; wachsen"},"content":{"rendered":"<p>&nbsp;<\/p>\n<pre>April 2022<\/pre>\n<div id=\"attachment_3947\" style=\"width: 630px\" class=\"wp-caption alignnone\"><a href=\"https:\/\/www.naturparkmagazin.de\/nossentiner-schwinzer-heide\/wp-content\/uploads\/sites\/28\/IMG-20220327-WA0006.jpg\"><img aria-describedby=\"caption-attachment-3947\" decoding=\"async\" loading=\"lazy\" class=\"wp-image-3947 size-medium\" src=\"https:\/\/www.naturparkmagazin.de\/nossentiner-schwinzer-heide\/wp-content\/uploads\/sites\/28\/IMG-20220327-WA0006-620x465.jpg\" alt=\"IMG-20220327-WA0006\" width=\"620\" height=\"465\" srcset=\"https:\/\/www.naturparkmagazin.de\/nossentiner-schwinzer-heide\/wp-content\/uploads\/sites\/28\/IMG-20220327-WA0006-620x465.jpg 620w, https:\/\/www.naturparkmagazin.de\/nossentiner-schwinzer-heide\/wp-content\/uploads\/sites\/28\/IMG-20220327-WA0006-300x225.jpg 300w, https:\/\/www.naturparkmagazin.de\/nossentiner-schwinzer-heide\/wp-content\/uploads\/sites\/28\/IMG-20220327-WA0006-940x705.jpg 940w, https:\/\/www.naturparkmagazin.de\/nossentiner-schwinzer-heide\/wp-content\/uploads\/sites\/28\/IMG-20220327-WA0006-580x435.jpg 580w, https:\/\/www.naturparkmagazin.de\/nossentiner-schwinzer-heide\/wp-content\/uploads\/sites\/28\/IMG-20220327-WA0006-420x315.jpg 420w, https:\/\/www.naturparkmagazin.de\/nossentiner-schwinzer-heide\/wp-content\/uploads\/sites\/28\/IMG-20220327-WA0006-180x135.jpg 180w, https:\/\/www.naturparkmagazin.de\/nossentiner-schwinzer-heide\/wp-content\/uploads\/sites\/28\/IMG-20220327-WA0006-95x71.jpg 95w, https:\/\/www.naturparkmagazin.de\/nossentiner-schwinzer-heide\/wp-content\/uploads\/sites\/28\/IMG-20220327-WA0006-670x503.jpg 670w, https:\/\/www.naturparkmagazin.de\/nossentiner-schwinzer-heide\/wp-content\/uploads\/sites\/28\/IMG-20220327-WA0006-200x150.jpg 200w, https:\/\/www.naturparkmagazin.de\/nossentiner-schwinzer-heide\/wp-content\/uploads\/sites\/28\/IMG-20220327-WA0006.jpg 2048w\" sizes=\"(max-width: 620px) 100vw, 620px\" \/><\/a><p id=\"caption-attachment-3947\" class=\"wp-caption-text\">Pflanzaktion im Kiefernwald: Hier wird k\u00fcnftig ein klimastabiler Mischwald wachsen.. Foto: Ralf Koch<\/p><\/div>\n<p>Dank der gro\u00dfartigen Unterst\u00fctzung durch die Kunden unseres Projektpartners <strong>optimal media<\/strong> R\u00f6bel f\u00fcr unser Projekt &#8222;Junge Riesen f\u00fcr die n\u00e4chsten 100 Jahre&#8220;, konnte passend zum Tag des Waldes mit der Umwandlung zum klimastabilen Laubmischwald im Naturpark Nossentiner\/Schwinzer Heide fortgefahren werden. Gut 1.000 B\u00e4ume \u2013 darunter Buchen, Eichen und Birken \u2013 wurden in den letzten Wochen gepflanzt. Seit dem Start der Aktion im Herbst 2020 war es nun m\u00f6glich, insgesamt 1.155 B\u00e4ume im Naturpark zu pflanzen.<\/p>\n<p>Im Rahmen dieser Kooperation bietet optimal media seinen Kunden die M\u00f6glichkeit, ein regionales Naturschutzprojekt zu unterst\u00fctzen. Gegen einen Aufpreis von 2% des Auftragswertes f\u00fcr Druck- und 5% f\u00fcr Datentr\u00e4gerprodukte erhalten diese ein nachhaltiges Produkt. Der entsprechende Betrag wird in die Aufforstung investiert, und langfristig wird so durch die Bepflanzung ein monotoner Kiefernwald auf einem Areal von 30 Hektar in einen klimastabilen Laubmischwald umgewandelt. Damit kann ein Anteil der unvermeidbaren CO\u2082-Emissionen im direkten Umfeld des Produktionsstandortes kompensiert und die Erh\u00f6hung der Artenvielfalt im Naturpark erm\u00f6glicht werden.<\/p>\n<p>Weitere Informationen gibt es auf den Seiten von optimal media: <a href=\"https:\/\/www.optimal-media.com\/news\/die-jungen-riesen-wachsen\/\">https:\/\/www.optimal-media.com\/news\/die-jungen-riesen-wachsen\/<\/a><\/p>\n<p>Wir bedanken uns bei den freiwilligen Helfern der Pflanzaktion aus Nossentin!<\/p>\n<div id=\"attachment_3948\" style=\"width: 630px\" class=\"wp-caption alignnone\"><a href=\"https:\/\/www.naturparkmagazin.de\/nossentiner-schwinzer-heide\/wp-content\/uploads\/sites\/28\/IMG-20220327-WA0007.jpg\"><img aria-describedby=\"caption-attachment-3948\" decoding=\"async\" loading=\"lazy\" class=\"wp-image-3948 size-medium\" src=\"https:\/\/www.naturparkmagazin.de\/nossentiner-schwinzer-heide\/wp-content\/uploads\/sites\/28\/IMG-20220327-WA0007-620x465.jpg\" alt=\"IMG-20220327-WA0007\" width=\"620\" height=\"465\" srcset=\"https:\/\/www.naturparkmagazin.de\/nossentiner-schwinzer-heide\/wp-content\/uploads\/sites\/28\/IMG-20220327-WA0007-620x465.jpg 620w, https:\/\/www.naturparkmagazin.de\/nossentiner-schwinzer-heide\/wp-content\/uploads\/sites\/28\/IMG-20220327-WA0007-300x225.jpg 300w, https:\/\/www.naturparkmagazin.de\/nossentiner-schwinzer-heide\/wp-content\/uploads\/sites\/28\/IMG-20220327-WA0007-940x705.jpg 940w, https:\/\/www.naturparkmagazin.de\/nossentiner-schwinzer-heide\/wp-content\/uploads\/sites\/28\/IMG-20220327-WA0007-580x435.jpg 580w, https:\/\/www.naturparkmagazin.de\/nossentiner-schwinzer-heide\/wp-content\/uploads\/sites\/28\/IMG-20220327-WA0007-420x315.jpg 420w, https:\/\/www.naturparkmagazin.de\/nossentiner-schwinzer-heide\/wp-content\/uploads\/sites\/28\/IMG-20220327-WA0007-180x135.jpg 180w, https:\/\/www.naturparkmagazin.de\/nossentiner-schwinzer-heide\/wp-content\/uploads\/sites\/28\/IMG-20220327-WA0007-95x71.jpg 95w, https:\/\/www.naturparkmagazin.de\/nossentiner-schwinzer-heide\/wp-content\/uploads\/sites\/28\/IMG-20220327-WA0007-670x503.jpg 670w, https:\/\/www.naturparkmagazin.de\/nossentiner-schwinzer-heide\/wp-content\/uploads\/sites\/28\/IMG-20220327-WA0007-200x150.jpg 200w, https:\/\/www.naturparkmagazin.de\/nossentiner-schwinzer-heide\/wp-content\/uploads\/sites\/28\/IMG-20220327-WA0007.jpg 2048w\" sizes=\"(max-width: 620px) 100vw, 620px\" \/><\/a><p id=\"caption-attachment-3948\" class=\"wp-caption-text\">Die B\u00e4ume werden in 3er-Gruppen gepflanzt und in kleinen &#8222;Patches&#8220; eingez\u00e4unt, so dass der Wald\u00a0 f\u00fcr das Wild weiterhin betretbar bleibt.\u00a0 Foto: Ralf Koch<\/p><\/div>\n<div id=\"attachment_3945\" style=\"width: 630px\" class=\"wp-caption alignnone\"><a href=\"https:\/\/www.naturparkmagazin.de\/nossentiner-schwinzer-heide\/wp-content\/uploads\/sites\/28\/IMG-20220327-WA0004.jpg\"><img aria-describedby=\"caption-attachment-3945\" decoding=\"async\" loading=\"lazy\" class=\"wp-image-3945 size-medium\" src=\"https:\/\/www.naturparkmagazin.de\/nossentiner-schwinzer-heide\/wp-content\/uploads\/sites\/28\/IMG-20220327-WA0004-620x465.jpg\" alt=\"IMG-20220327-WA0004\" width=\"620\" height=\"465\" srcset=\"https:\/\/www.naturparkmagazin.de\/nossentiner-schwinzer-heide\/wp-content\/uploads\/sites\/28\/IMG-20220327-WA0004-620x465.jpg 620w, https:\/\/www.naturparkmagazin.de\/nossentiner-schwinzer-heide\/wp-content\/uploads\/sites\/28\/IMG-20220327-WA0004-300x225.jpg 300w, https:\/\/www.naturparkmagazin.de\/nossentiner-schwinzer-heide\/wp-content\/uploads\/sites\/28\/IMG-20220327-WA0004-940x705.jpg 940w, https:\/\/www.naturparkmagazin.de\/nossentiner-schwinzer-heide\/wp-content\/uploads\/sites\/28\/IMG-20220327-WA0004-580x435.jpg 580w, https:\/\/www.naturparkmagazin.de\/nossentiner-schwinzer-heide\/wp-content\/uploads\/sites\/28\/IMG-20220327-WA0004-420x315.jpg 420w, https:\/\/www.naturparkmagazin.de\/nossentiner-schwinzer-heide\/wp-content\/uploads\/sites\/28\/IMG-20220327-WA0004-180x135.jpg 180w, https:\/\/www.naturparkmagazin.de\/nossentiner-schwinzer-heide\/wp-content\/uploads\/sites\/28\/IMG-20220327-WA0004-95x71.jpg 95w, https:\/\/www.naturparkmagazin.de\/nossentiner-schwinzer-heide\/wp-content\/uploads\/sites\/28\/IMG-20220327-WA0004-670x503.jpg 670w, https:\/\/www.naturparkmagazin.de\/nossentiner-schwinzer-heide\/wp-content\/uploads\/sites\/28\/IMG-20220327-WA0004-200x150.jpg 200w, https:\/\/www.naturparkmagazin.de\/nossentiner-schwinzer-heide\/wp-content\/uploads\/sites\/28\/IMG-20220327-WA0004.jpg 2048w\" sizes=\"(max-width: 620px) 100vw, 620px\" \/><\/a><p id=\"caption-attachment-3945\" class=\"wp-caption-text\">Besonders wichtig: gie\u00dfen! Foto: Ralf Koch<\/p><\/div>\n<div id=\"attachment_3944\" style=\"width: 630px\" class=\"wp-caption alignnone\"><a href=\"https:\/\/www.naturparkmagazin.de\/nossentiner-schwinzer-heide\/wp-content\/uploads\/sites\/28\/IMG-20220327-WA0003.jpg\"><img aria-describedby=\"caption-attachment-3944\" decoding=\"async\" loading=\"lazy\" class=\"wp-image-3944 size-medium\" src=\"https:\/\/www.naturparkmagazin.de\/nossentiner-schwinzer-heide\/wp-content\/uploads\/sites\/28\/IMG-20220327-WA0003-620x465.jpg\" alt=\"IMG-20220327-WA0003\" width=\"620\" height=\"465\" srcset=\"https:\/\/www.naturparkmagazin.de\/nossentiner-schwinzer-heide\/wp-content\/uploads\/sites\/28\/IMG-20220327-WA0003-620x465.jpg 620w, https:\/\/www.naturparkmagazin.de\/nossentiner-schwinzer-heide\/wp-content\/uploads\/sites\/28\/IMG-20220327-WA0003-300x225.jpg 300w, https:\/\/www.naturparkmagazin.de\/nossentiner-schwinzer-heide\/wp-content\/uploads\/sites\/28\/IMG-20220327-WA0003-940x705.jpg 940w, https:\/\/www.naturparkmagazin.de\/nossentiner-schwinzer-heide\/wp-content\/uploads\/sites\/28\/IMG-20220327-WA0003-580x435.jpg 580w, https:\/\/www.naturparkmagazin.de\/nossentiner-schwinzer-heide\/wp-content\/uploads\/sites\/28\/IMG-20220327-WA0003-420x315.jpg 420w, https:\/\/www.naturparkmagazin.de\/nossentiner-schwinzer-heide\/wp-content\/uploads\/sites\/28\/IMG-20220327-WA0003-180x135.jpg 180w, https:\/\/www.naturparkmagazin.de\/nossentiner-schwinzer-heide\/wp-content\/uploads\/sites\/28\/IMG-20220327-WA0003-95x71.jpg 95w, https:\/\/www.naturparkmagazin.de\/nossentiner-schwinzer-heide\/wp-content\/uploads\/sites\/28\/IMG-20220327-WA0003-670x503.jpg 670w, https:\/\/www.naturparkmagazin.de\/nossentiner-schwinzer-heide\/wp-content\/uploads\/sites\/28\/IMG-20220327-WA0003-200x150.jpg 200w, https:\/\/www.naturparkmagazin.de\/nossentiner-schwinzer-heide\/wp-content\/uploads\/sites\/28\/IMG-20220327-WA0003.jpg 2048w\" sizes=\"(max-width: 620px) 100vw, 620px\" \/><\/a><p id=\"caption-attachment-3944\" class=\"wp-caption-text\">Warme Getr\u00e4nke und ein kleiner Imbiss sorgen f\u00fcr gute Stimmung und frische Kraft. Foto: Ralf Koch<\/p><\/div>\n<p>&nbsp;<\/p>\n<p>&nbsp;<\/p>\n<p>&nbsp;<\/p>\n","protected":false},"excerpt":{"rendered":"<p>Dank der Unterst\u00fctzung durch die Kunden unseres Projektpartners optimal media f\u00fcr unser Projekt &#8222;Junge Riesen f\u00fcr die n\u00e4chsten 100 Jahre&#8220; konnte mit der Umwandlung zum klimastabilen Laubmischwald im Naturpark Nossentiner\/Schwinzer Heide fortgefahren werden. Gut 1.000 der 1.155 B\u00e4ume \u2013 darunter Buchen, Eichen und Birken \u2013 wurden in den letzten Tagen gepflanzt.<\/p>\n","protected":false},"author":84,"featured_media":3948,"comment_status":"open","ping_status":"open","sticky":false,"template":"","format":"standard","meta":[],"categories":[7],"tags":[],"yoast_head":"<!-- This site is optimized with the Yoast SEO plugin v19.10 - https:\/\/yoast.com\/wordpress\/plugins\/seo\/ -->\n<title>Die n\u00e4chsten &quot;Jungen Riesen&quot; wachsen - Naturpark Nossentiner\/Schwinzer Heide<\/title>\n<meta name=\"robots\" content=\"index, follow, max-snippet:-1, max-image-preview:large, max-video-preview:-1\" \/>\n<link rel=\"canonical\" href=\"https:\/\/www.naturparkmagazin.de\/nossentiner-schwinzer-heide\/die-naechsten-jungen-riesen-wachsen\/\" \/>\n<meta property=\"og:locale\" content=\"de_DE\" \/>\n<meta property=\"og:type\" content=\"article\" \/>\n<meta property=\"og:title\" content=\"Die n\u00e4chsten &quot;Jungen Riesen&quot; wachsen - Naturpark Nossentiner\/Schwinzer Heide\" \/>\n<meta property=\"og:description\" content=\"Dank der Unterst\u00fctzung durch die Kunden unseres Projektpartners optimal media f\u00fcr unser Projekt &quot;Junge Riesen f\u00fcr die n\u00e4chsten 100 Jahre&quot; konnte mit der Umwandlung zum klimastabilen Laubmischwald im Naturpark Nossentiner\/Schwinzer Heide fortgefahren werden. Gut 1.000 der 1.155 B\u00e4ume \u2013 darunter Buchen, Eichen und Birken \u2013 wurden in den letzten Tagen gepflanzt.\" \/>\n<meta property=\"og:url\" content=\"https:\/\/www.naturparkmagazin.de\/nossentiner-schwinzer-heide\/die-naechsten-jungen-riesen-wachsen\/\" \/>\n<meta property=\"og:site_name\" content=\"Naturpark Nossentiner\/Schwinzer Heide\" \/>\n<meta property=\"article:published_time\" content=\"2022-03-18T17:29:14+00:00\" \/>\n<meta property=\"article:modified_time\" content=\"2022-03-28T16:39:35+00:00\" \/>\n<meta property=\"og:image\" content=\"https:\/\/www.naturparkmagazin.de\/nossentiner-schwinzer-heide\/wp-content\/uploads\/sites\/28\/IMG-20220327-WA0007.jpg\" \/>\n\t<meta property=\"og:image:width\" content=\"2048\" \/>\n\t<meta property=\"og:image:height\" content=\"1536\" \/>\n\t<meta property=\"og:image:type\" content=\"image\/jpeg\" \/>\n<meta name=\"author\" content=\"evelinkartheuser\" \/>\n<meta name=\"twitter:label1\" content=\"Verfasst von\" \/>\n\t<meta name=\"twitter:data1\" content=\"evelinkartheuser\" \/>\n\t<meta name=\"twitter:label2\" content=\"Gesch\u00e4tzte Lesezeit\" \/>\n\t<meta name=\"twitter:data2\" content=\"1\u00a0Minute\" \/>\n<script type=\"application\/ld+json\" class=\"yoast-schema-graph\">{\"@context\":\"https:\/\/schema.org\",\"@graph\":[{\"@type\":\"WebPage\",\"@id\":\"https:\/\/www.naturparkmagazin.de\/nossentiner-schwinzer-heide\/die-naechsten-jungen-riesen-wachsen\/\",\"url\":\"https:\/\/www.naturparkmagazin.de\/nossentiner-schwinzer-heide\/die-naechsten-jungen-riesen-wachsen\/\",\"name\":\"Die n\u00e4chsten \\\"Jungen Riesen\\\" wachsen - Naturpark Nossentiner\/Schwinzer Heide\",\"isPartOf\":{\"@id\":\"https:\/\/www.naturparkmagazin.de\/nossentiner-schwinzer-heide\/#website\"},\"datePublished\":\"2022-03-18T17:29:14+00:00\",\"dateModified\":\"2022-03-28T16:39:35+00:00\",\"author\":{\"@id\":\"https:\/\/www.naturparkmagazin.de\/nossentiner-schwinzer-heide\/#\/schema\/person\/6e5721221b13b6f827e696f29ff18008\"},\"breadcrumb\":{\"@id\":\"https:\/\/www.naturparkmagazin.de\/nossentiner-schwinzer-heide\/die-naechsten-jungen-riesen-wachsen\/#breadcrumb\"},\"inLanguage\":\"de\",\"potentialAction\":[{\"@type\":\"ReadAction\",\"target\":[\"https:\/\/www.naturparkmagazin.de\/nossentiner-schwinzer-heide\/die-naechsten-jungen-riesen-wachsen\/\"]}]},{\"@type\":\"BreadcrumbList\",\"@id\":\"https:\/\/www.naturparkmagazin.de\/nossentiner-schwinzer-heide\/die-naechsten-jungen-riesen-wachsen\/#breadcrumb\",\"itemListElement\":[{\"@type\":\"ListItem\",\"position\":1,\"name\":\"Home\",\"item\":\"https:\/\/www.naturparkmagazin.de\/nossentiner-schwinzer-heide\/\"},{\"@type\":\"ListItem\",\"position\":2,\"name\":\"Die n\u00e4chsten &#8222;Jungen Riesen&#8220; wachsen\"}]},{\"@type\":\"WebSite\",\"@id\":\"https:\/\/www.naturparkmagazin.de\/nossentiner-schwinzer-heide\/#website\",\"url\":\"https:\/\/www.naturparkmagazin.de\/nossentiner-schwinzer-heide\/\",\"name\":\"Naturpark Nossentiner\/Schwinzer Heide\",\"description\":\"\",\"potentialAction\":[{\"@type\":\"SearchAction\",\"target\":{\"@type\":\"EntryPoint\",\"urlTemplate\":\"https:\/\/www.naturparkmagazin.de\/nossentiner-schwinzer-heide\/?s={search_term_string}\"},\"query-input\":\"required name=search_term_string\"}],\"inLanguage\":\"de\"},{\"@type\":\"Person\",\"@id\":\"https:\/\/www.naturparkmagazin.de\/nossentiner-schwinzer-heide\/#\/schema\/person\/6e5721221b13b6f827e696f29ff18008\",\"name\":\"evelinkartheuser\",\"url\":\"https:\/\/www.naturparkmagazin.de\/nossentiner-schwinzer-heide\/author\/evelinkartheuser\/\"}]}<\/script>\n<!-- \/ Yoast SEO plugin. -->","yoast_head_json":{"title":"Die n\u00e4chsten \"Jungen Riesen\" wachsen - Naturpark Nossentiner\/Schwinzer Heide","robots":{"index":"index","follow":"follow","max-snippet":"max-snippet:-1","max-image-preview":"max-image-preview:large","max-video-preview":"max-video-preview:-1"},"canonical":"https:\/\/www.naturparkmagazin.de\/nossentiner-schwinzer-heide\/die-naechsten-jungen-riesen-wachsen\/","og_locale":"de_DE","og_type":"article","og_title":"Die n\u00e4chsten \"Jungen Riesen\" wachsen - Naturpark Nossentiner\/Schwinzer Heide","og_description":"Dank der Unterst\u00fctzung durch die Kunden unseres Projektpartners optimal media f\u00fcr unser Projekt \"Junge Riesen f\u00fcr die n\u00e4chsten 100 Jahre\" konnte mit der Umwandlung zum klimastabilen Laubmischwald im Naturpark Nossentiner\/Schwinzer Heide fortgefahren werden. Gut 1.000 der 1.155 B\u00e4ume \u2013 darunter Buchen, Eichen und Birken \u2013 wurden in den letzten Tagen gepflanzt.","og_url":"https:\/\/www.naturparkmagazin.de\/nossentiner-schwinzer-heide\/die-naechsten-jungen-riesen-wachsen\/","og_site_name":"Naturpark Nossentiner\/Schwinzer Heide","article_published_time":"2022-03-18T17:29:14+00:00","article_modified_time":"2022-03-28T16:39:35+00:00","og_image":[{"width":2048,"height":1536,"url":"https:\/\/www.naturparkmagazin.de\/nossentiner-schwinzer-heide\/wp-content\/uploads\/sites\/28\/IMG-20220327-WA0007.jpg","type":"image\/jpeg"}],"author":"evelinkartheuser","twitter_misc":{"Verfasst von":"evelinkartheuser","Gesch\u00e4tzte Lesezeit":"1\u00a0Minute"},"schema":{"@context":"https:\/\/schema.org","@graph":[{"@type":"WebPage","@id":"https:\/\/www.naturparkmagazin.de\/nossentiner-schwinzer-heide\/die-naechsten-jungen-riesen-wachsen\/","url":"https:\/\/www.naturparkmagazin.de\/nossentiner-schwinzer-heide\/die-naechsten-jungen-riesen-wachsen\/","name":"Die n\u00e4chsten \"Jungen Riesen\" wachsen - Naturpark Nossentiner\/Schwinzer Heide","isPartOf":{"@id":"https:\/\/www.naturparkmagazin.de\/nossentiner-schwinzer-heide\/#website"},"datePublished":"2022-03-18T17:29:14+00:00","dateModified":"2022-03-28T16:39:35+00:00","author":{"@id":"https:\/\/www.naturparkmagazin.de\/nossentiner-schwinzer-heide\/#\/schema\/person\/6e5721221b13b6f827e696f29ff18008"},"breadcrumb":{"@id":"https:\/\/www.naturparkmagazin.de\/nossentiner-schwinzer-heide\/die-naechsten-jungen-riesen-wachsen\/#breadcrumb"},"inLanguage":"de","potentialAction":[{"@type":"ReadAction","target":["https:\/\/www.naturparkmagazin.de\/nossentiner-schwinzer-heide\/die-naechsten-jungen-riesen-wachsen\/"]}]},{"@type":"BreadcrumbList","@id":"https:\/\/www.naturparkmagazin.de\/nossentiner-schwinzer-heide\/die-naechsten-jungen-riesen-wachsen\/#breadcrumb","itemListElement":[{"@type":"ListItem","position":1,"name":"Home","item":"https:\/\/www.naturparkmagazin.de\/nossentiner-schwinzer-heide\/"},{"@type":"ListItem","position":2,"name":"Die n\u00e4chsten &#8222;Jungen Riesen&#8220; wachsen"}]},{"@type":"WebSite","@id":"https:\/\/www.naturparkmagazin.de\/nossentiner-schwinzer-heide\/#website","url":"https:\/\/www.naturparkmagazin.de\/nossentiner-schwinzer-heide\/","name":"Naturpark Nossentiner\/Schwinzer Heide","description":"","potentialAction":[{"@type":"SearchAction","target":{"@type":"EntryPoint","urlTemplate":"https:\/\/www.naturparkmagazin.de\/nossentiner-schwinzer-heide\/?s={search_term_string}"},"query-input":"required name=search_term_string"}],"inLanguage":"de"},{"@type":"Person","@id":"https:\/\/www.naturparkmagazin.de\/nossentiner-schwinzer-heide\/#\/schema\/person\/6e5721221b13b6f827e696f29ff18008","name":"evelinkartheuser","url":"https:\/\/www.naturparkmagazin.de\/nossentiner-schwinzer-heide\/author\/evelinkartheuser\/"}]}},"_links":{"self":[{"href":"https:\/\/www.naturparkmagazin.de\/nossentiner-schwinzer-heide\/wp-json\/wp\/v2\/posts\/3942"}],"collection":[{"href":"https:\/\/www.naturparkmagazin.de\/nossentiner-schwinzer-heide\/wp-json\/wp\/v2\/posts"}],"about":[{"href":"https:\/\/www.naturparkmagazin.de\/nossentiner-schwinzer-heide\/wp-json\/wp\/v2\/types\/post"}],"author":[{"embeddable":true,"href":"https:\/\/www.naturparkmagazin.de\/nossentiner-schwinzer-heide\/wp-json\/wp\/v2\/users\/84"}],"replies":[{"embeddable":true,"href":"https:\/\/www.naturparkmagazin.de\/nossentiner-schwinzer-heide\/wp-json\/wp\/v2\/comments?post=3942"}],"version-history":[{"count":12,"href":"https:\/\/www.naturparkmagazin.de\/nossentiner-schwinzer-heide\/wp-json\/wp\/v2\/posts\/3942\/revisions"}],"predecessor-version":[{"id":3962,"href":"https:\/\/www.naturparkmagazin.de\/nossentiner-schwinzer-heide\/wp-json\/wp\/v2\/posts\/3942\/revisions\/3962"}],"wp:featuredmedia":[{"embeddable":true,"href":"https:\/\/www.naturparkmagazin.de\/nossentiner-schwinzer-heide\/wp-json\/wp\/v2\/media\/3948"}],"wp:attachment":[{"href":"https:\/\/www.naturparkmagazin.de\/nossentiner-schwinzer-heide\/wp-json\/wp\/v2\/media?parent=3942"}],"wp:term":[{"taxonomy":"category","embeddable":true,"href":"https:\/\/www.naturparkmagazin.de\/nossentiner-schwinzer-heide\/wp-json\/wp\/v2\/categories?post=3942"},{"taxonomy":"post_tag","embeddable":true,"href":"https:\/\/www.naturparkmagazin.de\/nossentiner-schwinzer-heide\/wp-json\/wp\/v2\/tags?post=3942"}],"curies":[{"name":"wp","href":"https:\/\/api.w.org\/{rel}","templated":true}]}}